{"id":1203,"date":"2024-02-02T10:02:32","date_gmt":"2024-02-02T10:02:32","guid":{"rendered":"https:\/\/salesianosmaux.es\/centrojuvenil\/?p=1203"},"modified":"2024-02-02T11:03:25","modified_gmt":"2024-02-02T11:03:25","slug":"preas","status":"publish","type":"post","link":"https:\/\/salesianosmaux.es\/centrojuvenil\/2024\/02\/02\/preas\/","title":{"rendered":"PREAS"},"content":{"rendered":"<p>[et_pb_section fb_built=\u00bb1&#8243; _builder_version=\u00bb4.24.0&#8243; _module_preset=\u00bbdefault\u00bb custom_margin=\u00bb|||-15px||\u00bb global_colors_info=\u00bb{}\u00bb][et_pb_row _builder_version=\u00bb4.24.0&#8243; _module_preset=\u00bbdefault\u00bb global_colors_info=\u00bb{}\u00bb][et_pb_column type=\u00bb4_4&#8243; _builder_version=\u00bb4.24.0&#8243; _module_preset=\u00bbdefault\u00bb global_colors_info=\u00bb{}\u00bb][et_pb_text _builder_version=\u00bb4.24.0&#8243; _module_preset=\u00bbdefault\u00bb global_colors_info=\u00bb{}\u00bb]<\/p>\n<p>Hola familias!<br \/>Se aproxima una de las actividades estrella del a\u00f1o y es PREAS.\ud83d\udc4f\ud83c\udffd<\/p>\n<p>Para quien no lo conozca, es un encuentro de chicos\/as de 11-13 a\u00f1os, de 1\u00ba y 2\u00ba de la ESO, de muchos Centros Juveniles (como el nuestro!) en el Colegio de Ar\u00e9valo, en \u00c1vila. <br \/>Tendr\u00e1 lugar el fin de semana del 2 y 3 de marzo. La salida ser\u00e1 el s\u00e1bado por la ma\u00f1ana (en los d\u00edas previos al encuentro se confirmar\u00e1 la hora), y la llegada ser\u00e1 el domingo a las 16:30.<\/p>\n<p>Se pasar\u00e1 una noche fuera, durmiendo todos juntos, por lo que hay que llevar:<br \/>&#8211; Saco de dormir<br \/>Y adem\u00e1s:<br \/>&#8211; Comida para los dos d\u00edas (el desayuno y el pan del domingo se ofrecen all\u00ed)<br \/>&#8211; Utensilios de higiene personal<br \/>&#8211; Ropa deportiva (puesta)<br \/>&#8211; Ropa de abrigo (para la noche)<br \/>&#8211; Bol\u00edgrafo y cuaderno personal<br \/>&#8211; Los m\u00f3viles, c\u00e1maras, etc. no son necesarios para este encuentro. S\u00f3lo estar\u00e1 permitido su uso en los momentos de \u201ctiempo libre\u201d, no haci\u00e9ndonos responsables de su p\u00e9rdida o deterioro.<\/p>\n<p>El coste del encuentro son 35 \u20ac por participante. Y para apuntarse hace falta rellenar la inscripci\u00f3n adjunta, que se podr\u00e1 entregar:<br \/>* El s\u00e1bado 3 en horario de GA, <br \/>* Martes 6 y jueves 15 de 20-21h<br \/>* Viernes 16 de 19-20h<br \/>El \u00daLTIMO D\u00cdA ser\u00e1 el VIERNES 16 de febrero. <br \/>No se aceptar\u00e1n inscripciones fuera de plazo bajo ning\u00fan concepto.<\/p>\n<p>Os invitamos de coraz\u00f3n a participar en este encuentro, del que siempre se traen bonitos recuerdos y bonitas nuevas amistades<\/p>\n<p>[\/et_pb_text][et_pb_blurb title=\u00bbInscripci\u00f3n PREAS\u00bb url=\u00bbhttps:\/\/drive.google.com\/file\/d\/1_xpZ2pNPGQJrYSN5W_69KinBpNJB0Z9u\/view?usp=drivesdk\u00bb use_icon=\u00bbon\u00bb font_icon=\u00bb&#xf1c1;||fa||400&#8243; _builder_version=\u00bb4.24.0&#8243; _module_preset=\u00bbdefault\u00bb global_colors_info=\u00bb{}\u00bb][\/et_pb_blurb][\/et_pb_column][\/et_pb_row][\/et_pb_section]<\/p>\n","protected":false},"excerpt":{"rendered":"<p>Hola familias!<br \/>\nSe aproxima una de las actividades estrella del a\u00f1o y es PREAS.\ud83d\udc4f\ud83c\udffd<\/p>\n<p>Para quien no lo conozca, es un encuentro de chicos\/as de 11-13 a\u00f1os, de 1\u00ba y 2\u00ba de la ESO, de muchos Centros Juveniles (como el nuestro!) en el Colegio de Ar\u00e9valo, en \u00c1vila.<br \/>\nTendr\u00e1 lugar el fin de semana del 2 y 3 de marzo. La salida ser\u00e1 el s\u00e1bado por la ma\u00f1ana (en los d\u00edas previos al encuentro se confirmar\u00e1 la hora), y la llegada ser\u00e1 el domingo a las 16:30. <\/p>\n<p>Se pasar\u00e1 una noche fuera, durmiendo todos juntos, por lo que hay que llevar:<br \/>\n&#8211; Saco de dormir<br \/>\nY adem\u00e1s:<br \/>\n&#8211; Comida para los dos d\u00edas (el desayuno y el pan del domingo se ofrecen all\u00ed)<br \/>\n&#8211; Utensilios de higiene personal<br \/>\n&#8211; Ropa deportiva (puesta)<br \/>\n&#8211; Ropa de abrigo (para la noche)<br \/>\n&#8211; Bol\u00edgrafo y cuaderno personal<br \/>\n&#8211; Los m\u00f3viles, c\u00e1maras, etc. no son necesarios para este encuentro. S\u00f3lo estar\u00e1 permitido su uso en los momentos de \u201ctiempo libre\u201d, no haci\u00e9ndonos responsables de su p\u00e9rdida o deterioro.<\/p>\n<p>El coste del encuentro son 35 \u20ac por participante. Y para apuntarse hace falta rellenar la inscripci\u00f3n adjunta, que se podr\u00e1 entregar:<br \/>\n* El s\u00e1bado 3 en horario de GA,<br \/>\n* Martes 6 y jueves 15 de 20-21h<br \/>\n* Viernes 16 de 19-20h<br \/>\nEl \u00daLTIMO D\u00cdA ser\u00e1 el VIERNES 16 de febrero.<br \/>\nNo se aceptar\u00e1n inscripciones fuera de plazo bajo ning\u00fan concepto. <\/p>\n<p>Os invitamos de coraz\u00f3n a participar en este encuentro, del que siempre se traen bonitos recuerdos y bonitas nuevas amistades<\/p>\n","protected":false},"author":4,"featured_media":1204,"comment_status":"open","ping_status":"open","sticky":false,"template":"","format":"standard","meta":{"_et_pb_use_builder":"on","_et_pb_old_content":"","_et_gb_content_width":"","footnotes":""},"categories":[41,34,10],"tags":[],"class_list":["post-1203","post","type-post","status-publish","format-standard","has-post-thumbnail","hentry","category-centro-juvenil-2","category-ga-noticias","category-grupo-amigos"],"yoast_head":"<!-- This site is optimized with the Yoast SEO plugin v28.3 - https:\/\/yoast.com\/product\/yoast-seo-wordpress\/ -->\n<title>PREAS - Centro Juvenil Mar\u00eda Auxiliadora<\/title>\n<meta name=\"robots\" content=\"index, follow, max-snippet:-1, max-image-preview:large, max-video-preview:-1\" \/>\n<link rel=\"canonical\" href=\"https:\/\/salesianosmaux.es\/centrojuvenil\/2024\/02\/02\/preas\/\" \/>\n<meta property=\"og:locale\" content=\"es_ES\" \/>\n<meta property=\"og:type\" content=\"article\" \/>\n<meta property=\"og:title\" content=\"PREAS - Centro Juvenil Mar\u00eda Auxiliadora\" \/>\n<meta property=\"og:description\" content=\"Hola familias! Se aproxima una de las actividades estrella del a\u00f1o y es PREAS.\ud83d\udc4f\ud83c\udffd Para quien no lo conozca, es un encuentro de chicos\/as de 11-13 a\u00f1os, de 1\u00ba y 2\u00ba de la ESO, de muchos Centros Juveniles (como el nuestro!) en el Colegio de Ar\u00e9valo, en \u00c1vila. Tendr\u00e1 lugar el fin de semana del 2 y 3 de marzo. La salida ser\u00e1 el s\u00e1bado por la ma\u00f1ana (en los d\u00edas previos al encuentro se confirmar\u00e1 la hora), y la llegada ser\u00e1 el domingo a las 16:30.  Se pasar\u00e1 una noche fuera, durmiendo todos juntos, por lo que hay que llevar: - Saco de dormir Y adem\u00e1s: - Comida para los dos d\u00edas (el desayuno y el pan del domingo se ofrecen all\u00ed) - Utensilios de higiene personal - Ropa deportiva (puesta) - Ropa de abrigo (para la noche) - Bol\u00edgrafo y cuaderno personal - Los m\u00f3viles, c\u00e1maras, etc. no son necesarios para este encuentro. S\u00f3lo estar\u00e1 permitido su uso en los momentos de \u201ctiempo libre\u201d, no haci\u00e9ndonos responsables de su p\u00e9rdida o deterioro. El coste del encuentro son 35 \u20ac por participante. Y para apuntarse hace falta rellenar la inscripci\u00f3n adjunta, que se podr\u00e1 entregar: * El s\u00e1bado 3 en horario de GA, * Martes 6 y jueves 15 de 20-21h * Viernes 16 de 19-20h El \u00daLTIMO D\u00cdA ser\u00e1 el VIERNES 16 de febrero. No se aceptar\u00e1n inscripciones fuera de plazo bajo ning\u00fan concepto.  Os invitamos de coraz\u00f3n a participar en este encuentro, del que siempre se traen bonitos recuerdos y bonitas nuevas amistades\" \/>\n<meta property=\"og:url\" content=\"https:\/\/salesianosmaux.es\/centrojuvenil\/2024\/02\/02\/preas\/\" \/>\n<meta property=\"og:site_name\" content=\"Centro Juvenil Mar\u00eda Auxiliadora\" \/>\n<meta property=\"article:published_time\" content=\"2024-02-02T10:02:32+00:00\" \/>\n<meta property=\"article:modified_time\" content=\"2024-02-02T11:03:25+00:00\" \/>\n<meta property=\"og:image\" content=\"https:\/\/salesianosmaux.es\/centrojuvenil\/wp-content\/uploads\/sites\/6\/2024\/02\/IMG_6266.jpeg\" \/>\n\t<meta property=\"og:image:width\" content=\"1091\" \/>\n\t<meta property=\"og:image:height\" content=\"790\" \/>\n\t<meta property=\"og:image:type\" content=\"image\/jpeg\" \/>\n<meta name=\"author\" content=\"centrojuvenil\" \/>\n<meta name=\"twitter:card\" content=\"summary_large_image\" \/>\n<meta name=\"twitter:label1\" content=\"Escrito por\" \/>\n\t<meta name=\"twitter:data1\" content=\"centrojuvenil\" \/>\n\t<meta name=\"twitter:label2\" content=\"Tiempo de lectura\" \/>\n\t<meta name=\"twitter:data2\" content=\"1 minuto\" \/>\n<script type=\"application\/ld+json\" class=\"yoast-schema-graph\">{\"@context\":\"https:\\\/\\\/schema.org\",\"@graph\":[{\"@type\":\"Article\",\"@id\":\"https:\\\/\\\/salesianosmaux.es\\\/centrojuvenil\\\/2024\\\/02\\\/02\\\/preas\\\/#article\",\"isPartOf\":{\"@id\":\"https:\\\/\\\/salesianosmaux.es\\\/centrojuvenil\\\/2024\\\/02\\\/02\\\/preas\\\/\"},\"author\":{\"name\":\"centrojuvenil\",\"@id\":\"https:\\\/\\\/salesianosmaux.es\\\/centrojuvenil\\\/#\\\/schema\\\/person\\\/2907e7467414eb7c582683323229cfa0\"},\"headline\":\"PREAS\",\"datePublished\":\"2024-02-02T10:02:32+00:00\",\"dateModified\":\"2024-02-02T11:03:25+00:00\",\"mainEntityOfPage\":{\"@id\":\"https:\\\/\\\/salesianosmaux.es\\\/centrojuvenil\\\/2024\\\/02\\\/02\\\/preas\\\/\"},\"wordCount\":366,\"commentCount\":0,\"image\":{\"@id\":\"https:\\\/\\\/salesianosmaux.es\\\/centrojuvenil\\\/2024\\\/02\\\/02\\\/preas\\\/#primaryimage\"},\"thumbnailUrl\":\"https:\\\/\\\/salesianosmaux.es\\\/centrojuvenil\\\/wp-content\\\/uploads\\\/sites\\\/6\\\/2024\\\/02\\\/IMG_6266.jpeg\",\"articleSection\":[\"Centro Juvenil\",\"GA Noticias\",\"Grupo Amigos\"],\"inLanguage\":\"es\",\"potentialAction\":[{\"@type\":\"CommentAction\",\"name\":\"Comment\",\"target\":[\"https:\\\/\\\/salesianosmaux.es\\\/centrojuvenil\\\/2024\\\/02\\\/02\\\/preas\\\/#respond\"]}]},{\"@type\":\"WebPage\",\"@id\":\"https:\\\/\\\/salesianosmaux.es\\\/centrojuvenil\\\/2024\\\/02\\\/02\\\/preas\\\/\",\"url\":\"https:\\\/\\\/salesianosmaux.es\\\/centrojuvenil\\\/2024\\\/02\\\/02\\\/preas\\\/\",\"name\":\"PREAS - Centro Juvenil Mar\u00eda Auxiliadora\",\"isPartOf\":{\"@id\":\"https:\\\/\\\/salesianosmaux.es\\\/centrojuvenil\\\/#website\"},\"primaryImageOfPage\":{\"@id\":\"https:\\\/\\\/salesianosmaux.es\\\/centrojuvenil\\\/2024\\\/02\\\/02\\\/preas\\\/#primaryimage\"},\"image\":{\"@id\":\"https:\\\/\\\/salesianosmaux.es\\\/centrojuvenil\\\/2024\\\/02\\\/02\\\/preas\\\/#primaryimage\"},\"thumbnailUrl\":\"https:\\\/\\\/salesianosmaux.es\\\/centrojuvenil\\\/wp-content\\\/uploads\\\/sites\\\/6\\\/2024\\\/02\\\/IMG_6266.jpeg\",\"datePublished\":\"2024-02-02T10:02:32+00:00\",\"dateModified\":\"2024-02-02T11:03:25+00:00\",\"author\":{\"@id\":\"https:\\\/\\\/salesianosmaux.es\\\/centrojuvenil\\\/#\\\/schema\\\/person\\\/2907e7467414eb7c582683323229cfa0\"},\"breadcrumb\":{\"@id\":\"https:\\\/\\\/salesianosmaux.es\\\/centrojuvenil\\\/2024\\\/02\\\/02\\\/preas\\\/#breadcrumb\"},\"inLanguage\":\"es\",\"potentialAction\":[{\"@type\":\"ReadAction\",\"target\":[\"https:\\\/\\\/salesianosmaux.es\\\/centrojuvenil\\\/2024\\\/02\\\/02\\\/preas\\\/\"]}]},{\"@type\":\"ImageObject\",\"inLanguage\":\"es\",\"@id\":\"https:\\\/\\\/salesianosmaux.es\\\/centrojuvenil\\\/2024\\\/02\\\/02\\\/preas\\\/#primaryimage\",\"url\":\"https:\\\/\\\/salesianosmaux.es\\\/centrojuvenil\\\/wp-content\\\/uploads\\\/sites\\\/6\\\/2024\\\/02\\\/IMG_6266.jpeg\",\"contentUrl\":\"https:\\\/\\\/salesianosmaux.es\\\/centrojuvenil\\\/wp-content\\\/uploads\\\/sites\\\/6\\\/2024\\\/02\\\/IMG_6266.jpeg\",\"width\":1091,\"height\":790},{\"@type\":\"BreadcrumbList\",\"@id\":\"https:\\\/\\\/salesianosmaux.es\\\/centrojuvenil\\\/2024\\\/02\\\/02\\\/preas\\\/#breadcrumb\",\"itemListElement\":[{\"@type\":\"ListItem\",\"position\":1,\"name\":\"Portada\",\"item\":\"https:\\\/\\\/salesianosmaux.es\\\/centrojuvenil\\\/\"},{\"@type\":\"ListItem\",\"position\":2,\"name\":\"PREAS\"}]},{\"@type\":\"WebSite\",\"@id\":\"https:\\\/\\\/salesianosmaux.es\\\/centrojuvenil\\\/#website\",\"url\":\"https:\\\/\\\/salesianosmaux.es\\\/centrojuvenil\\\/\",\"name\":\"Centro Juvenil Mar\u00eda Auxiliadora\",\"description\":\"\",\"potentialAction\":[{\"@type\":\"SearchAction\",\"target\":{\"@type\":\"EntryPoint\",\"urlTemplate\":\"https:\\\/\\\/salesianosmaux.es\\\/centrojuvenil\\\/?s={search_term_string}\"},\"query-input\":{\"@type\":\"PropertyValueSpecification\",\"valueRequired\":true,\"valueName\":\"search_term_string\"}}],\"inLanguage\":\"es\"},{\"@type\":\"Person\",\"@id\":\"https:\\\/\\\/salesianosmaux.es\\\/centrojuvenil\\\/#\\\/schema\\\/person\\\/2907e7467414eb7c582683323229cfa0\",\"name\":\"centrojuvenil\",\"image\":{\"@type\":\"ImageObject\",\"inLanguage\":\"es\",\"@id\":\"https:\\\/\\\/secure.gravatar.com\\\/avatar\\\/0969b94997d48dd955926fff0eedb1687ec9fd00294a727f82de75614d1751d2?s=96&d=mm&r=g\",\"url\":\"https:\\\/\\\/secure.gravatar.com\\\/avatar\\\/0969b94997d48dd955926fff0eedb1687ec9fd00294a727f82de75614d1751d2?s=96&d=mm&r=g\",\"contentUrl\":\"https:\\\/\\\/secure.gravatar.com\\\/avatar\\\/0969b94997d48dd955926fff0eedb1687ec9fd00294a727f82de75614d1751d2?s=96&d=mm&r=g\",\"caption\":\"centrojuvenil\"},\"url\":\"https:\\\/\\\/salesianosmaux.es\\\/centrojuvenil\\\/author\\\/centrojuvenil\\\/\"}]}<\/script>\n<!-- \/ Yoast SEO plugin. -->","yoast_head_json":{"title":"PREAS - Centro Juvenil Mar\u00eda Auxiliadora","robots":{"index":"index","follow":"follow","max-snippet":"max-snippet:-1","max-image-preview":"max-image-preview:large","max-video-preview":"max-video-preview:-1"},"canonical":"https:\/\/salesianosmaux.es\/centrojuvenil\/2024\/02\/02\/preas\/","og_locale":"es_ES","og_type":"article","og_title":"PREAS - Centro Juvenil Mar\u00eda Auxiliadora","og_description":"Hola familias! Se aproxima una de las actividades estrella del a\u00f1o y es PREAS.\ud83d\udc4f\ud83c\udffd Para quien no lo conozca, es un encuentro de chicos\/as de 11-13 a\u00f1os, de 1\u00ba y 2\u00ba de la ESO, de muchos Centros Juveniles (como el nuestro!) en el Colegio de Ar\u00e9valo, en \u00c1vila. Tendr\u00e1 lugar el fin de semana del 2 y 3 de marzo. La salida ser\u00e1 el s\u00e1bado por la ma\u00f1ana (en los d\u00edas previos al encuentro se confirmar\u00e1 la hora), y la llegada ser\u00e1 el domingo a las 16:30.  Se pasar\u00e1 una noche fuera, durmiendo todos juntos, por lo que hay que llevar: - Saco de dormir Y adem\u00e1s: - Comida para los dos d\u00edas (el desayuno y el pan del domingo se ofrecen all\u00ed) - Utensilios de higiene personal - Ropa deportiva (puesta) - Ropa de abrigo (para la noche) - Bol\u00edgrafo y cuaderno personal - Los m\u00f3viles, c\u00e1maras, etc. no son necesarios para este encuentro. S\u00f3lo estar\u00e1 permitido su uso en los momentos de \u201ctiempo libre\u201d, no haci\u00e9ndonos responsables de su p\u00e9rdida o deterioro. El coste del encuentro son 35 \u20ac por participante. Y para apuntarse hace falta rellenar la inscripci\u00f3n adjunta, que se podr\u00e1 entregar: * El s\u00e1bado 3 en horario de GA, * Martes 6 y jueves 15 de 20-21h * Viernes 16 de 19-20h El \u00daLTIMO D\u00cdA ser\u00e1 el VIERNES 16 de febrero. No se aceptar\u00e1n inscripciones fuera de plazo bajo ning\u00fan concepto.  Os invitamos de coraz\u00f3n a participar en este encuentro, del que siempre se traen bonitos recuerdos y bonitas nuevas amistades","og_url":"https:\/\/salesianosmaux.es\/centrojuvenil\/2024\/02\/02\/preas\/","og_site_name":"Centro Juvenil Mar\u00eda Auxiliadora","article_published_time":"2024-02-02T10:02:32+00:00","article_modified_time":"2024-02-02T11:03:25+00:00","og_image":[{"width":1091,"height":790,"url":"https:\/\/salesianosmaux.es\/centrojuvenil\/wp-content\/uploads\/sites\/6\/2024\/02\/IMG_6266.jpeg","type":"image\/jpeg"}],"author":"centrojuvenil","twitter_card":"summary_large_image","twitter_misc":{"Escrito por":"centrojuvenil","Tiempo de lectura":"1 minuto"},"schema":{"@context":"https:\/\/schema.org","@graph":[{"@type":"Article","@id":"https:\/\/salesianosmaux.es\/centrojuvenil\/2024\/02\/02\/preas\/#article","isPartOf":{"@id":"https:\/\/salesianosmaux.es\/centrojuvenil\/2024\/02\/02\/preas\/"},"author":{"name":"centrojuvenil","@id":"https:\/\/salesianosmaux.es\/centrojuvenil\/#\/schema\/person\/2907e7467414eb7c582683323229cfa0"},"headline":"PREAS","datePublished":"2024-02-02T10:02:32+00:00","dateModified":"2024-02-02T11:03:25+00:00","mainEntityOfPage":{"@id":"https:\/\/salesianosmaux.es\/centrojuvenil\/2024\/02\/02\/preas\/"},"wordCount":366,"commentCount":0,"image":{"@id":"https:\/\/salesianosmaux.es\/centrojuvenil\/2024\/02\/02\/preas\/#primaryimage"},"thumbnailUrl":"https:\/\/salesianosmaux.es\/centrojuvenil\/wp-content\/uploads\/sites\/6\/2024\/02\/IMG_6266.jpeg","articleSection":["Centro Juvenil","GA Noticias","Grupo Amigos"],"inLanguage":"es","potentialAction":[{"@type":"CommentAction","name":"Comment","target":["https:\/\/salesianosmaux.es\/centrojuvenil\/2024\/02\/02\/preas\/#respond"]}]},{"@type":"WebPage","@id":"https:\/\/salesianosmaux.es\/centrojuvenil\/2024\/02\/02\/preas\/","url":"https:\/\/salesianosmaux.es\/centrojuvenil\/2024\/02\/02\/preas\/","name":"PREAS - Centro Juvenil Mar\u00eda Auxiliadora","isPartOf":{"@id":"https:\/\/salesianosmaux.es\/centrojuvenil\/#website"},"primaryImageOfPage":{"@id":"https:\/\/salesianosmaux.es\/centrojuvenil\/2024\/02\/02\/preas\/#primaryimage"},"image":{"@id":"https:\/\/salesianosmaux.es\/centrojuvenil\/2024\/02\/02\/preas\/#primaryimage"},"thumbnailUrl":"https:\/\/salesianosmaux.es\/centrojuvenil\/wp-content\/uploads\/sites\/6\/2024\/02\/IMG_6266.jpeg","datePublished":"2024-02-02T10:02:32+00:00","dateModified":"2024-02-02T11:03:25+00:00","author":{"@id":"https:\/\/salesianosmaux.es\/centrojuvenil\/#\/schema\/person\/2907e7467414eb7c582683323229cfa0"},"breadcrumb":{"@id":"https:\/\/salesianosmaux.es\/centrojuvenil\/2024\/02\/02\/preas\/#breadcrumb"},"inLanguage":"es","potentialAction":[{"@type":"ReadAction","target":["https:\/\/salesianosmaux.es\/centrojuvenil\/2024\/02\/02\/preas\/"]}]},{"@type":"ImageObject","inLanguage":"es","@id":"https:\/\/salesianosmaux.es\/centrojuvenil\/2024\/02\/02\/preas\/#primaryimage","url":"https:\/\/salesianosmaux.es\/centrojuvenil\/wp-content\/uploads\/sites\/6\/2024\/02\/IMG_6266.jpeg","contentUrl":"https:\/\/salesianosmaux.es\/centrojuvenil\/wp-content\/uploads\/sites\/6\/2024\/02\/IMG_6266.jpeg","width":1091,"height":790},{"@type":"BreadcrumbList","@id":"https:\/\/salesianosmaux.es\/centrojuvenil\/2024\/02\/02\/preas\/#breadcrumb","itemListElement":[{"@type":"ListItem","position":1,"name":"Portada","item":"https:\/\/salesianosmaux.es\/centrojuvenil\/"},{"@type":"ListItem","position":2,"name":"PREAS"}]},{"@type":"WebSite","@id":"https:\/\/salesianosmaux.es\/centrojuvenil\/#website","url":"https:\/\/salesianosmaux.es\/centrojuvenil\/","name":"Centro Juvenil Mar\u00eda Auxiliadora","description":"","potentialAction":[{"@type":"SearchAction","target":{"@type":"EntryPoint","urlTemplate":"https:\/\/salesianosmaux.es\/centrojuvenil\/?s={search_term_string}"},"query-input":{"@type":"PropertyValueSpecification","valueRequired":true,"valueName":"search_term_string"}}],"inLanguage":"es"},{"@type":"Person","@id":"https:\/\/salesianosmaux.es\/centrojuvenil\/#\/schema\/person\/2907e7467414eb7c582683323229cfa0","name":"centrojuvenil","image":{"@type":"ImageObject","inLanguage":"es","@id":"https:\/\/secure.gravatar.com\/avatar\/0969b94997d48dd955926fff0eedb1687ec9fd00294a727f82de75614d1751d2?s=96&d=mm&r=g","url":"https:\/\/secure.gravatar.com\/avatar\/0969b94997d48dd955926fff0eedb1687ec9fd00294a727f82de75614d1751d2?s=96&d=mm&r=g","contentUrl":"https:\/\/secure.gravatar.com\/avatar\/0969b94997d48dd955926fff0eedb1687ec9fd00294a727f82de75614d1751d2?s=96&d=mm&r=g","caption":"centrojuvenil"},"url":"https:\/\/salesianosmaux.es\/centrojuvenil\/author\/centrojuvenil\/"}]}},"_links":{"self":[{"href":"https:\/\/salesianosmaux.es\/centrojuvenil\/wp-json\/wp\/v2\/posts\/1203","targetHints":{"allow":["GET"]}}],"collection":[{"href":"https:\/\/salesianosmaux.es\/centrojuvenil\/wp-json\/wp\/v2\/posts"}],"about":[{"href":"https:\/\/salesianosmaux.es\/centrojuvenil\/wp-json\/wp\/v2\/types\/post"}],"author":[{"embeddable":true,"href":"https:\/\/salesianosmaux.es\/centrojuvenil\/wp-json\/wp\/v2\/users\/4"}],"replies":[{"embeddable":true,"href":"https:\/\/salesianosmaux.es\/centrojuvenil\/wp-json\/wp\/v2\/comments?post=1203"}],"version-history":[{"count":3,"href":"https:\/\/salesianosmaux.es\/centrojuvenil\/wp-json\/wp\/v2\/posts\/1203\/revisions"}],"predecessor-version":[{"id":1211,"href":"https:\/\/salesianosmaux.es\/centrojuvenil\/wp-json\/wp\/v2\/posts\/1203\/revisions\/1211"}],"wp:featuredmedia":[{"embeddable":true,"href":"https:\/\/salesianosmaux.es\/centrojuvenil\/wp-json\/wp\/v2\/media\/1204"}],"wp:attachment":[{"href":"https:\/\/salesianosmaux.es\/centrojuvenil\/wp-json\/wp\/v2\/media?parent=1203"}],"wp:term":[{"taxonomy":"category","embeddable":true,"href":"https:\/\/salesianosmaux.es\/centrojuvenil\/wp-json\/wp\/v2\/categories?post=1203"},{"taxonomy":"post_tag","embeddable":true,"href":"https:\/\/salesianosmaux.es\/centrojuvenil\/wp-json\/wp\/v2\/tags?post=1203"}],"curies":[{"name":"wp","href":"https:\/\/api.w.org\/{rel}","templated":true}]}}