{"id":1251,"date":"2024-02-27T22:23:40","date_gmt":"2024-02-27T22:23:40","guid":{"rendered":"https:\/\/salesianosmaux.es\/centrojuvenil\/?p=1251"},"modified":"2024-02-27T22:23:40","modified_gmt":"2024-02-27T22:23:40","slug":"el-chiqui-se-va-a-la-mejor-acampada-en-arevalo","status":"publish","type":"post","link":"https:\/\/salesianosmaux.es\/centrojuvenil\/2024\/02\/27\/el-chiqui-se-va-a-la-mejor-acampada-en-arevalo\/","title":{"rendered":"\u00a1EL CHIQUI SE VA A LA MEJOR ACAMPADA EN \u00c1REVALO!"},"content":{"rendered":"<p>[et_pb_section fb_built=\u00bb1&#8243; theme_builder_area=\u00bbpost_content\u00bb _builder_version=\u00bb4.24.0&#8243; _module_preset=\u00bbdefault\u00bb][et_pb_row _builder_version=\u00bb4.24.0&#8243; _module_preset=\u00bbdefault\u00bb column_structure=\u00bb1_2,1_2&#8243; theme_builder_area=\u00bbpost_content\u00bb][et_pb_column _builder_version=\u00bb4.24.0&#8243; _module_preset=\u00bbdefault\u00bb type=\u00bb1_2&#8243; theme_builder_area=\u00bbpost_content\u00bb][et_pb_image src=\u00bbhttps:\/\/salesianosmaux.es\/centrojuvenil\/wp-content\/uploads\/sites\/6\/2024\/02\/ACAMPADA-2.jpg\u00bb _builder_version=\u00bb4.24.0&#8243; _module_preset=\u00bbdefault\u00bb theme_builder_area=\u00bbpost_content\u00bb title_text=\u00bbACAMPADA 2&#8243; hover_enabled=\u00bb0&#8243; sticky_enabled=\u00bb0&#8243;][\/et_pb_image][\/et_pb_column][et_pb_column _builder_version=\u00bb4.24.0&#8243; _module_preset=\u00bbdefault\u00bb type=\u00bb1_2&#8243; theme_builder_area=\u00bbpost_content\u00bb][et_pb_text _builder_version=\u00bb4.24.0&#8243; _module_preset=\u00bbdefault\u00bb theme_builder_area=\u00bbpost_content\u00bb hover_enabled=\u00bb0&#8243; sticky_enabled=\u00bb0&#8243;]<\/p>\n<p><em>Queridas Familias del Chiquicentro: <strong>\u00a0<\/strong><\/em><\/p>\n<p>Nos ponemos en contacto con ustedes para presentarles \u00a1LA GRAN ESPERADA ACAMPADA DEL CHIQUICENTRO!<\/p>\n<p>Como siempre queremos ofrecer a nuestros chicos una alternativa divertida, sana y educativa. El lugar donde se realizar\u00e1 la acampada ser\u00e1 <strong>en el Colegio Salesiano de Ar\u00e9valo <\/strong>(\u00c1vila) <em>(A 1 hora aprox. de Salamanca)<\/em>. \u00a0<\/p>\n<p>Esta actividad tendr\u00e1 lugar los d\u00edas <strong>s\u00e1bado 16 de marzo <\/strong>hasta el <strong>domingo 17 de marzo<\/strong>. En la acampada haremos distintas actividades que se realizar\u00e1n en el propio Colegio de los Salesianos. El colegio cuenta con dormitorios, aseos, duchas, ba\u00f1os, comedor, gimnasio, soportales, calefacci\u00f3n\u2026 \u00a1Es incre\u00edble! Y si hace fr\u00edo estaremos bien resguardados.<\/p>\n<p>Durante la acampada, tendremos muchos juegos, formaci\u00f3n, tiempo libre\u2026 todo ello buscando la m\u00e1xima convivencia posible adem\u00e1s de pasarlo a lo grande.<\/p>\n<p>&nbsp;<\/p>\n<p>El horario de la acampada ser\u00e1 el siguiente:<\/p>\n<ul>\n<li>Saldremos de Salamanca el <strong>16 de marzo a las 9:00h.<\/strong><\/li>\n<li>Llegaremos a Salamanca el <strong>domingo 17 de marzo entre las 13:30 \u2013 14:00h<\/strong>. Os comunicaremos por redes la hora exacta.<\/li>\n<\/ul>\n<p>Esta actividad es solo para <strong>SOCIOS DEL CHIQUICENTRO, donde el precio es de <\/strong><strong>38 \u20ac<\/strong> (Se aceptar\u00e1 el pago en met\u00e1lico a la vez que se entrega la inscripci\u00f3n o bien entregando, en el momento de entregar la inscripci\u00f3n, el resguardo bancario de la transferencia en la nueva cuenta bancaria del CJ Banco Santander ES76 0049 5292 1129 1612 3552 ). <strong>Adem\u00e1s contamos con un l\u00edmite de plazas, el cual se regir\u00e1 seg\u00fan el orden riguroso de entrega de inscripci\u00f3n, hasta completar el n\u00famero de 90 plazas. Entrega de inscripciones el jueves 7 de marzo de 19:30 a 20:30 y el viernes 8 de marzo de 19:30 a 20:30h.<\/strong><\/p>\n<p>Toda la informaci\u00f3n requerida se a\u00f1ade en la siguiente <strong>inscripci\u00f3n<\/strong>, as\u00ed como horarios, comidas necesarias, cosas que tienen que llevar, tel\u00e9fonos de contacto\u2026 Si ten\u00e9is cualquier duda os atendemos en el correo: <span><a href=\"mailto:cjmaux@gmail.com\">cjmaux@gmail.com<\/a><\/span><\/p>\n<p>Un saludo:\u00a0 \u00a0\u00a0\u00a0\u00a0\u00a0\u00a0\u00a0\u00a0\u00a0\u00a0\u00a0\u00a0\u00a0\u00a0\u00a0\u00a0\u00a0\u00a0\u00a0\u00a0\u00a0\u00a0\u00a0\u00a0\u00a0\u00a0\u00a0\u00a0\u00a0\u00a0\u00a0\u00a0\u00a0\u00a0\u00a0\u00a0\u00a0\u00a0\u00a0\u00a0\u00a0\u00a0\u00a0\u00a0\u00a0\u00a0\u00a0\u00a0\u00a0\u00a0\u00a0\u00a0\u00a0\u00a0\u00a0\u00a0\u00a0\u00a0\u00a0\u00a0\u00a0\u00a0\u00a0\u00a0\u00a0\u00a0\u00a0\u00a0\u00a0\u00a0\u00a0\u00a0\u00a0\u00a0\u00a0\u00a0\u00a0\u00a0\u00a0\u00a0<\/p>\n<p>&nbsp;<\/p>\n<p>&nbsp;<\/p>\n<p>\u00a0<em>El equipo de animadores del Chiquicentro<\/em><\/p>\n<p>[\/et_pb_text][\/et_pb_column][\/et_pb_row][et_pb_row _builder_version=\u00bb4.24.0&#8243; _module_preset=\u00bbdefault\u00bb theme_builder_area=\u00bbpost_content\u00bb][et_pb_column _builder_version=\u00bb4.24.0&#8243; _module_preset=\u00bbdefault\u00bb type=\u00bb4_4&#8243; theme_builder_area=\u00bbpost_content\u00bb][et_pb_blurb title=\u00bbINSCRIPCI\u00d3N ACAMPADA CHIQUI AR\u00c9VALO\u00bb _builder_version=\u00bb4.24.0&#8243; _module_preset=\u00bbdefault\u00bb theme_builder_area=\u00bbpost_content\u00bb use_icon=\u00bbon\u00bb font_icon=\u00bb&#xf1c1;||fa||400&#8243; url=\u00bbhttps:\/\/drive.google.com\/file\/d\/15CaEnD9VMGJT_VQWcNxS46ikLr3HmsrY\/view?usp=sharing\u00bb url_new_window=\u00bbon\u00bb link_option_url=\u00bbhttps:\/\/drive.google.com\/file\/d\/15CaEnD9VMGJT_VQWcNxS46ikLr3HmsrY\/view?usp=sharing\u00bb link_option_url_new_window=\u00bbon\u00bb hover_enabled=\u00bb0&#8243; sticky_enabled=\u00bb0&#8243;][\/et_pb_blurb][\/et_pb_column][\/et_pb_row][\/et_pb_section]<\/p>\n","protected":false},"excerpt":{"rendered":"<p>Queridas Familias del Chiquicentro: <\/p>\n<p>Nos ponemos en contacto con ustedes para presentarles \u00a1LA GRAN ESPERADA ACAMPADA DEL CHIQUICENTRO!<\/p>\n<p>Como siempre queremos ofrecer a nuestros chicos una alternativa divertida, sana y educativa. El lugar donde se realizar\u00e1 la acampada ser\u00e1 en el Colegio Salesiano de Ar\u00e9valo (\u00c1vila).<br \/>\nEsta actividad tendr\u00e1 lugar los d\u00edas s\u00e1bado 16 de marzo hasta el domingo 17 de marzo. En la acampada haremos distintas actividades pas\u00e1ndolo a lo grande.<\/p>\n","protected":false},"author":4,"featured_media":1252,"comment_status":"open","ping_status":"open","sticky":false,"template":"","format":"standard","meta":{"_et_pb_use_builder":"on","_et_pb_old_content":"","_et_gb_content_width":"","footnotes":""},"categories":[41,29,30,1],"tags":[],"class_list":["post-1251","post","type-post","status-publish","format-standard","has-post-thumbnail","hentry","category-centro-juvenil-2","category-chiquicentro-actividades","category-chiquicentro-noticias","category-chiquicentro"],"yoast_head":"<!-- This site is optimized with the Yoast SEO plugin v27.4 - https:\/\/yoast.com\/product\/yoast-seo-wordpress\/ -->\n<title>\u00a1EL CHIQUI SE VA A LA MEJOR ACAMPADA EN \u00c1REVALO! - Centro Juvenil Mar\u00eda Auxiliadora<\/title>\n<meta name=\"robots\" content=\"index, follow, max-snippet:-1, max-image-preview:large, max-video-preview:-1\" \/>\n<link rel=\"canonical\" href=\"https:\/\/salesianosmaux.es\/centrojuvenil\/2024\/02\/27\/el-chiqui-se-va-a-la-mejor-acampada-en-arevalo\/\" \/>\n<meta property=\"og:locale\" content=\"es_ES\" \/>\n<meta property=\"og:type\" content=\"article\" \/>\n<meta property=\"og:title\" content=\"\u00a1EL CHIQUI SE VA A LA MEJOR ACAMPADA EN \u00c1REVALO! - Centro Juvenil Mar\u00eda Auxiliadora\" \/>\n<meta property=\"og:description\" content=\"Queridas Familias del Chiquicentro:  Nos ponemos en contacto con ustedes para presentarles \u00a1LA GRAN ESPERADA ACAMPADA DEL CHIQUICENTRO! Como siempre queremos ofrecer a nuestros chicos una alternativa divertida, sana y educativa. El lugar donde se realizar\u00e1 la acampada ser\u00e1 en el Colegio Salesiano de Ar\u00e9valo (\u00c1vila). Esta actividad tendr\u00e1 lugar los d\u00edas s\u00e1bado 16 de marzo hasta el domingo 17 de marzo. En la acampada haremos distintas actividades pas\u00e1ndolo a lo grande.\" \/>\n<meta property=\"og:url\" content=\"https:\/\/salesianosmaux.es\/centrojuvenil\/2024\/02\/27\/el-chiqui-se-va-a-la-mejor-acampada-en-arevalo\/\" \/>\n<meta property=\"og:site_name\" content=\"Centro Juvenil Mar\u00eda Auxiliadora\" \/>\n<meta property=\"article:published_time\" content=\"2024-02-27T22:23:40+00:00\" \/>\n<meta property=\"og:image\" content=\"https:\/\/salesianosmaux.es\/centrojuvenil\/wp-content\/uploads\/sites\/6\/2024\/02\/ACAMPADA-1.jpg\" \/>\n\t<meta property=\"og:image:width\" content=\"1080\" \/>\n\t<meta property=\"og:image:height\" content=\"1080\" \/>\n\t<meta property=\"og:image:type\" content=\"image\/jpeg\" \/>\n<meta name=\"author\" content=\"centrojuvenil\" \/>\n<meta name=\"twitter:card\" content=\"summary_large_image\" \/>\n<meta name=\"twitter:label1\" content=\"Escrito por\" \/>\n\t<meta name=\"twitter:data1\" content=\"centrojuvenil\" \/>\n\t<meta name=\"twitter:label2\" content=\"Tiempo de lectura\" \/>\n\t<meta name=\"twitter:data2\" content=\"1 minuto\" \/>\n<script type=\"application\/ld+json\" class=\"yoast-schema-graph\">{\"@context\":\"https:\\\/\\\/schema.org\",\"@graph\":[{\"@type\":\"Article\",\"@id\":\"https:\\\/\\\/salesianosmaux.es\\\/centrojuvenil\\\/2024\\\/02\\\/27\\\/el-chiqui-se-va-a-la-mejor-acampada-en-arevalo\\\/#article\",\"isPartOf\":{\"@id\":\"https:\\\/\\\/salesianosmaux.es\\\/centrojuvenil\\\/2024\\\/02\\\/27\\\/el-chiqui-se-va-a-la-mejor-acampada-en-arevalo\\\/\"},\"author\":{\"name\":\"centrojuvenil\",\"@id\":\"https:\\\/\\\/salesianosmaux.es\\\/centrojuvenil\\\/#\\\/schema\\\/person\\\/2907e7467414eb7c582683323229cfa0\"},\"headline\":\"\u00a1EL CHIQUI SE VA A LA MEJOR ACAMPADA EN \u00c1REVALO!\",\"datePublished\":\"2024-02-27T22:23:40+00:00\",\"mainEntityOfPage\":{\"@id\":\"https:\\\/\\\/salesianosmaux.es\\\/centrojuvenil\\\/2024\\\/02\\\/27\\\/el-chiqui-se-va-a-la-mejor-acampada-en-arevalo\\\/\"},\"wordCount\":566,\"commentCount\":0,\"image\":{\"@id\":\"https:\\\/\\\/salesianosmaux.es\\\/centrojuvenil\\\/2024\\\/02\\\/27\\\/el-chiqui-se-va-a-la-mejor-acampada-en-arevalo\\\/#primaryimage\"},\"thumbnailUrl\":\"https:\\\/\\\/salesianosmaux.es\\\/centrojuvenil\\\/wp-content\\\/uploads\\\/sites\\\/6\\\/2024\\\/02\\\/ACAMPADA-1.jpg\",\"articleSection\":[\"Centro Juvenil\",\"Chiqui Actividades\",\"Chiqui Noticias\",\"Chiquicentro\"],\"inLanguage\":\"es\",\"potentialAction\":[{\"@type\":\"CommentAction\",\"name\":\"Comment\",\"target\":[\"https:\\\/\\\/salesianosmaux.es\\\/centrojuvenil\\\/2024\\\/02\\\/27\\\/el-chiqui-se-va-a-la-mejor-acampada-en-arevalo\\\/#respond\"]}]},{\"@type\":\"WebPage\",\"@id\":\"https:\\\/\\\/salesianosmaux.es\\\/centrojuvenil\\\/2024\\\/02\\\/27\\\/el-chiqui-se-va-a-la-mejor-acampada-en-arevalo\\\/\",\"url\":\"https:\\\/\\\/salesianosmaux.es\\\/centrojuvenil\\\/2024\\\/02\\\/27\\\/el-chiqui-se-va-a-la-mejor-acampada-en-arevalo\\\/\",\"name\":\"\u00a1EL CHIQUI SE VA A LA MEJOR ACAMPADA EN \u00c1REVALO! - Centro Juvenil Mar\u00eda Auxiliadora\",\"isPartOf\":{\"@id\":\"https:\\\/\\\/salesianosmaux.es\\\/centrojuvenil\\\/#website\"},\"primaryImageOfPage\":{\"@id\":\"https:\\\/\\\/salesianosmaux.es\\\/centrojuvenil\\\/2024\\\/02\\\/27\\\/el-chiqui-se-va-a-la-mejor-acampada-en-arevalo\\\/#primaryimage\"},\"image\":{\"@id\":\"https:\\\/\\\/salesianosmaux.es\\\/centrojuvenil\\\/2024\\\/02\\\/27\\\/el-chiqui-se-va-a-la-mejor-acampada-en-arevalo\\\/#primaryimage\"},\"thumbnailUrl\":\"https:\\\/\\\/salesianosmaux.es\\\/centrojuvenil\\\/wp-content\\\/uploads\\\/sites\\\/6\\\/2024\\\/02\\\/ACAMPADA-1.jpg\",\"datePublished\":\"2024-02-27T22:23:40+00:00\",\"author\":{\"@id\":\"https:\\\/\\\/salesianosmaux.es\\\/centrojuvenil\\\/#\\\/schema\\\/person\\\/2907e7467414eb7c582683323229cfa0\"},\"breadcrumb\":{\"@id\":\"https:\\\/\\\/salesianosmaux.es\\\/centrojuvenil\\\/2024\\\/02\\\/27\\\/el-chiqui-se-va-a-la-mejor-acampada-en-arevalo\\\/#breadcrumb\"},\"inLanguage\":\"es\",\"potentialAction\":[{\"@type\":\"ReadAction\",\"target\":[\"https:\\\/\\\/salesianosmaux.es\\\/centrojuvenil\\\/2024\\\/02\\\/27\\\/el-chiqui-se-va-a-la-mejor-acampada-en-arevalo\\\/\"]}]},{\"@type\":\"ImageObject\",\"inLanguage\":\"es\",\"@id\":\"https:\\\/\\\/salesianosmaux.es\\\/centrojuvenil\\\/2024\\\/02\\\/27\\\/el-chiqui-se-va-a-la-mejor-acampada-en-arevalo\\\/#primaryimage\",\"url\":\"https:\\\/\\\/salesianosmaux.es\\\/centrojuvenil\\\/wp-content\\\/uploads\\\/sites\\\/6\\\/2024\\\/02\\\/ACAMPADA-1.jpg\",\"contentUrl\":\"https:\\\/\\\/salesianosmaux.es\\\/centrojuvenil\\\/wp-content\\\/uploads\\\/sites\\\/6\\\/2024\\\/02\\\/ACAMPADA-1.jpg\",\"width\":1080,\"height\":1080},{\"@type\":\"BreadcrumbList\",\"@id\":\"https:\\\/\\\/salesianosmaux.es\\\/centrojuvenil\\\/2024\\\/02\\\/27\\\/el-chiqui-se-va-a-la-mejor-acampada-en-arevalo\\\/#breadcrumb\",\"itemListElement\":[{\"@type\":\"ListItem\",\"position\":1,\"name\":\"Portada\",\"item\":\"https:\\\/\\\/salesianosmaux.es\\\/centrojuvenil\\\/\"},{\"@type\":\"ListItem\",\"position\":2,\"name\":\"\u00a1EL CHIQUI SE VA A LA MEJOR ACAMPADA EN \u00c1REVALO!\"}]},{\"@type\":\"WebSite\",\"@id\":\"https:\\\/\\\/salesianosmaux.es\\\/centrojuvenil\\\/#website\",\"url\":\"https:\\\/\\\/salesianosmaux.es\\\/centrojuvenil\\\/\",\"name\":\"Centro Juvenil Mar\u00eda Auxiliadora\",\"description\":\"\",\"potentialAction\":[{\"@type\":\"SearchAction\",\"target\":{\"@type\":\"EntryPoint\",\"urlTemplate\":\"https:\\\/\\\/salesianosmaux.es\\\/centrojuvenil\\\/?s={search_term_string}\"},\"query-input\":{\"@type\":\"PropertyValueSpecification\",\"valueRequired\":true,\"valueName\":\"search_term_string\"}}],\"inLanguage\":\"es\"},{\"@type\":\"Person\",\"@id\":\"https:\\\/\\\/salesianosmaux.es\\\/centrojuvenil\\\/#\\\/schema\\\/person\\\/2907e7467414eb7c582683323229cfa0\",\"name\":\"centrojuvenil\",\"image\":{\"@type\":\"ImageObject\",\"inLanguage\":\"es\",\"@id\":\"https:\\\/\\\/secure.gravatar.com\\\/avatar\\\/0969b94997d48dd955926fff0eedb1687ec9fd00294a727f82de75614d1751d2?s=96&d=mm&r=g\",\"url\":\"https:\\\/\\\/secure.gravatar.com\\\/avatar\\\/0969b94997d48dd955926fff0eedb1687ec9fd00294a727f82de75614d1751d2?s=96&d=mm&r=g\",\"contentUrl\":\"https:\\\/\\\/secure.gravatar.com\\\/avatar\\\/0969b94997d48dd955926fff0eedb1687ec9fd00294a727f82de75614d1751d2?s=96&d=mm&r=g\",\"caption\":\"centrojuvenil\"},\"url\":\"https:\\\/\\\/salesianosmaux.es\\\/centrojuvenil\\\/author\\\/centrojuvenil\\\/\"}]}<\/script>\n<!-- \/ Yoast SEO plugin. -->","yoast_head_json":{"title":"\u00a1EL CHIQUI SE VA A LA MEJOR ACAMPADA EN \u00c1REVALO! - Centro Juvenil Mar\u00eda Auxiliadora","robots":{"index":"index","follow":"follow","max-snippet":"max-snippet:-1","max-image-preview":"max-image-preview:large","max-video-preview":"max-video-preview:-1"},"canonical":"https:\/\/salesianosmaux.es\/centrojuvenil\/2024\/02\/27\/el-chiqui-se-va-a-la-mejor-acampada-en-arevalo\/","og_locale":"es_ES","og_type":"article","og_title":"\u00a1EL CHIQUI SE VA A LA MEJOR ACAMPADA EN \u00c1REVALO! - Centro Juvenil Mar\u00eda Auxiliadora","og_description":"Queridas Familias del Chiquicentro:  Nos ponemos en contacto con ustedes para presentarles \u00a1LA GRAN ESPERADA ACAMPADA DEL CHIQUICENTRO! Como siempre queremos ofrecer a nuestros chicos una alternativa divertida, sana y educativa. El lugar donde se realizar\u00e1 la acampada ser\u00e1 en el Colegio Salesiano de Ar\u00e9valo (\u00c1vila). Esta actividad tendr\u00e1 lugar los d\u00edas s\u00e1bado 16 de marzo hasta el domingo 17 de marzo. En la acampada haremos distintas actividades pas\u00e1ndolo a lo grande.","og_url":"https:\/\/salesianosmaux.es\/centrojuvenil\/2024\/02\/27\/el-chiqui-se-va-a-la-mejor-acampada-en-arevalo\/","og_site_name":"Centro Juvenil Mar\u00eda Auxiliadora","article_published_time":"2024-02-27T22:23:40+00:00","og_image":[{"width":1080,"height":1080,"url":"https:\/\/salesianosmaux.es\/centrojuvenil\/wp-content\/uploads\/sites\/6\/2024\/02\/ACAMPADA-1.jpg","type":"image\/jpeg"}],"author":"centrojuvenil","twitter_card":"summary_large_image","twitter_misc":{"Escrito por":"centrojuvenil","Tiempo de lectura":"1 minuto"},"schema":{"@context":"https:\/\/schema.org","@graph":[{"@type":"Article","@id":"https:\/\/salesianosmaux.es\/centrojuvenil\/2024\/02\/27\/el-chiqui-se-va-a-la-mejor-acampada-en-arevalo\/#article","isPartOf":{"@id":"https:\/\/salesianosmaux.es\/centrojuvenil\/2024\/02\/27\/el-chiqui-se-va-a-la-mejor-acampada-en-arevalo\/"},"author":{"name":"centrojuvenil","@id":"https:\/\/salesianosmaux.es\/centrojuvenil\/#\/schema\/person\/2907e7467414eb7c582683323229cfa0"},"headline":"\u00a1EL CHIQUI SE VA A LA MEJOR ACAMPADA EN \u00c1REVALO!","datePublished":"2024-02-27T22:23:40+00:00","mainEntityOfPage":{"@id":"https:\/\/salesianosmaux.es\/centrojuvenil\/2024\/02\/27\/el-chiqui-se-va-a-la-mejor-acampada-en-arevalo\/"},"wordCount":566,"commentCount":0,"image":{"@id":"https:\/\/salesianosmaux.es\/centrojuvenil\/2024\/02\/27\/el-chiqui-se-va-a-la-mejor-acampada-en-arevalo\/#primaryimage"},"thumbnailUrl":"https:\/\/salesianosmaux.es\/centrojuvenil\/wp-content\/uploads\/sites\/6\/2024\/02\/ACAMPADA-1.jpg","articleSection":["Centro Juvenil","Chiqui Actividades","Chiqui Noticias","Chiquicentro"],"inLanguage":"es","potentialAction":[{"@type":"CommentAction","name":"Comment","target":["https:\/\/salesianosmaux.es\/centrojuvenil\/2024\/02\/27\/el-chiqui-se-va-a-la-mejor-acampada-en-arevalo\/#respond"]}]},{"@type":"WebPage","@id":"https:\/\/salesianosmaux.es\/centrojuvenil\/2024\/02\/27\/el-chiqui-se-va-a-la-mejor-acampada-en-arevalo\/","url":"https:\/\/salesianosmaux.es\/centrojuvenil\/2024\/02\/27\/el-chiqui-se-va-a-la-mejor-acampada-en-arevalo\/","name":"\u00a1EL CHIQUI SE VA A LA MEJOR ACAMPADA EN \u00c1REVALO! - Centro Juvenil Mar\u00eda Auxiliadora","isPartOf":{"@id":"https:\/\/salesianosmaux.es\/centrojuvenil\/#website"},"primaryImageOfPage":{"@id":"https:\/\/salesianosmaux.es\/centrojuvenil\/2024\/02\/27\/el-chiqui-se-va-a-la-mejor-acampada-en-arevalo\/#primaryimage"},"image":{"@id":"https:\/\/salesianosmaux.es\/centrojuvenil\/2024\/02\/27\/el-chiqui-se-va-a-la-mejor-acampada-en-arevalo\/#primaryimage"},"thumbnailUrl":"https:\/\/salesianosmaux.es\/centrojuvenil\/wp-content\/uploads\/sites\/6\/2024\/02\/ACAMPADA-1.jpg","datePublished":"2024-02-27T22:23:40+00:00","author":{"@id":"https:\/\/salesianosmaux.es\/centrojuvenil\/#\/schema\/person\/2907e7467414eb7c582683323229cfa0"},"breadcrumb":{"@id":"https:\/\/salesianosmaux.es\/centrojuvenil\/2024\/02\/27\/el-chiqui-se-va-a-la-mejor-acampada-en-arevalo\/#breadcrumb"},"inLanguage":"es","potentialAction":[{"@type":"ReadAction","target":["https:\/\/salesianosmaux.es\/centrojuvenil\/2024\/02\/27\/el-chiqui-se-va-a-la-mejor-acampada-en-arevalo\/"]}]},{"@type":"ImageObject","inLanguage":"es","@id":"https:\/\/salesianosmaux.es\/centrojuvenil\/2024\/02\/27\/el-chiqui-se-va-a-la-mejor-acampada-en-arevalo\/#primaryimage","url":"https:\/\/salesianosmaux.es\/centrojuvenil\/wp-content\/uploads\/sites\/6\/2024\/02\/ACAMPADA-1.jpg","contentUrl":"https:\/\/salesianosmaux.es\/centrojuvenil\/wp-content\/uploads\/sites\/6\/2024\/02\/ACAMPADA-1.jpg","width":1080,"height":1080},{"@type":"BreadcrumbList","@id":"https:\/\/salesianosmaux.es\/centrojuvenil\/2024\/02\/27\/el-chiqui-se-va-a-la-mejor-acampada-en-arevalo\/#breadcrumb","itemListElement":[{"@type":"ListItem","position":1,"name":"Portada","item":"https:\/\/salesianosmaux.es\/centrojuvenil\/"},{"@type":"ListItem","position":2,"name":"\u00a1EL CHIQUI SE VA A LA MEJOR ACAMPADA EN \u00c1REVALO!"}]},{"@type":"WebSite","@id":"https:\/\/salesianosmaux.es\/centrojuvenil\/#website","url":"https:\/\/salesianosmaux.es\/centrojuvenil\/","name":"Centro Juvenil Mar\u00eda Auxiliadora","description":"","potentialAction":[{"@type":"SearchAction","target":{"@type":"EntryPoint","urlTemplate":"https:\/\/salesianosmaux.es\/centrojuvenil\/?s={search_term_string}"},"query-input":{"@type":"PropertyValueSpecification","valueRequired":true,"valueName":"search_term_string"}}],"inLanguage":"es"},{"@type":"Person","@id":"https:\/\/salesianosmaux.es\/centrojuvenil\/#\/schema\/person\/2907e7467414eb7c582683323229cfa0","name":"centrojuvenil","image":{"@type":"ImageObject","inLanguage":"es","@id":"https:\/\/secure.gravatar.com\/avatar\/0969b94997d48dd955926fff0eedb1687ec9fd00294a727f82de75614d1751d2?s=96&d=mm&r=g","url":"https:\/\/secure.gravatar.com\/avatar\/0969b94997d48dd955926fff0eedb1687ec9fd00294a727f82de75614d1751d2?s=96&d=mm&r=g","contentUrl":"https:\/\/secure.gravatar.com\/avatar\/0969b94997d48dd955926fff0eedb1687ec9fd00294a727f82de75614d1751d2?s=96&d=mm&r=g","caption":"centrojuvenil"},"url":"https:\/\/salesianosmaux.es\/centrojuvenil\/author\/centrojuvenil\/"}]}},"_links":{"self":[{"href":"https:\/\/salesianosmaux.es\/centrojuvenil\/wp-json\/wp\/v2\/posts\/1251","targetHints":{"allow":["GET"]}}],"collection":[{"href":"https:\/\/salesianosmaux.es\/centrojuvenil\/wp-json\/wp\/v2\/posts"}],"about":[{"href":"https:\/\/salesianosmaux.es\/centrojuvenil\/wp-json\/wp\/v2\/types\/post"}],"author":[{"embeddable":true,"href":"https:\/\/salesianosmaux.es\/centrojuvenil\/wp-json\/wp\/v2\/users\/4"}],"replies":[{"embeddable":true,"href":"https:\/\/salesianosmaux.es\/centrojuvenil\/wp-json\/wp\/v2\/comments?post=1251"}],"version-history":[{"count":2,"href":"https:\/\/salesianosmaux.es\/centrojuvenil\/wp-json\/wp\/v2\/posts\/1251\/revisions"}],"predecessor-version":[{"id":1255,"href":"https:\/\/salesianosmaux.es\/centrojuvenil\/wp-json\/wp\/v2\/posts\/1251\/revisions\/1255"}],"wp:featuredmedia":[{"embeddable":true,"href":"https:\/\/salesianosmaux.es\/centrojuvenil\/wp-json\/wp\/v2\/media\/1252"}],"wp:attachment":[{"href":"https:\/\/salesianosmaux.es\/centrojuvenil\/wp-json\/wp\/v2\/media?parent=1251"}],"wp:term":[{"taxonomy":"category","embeddable":true,"href":"https:\/\/salesianosmaux.es\/centrojuvenil\/wp-json\/wp\/v2\/categories?post=1251"},{"taxonomy":"post_tag","embeddable":true,"href":"https:\/\/salesianosmaux.es\/centrojuvenil\/wp-json\/wp\/v2\/tags?post=1251"}],"curies":[{"name":"wp","href":"https:\/\/api.w.org\/{rel}","templated":true}]}}