{"id":1297,"date":"2024-04-04T13:09:07","date_gmt":"2024-04-04T13:09:07","guid":{"rendered":"https:\/\/salesianosmaux.es\/centrojuvenil\/?p=1297"},"modified":"2024-04-04T13:09:07","modified_gmt":"2024-04-04T13:09:07","slug":"avisos-chiqui-toda-la-informacion-sobre-abril","status":"publish","type":"post","link":"https:\/\/salesianosmaux.es\/centrojuvenil\/2024\/04\/04\/avisos-chiqui-toda-la-informacion-sobre-abril\/","title":{"rendered":"AVISOS CHIQUI: TODA LA INFORMACI\u00d3N SOBRE ABRIL"},"content":{"rendered":"<p>[et_pb_section fb_built=\u00bb1&#8243; theme_builder_area=\u00bbpost_content\u00bb _builder_version=\u00bb4.24.3&#8243; _module_preset=\u00bbdefault\u00bb][et_pb_row _builder_version=\u00bb4.24.3&#8243; _module_preset=\u00bbdefault\u00bb theme_builder_area=\u00bbpost_content\u00bb][et_pb_column _builder_version=\u00bb4.24.3&#8243; _module_preset=\u00bbdefault\u00bb type=\u00bb4_4&#8243; theme_builder_area=\u00bbpost_content\u00bb][et_pb_text _builder_version=\u00bb4.24.3&#8243; _module_preset=\u00bbdefault\u00bb theme_builder_area=\u00bbpost_content\u00bb hover_enabled=\u00bb0&#8243; sticky_enabled=\u00bb0&#8243;]<\/p>\n<p>\u00a1Buenos d\u00edas familias del Chiqui!<\/p>\n<p>&nbsp;<\/p>\n<p>Nos ponemos en contacto con vosotros para recordaros que <strong>estamos de vuelta este s\u00e1bado 6 de abril<\/strong> con muchas ganas y a tope de energ\u00eda para este tercer trimestre.<\/p>\n<p>&nbsp;<\/p>\n<p><strong>Van a ser unos meses con actividades geniales y muchas sorpresas que nos esperan para terminar este gran curso a vuestro lado. <\/strong><\/p>\n<p>&nbsp;<\/p>\n<p>Aprovechamos tambi\u00e9n para informaros de que pr\u00f3ximamente avisaremos si el <strong>s\u00e1bado 20 abrimos o cerramos por el puente escolar y el s\u00e1bado 27 de abril no habr\u00e1 Chiqui<\/strong> con actividad ya que cerramos, debido a la representaci\u00f3n del Musical del Chiqui. Os dejamos un <strong>cartel informativo<\/strong> por si quer\u00e9is adquirir las entradas del mismo, y disfrutar viendo el trabajo de estos meses.<\/p>\n<p>&nbsp;<\/p>\n<p>Y queremos resaltar que <strong>os animamos<\/strong> a todas las familias a asistir a la <strong>reuni\u00f3n informativa sobre el Campamento de este verano<\/strong> (jueves 11 a las 20:00 h). Venid y ver\u00e9is la <strong>gran ilusi\u00f3n<\/strong> con la que estamos preparando el campa para vuestros hijos e hijas, adem\u00e1s de que es una <strong>experiencia \u00fanica e irrepetible<\/strong> donde lo pasen a lo grande.<\/p>\n<p>&nbsp;<\/p>\n<p>&nbsp;<\/p>\n<p>Un saludo y estamos a vuestra disposici\u00f3n,<\/p>\n<p>&nbsp;<\/p>\n<p><em>El equipo de animadores del Chiquicentro<\/em><\/p>\n<p>[\/et_pb_text][\/et_pb_column][\/et_pb_row][et_pb_row _builder_version=\u00bb4.24.3&#8243; _module_preset=\u00bbdefault\u00bb column_structure=\u00bb1_2,1_2&#8243; theme_builder_area=\u00bbpost_content\u00bb][et_pb_column _builder_version=\u00bb4.24.3&#8243; _module_preset=\u00bbdefault\u00bb type=\u00bb1_2&#8243; theme_builder_area=\u00bbpost_content\u00bb][et_pb_image src=\u00bbhttps:\/\/salesianosmaux.es\/centrojuvenil\/wp-content\/uploads\/sites\/6\/2024\/04\/CARTEL-MUSICAL.jpg\u00bb _builder_version=\u00bb4.24.3&#8243; _module_preset=\u00bbdefault\u00bb theme_builder_area=\u00bbpost_content\u00bb title_text=\u00bbCARTEL MUSICAL\u00bb hover_enabled=\u00bb0&#8243; sticky_enabled=\u00bb0&#8243;][\/et_pb_image][\/et_pb_column][et_pb_column _builder_version=\u00bb4.24.3&#8243; _module_preset=\u00bbdefault\u00bb type=\u00bb1_2&#8243; theme_builder_area=\u00bbpost_content\u00bb][et_pb_image src=\u00bbhttps:\/\/salesianosmaux.es\/centrojuvenil\/wp-content\/uploads\/sites\/6\/2024\/04\/REUNION-DE-PADRES.jpg\u00bb _builder_version=\u00bb4.24.3&#8243; _module_preset=\u00bbdefault\u00bb theme_builder_area=\u00bbpost_content\u00bb title_text=\u00bbREUNIO\u0301N DE PADRES\u00bb hover_enabled=\u00bb0&#8243; sticky_enabled=\u00bb0&#8243;][\/et_pb_image][\/et_pb_column][\/et_pb_row][\/et_pb_section]<\/p>\n","protected":false},"excerpt":{"rendered":"<p>\u00a1Buenos d\u00edas familias del Chiqui!<\/p>\n<p>Nos podemos en contacto con vosotros para recordaros que estamos de vuelta este s\u00e1bado 6 de abril con muchas ganas y a tope de energ\u00eda para este tercer trimestre. <\/p>\n<p>Van a ser unos meses con actividades geniales y muchas sorpresas que nos esperan para terminar este gran curso a vuestro lado. <\/p>\n<p>Aprovechamos tambi\u00e9n para informaros de que el s\u00e1bado 27 de abril no habr\u00e1 Chiqui con actividad ya que cerramos, debido a representaci\u00f3n del Musical del Chiqui. Os dejamos un cartel informativo por si quer\u00e9is adquirir las entradas del mismo, y disfrutar viendo el trabajo de estos meses.<\/p>\n<p>Y queremos resaltar que os animamos a todas las familias a asistir a la reuni\u00f3n informativa sobre el Campamento de este verano (jueves 11 a las 20:00 h). Venid y ver\u00e9is la gran ilusi\u00f3n con la que estamos preparando el campa para vuestros hijos e hijas, adem\u00e1s de que es una experiencia \u00fanica e irrepetible donde lo pasen a lo grande.<\/p>\n<p>Un saludo y estamos a vuestra disposici\u00f3n, <\/p>\n<p>El equipo de animadores del Chiquicentro<\/p>\n","protected":false},"author":4,"featured_media":1298,"comment_status":"open","ping_status":"open","sticky":false,"template":"","format":"standard","meta":{"_et_pb_use_builder":"on","_et_pb_old_content":"","_et_gb_content_width":"","footnotes":""},"categories":[41,29,30,1],"tags":[],"class_list":["post-1297","post","type-post","status-publish","format-standard","has-post-thumbnail","hentry","category-centro-juvenil-2","category-chiquicentro-actividades","category-chiquicentro-noticias","category-chiquicentro"],"yoast_head":"<!-- This site is optimized with the Yoast SEO plugin v28.3 - https:\/\/yoast.com\/product\/yoast-seo-wordpress\/ -->\n<title>AVISOS CHIQUI: TODA LA INFORMACI\u00d3N SOBRE ABRIL - Centro Juvenil Mar\u00eda Auxiliadora<\/title>\n<meta name=\"robots\" content=\"index, follow, max-snippet:-1, max-image-preview:large, max-video-preview:-1\" \/>\n<link rel=\"canonical\" href=\"https:\/\/salesianosmaux.es\/centrojuvenil\/2024\/04\/04\/avisos-chiqui-toda-la-informacion-sobre-abril\/\" \/>\n<meta property=\"og:locale\" content=\"es_ES\" \/>\n<meta property=\"og:type\" content=\"article\" \/>\n<meta property=\"og:title\" content=\"AVISOS CHIQUI: TODA LA INFORMACI\u00d3N SOBRE ABRIL - Centro Juvenil Mar\u00eda Auxiliadora\" \/>\n<meta property=\"og:description\" content=\"\u00a1Buenos d\u00edas familias del Chiqui! Nos podemos en contacto con vosotros para recordaros que estamos de vuelta este s\u00e1bado 6 de abril con muchas ganas y a tope de energ\u00eda para este tercer trimestre.  Van a ser unos meses con actividades geniales y muchas sorpresas que nos esperan para terminar este gran curso a vuestro lado.  Aprovechamos tambi\u00e9n para informaros de que el s\u00e1bado 27 de abril no habr\u00e1 Chiqui con actividad ya que cerramos, debido a representaci\u00f3n del Musical del Chiqui. Os dejamos un cartel informativo por si quer\u00e9is adquirir las entradas del mismo, y disfrutar viendo el trabajo de estos meses. Y queremos resaltar que os animamos a todas las familias a asistir a la reuni\u00f3n informativa sobre el Campamento de este verano (jueves 11 a las 20:00 h). Venid y ver\u00e9is la gran ilusi\u00f3n con la que estamos preparando el campa para vuestros hijos e hijas, adem\u00e1s de que es una experiencia \u00fanica e irrepetible donde lo pasen a lo grande.  Un saludo y estamos a vuestra disposici\u00f3n,  El equipo de animadores del Chiquicentro\" \/>\n<meta property=\"og:url\" content=\"https:\/\/salesianosmaux.es\/centrojuvenil\/2024\/04\/04\/avisos-chiqui-toda-la-informacion-sobre-abril\/\" \/>\n<meta property=\"og:site_name\" content=\"Centro Juvenil Mar\u00eda Auxiliadora\" \/>\n<meta property=\"article:published_time\" content=\"2024-04-04T13:09:07+00:00\" \/>\n<meta property=\"og:image\" content=\"https:\/\/salesianosmaux.es\/centrojuvenil\/wp-content\/uploads\/sites\/6\/2024\/04\/ABRI.jpg\" \/>\n\t<meta property=\"og:image:width\" content=\"2000\" \/>\n\t<meta property=\"og:image:height\" content=\"1414\" \/>\n\t<meta property=\"og:image:type\" content=\"image\/jpeg\" \/>\n<meta name=\"author\" content=\"centrojuvenil\" \/>\n<meta name=\"twitter:card\" content=\"summary_large_image\" \/>\n<meta name=\"twitter:label1\" content=\"Escrito por\" \/>\n\t<meta name=\"twitter:data1\" content=\"centrojuvenil\" \/>\n\t<meta name=\"twitter:label2\" content=\"Tiempo de lectura\" \/>\n\t<meta name=\"twitter:data2\" content=\"1 minuto\" \/>\n<script type=\"application\/ld+json\" class=\"yoast-schema-graph\">{\"@context\":\"https:\\\/\\\/schema.org\",\"@graph\":[{\"@type\":\"Article\",\"@id\":\"https:\\\/\\\/salesianosmaux.es\\\/centrojuvenil\\\/2024\\\/04\\\/04\\\/avisos-chiqui-toda-la-informacion-sobre-abril\\\/#article\",\"isPartOf\":{\"@id\":\"https:\\\/\\\/salesianosmaux.es\\\/centrojuvenil\\\/2024\\\/04\\\/04\\\/avisos-chiqui-toda-la-informacion-sobre-abril\\\/\"},\"author\":{\"name\":\"centrojuvenil\",\"@id\":\"https:\\\/\\\/salesianosmaux.es\\\/centrojuvenil\\\/#\\\/schema\\\/person\\\/2907e7467414eb7c582683323229cfa0\"},\"headline\":\"AVISOS CHIQUI: TODA LA INFORMACI\u00d3N SOBRE ABRIL\",\"datePublished\":\"2024-04-04T13:09:07+00:00\",\"mainEntityOfPage\":{\"@id\":\"https:\\\/\\\/salesianosmaux.es\\\/centrojuvenil\\\/2024\\\/04\\\/04\\\/avisos-chiqui-toda-la-informacion-sobre-abril\\\/\"},\"wordCount\":409,\"commentCount\":0,\"image\":{\"@id\":\"https:\\\/\\\/salesianosmaux.es\\\/centrojuvenil\\\/2024\\\/04\\\/04\\\/avisos-chiqui-toda-la-informacion-sobre-abril\\\/#primaryimage\"},\"thumbnailUrl\":\"https:\\\/\\\/salesianosmaux.es\\\/centrojuvenil\\\/wp-content\\\/uploads\\\/sites\\\/6\\\/2024\\\/04\\\/ABRI.jpg\",\"articleSection\":[\"Centro Juvenil\",\"Chiqui Actividades\",\"Chiqui Noticias\",\"Chiquicentro\"],\"inLanguage\":\"es\",\"potentialAction\":[{\"@type\":\"CommentAction\",\"name\":\"Comment\",\"target\":[\"https:\\\/\\\/salesianosmaux.es\\\/centrojuvenil\\\/2024\\\/04\\\/04\\\/avisos-chiqui-toda-la-informacion-sobre-abril\\\/#respond\"]}]},{\"@type\":\"WebPage\",\"@id\":\"https:\\\/\\\/salesianosmaux.es\\\/centrojuvenil\\\/2024\\\/04\\\/04\\\/avisos-chiqui-toda-la-informacion-sobre-abril\\\/\",\"url\":\"https:\\\/\\\/salesianosmaux.es\\\/centrojuvenil\\\/2024\\\/04\\\/04\\\/avisos-chiqui-toda-la-informacion-sobre-abril\\\/\",\"name\":\"AVISOS CHIQUI: TODA LA INFORMACI\u00d3N SOBRE ABRIL - Centro Juvenil Mar\u00eda Auxiliadora\",\"isPartOf\":{\"@id\":\"https:\\\/\\\/salesianosmaux.es\\\/centrojuvenil\\\/#website\"},\"primaryImageOfPage\":{\"@id\":\"https:\\\/\\\/salesianosmaux.es\\\/centrojuvenil\\\/2024\\\/04\\\/04\\\/avisos-chiqui-toda-la-informacion-sobre-abril\\\/#primaryimage\"},\"image\":{\"@id\":\"https:\\\/\\\/salesianosmaux.es\\\/centrojuvenil\\\/2024\\\/04\\\/04\\\/avisos-chiqui-toda-la-informacion-sobre-abril\\\/#primaryimage\"},\"thumbnailUrl\":\"https:\\\/\\\/salesianosmaux.es\\\/centrojuvenil\\\/wp-content\\\/uploads\\\/sites\\\/6\\\/2024\\\/04\\\/ABRI.jpg\",\"datePublished\":\"2024-04-04T13:09:07+00:00\",\"author\":{\"@id\":\"https:\\\/\\\/salesianosmaux.es\\\/centrojuvenil\\\/#\\\/schema\\\/person\\\/2907e7467414eb7c582683323229cfa0\"},\"breadcrumb\":{\"@id\":\"https:\\\/\\\/salesianosmaux.es\\\/centrojuvenil\\\/2024\\\/04\\\/04\\\/avisos-chiqui-toda-la-informacion-sobre-abril\\\/#breadcrumb\"},\"inLanguage\":\"es\",\"potentialAction\":[{\"@type\":\"ReadAction\",\"target\":[\"https:\\\/\\\/salesianosmaux.es\\\/centrojuvenil\\\/2024\\\/04\\\/04\\\/avisos-chiqui-toda-la-informacion-sobre-abril\\\/\"]}]},{\"@type\":\"ImageObject\",\"inLanguage\":\"es\",\"@id\":\"https:\\\/\\\/salesianosmaux.es\\\/centrojuvenil\\\/2024\\\/04\\\/04\\\/avisos-chiqui-toda-la-informacion-sobre-abril\\\/#primaryimage\",\"url\":\"https:\\\/\\\/salesianosmaux.es\\\/centrojuvenil\\\/wp-content\\\/uploads\\\/sites\\\/6\\\/2024\\\/04\\\/ABRI.jpg\",\"contentUrl\":\"https:\\\/\\\/salesianosmaux.es\\\/centrojuvenil\\\/wp-content\\\/uploads\\\/sites\\\/6\\\/2024\\\/04\\\/ABRI.jpg\",\"width\":2000,\"height\":1414},{\"@type\":\"BreadcrumbList\",\"@id\":\"https:\\\/\\\/salesianosmaux.es\\\/centrojuvenil\\\/2024\\\/04\\\/04\\\/avisos-chiqui-toda-la-informacion-sobre-abril\\\/#breadcrumb\",\"itemListElement\":[{\"@type\":\"ListItem\",\"position\":1,\"name\":\"Portada\",\"item\":\"https:\\\/\\\/salesianosmaux.es\\\/centrojuvenil\\\/\"},{\"@type\":\"ListItem\",\"position\":2,\"name\":\"AVISOS CHIQUI: TODA LA INFORMACI\u00d3N SOBRE ABRIL\"}]},{\"@type\":\"WebSite\",\"@id\":\"https:\\\/\\\/salesianosmaux.es\\\/centrojuvenil\\\/#website\",\"url\":\"https:\\\/\\\/salesianosmaux.es\\\/centrojuvenil\\\/\",\"name\":\"Centro Juvenil Mar\u00eda Auxiliadora\",\"description\":\"\",\"potentialAction\":[{\"@type\":\"SearchAction\",\"target\":{\"@type\":\"EntryPoint\",\"urlTemplate\":\"https:\\\/\\\/salesianosmaux.es\\\/centrojuvenil\\\/?s={search_term_string}\"},\"query-input\":{\"@type\":\"PropertyValueSpecification\",\"valueRequired\":true,\"valueName\":\"search_term_string\"}}],\"inLanguage\":\"es\"},{\"@type\":\"Person\",\"@id\":\"https:\\\/\\\/salesianosmaux.es\\\/centrojuvenil\\\/#\\\/schema\\\/person\\\/2907e7467414eb7c582683323229cfa0\",\"name\":\"centrojuvenil\",\"image\":{\"@type\":\"ImageObject\",\"inLanguage\":\"es\",\"@id\":\"https:\\\/\\\/secure.gravatar.com\\\/avatar\\\/0969b94997d48dd955926fff0eedb1687ec9fd00294a727f82de75614d1751d2?s=96&d=mm&r=g\",\"url\":\"https:\\\/\\\/secure.gravatar.com\\\/avatar\\\/0969b94997d48dd955926fff0eedb1687ec9fd00294a727f82de75614d1751d2?s=96&d=mm&r=g\",\"contentUrl\":\"https:\\\/\\\/secure.gravatar.com\\\/avatar\\\/0969b94997d48dd955926fff0eedb1687ec9fd00294a727f82de75614d1751d2?s=96&d=mm&r=g\",\"caption\":\"centrojuvenil\"},\"url\":\"https:\\\/\\\/salesianosmaux.es\\\/centrojuvenil\\\/author\\\/centrojuvenil\\\/\"}]}<\/script>\n<!-- \/ Yoast SEO plugin. -->","yoast_head_json":{"title":"AVISOS CHIQUI: TODA LA INFORMACI\u00d3N SOBRE ABRIL - Centro Juvenil Mar\u00eda Auxiliadora","robots":{"index":"index","follow":"follow","max-snippet":"max-snippet:-1","max-image-preview":"max-image-preview:large","max-video-preview":"max-video-preview:-1"},"canonical":"https:\/\/salesianosmaux.es\/centrojuvenil\/2024\/04\/04\/avisos-chiqui-toda-la-informacion-sobre-abril\/","og_locale":"es_ES","og_type":"article","og_title":"AVISOS CHIQUI: TODA LA INFORMACI\u00d3N SOBRE ABRIL - Centro Juvenil Mar\u00eda Auxiliadora","og_description":"\u00a1Buenos d\u00edas familias del Chiqui! Nos podemos en contacto con vosotros para recordaros que estamos de vuelta este s\u00e1bado 6 de abril con muchas ganas y a tope de energ\u00eda para este tercer trimestre.  Van a ser unos meses con actividades geniales y muchas sorpresas que nos esperan para terminar este gran curso a vuestro lado.  Aprovechamos tambi\u00e9n para informaros de que el s\u00e1bado 27 de abril no habr\u00e1 Chiqui con actividad ya que cerramos, debido a representaci\u00f3n del Musical del Chiqui. Os dejamos un cartel informativo por si quer\u00e9is adquirir las entradas del mismo, y disfrutar viendo el trabajo de estos meses. Y queremos resaltar que os animamos a todas las familias a asistir a la reuni\u00f3n informativa sobre el Campamento de este verano (jueves 11 a las 20:00 h). Venid y ver\u00e9is la gran ilusi\u00f3n con la que estamos preparando el campa para vuestros hijos e hijas, adem\u00e1s de que es una experiencia \u00fanica e irrepetible donde lo pasen a lo grande.  Un saludo y estamos a vuestra disposici\u00f3n,  El equipo de animadores del Chiquicentro","og_url":"https:\/\/salesianosmaux.es\/centrojuvenil\/2024\/04\/04\/avisos-chiqui-toda-la-informacion-sobre-abril\/","og_site_name":"Centro Juvenil Mar\u00eda Auxiliadora","article_published_time":"2024-04-04T13:09:07+00:00","og_image":[{"width":2000,"height":1414,"url":"https:\/\/salesianosmaux.es\/centrojuvenil\/wp-content\/uploads\/sites\/6\/2024\/04\/ABRI.jpg","type":"image\/jpeg"}],"author":"centrojuvenil","twitter_card":"summary_large_image","twitter_misc":{"Escrito por":"centrojuvenil","Tiempo de lectura":"1 minuto"},"schema":{"@context":"https:\/\/schema.org","@graph":[{"@type":"Article","@id":"https:\/\/salesianosmaux.es\/centrojuvenil\/2024\/04\/04\/avisos-chiqui-toda-la-informacion-sobre-abril\/#article","isPartOf":{"@id":"https:\/\/salesianosmaux.es\/centrojuvenil\/2024\/04\/04\/avisos-chiqui-toda-la-informacion-sobre-abril\/"},"author":{"name":"centrojuvenil","@id":"https:\/\/salesianosmaux.es\/centrojuvenil\/#\/schema\/person\/2907e7467414eb7c582683323229cfa0"},"headline":"AVISOS CHIQUI: TODA LA INFORMACI\u00d3N SOBRE ABRIL","datePublished":"2024-04-04T13:09:07+00:00","mainEntityOfPage":{"@id":"https:\/\/salesianosmaux.es\/centrojuvenil\/2024\/04\/04\/avisos-chiqui-toda-la-informacion-sobre-abril\/"},"wordCount":409,"commentCount":0,"image":{"@id":"https:\/\/salesianosmaux.es\/centrojuvenil\/2024\/04\/04\/avisos-chiqui-toda-la-informacion-sobre-abril\/#primaryimage"},"thumbnailUrl":"https:\/\/salesianosmaux.es\/centrojuvenil\/wp-content\/uploads\/sites\/6\/2024\/04\/ABRI.jpg","articleSection":["Centro Juvenil","Chiqui Actividades","Chiqui Noticias","Chiquicentro"],"inLanguage":"es","potentialAction":[{"@type":"CommentAction","name":"Comment","target":["https:\/\/salesianosmaux.es\/centrojuvenil\/2024\/04\/04\/avisos-chiqui-toda-la-informacion-sobre-abril\/#respond"]}]},{"@type":"WebPage","@id":"https:\/\/salesianosmaux.es\/centrojuvenil\/2024\/04\/04\/avisos-chiqui-toda-la-informacion-sobre-abril\/","url":"https:\/\/salesianosmaux.es\/centrojuvenil\/2024\/04\/04\/avisos-chiqui-toda-la-informacion-sobre-abril\/","name":"AVISOS CHIQUI: TODA LA INFORMACI\u00d3N SOBRE ABRIL - Centro Juvenil Mar\u00eda Auxiliadora","isPartOf":{"@id":"https:\/\/salesianosmaux.es\/centrojuvenil\/#website"},"primaryImageOfPage":{"@id":"https:\/\/salesianosmaux.es\/centrojuvenil\/2024\/04\/04\/avisos-chiqui-toda-la-informacion-sobre-abril\/#primaryimage"},"image":{"@id":"https:\/\/salesianosmaux.es\/centrojuvenil\/2024\/04\/04\/avisos-chiqui-toda-la-informacion-sobre-abril\/#primaryimage"},"thumbnailUrl":"https:\/\/salesianosmaux.es\/centrojuvenil\/wp-content\/uploads\/sites\/6\/2024\/04\/ABRI.jpg","datePublished":"2024-04-04T13:09:07+00:00","author":{"@id":"https:\/\/salesianosmaux.es\/centrojuvenil\/#\/schema\/person\/2907e7467414eb7c582683323229cfa0"},"breadcrumb":{"@id":"https:\/\/salesianosmaux.es\/centrojuvenil\/2024\/04\/04\/avisos-chiqui-toda-la-informacion-sobre-abril\/#breadcrumb"},"inLanguage":"es","potentialAction":[{"@type":"ReadAction","target":["https:\/\/salesianosmaux.es\/centrojuvenil\/2024\/04\/04\/avisos-chiqui-toda-la-informacion-sobre-abril\/"]}]},{"@type":"ImageObject","inLanguage":"es","@id":"https:\/\/salesianosmaux.es\/centrojuvenil\/2024\/04\/04\/avisos-chiqui-toda-la-informacion-sobre-abril\/#primaryimage","url":"https:\/\/salesianosmaux.es\/centrojuvenil\/wp-content\/uploads\/sites\/6\/2024\/04\/ABRI.jpg","contentUrl":"https:\/\/salesianosmaux.es\/centrojuvenil\/wp-content\/uploads\/sites\/6\/2024\/04\/ABRI.jpg","width":2000,"height":1414},{"@type":"BreadcrumbList","@id":"https:\/\/salesianosmaux.es\/centrojuvenil\/2024\/04\/04\/avisos-chiqui-toda-la-informacion-sobre-abril\/#breadcrumb","itemListElement":[{"@type":"ListItem","position":1,"name":"Portada","item":"https:\/\/salesianosmaux.es\/centrojuvenil\/"},{"@type":"ListItem","position":2,"name":"AVISOS CHIQUI: TODA LA INFORMACI\u00d3N SOBRE ABRIL"}]},{"@type":"WebSite","@id":"https:\/\/salesianosmaux.es\/centrojuvenil\/#website","url":"https:\/\/salesianosmaux.es\/centrojuvenil\/","name":"Centro Juvenil Mar\u00eda Auxiliadora","description":"","potentialAction":[{"@type":"SearchAction","target":{"@type":"EntryPoint","urlTemplate":"https:\/\/salesianosmaux.es\/centrojuvenil\/?s={search_term_string}"},"query-input":{"@type":"PropertyValueSpecification","valueRequired":true,"valueName":"search_term_string"}}],"inLanguage":"es"},{"@type":"Person","@id":"https:\/\/salesianosmaux.es\/centrojuvenil\/#\/schema\/person\/2907e7467414eb7c582683323229cfa0","name":"centrojuvenil","image":{"@type":"ImageObject","inLanguage":"es","@id":"https:\/\/secure.gravatar.com\/avatar\/0969b94997d48dd955926fff0eedb1687ec9fd00294a727f82de75614d1751d2?s=96&d=mm&r=g","url":"https:\/\/secure.gravatar.com\/avatar\/0969b94997d48dd955926fff0eedb1687ec9fd00294a727f82de75614d1751d2?s=96&d=mm&r=g","contentUrl":"https:\/\/secure.gravatar.com\/avatar\/0969b94997d48dd955926fff0eedb1687ec9fd00294a727f82de75614d1751d2?s=96&d=mm&r=g","caption":"centrojuvenil"},"url":"https:\/\/salesianosmaux.es\/centrojuvenil\/author\/centrojuvenil\/"}]}},"_links":{"self":[{"href":"https:\/\/salesianosmaux.es\/centrojuvenil\/wp-json\/wp\/v2\/posts\/1297","targetHints":{"allow":["GET"]}}],"collection":[{"href":"https:\/\/salesianosmaux.es\/centrojuvenil\/wp-json\/wp\/v2\/posts"}],"about":[{"href":"https:\/\/salesianosmaux.es\/centrojuvenil\/wp-json\/wp\/v2\/types\/post"}],"author":[{"embeddable":true,"href":"https:\/\/salesianosmaux.es\/centrojuvenil\/wp-json\/wp\/v2\/users\/4"}],"replies":[{"embeddable":true,"href":"https:\/\/salesianosmaux.es\/centrojuvenil\/wp-json\/wp\/v2\/comments?post=1297"}],"version-history":[{"count":2,"href":"https:\/\/salesianosmaux.es\/centrojuvenil\/wp-json\/wp\/v2\/posts\/1297\/revisions"}],"predecessor-version":[{"id":1303,"href":"https:\/\/salesianosmaux.es\/centrojuvenil\/wp-json\/wp\/v2\/posts\/1297\/revisions\/1303"}],"wp:featuredmedia":[{"embeddable":true,"href":"https:\/\/salesianosmaux.es\/centrojuvenil\/wp-json\/wp\/v2\/media\/1298"}],"wp:attachment":[{"href":"https:\/\/salesianosmaux.es\/centrojuvenil\/wp-json\/wp\/v2\/media?parent=1297"}],"wp:term":[{"taxonomy":"category","embeddable":true,"href":"https:\/\/salesianosmaux.es\/centrojuvenil\/wp-json\/wp\/v2\/categories?post=1297"},{"taxonomy":"post_tag","embeddable":true,"href":"https:\/\/salesianosmaux.es\/centrojuvenil\/wp-json\/wp\/v2\/tags?post=1297"}],"curies":[{"name":"wp","href":"https:\/\/api.w.org\/{rel}","templated":true}]}}