{"id":1315,"date":"2024-04-17T11:25:05","date_gmt":"2024-04-17T11:25:05","guid":{"rendered":"https:\/\/salesianosmaux.es\/centrojuvenil\/?p=1315"},"modified":"2024-04-17T11:25:05","modified_gmt":"2024-04-17T11:25:05","slug":"informacion-campamento-chiqui-y-ga","status":"publish","type":"post","link":"https:\/\/salesianosmaux.es\/centrojuvenil\/2024\/04\/17\/informacion-campamento-chiqui-y-ga\/","title":{"rendered":"Informaci\u00f3n CAMPAMENTO CHIQUI Y GA"},"content":{"rendered":"<p>[et_pb_section fb_built=\u00bb1&#8243; theme_builder_area=\u00bbpost_content\u00bb _builder_version=\u00bb4.24.3&#8243; _module_preset=\u00bbdefault\u00bb][et_pb_row _builder_version=\u00bb4.24.3&#8243; _module_preset=\u00bbdefault\u00bb theme_builder_area=\u00bbpost_content\u00bb][et_pb_column _builder_version=\u00bb4.24.3&#8243; _module_preset=\u00bbdefault\u00bb type=\u00bb4_4&#8243; theme_builder_area=\u00bbpost_content\u00bb][et_pb_text _builder_version=\u00bb4.24.3&#8243; _module_preset=\u00bbdefault\u00bb theme_builder_area=\u00bbpost_content\u00bb hover_enabled=\u00bb0&#8243; sticky_enabled=\u00bb0&#8243;]<\/p>\n<p>Buenos d\u00edas familias del Chiqui y del Ga:<\/p>\n<p>&nbsp;<\/p>\n<p>Tras la reuni\u00f3n del pasado jueves 11, nos ponemos en contacto con vosotros para dejaros <strong>toda la informaci\u00f3n respecto al Campamento CHIGA 2024<\/strong>. Como podr\u00e9is ver en el <span style=\"text-decoration: underline\"><em>PowerPoint<\/em><\/span> que os facilitamos os presentamos el lugar, las fechas, las instalaciones, datos de inter\u00e9s sobre alguna de las actividades que vamos a hacer, cuestiones econ\u00f3micas\u2026 Tambi\u00e9n, os dejamos un <em><span style=\"text-decoration: underline\">v\u00eddeo<\/span><\/em> donde podr\u00e9is apreciar: \u00a1la maravilla de lugar donde vamos a pasar el mejor campamento de la historia!<\/p>\n<p>&nbsp;<\/p>\n<p>Adem\u00e1s, os recordamos que en este campamento contamos de <strong>plazas limitadas<\/strong>, 100 plazas en total y que contamos con un gran n\u00famero de animadores donde van a estar al tanto en todo momento de los ni\u00f1os y ni\u00f1as.<\/p>\n<p>&nbsp;<\/p>\n<p>El <strong>coste<\/strong> del campamento es de <strong>360 euros para socios<\/strong>, 375 para no socios. Y si tienen hermanos que vayan a ir a este mismo campamento o al de la Sj el coste ser\u00e1 de 345 euros.<\/p>\n<p>&nbsp;<\/p>\n<p>Para apuntarte al campamento es necesario rellenar y entregar <strong>una preinscripci\u00f3n<\/strong> (adjuntada en esta noticia) <strong>los d\u00edas 8 y 9 de mayo a las 20:00h en el Centro Juvenil<\/strong>. Con la entrega de la preinscripci\u00f3n habr\u00e1 que abonar el importe de 50 euros, los cuales ser\u00e1n descontados del importe total del campamento. Es importante tener en cuenta una serie de criterios para la entrega de la preinscripci\u00f3n: tendr\u00e1n prioridad los socios, el orden de entrega de la preinscripci\u00f3n de los socios, los hermanos de los socios, y los no socios por orden de entrega de la preinscripci\u00f3n.<\/p>\n<p>&nbsp;<\/p>\n<p>Para formalizar esta inscripci\u00f3n y facilitarnos m\u00e1s datos de inter\u00e9s, os iremos avisando por la web y redes, pero todo ello despu\u00e9s de la preinscripci\u00f3n que previamente os hemos contado.<\/p>\n<p>&nbsp;<\/p>\n<p>&nbsp;<\/p>\n<p>Tras contaros toda esta informaci\u00f3n, queremos animaros a todos a que vuestros hijos e hijas vengan a este campamento. De verdad que ser\u00e1 el mejor campamento de la historia y ellos lo disfrutar\u00e1n cada d\u00eda. Os animamos a que no dej\u00e9is escapar esta ocasi\u00f3n y que no pens\u00e9is en que otro a\u00f1o ser\u00e1 porque esta oportunidad es \u00a1irrepetible y \u00fanica! Son d\u00edas en los que pasan volando y el disfrute es continuo.<\/p>\n<p>&nbsp;<\/p>\n<p>Quedamos a vuestra disposici\u00f3n ante cualquier necesidad en el correo:<\/p>\n<p><a href=\"mailto:cjmaux@gmail.com\">cjmaux@gmail.com<\/a><\/p>\n<p>&nbsp;<\/p>\n<p>&nbsp;<\/p>\n<p><em>Un saludo el equipo de animadores del Campamento CHIGA <\/em><\/p>\n<p>[\/et_pb_text][\/et_pb_column][\/et_pb_row][et_pb_row _builder_version=\u00bb4.24.3&#8243; _module_preset=\u00bbdefault\u00bb column_structure=\u00bb1_3,1_3,1_3&#8243; theme_builder_area=\u00bbpost_content\u00bb][et_pb_column _builder_version=\u00bb4.24.3&#8243; _module_preset=\u00bbdefault\u00bb type=\u00bb1_3&#8243; theme_builder_area=\u00bbpost_content\u00bb][et_pb_blurb title=\u00bbPREINSCRIPCI\u00d3N CAMPAMENTO CHIGA \u00b424 &#8211; entregar en los d\u00edas se\u00f1alados\u00bb _builder_version=\u00bb4.24.3&#8243; _module_preset=\u00bbdefault\u00bb theme_builder_area=\u00bbpost_content\u00bb use_icon=\u00bbon\u00bb font_icon=\u00bb&#xf1c1;||fa||900&#8243; url=\u00bbhttps:\/\/drive.google.com\/file\/d\/1eIAJ-afXhapB1qmitNMiiJIZ69k3lL_I\/view?usp=drive_link\u00bb url_new_window=\u00bbon\u00bb link_option_url=\u00bbhttps:\/\/drive.google.com\/file\/d\/1eIAJ-afXhapB1qmitNMiiJIZ69k3lL_I\/view?usp=drive_link\u00bb link_option_url_new_window=\u00bbon\u00bb hover_enabled=\u00bb0&#8243; sticky_enabled=\u00bb0&#8243;][\/et_pb_blurb][\/et_pb_column][et_pb_column _builder_version=\u00bb4.24.3&#8243; _module_preset=\u00bbdefault\u00bb type=\u00bb1_3&#8243; theme_builder_area=\u00bbpost_content\u00bb][et_pb_blurb title=\u00bbPower Point con toda la informaci\u00f3n sobre el Campamento\u00bb _builder_version=\u00bb4.24.3&#8243; _module_preset=\u00bbdefault\u00bb theme_builder_area=\u00bbpost_content\u00bb use_icon=\u00bbon\u00bb font_icon=\u00bb&#xf15c;||fa||400&#8243; url=\u00bbhttps:\/\/drive.google.com\/file\/d\/119U7W4ndhoqAsEy4Yh89qNuCo4jc7ELX\/view?usp=drive_link\u00bb url_new_window=\u00bbon\u00bb link_option_url=\u00bbhttps:\/\/drive.google.com\/file\/d\/119U7W4ndhoqAsEy4Yh89qNuCo4jc7ELX\/view?usp=drive_link\u00bb link_option_url_new_window=\u00bbon\u00bb hover_enabled=\u00bb0&#8243; sticky_enabled=\u00bb0&#8243;][\/et_pb_blurb][\/et_pb_column][et_pb_column _builder_version=\u00bb4.24.3&#8243; _module_preset=\u00bbdefault\u00bb type=\u00bb1_3&#8243; theme_builder_area=\u00bbpost_content\u00bb][et_pb_blurb title=\u00bbV\u00eddeo Campamento\u00bb _builder_version=\u00bb4.24.3&#8243; _module_preset=\u00bbdefault\u00bb theme_builder_area=\u00bbpost_content\u00bb use_icon=\u00bbon\u00bb font_icon=\u00bb&#xe0a3;||divi||400&#8243; url=\u00bbhttps:\/\/drive.google.com\/file\/d\/15GvWGdPwD6Q_SVtja8UAfVG6A5x0JheJ\/view?usp=drive_link\u00bb url_new_window=\u00bbon\u00bb link_option_url=\u00bbhttps:\/\/drive.google.com\/file\/d\/15GvWGdPwD6Q_SVtja8UAfVG6A5x0JheJ\/view?usp=drive_link\u00bb link_option_url_new_window=\u00bbon\u00bb hover_enabled=\u00bb0&#8243; sticky_enabled=\u00bb0&#8243;][\/et_pb_blurb][\/et_pb_column][\/et_pb_row][\/et_pb_section]<\/p>\n","protected":false},"excerpt":{"rendered":"<p>Buenos d\u00edas familias del Chiqui y del Ga:<\/p>\n<p>Tras la reuni\u00f3n del pasado jueves 11, nos ponemos en contacto con vosotros para dejaros toda la informaci\u00f3n respecto al Campamento CHIGA 2024. <\/p>\n","protected":false},"author":4,"featured_media":1316,"comment_status":"open","ping_status":"open","sticky":false,"template":"","format":"standard","meta":{"_et_pb_use_builder":"on","_et_pb_old_content":"","_et_gb_content_width":"","footnotes":""},"categories":[41,29,30,1,33,34,10],"tags":[],"class_list":["post-1315","post","type-post","status-publish","format-standard","has-post-thumbnail","hentry","category-centro-juvenil-2","category-chiquicentro-actividades","category-chiquicentro-noticias","category-chiquicentro","category-ga-actividades","category-ga-noticias","category-grupo-amigos"],"yoast_head":"<!-- This site is optimized with the Yoast SEO plugin v28.3 - https:\/\/yoast.com\/product\/yoast-seo-wordpress\/ -->\n<title>Informaci\u00f3n CAMPAMENTO CHIQUI Y GA - Centro Juvenil Mar\u00eda Auxiliadora<\/title>\n<meta name=\"robots\" content=\"index, follow, max-snippet:-1, max-image-preview:large, max-video-preview:-1\" \/>\n<link rel=\"canonical\" href=\"https:\/\/salesianosmaux.es\/centrojuvenil\/2024\/04\/17\/informacion-campamento-chiqui-y-ga\/\" \/>\n<meta property=\"og:locale\" content=\"es_ES\" \/>\n<meta property=\"og:type\" content=\"article\" \/>\n<meta property=\"og:title\" content=\"Informaci\u00f3n CAMPAMENTO CHIQUI Y GA - Centro Juvenil Mar\u00eda Auxiliadora\" \/>\n<meta property=\"og:description\" content=\"Buenos d\u00edas familias del Chiqui y del Ga: Tras la reuni\u00f3n del pasado jueves 11, nos ponemos en contacto con vosotros para dejaros toda la informaci\u00f3n respecto al Campamento CHIGA 2024.\" \/>\n<meta property=\"og:url\" content=\"https:\/\/salesianosmaux.es\/centrojuvenil\/2024\/04\/17\/informacion-campamento-chiqui-y-ga\/\" \/>\n<meta property=\"og:site_name\" content=\"Centro Juvenil Mar\u00eda Auxiliadora\" \/>\n<meta property=\"article:published_time\" content=\"2024-04-17T11:25:05+00:00\" \/>\n<meta property=\"og:image\" content=\"https:\/\/salesianosmaux.es\/centrojuvenil\/wp-content\/uploads\/sites\/6\/2024\/04\/CAMPA-CHIGA.jpg\" \/>\n\t<meta property=\"og:image:width\" content=\"1080\" \/>\n\t<meta property=\"og:image:height\" content=\"1080\" \/>\n\t<meta property=\"og:image:type\" content=\"image\/jpeg\" \/>\n<meta name=\"author\" content=\"centrojuvenil\" \/>\n<meta name=\"twitter:card\" content=\"summary_large_image\" \/>\n<meta name=\"twitter:label1\" content=\"Escrito por\" \/>\n\t<meta name=\"twitter:data1\" content=\"centrojuvenil\" \/>\n\t<meta name=\"twitter:label2\" content=\"Tiempo de lectura\" \/>\n\t<meta name=\"twitter:data2\" content=\"1 minuto\" \/>\n<script type=\"application\/ld+json\" class=\"yoast-schema-graph\">{\"@context\":\"https:\\\/\\\/schema.org\",\"@graph\":[{\"@type\":\"Article\",\"@id\":\"https:\\\/\\\/salesianosmaux.es\\\/centrojuvenil\\\/2024\\\/04\\\/17\\\/informacion-campamento-chiqui-y-ga\\\/#article\",\"isPartOf\":{\"@id\":\"https:\\\/\\\/salesianosmaux.es\\\/centrojuvenil\\\/2024\\\/04\\\/17\\\/informacion-campamento-chiqui-y-ga\\\/\"},\"author\":{\"name\":\"centrojuvenil\",\"@id\":\"https:\\\/\\\/salesianosmaux.es\\\/centrojuvenil\\\/#\\\/schema\\\/person\\\/2907e7467414eb7c582683323229cfa0\"},\"headline\":\"Informaci\u00f3n CAMPAMENTO CHIQUI Y GA\",\"datePublished\":\"2024-04-17T11:25:05+00:00\",\"mainEntityOfPage\":{\"@id\":\"https:\\\/\\\/salesianosmaux.es\\\/centrojuvenil\\\/2024\\\/04\\\/17\\\/informacion-campamento-chiqui-y-ga\\\/\"},\"wordCount\":814,\"commentCount\":0,\"image\":{\"@id\":\"https:\\\/\\\/salesianosmaux.es\\\/centrojuvenil\\\/2024\\\/04\\\/17\\\/informacion-campamento-chiqui-y-ga\\\/#primaryimage\"},\"thumbnailUrl\":\"https:\\\/\\\/salesianosmaux.es\\\/centrojuvenil\\\/wp-content\\\/uploads\\\/sites\\\/6\\\/2024\\\/04\\\/CAMPA-CHIGA.jpg\",\"articleSection\":[\"Centro Juvenil\",\"Chiqui Actividades\",\"Chiqui Noticias\",\"Chiquicentro\",\"GA Actividades\",\"GA Noticias\",\"Grupo Amigos\"],\"inLanguage\":\"es\",\"potentialAction\":[{\"@type\":\"CommentAction\",\"name\":\"Comment\",\"target\":[\"https:\\\/\\\/salesianosmaux.es\\\/centrojuvenil\\\/2024\\\/04\\\/17\\\/informacion-campamento-chiqui-y-ga\\\/#respond\"]}]},{\"@type\":\"WebPage\",\"@id\":\"https:\\\/\\\/salesianosmaux.es\\\/centrojuvenil\\\/2024\\\/04\\\/17\\\/informacion-campamento-chiqui-y-ga\\\/\",\"url\":\"https:\\\/\\\/salesianosmaux.es\\\/centrojuvenil\\\/2024\\\/04\\\/17\\\/informacion-campamento-chiqui-y-ga\\\/\",\"name\":\"Informaci\u00f3n CAMPAMENTO CHIQUI Y GA - Centro Juvenil Mar\u00eda Auxiliadora\",\"isPartOf\":{\"@id\":\"https:\\\/\\\/salesianosmaux.es\\\/centrojuvenil\\\/#website\"},\"primaryImageOfPage\":{\"@id\":\"https:\\\/\\\/salesianosmaux.es\\\/centrojuvenil\\\/2024\\\/04\\\/17\\\/informacion-campamento-chiqui-y-ga\\\/#primaryimage\"},\"image\":{\"@id\":\"https:\\\/\\\/salesianosmaux.es\\\/centrojuvenil\\\/2024\\\/04\\\/17\\\/informacion-campamento-chiqui-y-ga\\\/#primaryimage\"},\"thumbnailUrl\":\"https:\\\/\\\/salesianosmaux.es\\\/centrojuvenil\\\/wp-content\\\/uploads\\\/sites\\\/6\\\/2024\\\/04\\\/CAMPA-CHIGA.jpg\",\"datePublished\":\"2024-04-17T11:25:05+00:00\",\"author\":{\"@id\":\"https:\\\/\\\/salesianosmaux.es\\\/centrojuvenil\\\/#\\\/schema\\\/person\\\/2907e7467414eb7c582683323229cfa0\"},\"breadcrumb\":{\"@id\":\"https:\\\/\\\/salesianosmaux.es\\\/centrojuvenil\\\/2024\\\/04\\\/17\\\/informacion-campamento-chiqui-y-ga\\\/#breadcrumb\"},\"inLanguage\":\"es\",\"potentialAction\":[{\"@type\":\"ReadAction\",\"target\":[\"https:\\\/\\\/salesianosmaux.es\\\/centrojuvenil\\\/2024\\\/04\\\/17\\\/informacion-campamento-chiqui-y-ga\\\/\"]}]},{\"@type\":\"ImageObject\",\"inLanguage\":\"es\",\"@id\":\"https:\\\/\\\/salesianosmaux.es\\\/centrojuvenil\\\/2024\\\/04\\\/17\\\/informacion-campamento-chiqui-y-ga\\\/#primaryimage\",\"url\":\"https:\\\/\\\/salesianosmaux.es\\\/centrojuvenil\\\/wp-content\\\/uploads\\\/sites\\\/6\\\/2024\\\/04\\\/CAMPA-CHIGA.jpg\",\"contentUrl\":\"https:\\\/\\\/salesianosmaux.es\\\/centrojuvenil\\\/wp-content\\\/uploads\\\/sites\\\/6\\\/2024\\\/04\\\/CAMPA-CHIGA.jpg\",\"width\":1080,\"height\":1080},{\"@type\":\"BreadcrumbList\",\"@id\":\"https:\\\/\\\/salesianosmaux.es\\\/centrojuvenil\\\/2024\\\/04\\\/17\\\/informacion-campamento-chiqui-y-ga\\\/#breadcrumb\",\"itemListElement\":[{\"@type\":\"ListItem\",\"position\":1,\"name\":\"Portada\",\"item\":\"https:\\\/\\\/salesianosmaux.es\\\/centrojuvenil\\\/\"},{\"@type\":\"ListItem\",\"position\":2,\"name\":\"Informaci\u00f3n CAMPAMENTO CHIQUI Y GA\"}]},{\"@type\":\"WebSite\",\"@id\":\"https:\\\/\\\/salesianosmaux.es\\\/centrojuvenil\\\/#website\",\"url\":\"https:\\\/\\\/salesianosmaux.es\\\/centrojuvenil\\\/\",\"name\":\"Centro Juvenil Mar\u00eda Auxiliadora\",\"description\":\"\",\"potentialAction\":[{\"@type\":\"SearchAction\",\"target\":{\"@type\":\"EntryPoint\",\"urlTemplate\":\"https:\\\/\\\/salesianosmaux.es\\\/centrojuvenil\\\/?s={search_term_string}\"},\"query-input\":{\"@type\":\"PropertyValueSpecification\",\"valueRequired\":true,\"valueName\":\"search_term_string\"}}],\"inLanguage\":\"es\"},{\"@type\":\"Person\",\"@id\":\"https:\\\/\\\/salesianosmaux.es\\\/centrojuvenil\\\/#\\\/schema\\\/person\\\/2907e7467414eb7c582683323229cfa0\",\"name\":\"centrojuvenil\",\"image\":{\"@type\":\"ImageObject\",\"inLanguage\":\"es\",\"@id\":\"https:\\\/\\\/secure.gravatar.com\\\/avatar\\\/0969b94997d48dd955926fff0eedb1687ec9fd00294a727f82de75614d1751d2?s=96&d=mm&r=g\",\"url\":\"https:\\\/\\\/secure.gravatar.com\\\/avatar\\\/0969b94997d48dd955926fff0eedb1687ec9fd00294a727f82de75614d1751d2?s=96&d=mm&r=g\",\"contentUrl\":\"https:\\\/\\\/secure.gravatar.com\\\/avatar\\\/0969b94997d48dd955926fff0eedb1687ec9fd00294a727f82de75614d1751d2?s=96&d=mm&r=g\",\"caption\":\"centrojuvenil\"},\"url\":\"https:\\\/\\\/salesianosmaux.es\\\/centrojuvenil\\\/author\\\/centrojuvenil\\\/\"}]}<\/script>\n<!-- \/ Yoast SEO plugin. -->","yoast_head_json":{"title":"Informaci\u00f3n CAMPAMENTO CHIQUI Y GA - Centro Juvenil Mar\u00eda Auxiliadora","robots":{"index":"index","follow":"follow","max-snippet":"max-snippet:-1","max-image-preview":"max-image-preview:large","max-video-preview":"max-video-preview:-1"},"canonical":"https:\/\/salesianosmaux.es\/centrojuvenil\/2024\/04\/17\/informacion-campamento-chiqui-y-ga\/","og_locale":"es_ES","og_type":"article","og_title":"Informaci\u00f3n CAMPAMENTO CHIQUI Y GA - Centro Juvenil Mar\u00eda Auxiliadora","og_description":"Buenos d\u00edas familias del Chiqui y del Ga: Tras la reuni\u00f3n del pasado jueves 11, nos ponemos en contacto con vosotros para dejaros toda la informaci\u00f3n respecto al Campamento CHIGA 2024.","og_url":"https:\/\/salesianosmaux.es\/centrojuvenil\/2024\/04\/17\/informacion-campamento-chiqui-y-ga\/","og_site_name":"Centro Juvenil Mar\u00eda Auxiliadora","article_published_time":"2024-04-17T11:25:05+00:00","og_image":[{"width":1080,"height":1080,"url":"https:\/\/salesianosmaux.es\/centrojuvenil\/wp-content\/uploads\/sites\/6\/2024\/04\/CAMPA-CHIGA.jpg","type":"image\/jpeg"}],"author":"centrojuvenil","twitter_card":"summary_large_image","twitter_misc":{"Escrito por":"centrojuvenil","Tiempo de lectura":"1 minuto"},"schema":{"@context":"https:\/\/schema.org","@graph":[{"@type":"Article","@id":"https:\/\/salesianosmaux.es\/centrojuvenil\/2024\/04\/17\/informacion-campamento-chiqui-y-ga\/#article","isPartOf":{"@id":"https:\/\/salesianosmaux.es\/centrojuvenil\/2024\/04\/17\/informacion-campamento-chiqui-y-ga\/"},"author":{"name":"centrojuvenil","@id":"https:\/\/salesianosmaux.es\/centrojuvenil\/#\/schema\/person\/2907e7467414eb7c582683323229cfa0"},"headline":"Informaci\u00f3n CAMPAMENTO CHIQUI Y GA","datePublished":"2024-04-17T11:25:05+00:00","mainEntityOfPage":{"@id":"https:\/\/salesianosmaux.es\/centrojuvenil\/2024\/04\/17\/informacion-campamento-chiqui-y-ga\/"},"wordCount":814,"commentCount":0,"image":{"@id":"https:\/\/salesianosmaux.es\/centrojuvenil\/2024\/04\/17\/informacion-campamento-chiqui-y-ga\/#primaryimage"},"thumbnailUrl":"https:\/\/salesianosmaux.es\/centrojuvenil\/wp-content\/uploads\/sites\/6\/2024\/04\/CAMPA-CHIGA.jpg","articleSection":["Centro Juvenil","Chiqui Actividades","Chiqui Noticias","Chiquicentro","GA Actividades","GA Noticias","Grupo Amigos"],"inLanguage":"es","potentialAction":[{"@type":"CommentAction","name":"Comment","target":["https:\/\/salesianosmaux.es\/centrojuvenil\/2024\/04\/17\/informacion-campamento-chiqui-y-ga\/#respond"]}]},{"@type":"WebPage","@id":"https:\/\/salesianosmaux.es\/centrojuvenil\/2024\/04\/17\/informacion-campamento-chiqui-y-ga\/","url":"https:\/\/salesianosmaux.es\/centrojuvenil\/2024\/04\/17\/informacion-campamento-chiqui-y-ga\/","name":"Informaci\u00f3n CAMPAMENTO CHIQUI Y GA - Centro Juvenil Mar\u00eda Auxiliadora","isPartOf":{"@id":"https:\/\/salesianosmaux.es\/centrojuvenil\/#website"},"primaryImageOfPage":{"@id":"https:\/\/salesianosmaux.es\/centrojuvenil\/2024\/04\/17\/informacion-campamento-chiqui-y-ga\/#primaryimage"},"image":{"@id":"https:\/\/salesianosmaux.es\/centrojuvenil\/2024\/04\/17\/informacion-campamento-chiqui-y-ga\/#primaryimage"},"thumbnailUrl":"https:\/\/salesianosmaux.es\/centrojuvenil\/wp-content\/uploads\/sites\/6\/2024\/04\/CAMPA-CHIGA.jpg","datePublished":"2024-04-17T11:25:05+00:00","author":{"@id":"https:\/\/salesianosmaux.es\/centrojuvenil\/#\/schema\/person\/2907e7467414eb7c582683323229cfa0"},"breadcrumb":{"@id":"https:\/\/salesianosmaux.es\/centrojuvenil\/2024\/04\/17\/informacion-campamento-chiqui-y-ga\/#breadcrumb"},"inLanguage":"es","potentialAction":[{"@type":"ReadAction","target":["https:\/\/salesianosmaux.es\/centrojuvenil\/2024\/04\/17\/informacion-campamento-chiqui-y-ga\/"]}]},{"@type":"ImageObject","inLanguage":"es","@id":"https:\/\/salesianosmaux.es\/centrojuvenil\/2024\/04\/17\/informacion-campamento-chiqui-y-ga\/#primaryimage","url":"https:\/\/salesianosmaux.es\/centrojuvenil\/wp-content\/uploads\/sites\/6\/2024\/04\/CAMPA-CHIGA.jpg","contentUrl":"https:\/\/salesianosmaux.es\/centrojuvenil\/wp-content\/uploads\/sites\/6\/2024\/04\/CAMPA-CHIGA.jpg","width":1080,"height":1080},{"@type":"BreadcrumbList","@id":"https:\/\/salesianosmaux.es\/centrojuvenil\/2024\/04\/17\/informacion-campamento-chiqui-y-ga\/#breadcrumb","itemListElement":[{"@type":"ListItem","position":1,"name":"Portada","item":"https:\/\/salesianosmaux.es\/centrojuvenil\/"},{"@type":"ListItem","position":2,"name":"Informaci\u00f3n CAMPAMENTO CHIQUI Y GA"}]},{"@type":"WebSite","@id":"https:\/\/salesianosmaux.es\/centrojuvenil\/#website","url":"https:\/\/salesianosmaux.es\/centrojuvenil\/","name":"Centro Juvenil Mar\u00eda Auxiliadora","description":"","potentialAction":[{"@type":"SearchAction","target":{"@type":"EntryPoint","urlTemplate":"https:\/\/salesianosmaux.es\/centrojuvenil\/?s={search_term_string}"},"query-input":{"@type":"PropertyValueSpecification","valueRequired":true,"valueName":"search_term_string"}}],"inLanguage":"es"},{"@type":"Person","@id":"https:\/\/salesianosmaux.es\/centrojuvenil\/#\/schema\/person\/2907e7467414eb7c582683323229cfa0","name":"centrojuvenil","image":{"@type":"ImageObject","inLanguage":"es","@id":"https:\/\/secure.gravatar.com\/avatar\/0969b94997d48dd955926fff0eedb1687ec9fd00294a727f82de75614d1751d2?s=96&d=mm&r=g","url":"https:\/\/secure.gravatar.com\/avatar\/0969b94997d48dd955926fff0eedb1687ec9fd00294a727f82de75614d1751d2?s=96&d=mm&r=g","contentUrl":"https:\/\/secure.gravatar.com\/avatar\/0969b94997d48dd955926fff0eedb1687ec9fd00294a727f82de75614d1751d2?s=96&d=mm&r=g","caption":"centrojuvenil"},"url":"https:\/\/salesianosmaux.es\/centrojuvenil\/author\/centrojuvenil\/"}]}},"_links":{"self":[{"href":"https:\/\/salesianosmaux.es\/centrojuvenil\/wp-json\/wp\/v2\/posts\/1315","targetHints":{"allow":["GET"]}}],"collection":[{"href":"https:\/\/salesianosmaux.es\/centrojuvenil\/wp-json\/wp\/v2\/posts"}],"about":[{"href":"https:\/\/salesianosmaux.es\/centrojuvenil\/wp-json\/wp\/v2\/types\/post"}],"author":[{"embeddable":true,"href":"https:\/\/salesianosmaux.es\/centrojuvenil\/wp-json\/wp\/v2\/users\/4"}],"replies":[{"embeddable":true,"href":"https:\/\/salesianosmaux.es\/centrojuvenil\/wp-json\/wp\/v2\/comments?post=1315"}],"version-history":[{"count":2,"href":"https:\/\/salesianosmaux.es\/centrojuvenil\/wp-json\/wp\/v2\/posts\/1315\/revisions"}],"predecessor-version":[{"id":1319,"href":"https:\/\/salesianosmaux.es\/centrojuvenil\/wp-json\/wp\/v2\/posts\/1315\/revisions\/1319"}],"wp:featuredmedia":[{"embeddable":true,"href":"https:\/\/salesianosmaux.es\/centrojuvenil\/wp-json\/wp\/v2\/media\/1316"}],"wp:attachment":[{"href":"https:\/\/salesianosmaux.es\/centrojuvenil\/wp-json\/wp\/v2\/media?parent=1315"}],"wp:term":[{"taxonomy":"category","embeddable":true,"href":"https:\/\/salesianosmaux.es\/centrojuvenil\/wp-json\/wp\/v2\/categories?post=1315"},{"taxonomy":"post_tag","embeddable":true,"href":"https:\/\/salesianosmaux.es\/centrojuvenil\/wp-json\/wp\/v2\/tags?post=1315"}],"curies":[{"name":"wp","href":"https:\/\/api.w.org\/{rel}","templated":true}]}}