{"id":1321,"date":"2024-04-25T15:55:41","date_gmt":"2024-04-25T15:55:41","guid":{"rendered":"https:\/\/salesianosmaux.es\/centrojuvenil\/?p=1321"},"modified":"2024-04-25T18:04:27","modified_gmt":"2024-04-25T18:04:27","slug":"campa-sj","status":"publish","type":"post","link":"https:\/\/salesianosmaux.es\/centrojuvenil\/2024\/04\/25\/campa-sj\/","title":{"rendered":"Campa Secci\u00f3n"},"content":{"rendered":"<p>[et_pb_section fb_built=\u00bb1&#8243; _builder_version=\u00bb4.24.3&#8243; _module_preset=\u00bbdefault\u00bb global_colors_info=\u00bb{}\u00bb][et_pb_row _builder_version=\u00bb4.24.3&#8243; _module_preset=\u00bbdefault\u00bb global_colors_info=\u00bb{}\u00bb][et_pb_column type=\u00bb4_4&#8243; _builder_version=\u00bb4.24.3&#8243; _module_preset=\u00bbdefault\u00bb global_colors_info=\u00bb{}\u00bb][et_pb_text _builder_version=\u00bb4.24.3&#8243; _module_preset=\u00bbdefault\u00bb global_colors_info=\u00bb{}\u00bb]<\/p>\n<p><span>Queridas familias de la Secci\u00f3n Juvenil:<\/span><\/p>\n<p><span>Ya podemos decir que la actividad m\u00e1s especial de la Secci\u00f3n Juvenil est\u00e1 de vuelta:\u00a0<\/span><strong>CAMPAMENTO DE VERANO<\/strong><span>.<\/span><\/p>\n<p><span>(Toda la informaci\u00f3n dada en la reuni\u00f3n, instalaciones, datos de inter\u00e9s, actividades\u2026 se encuentra en el PowerPoint de este misma notica, leerlo con detalle)<\/span><\/p>\n<p><span>\u00a0<\/span><\/p>\n<p><span>Las\u00a0<\/span><span>fechas<\/span><span>\u00a0del campamento ser\u00e1n: del\u00a0<\/span><strong>14 al 27 de julio de 2024.<\/strong><\/p>\n<p><span>Lugar<\/span><span>:\u00a0<\/span><strong>Quintanar\u00a0de la Sierra<\/strong><span> (Burgos)<\/span><\/p>\n<p><span>Participantes<\/span><span>: de\u00a0<\/span><strong>3\u00baESO hasta 2\u00baBACH<\/strong><\/p>\n<p><span>Precio<\/span><span>: <\/span><strong>SOLO SOCIOS: <span style=\"color: #e02b20\">330\u20ac<\/span><\/strong><\/p>\n<p><span>\u00a0<\/span><\/p>\n<p><span>Todo chico\/a que <\/span><strong>tenga un hermano<\/strong><span> o m\u00e1s en cualquier secci\u00f3n<\/span><span> <\/span><strong>PAGAR\u00c1N 15\u20ac MENOS DEL TOTAL: <span style=\"color: #e02b20\">315\u20ac<\/span><\/strong><\/p>\n<p><span>Ahora bien, queremos detallaros muy bien la forma de inscribirse:<\/span><\/p>\n<p><span>\u00a0<\/span><\/p>\n<p><span>1.<\/span><span>\u00a0\u00a0\u00a0 <\/span><span>Rellena la inscripci\u00f3n de manera completa (<\/span><strong>DEBE ESTAR OBLIGATORIAMENTE IMPRESA A DOBLE CARA<\/strong><span>)<\/span><\/p>\n<p><strong>RECOGIDA INSDRIPCIONES:<\/strong><\/p>\n<p><span>&#8211;<\/span><span>\u00a0\u00a0\u00a0\u00a0\u00a0\u00a0 <\/span><strong>Martes 30<\/strong><span> abril de <\/span><span style=\"color: #e02b20\">19:30 a 20:30h <\/span><span>en el Cj<\/span><\/p>\n<p><span>&#8211;<\/span><span>\u00a0\u00a0\u00a0\u00a0\u00a0\u00a0 <\/span><strong>Jueves 2<\/strong><span> mayo de <\/span><span style=\"color: #e02b20\">19:30 a 20:30h <\/span><span>en el Cj<\/span><\/p>\n<p><span>\u00a0<\/span><\/p>\n<p><span>2.<\/span><span>\u00a0\u00a0\u00a0 <\/span><span>La inscripci\u00f3n se finaliza en cuanto efectu\u00e9is el pago<\/span><span>\u00a0de socios y, en la cuenta de\u00a0<\/span><strong>Banco Santander del CJ Maux <span style=\"color: #e02b20\">ES76 0049 5292 1129 1612 3552<\/span><\/strong><span>, indicando\u00a0<\/span><span>Nombre y apellidos del participante + Campamento Verano Secci\u00f3n Juvenil<\/span><span>.<\/span><\/p>\n<p><span>(Tambi\u00e9n existe la posibilidad de pagarlo de forma fraccionada, como pod\u00e9is ver en el PowerPoint que encontrar\u00e9is abajo del todo de esta misma noticia)<\/span><\/p>\n<p style=\"text-align: center\"><span style=\"font-size: large\">N\u00famero de chicos: <strong>70 PLAZAS<\/strong><\/span><\/p>\n<p><span style=\"color: #e02b20\"><strong>*IMPORTANTE*<\/strong><\/span><span> Cuando se llegue al tope, se comenzar\u00e1 lista de reserva (en caso de aumentar finalmente n\u00famero de plazas de chicos y\/o retirada de alg\u00fan chico\/a)<\/span><\/p>\n<p><strong>Muy importante<\/strong><span>: Preferencia <\/span><span style=\"color: #e02b20\"><strong>ORDEN DE INSCRIPCI\u00d3N y participaci\u00f3n ACTIVA y POSITIVA en el Centro Juvenil. SOLO SOCIOS.<\/strong><\/span><\/p>\n<p><span>\u00a0<\/span><\/p>\n<p><span>Se recoger\u00e1n las inscripciones\u00a0<\/span><span>\u00fanicamente<\/span><span>\u00a0<\/span><span>en los d\u00edas espec\u00edficos y de manera <\/span><span>PRESENCIAL<\/span><span>, (<\/span><span>no se admiten inscripciones por mail<\/span><span>).<\/span><\/p>\n<p style=\"text-align: center\"><strong>SOLO SE ADMITIR\u00c1 1 INSCRIPCI\u00d3N A ENTREGAR POR PERSONA<\/strong><\/p>\n<p><span>\u00danicamente se recoger\u00e1n en mano,\u00a0<\/span><span style=\"text-decoration: underline;color: #e02b20\"><strong>FECHA L\u00cdMITE DE INSCRIPCI\u00d3N 2 de junio de 2024.<\/strong><\/span><\/p>\n<p><span><br \/><\/span><span>El campamento de verano es una de las mejores experiencias que los chicos y chicas pueden llevar a cabo en el Centro Juvenil, no solo por la todas las actividades que se realizan, sino por todos los valores que se aprenden desde una experiencia creyente.<\/span><\/p>\n<p><span>Adem\u00e1s, el campamento de la Secci\u00f3n Juvenil se realiza con otros Centros Juveniles para potenciar la experiencia al m\u00e1ximo:\u00a0<\/span><span>Piza<\/span><span>\u00a0(Salamanca),\u00a0<\/span><span>PuertoBosco<\/span><span>\u00a0(Puertollano), Paseo de Extremadura (Madrid) y <\/span><span>Ar\u00e9valo<\/span><span> (\u00c1vila).<\/span><\/p>\n<p><span>\u00a0<\/span><\/p>\n<p><strong>Muy importante leer atentamente la inscripci\u00f3n, y rellenar TODOS los datos\u00a0que\u00a0se\u00a0piden. <span style=\"color: #e02b20\"><em>\u00a1NO SE RECOGER\u00c1N INSCRIPCIONES INCOMPLETAS!<\/em><\/span><\/strong><\/p>\n<p><span>\u00a0<\/span><\/p>\n<p><span>Por nuestra parte, esto es todo. Esperamos haberles sido de ayuda, y cualquier duda que les puedan ir surgiendo, estamos disponibles por el correo de la Secci\u00f3n Juvenil (<a href=\"mailto:seccionjuvenil.cjmaux@gmail.com\">seccionjuvenil.cjmaux@gmail.com<\/a>) y RR.SS.<\/span><\/p>\n<p><span>\u00a0<\/span><\/p>\n<p><span>Atentamente,<\/span><\/p>\n<p><span>El equipo de animadores de la Secci\u00f3n Juvenil.<\/span><\/p>\n<p><span>\u00a0<\/span><\/p>\n<p>[\/et_pb_text][et_pb_blurb title=\u00bbInscripci\u00f3n\u00bb url=\u00bbhttps:\/\/drive.google.com\/file\/d\/14hUCa_3jynO-LzluILxIUcPwKeaXq88-\/view?usp=drivesdk\u00bb use_icon=\u00bbon\u00bb font_icon=\u00bb&#xf1c1;||fa||400&#8243; _builder_version=\u00bb4.24.3&#8243; _module_preset=\u00bbdefault\u00bb global_colors_info=\u00bb{}\u00bb][\/et_pb_blurb][et_pb_blurb title=\u00bbPresentaci\u00f3n\u00bb url=\u00bbhttps:\/\/drive.google.com\/file\/d\/1p5YdFPizhfCHdnqmzA5V1nZQAcq8Ortv\/view?usp=drivesdk\u00bb use_icon=\u00bbon\u00bb font_icon=\u00bb&#x6c;||divi||400&#8243; _builder_version=\u00bb4.24.3&#8243; _module_preset=\u00bbdefault\u00bb global_colors_info=\u00bb{}\u00bb][\/et_pb_blurb][\/et_pb_column][\/et_pb_row][\/et_pb_section]<\/p>\n","protected":false},"excerpt":{"rendered":"<p>Queridas familias de la Secci\u00f3n Juvenil: Ya podemos decir que la actividad m\u00e1s especial de la Secci\u00f3n Juvenil est\u00e1 de vuelta:\u00a0CAMPAMENTO DE VERANO. (Toda la informaci\u00f3n dada en la reuni\u00f3n, instalaciones, datos de inter\u00e9s, actividades\u2026 se encuentra en el PowerPoint de este misma notica, leerlo con detalle) \u00a0 Las\u00a0fechas\u00a0del campamento ser\u00e1n: del\u00a014 al 27 de [&hellip;]<\/p>\n","protected":false},"author":4,"featured_media":1322,"comment_status":"open","ping_status":"open","sticky":false,"template":"","format":"standard","meta":{"_et_pb_use_builder":"on","_et_pb_old_content":"","_et_gb_content_width":"","footnotes":""},"categories":[41,11,35,36,37,9,38],"tags":[],"class_list":["post-1321","post","type-post","status-publish","format-standard","has-post-thumbnail","hentry","category-centro-juvenil-2","category-seccion-juvenil","category-sj-actividades","category-sj-noticias","category-actividades","category-centro-juvenil","category-noticias"],"yoast_head":"<!-- This site is optimized with the Yoast SEO plugin v28.3 - https:\/\/yoast.com\/product\/yoast-seo-wordpress\/ -->\n<title>Campa Secci\u00f3n - Centro Juvenil Mar\u00eda Auxiliadora<\/title>\n<meta name=\"robots\" content=\"index, follow, max-snippet:-1, max-image-preview:large, max-video-preview:-1\" \/>\n<link rel=\"canonical\" href=\"https:\/\/salesianosmaux.es\/centrojuvenil\/2024\/04\/25\/campa-sj\/\" \/>\n<meta property=\"og:locale\" content=\"es_ES\" \/>\n<meta property=\"og:type\" content=\"article\" \/>\n<meta property=\"og:title\" content=\"Campa Secci\u00f3n - Centro Juvenil Mar\u00eda Auxiliadora\" \/>\n<meta property=\"og:description\" content=\"Te puede interesar...\" \/>\n<meta property=\"og:url\" content=\"https:\/\/salesianosmaux.es\/centrojuvenil\/2024\/04\/25\/campa-sj\/\" \/>\n<meta property=\"og:site_name\" content=\"Centro Juvenil Mar\u00eda Auxiliadora\" \/>\n<meta property=\"article:published_time\" content=\"2024-04-25T15:55:41+00:00\" \/>\n<meta property=\"article:modified_time\" content=\"2024-04-25T18:04:27+00:00\" \/>\n<meta property=\"og:image\" content=\"https:\/\/salesianosmaux.es\/centrojuvenil\/wp-content\/uploads\/sites\/6\/2024\/04\/IMG_6625.jpeg\" \/>\n\t<meta property=\"og:image:width\" content=\"1080\" \/>\n\t<meta property=\"og:image:height\" content=\"566\" \/>\n\t<meta property=\"og:image:type\" content=\"image\/jpeg\" \/>\n<meta name=\"author\" content=\"centrojuvenil\" \/>\n<meta name=\"twitter:card\" content=\"summary_large_image\" \/>\n<meta name=\"twitter:label1\" content=\"Escrito por\" \/>\n\t<meta name=\"twitter:data1\" content=\"centrojuvenil\" \/>\n\t<meta name=\"twitter:label2\" content=\"Tiempo de lectura\" \/>\n\t<meta name=\"twitter:data2\" content=\"3 minutos\" \/>\n<script type=\"application\/ld+json\" class=\"yoast-schema-graph\">{\"@context\":\"https:\\\/\\\/schema.org\",\"@graph\":[{\"@type\":\"Article\",\"@id\":\"https:\\\/\\\/salesianosmaux.es\\\/centrojuvenil\\\/2024\\\/04\\\/25\\\/campa-sj\\\/#article\",\"isPartOf\":{\"@id\":\"https:\\\/\\\/salesianosmaux.es\\\/centrojuvenil\\\/2024\\\/04\\\/25\\\/campa-sj\\\/\"},\"author\":{\"name\":\"centrojuvenil\",\"@id\":\"https:\\\/\\\/salesianosmaux.es\\\/centrojuvenil\\\/#\\\/schema\\\/person\\\/2907e7467414eb7c582683323229cfa0\"},\"headline\":\"Campa Secci\u00f3n\",\"datePublished\":\"2024-04-25T15:55:41+00:00\",\"dateModified\":\"2024-04-25T18:04:27+00:00\",\"mainEntityOfPage\":{\"@id\":\"https:\\\/\\\/salesianosmaux.es\\\/centrojuvenil\\\/2024\\\/04\\\/25\\\/campa-sj\\\/\"},\"wordCount\":590,\"commentCount\":0,\"image\":{\"@id\":\"https:\\\/\\\/salesianosmaux.es\\\/centrojuvenil\\\/2024\\\/04\\\/25\\\/campa-sj\\\/#primaryimage\"},\"thumbnailUrl\":\"https:\\\/\\\/salesianosmaux.es\\\/centrojuvenil\\\/wp-content\\\/uploads\\\/sites\\\/6\\\/2024\\\/04\\\/IMG_6625.jpeg\",\"articleSection\":[\"Centro Juvenil\",\"Secci\u00f3n Juvenil\",\"SJ Actividades\",\"SJ Noticias\",\"Todas Actividades\",\"Todas las secciones\",\"Todas Noticias\"],\"inLanguage\":\"es\",\"potentialAction\":[{\"@type\":\"CommentAction\",\"name\":\"Comment\",\"target\":[\"https:\\\/\\\/salesianosmaux.es\\\/centrojuvenil\\\/2024\\\/04\\\/25\\\/campa-sj\\\/#respond\"]}]},{\"@type\":\"WebPage\",\"@id\":\"https:\\\/\\\/salesianosmaux.es\\\/centrojuvenil\\\/2024\\\/04\\\/25\\\/campa-sj\\\/\",\"url\":\"https:\\\/\\\/salesianosmaux.es\\\/centrojuvenil\\\/2024\\\/04\\\/25\\\/campa-sj\\\/\",\"name\":\"Campa Secci\u00f3n - Centro Juvenil Mar\u00eda Auxiliadora\",\"isPartOf\":{\"@id\":\"https:\\\/\\\/salesianosmaux.es\\\/centrojuvenil\\\/#website\"},\"primaryImageOfPage\":{\"@id\":\"https:\\\/\\\/salesianosmaux.es\\\/centrojuvenil\\\/2024\\\/04\\\/25\\\/campa-sj\\\/#primaryimage\"},\"image\":{\"@id\":\"https:\\\/\\\/salesianosmaux.es\\\/centrojuvenil\\\/2024\\\/04\\\/25\\\/campa-sj\\\/#primaryimage\"},\"thumbnailUrl\":\"https:\\\/\\\/salesianosmaux.es\\\/centrojuvenil\\\/wp-content\\\/uploads\\\/sites\\\/6\\\/2024\\\/04\\\/IMG_6625.jpeg\",\"datePublished\":\"2024-04-25T15:55:41+00:00\",\"dateModified\":\"2024-04-25T18:04:27+00:00\",\"author\":{\"@id\":\"https:\\\/\\\/salesianosmaux.es\\\/centrojuvenil\\\/#\\\/schema\\\/person\\\/2907e7467414eb7c582683323229cfa0\"},\"breadcrumb\":{\"@id\":\"https:\\\/\\\/salesianosmaux.es\\\/centrojuvenil\\\/2024\\\/04\\\/25\\\/campa-sj\\\/#breadcrumb\"},\"inLanguage\":\"es\",\"potentialAction\":[{\"@type\":\"ReadAction\",\"target\":[\"https:\\\/\\\/salesianosmaux.es\\\/centrojuvenil\\\/2024\\\/04\\\/25\\\/campa-sj\\\/\"]}]},{\"@type\":\"ImageObject\",\"inLanguage\":\"es\",\"@id\":\"https:\\\/\\\/salesianosmaux.es\\\/centrojuvenil\\\/2024\\\/04\\\/25\\\/campa-sj\\\/#primaryimage\",\"url\":\"https:\\\/\\\/salesianosmaux.es\\\/centrojuvenil\\\/wp-content\\\/uploads\\\/sites\\\/6\\\/2024\\\/04\\\/IMG_6625.jpeg\",\"contentUrl\":\"https:\\\/\\\/salesianosmaux.es\\\/centrojuvenil\\\/wp-content\\\/uploads\\\/sites\\\/6\\\/2024\\\/04\\\/IMG_6625.jpeg\",\"width\":1080,\"height\":566},{\"@type\":\"BreadcrumbList\",\"@id\":\"https:\\\/\\\/salesianosmaux.es\\\/centrojuvenil\\\/2024\\\/04\\\/25\\\/campa-sj\\\/#breadcrumb\",\"itemListElement\":[{\"@type\":\"ListItem\",\"position\":1,\"name\":\"Portada\",\"item\":\"https:\\\/\\\/salesianosmaux.es\\\/centrojuvenil\\\/\"},{\"@type\":\"ListItem\",\"position\":2,\"name\":\"Campa Secci\u00f3n\"}]},{\"@type\":\"WebSite\",\"@id\":\"https:\\\/\\\/salesianosmaux.es\\\/centrojuvenil\\\/#website\",\"url\":\"https:\\\/\\\/salesianosmaux.es\\\/centrojuvenil\\\/\",\"name\":\"Centro Juvenil Mar\u00eda Auxiliadora\",\"description\":\"\",\"potentialAction\":[{\"@type\":\"SearchAction\",\"target\":{\"@type\":\"EntryPoint\",\"urlTemplate\":\"https:\\\/\\\/salesianosmaux.es\\\/centrojuvenil\\\/?s={search_term_string}\"},\"query-input\":{\"@type\":\"PropertyValueSpecification\",\"valueRequired\":true,\"valueName\":\"search_term_string\"}}],\"inLanguage\":\"es\"},{\"@type\":\"Person\",\"@id\":\"https:\\\/\\\/salesianosmaux.es\\\/centrojuvenil\\\/#\\\/schema\\\/person\\\/2907e7467414eb7c582683323229cfa0\",\"name\":\"centrojuvenil\",\"image\":{\"@type\":\"ImageObject\",\"inLanguage\":\"es\",\"@id\":\"https:\\\/\\\/secure.gravatar.com\\\/avatar\\\/0969b94997d48dd955926fff0eedb1687ec9fd00294a727f82de75614d1751d2?s=96&d=mm&r=g\",\"url\":\"https:\\\/\\\/secure.gravatar.com\\\/avatar\\\/0969b94997d48dd955926fff0eedb1687ec9fd00294a727f82de75614d1751d2?s=96&d=mm&r=g\",\"contentUrl\":\"https:\\\/\\\/secure.gravatar.com\\\/avatar\\\/0969b94997d48dd955926fff0eedb1687ec9fd00294a727f82de75614d1751d2?s=96&d=mm&r=g\",\"caption\":\"centrojuvenil\"},\"url\":\"https:\\\/\\\/salesianosmaux.es\\\/centrojuvenil\\\/author\\\/centrojuvenil\\\/\"}]}<\/script>\n<!-- \/ Yoast SEO plugin. -->","yoast_head_json":{"title":"Campa Secci\u00f3n - Centro Juvenil Mar\u00eda Auxiliadora","robots":{"index":"index","follow":"follow","max-snippet":"max-snippet:-1","max-image-preview":"max-image-preview:large","max-video-preview":"max-video-preview:-1"},"canonical":"https:\/\/salesianosmaux.es\/centrojuvenil\/2024\/04\/25\/campa-sj\/","og_locale":"es_ES","og_type":"article","og_title":"Campa Secci\u00f3n - Centro Juvenil Mar\u00eda Auxiliadora","og_description":"Te puede interesar...","og_url":"https:\/\/salesianosmaux.es\/centrojuvenil\/2024\/04\/25\/campa-sj\/","og_site_name":"Centro Juvenil Mar\u00eda Auxiliadora","article_published_time":"2024-04-25T15:55:41+00:00","article_modified_time":"2024-04-25T18:04:27+00:00","og_image":[{"width":1080,"height":566,"url":"https:\/\/salesianosmaux.es\/centrojuvenil\/wp-content\/uploads\/sites\/6\/2024\/04\/IMG_6625.jpeg","type":"image\/jpeg"}],"author":"centrojuvenil","twitter_card":"summary_large_image","twitter_misc":{"Escrito por":"centrojuvenil","Tiempo de lectura":"3 minutos"},"schema":{"@context":"https:\/\/schema.org","@graph":[{"@type":"Article","@id":"https:\/\/salesianosmaux.es\/centrojuvenil\/2024\/04\/25\/campa-sj\/#article","isPartOf":{"@id":"https:\/\/salesianosmaux.es\/centrojuvenil\/2024\/04\/25\/campa-sj\/"},"author":{"name":"centrojuvenil","@id":"https:\/\/salesianosmaux.es\/centrojuvenil\/#\/schema\/person\/2907e7467414eb7c582683323229cfa0"},"headline":"Campa Secci\u00f3n","datePublished":"2024-04-25T15:55:41+00:00","dateModified":"2024-04-25T18:04:27+00:00","mainEntityOfPage":{"@id":"https:\/\/salesianosmaux.es\/centrojuvenil\/2024\/04\/25\/campa-sj\/"},"wordCount":590,"commentCount":0,"image":{"@id":"https:\/\/salesianosmaux.es\/centrojuvenil\/2024\/04\/25\/campa-sj\/#primaryimage"},"thumbnailUrl":"https:\/\/salesianosmaux.es\/centrojuvenil\/wp-content\/uploads\/sites\/6\/2024\/04\/IMG_6625.jpeg","articleSection":["Centro Juvenil","Secci\u00f3n Juvenil","SJ Actividades","SJ Noticias","Todas Actividades","Todas las secciones","Todas Noticias"],"inLanguage":"es","potentialAction":[{"@type":"CommentAction","name":"Comment","target":["https:\/\/salesianosmaux.es\/centrojuvenil\/2024\/04\/25\/campa-sj\/#respond"]}]},{"@type":"WebPage","@id":"https:\/\/salesianosmaux.es\/centrojuvenil\/2024\/04\/25\/campa-sj\/","url":"https:\/\/salesianosmaux.es\/centrojuvenil\/2024\/04\/25\/campa-sj\/","name":"Campa Secci\u00f3n - Centro Juvenil Mar\u00eda Auxiliadora","isPartOf":{"@id":"https:\/\/salesianosmaux.es\/centrojuvenil\/#website"},"primaryImageOfPage":{"@id":"https:\/\/salesianosmaux.es\/centrojuvenil\/2024\/04\/25\/campa-sj\/#primaryimage"},"image":{"@id":"https:\/\/salesianosmaux.es\/centrojuvenil\/2024\/04\/25\/campa-sj\/#primaryimage"},"thumbnailUrl":"https:\/\/salesianosmaux.es\/centrojuvenil\/wp-content\/uploads\/sites\/6\/2024\/04\/IMG_6625.jpeg","datePublished":"2024-04-25T15:55:41+00:00","dateModified":"2024-04-25T18:04:27+00:00","author":{"@id":"https:\/\/salesianosmaux.es\/centrojuvenil\/#\/schema\/person\/2907e7467414eb7c582683323229cfa0"},"breadcrumb":{"@id":"https:\/\/salesianosmaux.es\/centrojuvenil\/2024\/04\/25\/campa-sj\/#breadcrumb"},"inLanguage":"es","potentialAction":[{"@type":"ReadAction","target":["https:\/\/salesianosmaux.es\/centrojuvenil\/2024\/04\/25\/campa-sj\/"]}]},{"@type":"ImageObject","inLanguage":"es","@id":"https:\/\/salesianosmaux.es\/centrojuvenil\/2024\/04\/25\/campa-sj\/#primaryimage","url":"https:\/\/salesianosmaux.es\/centrojuvenil\/wp-content\/uploads\/sites\/6\/2024\/04\/IMG_6625.jpeg","contentUrl":"https:\/\/salesianosmaux.es\/centrojuvenil\/wp-content\/uploads\/sites\/6\/2024\/04\/IMG_6625.jpeg","width":1080,"height":566},{"@type":"BreadcrumbList","@id":"https:\/\/salesianosmaux.es\/centrojuvenil\/2024\/04\/25\/campa-sj\/#breadcrumb","itemListElement":[{"@type":"ListItem","position":1,"name":"Portada","item":"https:\/\/salesianosmaux.es\/centrojuvenil\/"},{"@type":"ListItem","position":2,"name":"Campa Secci\u00f3n"}]},{"@type":"WebSite","@id":"https:\/\/salesianosmaux.es\/centrojuvenil\/#website","url":"https:\/\/salesianosmaux.es\/centrojuvenil\/","name":"Centro Juvenil Mar\u00eda Auxiliadora","description":"","potentialAction":[{"@type":"SearchAction","target":{"@type":"EntryPoint","urlTemplate":"https:\/\/salesianosmaux.es\/centrojuvenil\/?s={search_term_string}"},"query-input":{"@type":"PropertyValueSpecification","valueRequired":true,"valueName":"search_term_string"}}],"inLanguage":"es"},{"@type":"Person","@id":"https:\/\/salesianosmaux.es\/centrojuvenil\/#\/schema\/person\/2907e7467414eb7c582683323229cfa0","name":"centrojuvenil","image":{"@type":"ImageObject","inLanguage":"es","@id":"https:\/\/secure.gravatar.com\/avatar\/0969b94997d48dd955926fff0eedb1687ec9fd00294a727f82de75614d1751d2?s=96&d=mm&r=g","url":"https:\/\/secure.gravatar.com\/avatar\/0969b94997d48dd955926fff0eedb1687ec9fd00294a727f82de75614d1751d2?s=96&d=mm&r=g","contentUrl":"https:\/\/secure.gravatar.com\/avatar\/0969b94997d48dd955926fff0eedb1687ec9fd00294a727f82de75614d1751d2?s=96&d=mm&r=g","caption":"centrojuvenil"},"url":"https:\/\/salesianosmaux.es\/centrojuvenil\/author\/centrojuvenil\/"}]}},"_links":{"self":[{"href":"https:\/\/salesianosmaux.es\/centrojuvenil\/wp-json\/wp\/v2\/posts\/1321","targetHints":{"allow":["GET"]}}],"collection":[{"href":"https:\/\/salesianosmaux.es\/centrojuvenil\/wp-json\/wp\/v2\/posts"}],"about":[{"href":"https:\/\/salesianosmaux.es\/centrojuvenil\/wp-json\/wp\/v2\/types\/post"}],"author":[{"embeddable":true,"href":"https:\/\/salesianosmaux.es\/centrojuvenil\/wp-json\/wp\/v2\/users\/4"}],"replies":[{"embeddable":true,"href":"https:\/\/salesianosmaux.es\/centrojuvenil\/wp-json\/wp\/v2\/comments?post=1321"}],"version-history":[{"count":4,"href":"https:\/\/salesianosmaux.es\/centrojuvenil\/wp-json\/wp\/v2\/posts\/1321\/revisions"}],"predecessor-version":[{"id":1329,"href":"https:\/\/salesianosmaux.es\/centrojuvenil\/wp-json\/wp\/v2\/posts\/1321\/revisions\/1329"}],"wp:featuredmedia":[{"embeddable":true,"href":"https:\/\/salesianosmaux.es\/centrojuvenil\/wp-json\/wp\/v2\/media\/1322"}],"wp:attachment":[{"href":"https:\/\/salesianosmaux.es\/centrojuvenil\/wp-json\/wp\/v2\/media?parent=1321"}],"wp:term":[{"taxonomy":"category","embeddable":true,"href":"https:\/\/salesianosmaux.es\/centrojuvenil\/wp-json\/wp\/v2\/categories?post=1321"},{"taxonomy":"post_tag","embeddable":true,"href":"https:\/\/salesianosmaux.es\/centrojuvenil\/wp-json\/wp\/v2\/tags?post=1321"}],"curies":[{"name":"wp","href":"https:\/\/api.w.org\/{rel}","templated":true}]}}