{"id":1383,"date":"2024-06-18T19:12:09","date_gmt":"2024-06-18T19:12:09","guid":{"rendered":"https:\/\/salesianosmaux.es\/centrojuvenil\/?p=1383"},"modified":"2024-06-18T19:12:09","modified_gmt":"2024-06-18T19:12:09","slug":"cuenta-atras-campa-sj","status":"publish","type":"post","link":"https:\/\/salesianosmaux.es\/centrojuvenil\/2024\/06\/18\/cuenta-atras-campa-sj\/","title":{"rendered":"Cuenta atr\u00e1s campa SJ"},"content":{"rendered":"<p>[et_pb_section fb_built=\u00bb1&#8243; _builder_version=\u00bb4.25.2&#8243; _module_preset=\u00bbdefault\u00bb global_colors_info=\u00bb{}\u00bb][et_pb_row _builder_version=\u00bb4.25.2&#8243; _module_preset=\u00bbdefault\u00bb global_colors_info=\u00bb{}\u00bb][et_pb_column type=\u00bb4_4&#8243; _builder_version=\u00bb4.25.2&#8243; _module_preset=\u00bbdefault\u00bb global_colors_info=\u00bb{}\u00bb][et_pb_text _builder_version=\u00bb4.25.2&#8243; _module_preset=\u00bbdefault\u00bb global_colors_info=\u00bb{}\u00bb]<\/p>\n<p class=\"s3\"><span class=\"s2\">Buenas <\/span><span class=\"s2\">tardes<\/span><span class=\"s2\"> familias de la Secci\u00f3n Juvenil.<\/span><\/p>\n<p class=\"s3\"><span class=\"s2\">Como os indicamos en la reuni\u00f3n de la semana pasada, aqu\u00ed os resumimos y <\/span><span class=\"s4\">adjuntamos todos los aspectos que deb\u00e9is tener en cuenta finalmente de cara al campamento que comenzar\u00e1 el d\u00eda <\/span><span class=\"s4\">14<\/span><span class=\"s4\"> de julio.<\/span><\/p>\n<p class=\"s3\"><span>\u00a0<\/span><\/p>\n<p class=\"s3\"><span class=\"s2\">En primer lugar, quer\u00edamos recalcar <\/span><span class=\"s2\">p<\/span><span class=\"s2\">or parte de la marcha, <\/span><span class=\"s2\">que <\/span><span class=\"s2\">es\u00a0<\/span><span class=\"s4\">crucial<\/span><span class=\"s2\">\u00a0que todos <\/span><span class=\"s2\">los <\/span><span class=\"s2\">chicos y chicas<\/span><span class=\"s2\"> lleven\u00a0<\/span><span class=\"s4\">calzado adecuado<\/span><span class=\"s2\">\u00a0para la monta\u00f1a (bota o zapatilla de monta\u00f1a) ya que el camino lo requiere debido a sus pasos t\u00e9cnicos y as\u00ed, no surgir\u00e1 ning\u00fan problema relacionado<\/span><span class=\"s2\">, adem\u00e1s de que nunca se lleven sin estrenar previamente.<\/span><\/p>\n<p class=\"s3\"><span>\u00a0<\/span><\/p>\n<p class=\"s3\"><span class=\"s2\">A continuaci\u00f3n, por si lo necesitasen, a <\/span><span class=\"s2\">continuaci\u00f3n,<\/span><span class=\"s2\">les indicamos un n\u00famero de contacto con el que podr\u00e1n comunicarse con nosotros si fuese necesario. <\/span><\/p>\n<p class=\"s3\"><span class=\"s2\">El n\u00famero de tel\u00e9fono que podr\u00e1n apuntar es\u00a0<\/span><span class=\"s4\">658166911<\/span><span class=\"s2\">\u00a0(Luis Fernando).<\/span><\/p>\n<p class=\"s3\"><span>\u00a0<\/span><\/p>\n<p class=\"s3\"><span class=\"s2\">Por \u00faltimo<\/span><span class=\"s2\">,<\/span><span class=\"s2\"> os adjuntamos<\/span><span class=\"s2\"> <\/span><span class=\"s2\">el <\/span><span class=\"s4\">P<\/span><span class=\"s4\">ower<\/span><span class=\"s4\">P<\/span><span class=\"s4\">oint<\/span><span class=\"s2\"> utilizado en la reuni\u00f3n pasada<\/span><span class=\"s2\">, en \u00e9l encontrar\u00e9is todo lo que es <\/span><span class=\"s4\">necesario llevar<\/span><span class=\"s2\"> (llevar todo con el nombre y apellidos escrito).<\/span><\/p>\n<p class=\"s3\"><span>\u00a0<\/span><\/p>\n<p class=\"s3\"><span class=\"s2\">Queremos hacer hincapi\u00e9 como se dijo en la reuni\u00f3n, en el apartado de <\/span><span class=\"s4\">objetivos principales<\/span><span class=\"s2\">, pues disfrutaremos de un campamento incre\u00edble, donde la diversi\u00f3n est\u00e1 asegurada, y tambi\u00e9n los valores que queremos transmitir: compa\u00f1erismo, respeto, protagonismo, esfuerzo, servicio\u2026 y por ello necesitamos que todos y todas <\/span><span class=\"s4\">pongamos de nuestra parte para conseguir que estos 14 d\u00edas sean inolvidables.<\/span><\/p>\n<p class=\"s3\"><span>\u00a0<\/span><\/p>\n<p class=\"s3\"><span class=\"s2\">Esperamos que teng\u00e1is las mismas ganas que nosotros, que no son pocas. <\/span><\/p>\n<p class=\"s3\"><span>\u00a0<\/span><\/p>\n<p class=\"s3\"><span class=\"s2\">Cualquier duda, no duden en ponerse en contacto con nosotros a trav\u00e9s de redes sociales o al correo de la Secci\u00f3n Juvenil: <\/span><a href=\"mailto:seccionjuvenil.cjmaux@gmail.com\"><span class=\"s5\">seccionjuvenil.cjmaux@gmail.com<\/span><\/a><span class=\"s2\"><\/span><\/p>\n<p class=\"s3\"><span>\u00a0<\/span><\/p>\n<p class=\"s3\"><span class=\"s2\">\u00a1Nos vemos <\/span><span class=\"s2\">muy muy <\/span><span class=\"s2\">pronto!<\/span><span class=\"s2\"> \u00a1\u00a1\u00a1La cuenta atr\u00e1s comienza!!!<\/span><\/p>\n<p class=\"s3\"><span>\u00a0<\/span><\/p>\n<p class=\"s3\"><span class=\"s2\">Un saludo,<\/span><\/p>\n<p class=\"s3\"><span class=\"s6\">El equipo de animadores de la Secci\u00f3n Juvenil.<\/span><\/p>\n<p>[\/et_pb_text][et_pb_blurb title=\u00bbPresentaci\u00f3n\u00bb _builder_version=\u00bb4.25.2&#8243; _module_preset=\u00bbdefault\u00bb use_icon=\u00bbon\u00bb font_icon=\u00bb&#xf1c1;||fa||400&#8243; url=\u00bbhttps:\/\/drive.google.com\/file\/d\/1mwlwtkOJgdEXqj-0qLxDEyV93jEMJ6AJ\/view?usp=drivesdk\u00bb hover_enabled=\u00bb0&#8243; sticky_enabled=\u00bb0&#8243;][\/et_pb_blurb][\/et_pb_column][\/et_pb_row][\/et_pb_section]<\/p>\n","protected":false},"excerpt":{"rendered":"<p>Buenas tardes familias de la Secci\u00f3n Juvenil. Como os indicamos en la reuni\u00f3n de la semana pasada, aqu\u00ed os resumimos y adjuntamos todos los aspectos que deb\u00e9is tener en cuenta finalmente de cara al campamento que comenzar\u00e1 el d\u00eda 14 de julio. \u00a0 En primer lugar, quer\u00edamos recalcar por parte de la marcha, que es\u00a0crucial\u00a0que [&hellip;]<\/p>\n","protected":false},"author":4,"featured_media":1384,"comment_status":"open","ping_status":"open","sticky":false,"template":"","format":"standard","meta":{"_et_pb_use_builder":"on","_et_pb_old_content":"","_et_gb_content_width":"","footnotes":""},"categories":[41,11,35,36,37,9,38],"tags":[],"class_list":["post-1383","post","type-post","status-publish","format-standard","has-post-thumbnail","hentry","category-centro-juvenil-2","category-seccion-juvenil","category-sj-actividades","category-sj-noticias","category-actividades","category-centro-juvenil","category-noticias"],"yoast_head":"<!-- This site is optimized with the Yoast SEO plugin v27.4 - https:\/\/yoast.com\/product\/yoast-seo-wordpress\/ -->\n<title>Cuenta atr\u00e1s campa SJ - Centro Juvenil Mar\u00eda Auxiliadora<\/title>\n<meta name=\"robots\" content=\"index, follow, max-snippet:-1, max-image-preview:large, max-video-preview:-1\" \/>\n<link rel=\"canonical\" href=\"https:\/\/salesianosmaux.es\/centrojuvenil\/2024\/06\/18\/cuenta-atras-campa-sj\/\" \/>\n<meta property=\"og:locale\" content=\"es_ES\" \/>\n<meta property=\"og:type\" content=\"article\" \/>\n<meta property=\"og:title\" content=\"Cuenta atr\u00e1s campa SJ - Centro Juvenil Mar\u00eda Auxiliadora\" \/>\n<meta property=\"og:description\" content=\"Te puede interesar...\" \/>\n<meta property=\"og:url\" content=\"https:\/\/salesianosmaux.es\/centrojuvenil\/2024\/06\/18\/cuenta-atras-campa-sj\/\" \/>\n<meta property=\"og:site_name\" content=\"Centro Juvenil Mar\u00eda Auxiliadora\" \/>\n<meta property=\"article:published_time\" content=\"2024-06-18T19:12:09+00:00\" \/>\n<meta property=\"og:image\" content=\"https:\/\/salesianosmaux.es\/centrojuvenil\/wp-content\/uploads\/sites\/6\/2024\/06\/1.jpeg\" \/>\n\t<meta property=\"og:image:width\" content=\"1080\" \/>\n\t<meta property=\"og:image:height\" content=\"1080\" \/>\n\t<meta property=\"og:image:type\" content=\"image\/jpeg\" \/>\n<meta name=\"author\" content=\"centrojuvenil\" \/>\n<meta name=\"twitter:card\" content=\"summary_large_image\" \/>\n<meta name=\"twitter:label1\" content=\"Escrito por\" \/>\n\t<meta name=\"twitter:data1\" content=\"centrojuvenil\" \/>\n\t<meta name=\"twitter:label2\" content=\"Tiempo de lectura\" \/>\n\t<meta name=\"twitter:data2\" content=\"1 minuto\" \/>\n<script type=\"application\/ld+json\" class=\"yoast-schema-graph\">{\"@context\":\"https:\\\/\\\/schema.org\",\"@graph\":[{\"@type\":\"Article\",\"@id\":\"https:\\\/\\\/salesianosmaux.es\\\/centrojuvenil\\\/2024\\\/06\\\/18\\\/cuenta-atras-campa-sj\\\/#article\",\"isPartOf\":{\"@id\":\"https:\\\/\\\/salesianosmaux.es\\\/centrojuvenil\\\/2024\\\/06\\\/18\\\/cuenta-atras-campa-sj\\\/\"},\"author\":{\"name\":\"centrojuvenil\",\"@id\":\"https:\\\/\\\/salesianosmaux.es\\\/centrojuvenil\\\/#\\\/schema\\\/person\\\/2907e7467414eb7c582683323229cfa0\"},\"headline\":\"Cuenta atr\u00e1s campa SJ\",\"datePublished\":\"2024-06-18T19:12:09+00:00\",\"mainEntityOfPage\":{\"@id\":\"https:\\\/\\\/salesianosmaux.es\\\/centrojuvenil\\\/2024\\\/06\\\/18\\\/cuenta-atras-campa-sj\\\/\"},\"wordCount\":412,\"commentCount\":0,\"image\":{\"@id\":\"https:\\\/\\\/salesianosmaux.es\\\/centrojuvenil\\\/2024\\\/06\\\/18\\\/cuenta-atras-campa-sj\\\/#primaryimage\"},\"thumbnailUrl\":\"https:\\\/\\\/salesianosmaux.es\\\/centrojuvenil\\\/wp-content\\\/uploads\\\/sites\\\/6\\\/2024\\\/06\\\/1.jpeg\",\"articleSection\":[\"Centro Juvenil\",\"Secci\u00f3n Juvenil\",\"SJ Actividades\",\"SJ Noticias\",\"Todas Actividades\",\"Todas las secciones\",\"Todas Noticias\"],\"inLanguage\":\"es\",\"potentialAction\":[{\"@type\":\"CommentAction\",\"name\":\"Comment\",\"target\":[\"https:\\\/\\\/salesianosmaux.es\\\/centrojuvenil\\\/2024\\\/06\\\/18\\\/cuenta-atras-campa-sj\\\/#respond\"]}]},{\"@type\":\"WebPage\",\"@id\":\"https:\\\/\\\/salesianosmaux.es\\\/centrojuvenil\\\/2024\\\/06\\\/18\\\/cuenta-atras-campa-sj\\\/\",\"url\":\"https:\\\/\\\/salesianosmaux.es\\\/centrojuvenil\\\/2024\\\/06\\\/18\\\/cuenta-atras-campa-sj\\\/\",\"name\":\"Cuenta atr\u00e1s campa SJ - Centro Juvenil Mar\u00eda Auxiliadora\",\"isPartOf\":{\"@id\":\"https:\\\/\\\/salesianosmaux.es\\\/centrojuvenil\\\/#website\"},\"primaryImageOfPage\":{\"@id\":\"https:\\\/\\\/salesianosmaux.es\\\/centrojuvenil\\\/2024\\\/06\\\/18\\\/cuenta-atras-campa-sj\\\/#primaryimage\"},\"image\":{\"@id\":\"https:\\\/\\\/salesianosmaux.es\\\/centrojuvenil\\\/2024\\\/06\\\/18\\\/cuenta-atras-campa-sj\\\/#primaryimage\"},\"thumbnailUrl\":\"https:\\\/\\\/salesianosmaux.es\\\/centrojuvenil\\\/wp-content\\\/uploads\\\/sites\\\/6\\\/2024\\\/06\\\/1.jpeg\",\"datePublished\":\"2024-06-18T19:12:09+00:00\",\"author\":{\"@id\":\"https:\\\/\\\/salesianosmaux.es\\\/centrojuvenil\\\/#\\\/schema\\\/person\\\/2907e7467414eb7c582683323229cfa0\"},\"breadcrumb\":{\"@id\":\"https:\\\/\\\/salesianosmaux.es\\\/centrojuvenil\\\/2024\\\/06\\\/18\\\/cuenta-atras-campa-sj\\\/#breadcrumb\"},\"inLanguage\":\"es\",\"potentialAction\":[{\"@type\":\"ReadAction\",\"target\":[\"https:\\\/\\\/salesianosmaux.es\\\/centrojuvenil\\\/2024\\\/06\\\/18\\\/cuenta-atras-campa-sj\\\/\"]}]},{\"@type\":\"ImageObject\",\"inLanguage\":\"es\",\"@id\":\"https:\\\/\\\/salesianosmaux.es\\\/centrojuvenil\\\/2024\\\/06\\\/18\\\/cuenta-atras-campa-sj\\\/#primaryimage\",\"url\":\"https:\\\/\\\/salesianosmaux.es\\\/centrojuvenil\\\/wp-content\\\/uploads\\\/sites\\\/6\\\/2024\\\/06\\\/1.jpeg\",\"contentUrl\":\"https:\\\/\\\/salesianosmaux.es\\\/centrojuvenil\\\/wp-content\\\/uploads\\\/sites\\\/6\\\/2024\\\/06\\\/1.jpeg\",\"width\":1080,\"height\":1080},{\"@type\":\"BreadcrumbList\",\"@id\":\"https:\\\/\\\/salesianosmaux.es\\\/centrojuvenil\\\/2024\\\/06\\\/18\\\/cuenta-atras-campa-sj\\\/#breadcrumb\",\"itemListElement\":[{\"@type\":\"ListItem\",\"position\":1,\"name\":\"Portada\",\"item\":\"https:\\\/\\\/salesianosmaux.es\\\/centrojuvenil\\\/\"},{\"@type\":\"ListItem\",\"position\":2,\"name\":\"Cuenta atr\u00e1s campa SJ\"}]},{\"@type\":\"WebSite\",\"@id\":\"https:\\\/\\\/salesianosmaux.es\\\/centrojuvenil\\\/#website\",\"url\":\"https:\\\/\\\/salesianosmaux.es\\\/centrojuvenil\\\/\",\"name\":\"Centro Juvenil Mar\u00eda Auxiliadora\",\"description\":\"\",\"potentialAction\":[{\"@type\":\"SearchAction\",\"target\":{\"@type\":\"EntryPoint\",\"urlTemplate\":\"https:\\\/\\\/salesianosmaux.es\\\/centrojuvenil\\\/?s={search_term_string}\"},\"query-input\":{\"@type\":\"PropertyValueSpecification\",\"valueRequired\":true,\"valueName\":\"search_term_string\"}}],\"inLanguage\":\"es\"},{\"@type\":\"Person\",\"@id\":\"https:\\\/\\\/salesianosmaux.es\\\/centrojuvenil\\\/#\\\/schema\\\/person\\\/2907e7467414eb7c582683323229cfa0\",\"name\":\"centrojuvenil\",\"image\":{\"@type\":\"ImageObject\",\"inLanguage\":\"es\",\"@id\":\"https:\\\/\\\/secure.gravatar.com\\\/avatar\\\/0969b94997d48dd955926fff0eedb1687ec9fd00294a727f82de75614d1751d2?s=96&d=mm&r=g\",\"url\":\"https:\\\/\\\/secure.gravatar.com\\\/avatar\\\/0969b94997d48dd955926fff0eedb1687ec9fd00294a727f82de75614d1751d2?s=96&d=mm&r=g\",\"contentUrl\":\"https:\\\/\\\/secure.gravatar.com\\\/avatar\\\/0969b94997d48dd955926fff0eedb1687ec9fd00294a727f82de75614d1751d2?s=96&d=mm&r=g\",\"caption\":\"centrojuvenil\"},\"url\":\"https:\\\/\\\/salesianosmaux.es\\\/centrojuvenil\\\/author\\\/centrojuvenil\\\/\"}]}<\/script>\n<!-- \/ Yoast SEO plugin. -->","yoast_head_json":{"title":"Cuenta atr\u00e1s campa SJ - Centro Juvenil Mar\u00eda Auxiliadora","robots":{"index":"index","follow":"follow","max-snippet":"max-snippet:-1","max-image-preview":"max-image-preview:large","max-video-preview":"max-video-preview:-1"},"canonical":"https:\/\/salesianosmaux.es\/centrojuvenil\/2024\/06\/18\/cuenta-atras-campa-sj\/","og_locale":"es_ES","og_type":"article","og_title":"Cuenta atr\u00e1s campa SJ - Centro Juvenil Mar\u00eda Auxiliadora","og_description":"Te puede interesar...","og_url":"https:\/\/salesianosmaux.es\/centrojuvenil\/2024\/06\/18\/cuenta-atras-campa-sj\/","og_site_name":"Centro Juvenil Mar\u00eda Auxiliadora","article_published_time":"2024-06-18T19:12:09+00:00","og_image":[{"width":1080,"height":1080,"url":"https:\/\/salesianosmaux.es\/centrojuvenil\/wp-content\/uploads\/sites\/6\/2024\/06\/1.jpeg","type":"image\/jpeg"}],"author":"centrojuvenil","twitter_card":"summary_large_image","twitter_misc":{"Escrito por":"centrojuvenil","Tiempo de lectura":"1 minuto"},"schema":{"@context":"https:\/\/schema.org","@graph":[{"@type":"Article","@id":"https:\/\/salesianosmaux.es\/centrojuvenil\/2024\/06\/18\/cuenta-atras-campa-sj\/#article","isPartOf":{"@id":"https:\/\/salesianosmaux.es\/centrojuvenil\/2024\/06\/18\/cuenta-atras-campa-sj\/"},"author":{"name":"centrojuvenil","@id":"https:\/\/salesianosmaux.es\/centrojuvenil\/#\/schema\/person\/2907e7467414eb7c582683323229cfa0"},"headline":"Cuenta atr\u00e1s campa SJ","datePublished":"2024-06-18T19:12:09+00:00","mainEntityOfPage":{"@id":"https:\/\/salesianosmaux.es\/centrojuvenil\/2024\/06\/18\/cuenta-atras-campa-sj\/"},"wordCount":412,"commentCount":0,"image":{"@id":"https:\/\/salesianosmaux.es\/centrojuvenil\/2024\/06\/18\/cuenta-atras-campa-sj\/#primaryimage"},"thumbnailUrl":"https:\/\/salesianosmaux.es\/centrojuvenil\/wp-content\/uploads\/sites\/6\/2024\/06\/1.jpeg","articleSection":["Centro Juvenil","Secci\u00f3n Juvenil","SJ Actividades","SJ Noticias","Todas Actividades","Todas las secciones","Todas Noticias"],"inLanguage":"es","potentialAction":[{"@type":"CommentAction","name":"Comment","target":["https:\/\/salesianosmaux.es\/centrojuvenil\/2024\/06\/18\/cuenta-atras-campa-sj\/#respond"]}]},{"@type":"WebPage","@id":"https:\/\/salesianosmaux.es\/centrojuvenil\/2024\/06\/18\/cuenta-atras-campa-sj\/","url":"https:\/\/salesianosmaux.es\/centrojuvenil\/2024\/06\/18\/cuenta-atras-campa-sj\/","name":"Cuenta atr\u00e1s campa SJ - Centro Juvenil Mar\u00eda Auxiliadora","isPartOf":{"@id":"https:\/\/salesianosmaux.es\/centrojuvenil\/#website"},"primaryImageOfPage":{"@id":"https:\/\/salesianosmaux.es\/centrojuvenil\/2024\/06\/18\/cuenta-atras-campa-sj\/#primaryimage"},"image":{"@id":"https:\/\/salesianosmaux.es\/centrojuvenil\/2024\/06\/18\/cuenta-atras-campa-sj\/#primaryimage"},"thumbnailUrl":"https:\/\/salesianosmaux.es\/centrojuvenil\/wp-content\/uploads\/sites\/6\/2024\/06\/1.jpeg","datePublished":"2024-06-18T19:12:09+00:00","author":{"@id":"https:\/\/salesianosmaux.es\/centrojuvenil\/#\/schema\/person\/2907e7467414eb7c582683323229cfa0"},"breadcrumb":{"@id":"https:\/\/salesianosmaux.es\/centrojuvenil\/2024\/06\/18\/cuenta-atras-campa-sj\/#breadcrumb"},"inLanguage":"es","potentialAction":[{"@type":"ReadAction","target":["https:\/\/salesianosmaux.es\/centrojuvenil\/2024\/06\/18\/cuenta-atras-campa-sj\/"]}]},{"@type":"ImageObject","inLanguage":"es","@id":"https:\/\/salesianosmaux.es\/centrojuvenil\/2024\/06\/18\/cuenta-atras-campa-sj\/#primaryimage","url":"https:\/\/salesianosmaux.es\/centrojuvenil\/wp-content\/uploads\/sites\/6\/2024\/06\/1.jpeg","contentUrl":"https:\/\/salesianosmaux.es\/centrojuvenil\/wp-content\/uploads\/sites\/6\/2024\/06\/1.jpeg","width":1080,"height":1080},{"@type":"BreadcrumbList","@id":"https:\/\/salesianosmaux.es\/centrojuvenil\/2024\/06\/18\/cuenta-atras-campa-sj\/#breadcrumb","itemListElement":[{"@type":"ListItem","position":1,"name":"Portada","item":"https:\/\/salesianosmaux.es\/centrojuvenil\/"},{"@type":"ListItem","position":2,"name":"Cuenta atr\u00e1s campa SJ"}]},{"@type":"WebSite","@id":"https:\/\/salesianosmaux.es\/centrojuvenil\/#website","url":"https:\/\/salesianosmaux.es\/centrojuvenil\/","name":"Centro Juvenil Mar\u00eda Auxiliadora","description":"","potentialAction":[{"@type":"SearchAction","target":{"@type":"EntryPoint","urlTemplate":"https:\/\/salesianosmaux.es\/centrojuvenil\/?s={search_term_string}"},"query-input":{"@type":"PropertyValueSpecification","valueRequired":true,"valueName":"search_term_string"}}],"inLanguage":"es"},{"@type":"Person","@id":"https:\/\/salesianosmaux.es\/centrojuvenil\/#\/schema\/person\/2907e7467414eb7c582683323229cfa0","name":"centrojuvenil","image":{"@type":"ImageObject","inLanguage":"es","@id":"https:\/\/secure.gravatar.com\/avatar\/0969b94997d48dd955926fff0eedb1687ec9fd00294a727f82de75614d1751d2?s=96&d=mm&r=g","url":"https:\/\/secure.gravatar.com\/avatar\/0969b94997d48dd955926fff0eedb1687ec9fd00294a727f82de75614d1751d2?s=96&d=mm&r=g","contentUrl":"https:\/\/secure.gravatar.com\/avatar\/0969b94997d48dd955926fff0eedb1687ec9fd00294a727f82de75614d1751d2?s=96&d=mm&r=g","caption":"centrojuvenil"},"url":"https:\/\/salesianosmaux.es\/centrojuvenil\/author\/centrojuvenil\/"}]}},"_links":{"self":[{"href":"https:\/\/salesianosmaux.es\/centrojuvenil\/wp-json\/wp\/v2\/posts\/1383","targetHints":{"allow":["GET"]}}],"collection":[{"href":"https:\/\/salesianosmaux.es\/centrojuvenil\/wp-json\/wp\/v2\/posts"}],"about":[{"href":"https:\/\/salesianosmaux.es\/centrojuvenil\/wp-json\/wp\/v2\/types\/post"}],"author":[{"embeddable":true,"href":"https:\/\/salesianosmaux.es\/centrojuvenil\/wp-json\/wp\/v2\/users\/4"}],"replies":[{"embeddable":true,"href":"https:\/\/salesianosmaux.es\/centrojuvenil\/wp-json\/wp\/v2\/comments?post=1383"}],"version-history":[{"count":3,"href":"https:\/\/salesianosmaux.es\/centrojuvenil\/wp-json\/wp\/v2\/posts\/1383\/revisions"}],"predecessor-version":[{"id":1388,"href":"https:\/\/salesianosmaux.es\/centrojuvenil\/wp-json\/wp\/v2\/posts\/1383\/revisions\/1388"}],"wp:featuredmedia":[{"embeddable":true,"href":"https:\/\/salesianosmaux.es\/centrojuvenil\/wp-json\/wp\/v2\/media\/1384"}],"wp:attachment":[{"href":"https:\/\/salesianosmaux.es\/centrojuvenil\/wp-json\/wp\/v2\/media?parent=1383"}],"wp:term":[{"taxonomy":"category","embeddable":true,"href":"https:\/\/salesianosmaux.es\/centrojuvenil\/wp-json\/wp\/v2\/categories?post=1383"},{"taxonomy":"post_tag","embeddable":true,"href":"https:\/\/salesianosmaux.es\/centrojuvenil\/wp-json\/wp\/v2\/tags?post=1383"}],"curies":[{"name":"wp","href":"https:\/\/api.w.org\/{rel}","templated":true}]}}