{"id":1491,"date":"2024-10-18T15:43:04","date_gmt":"2024-10-18T15:43:04","guid":{"rendered":"https:\/\/salesianosmaux.es\/centrojuvenil\/?p=1491"},"modified":"2024-10-18T17:05:32","modified_gmt":"2024-10-18T17:05:32","slug":"reunion-de-padres-ga","status":"publish","type":"post","link":"https:\/\/salesianosmaux.es\/centrojuvenil\/2024\/10\/18\/reunion-de-padres-ga\/","title":{"rendered":"Reuni\u00f3n de padres GA"},"content":{"rendered":"\n[et_pb_section fb_built=\u00bb1&#8243; _builder_version=\u00bb4.27.2&#8243; _module_preset=\u00bbdefault\u00bb global_colors_info=\u00bb{}\u00bb][et_pb_row _builder_version=\u00bb4.27.2&#8243; _module_preset=\u00bbdefault\u00bb global_colors_info=\u00bb{}\u00bb][et_pb_column type=\u00bb4_4&#8243; _builder_version=\u00bb4.27.2&#8243; _module_preset=\u00bbdefault\u00bb global_colors_info=\u00bb{}\u00bb][et_pb_text _builder_version=\u00bb4.27.2&#8243; _module_preset=\u00bbdefault\u00bb global_colors_info=\u00bb{}\u00bb]<p>Buenas tardes familias!<\/p>\n<p>&nbsp;<\/p>\n<p>Hoy hemos pasado por las clases para recordar a vuestros hijos que este s\u00e1bado VUELVE EL GRUPO AMIGOS!\ud83d\udc40<\/p>\n<p>Y ahora s\u00ed que si, con los compa\u00f1eros de 1\u00baESO y 2\u00baESO juntos.<span class=\"Apple-converted-space\">\u00a0<\/span><\/p>\n<p>&nbsp;<\/p>\n<p>Les hemos presentado tambi\u00e9n la tem\u00e1tica del a\u00f1o, que ser\u00e1: MADE IN SPAIN\ud83d\udc83\ud83c\udffd y las actividades del GA este a\u00f1o estar\u00e1n ambientadas de ello. Que se note que seguimos recordando la Eurocopa!<\/p>\n<p>&nbsp;<\/p>\n<p>El horario ser\u00e1 el habitual, de 18:30h a 20:30h. Y tras la actividad, tendr\u00e1 lugar la REUNI\u00d3N DE PADRES a la que los chicos por supuesto que pueden asistir. Hablaremos sobre la programaci\u00f3n del curso y solucionaremos las dudas que nos plante\u00e9is.<span class=\"Apple-converted-space\">\u00a0<\/span><\/p>\n<p>&nbsp;<\/p>\n<p>En cuanto a las inscripciones, os lo contaremos todo en la reuni\u00f3n. Pero para quien ya lo conozca, este a\u00f1o usaremos Bosconecta para reunir las inscripciones. Para apuntarse hay que entrar en el siguiente enlace y rellenar el formulario. <a href=\"https:\/\/salesianosmaux.es\/centrojuvenil\/inscripcion\/\">https:\/\/salesianosmaux.es\/centrojuvenil\/inscripcion\/<\/a><\/p>\n<p>Y adem\u00e1s hay que entregar la PROTECCI\u00d3N Y CESI\u00d3N DE DATOS que viene subida en el mismo enlace, en f\u00edsico, firmada y bien rellenada la ficha, cualquier d\u00eda que los chicos bajen al GA.<span class=\"Apple-converted-space\">\u00a0<\/span><\/p>\n<p>&nbsp;<\/p>\n<p>Dicho esto, nos vemos ma\u00f1ana padres e hijos!<span>\ud83d\ude0a<\/span><\/p>[\/et_pb_text][\/et_pb_column][\/et_pb_row][\/et_pb_section]\n","protected":false},"excerpt":{"rendered":"<p>Buenas tardes familias!<\/p>\n<p>Hoy hemos pasado por las clases para recordar a vuestros hijos que este s\u00e1bado VUELVE EL GRUPO AMIGOS!\ud83d\udc40<br \/>\nY ahora s\u00ed que si, con los compa\u00f1eros de 1\u00baESO y 2\u00baESO juntos. <\/p>\n<p>Les hemos presentado tambi\u00e9n la tem\u00e1tica del a\u00f1o, que ser\u00e1: MADE IN SPAIN\ud83d\udc83\ud83c\udffd y las actividades del GA este a\u00f1o estar\u00e1n ambientadas de ello. Que se note que seguimos recordando la Eurocopa!<\/p>\n<p>El horario ser\u00e1 el habitual, de 18:30h a 20:30h. Y tras la actividad, tendr\u00e1 lugar la REUNI\u00d3N DE PADRES a la que los chicos por supuesto que pueden asistir. Hablaremos sobre la programaci\u00f3n del curso y solucionaremos las dudas que nos plante\u00e9is. <\/p>\n<p>En cuanto a las inscripciones, os lo contaremos todo en la reuni\u00f3n. Pero para quien ya lo conozca, este a\u00f1o usaremos Bosconecta para reunir las inscripciones. Para apuntarse hay que entrar en el siguiente enlace y rellenar el formulario. https:\/\/salesianosmaux.es\/centrojuvenil\/inscripcion\/<br \/>\nY adem\u00e1s hay que entregar la PROTECCI\u00d3N Y CESI\u00d3N DE DATOS que viene subida en el mismo enlace, en f\u00edsico, firmada y bien rellenada la ficha, cualquier d\u00eda que los chicos bajen al GA. <\/p>\n<p>Dicho esto, nos vemos ma\u00f1ana padres e hijos!\ud83d\ude0a<\/p>\n","protected":false},"author":4,"featured_media":1492,"comment_status":"open","ping_status":"open","sticky":false,"template":"","format":"standard","meta":{"_et_pb_use_builder":"on","_et_pb_old_content":"","_et_gb_content_width":"","footnotes":""},"categories":[41,33,34,10,37,9,38],"tags":[],"class_list":["post-1491","post","type-post","status-publish","format-standard","has-post-thumbnail","hentry","category-centro-juvenil-2","category-ga-actividades","category-ga-noticias","category-grupo-amigos","category-actividades","category-centro-juvenil","category-noticias"],"yoast_head":"<!-- This site is optimized with the Yoast SEO plugin v28.4 - https:\/\/yoast.com\/product\/yoast-seo-wordpress\/ -->\n<title>Reuni\u00f3n de padres GA - Centro Juvenil Mar\u00eda Auxiliadora<\/title>\n<meta name=\"robots\" content=\"index, follow, max-snippet:-1, max-image-preview:large, max-video-preview:-1\" \/>\n<link rel=\"canonical\" href=\"https:\/\/salesianosmaux.es\/centrojuvenil\/2024\/10\/18\/reunion-de-padres-ga\/\" \/>\n<meta property=\"og:locale\" content=\"es_ES\" \/>\n<meta property=\"og:type\" content=\"article\" \/>\n<meta property=\"og:title\" content=\"Reuni\u00f3n de padres GA - Centro Juvenil Mar\u00eda Auxiliadora\" \/>\n<meta property=\"og:description\" content=\"Buenas tardes familias! Hoy hemos pasado por las clases para recordar a vuestros hijos que este s\u00e1bado VUELVE EL GRUPO AMIGOS!\ud83d\udc40 Y ahora s\u00ed que si, con los compa\u00f1eros de 1\u00baESO y 2\u00baESO juntos.  Les hemos presentado tambi\u00e9n la tem\u00e1tica del a\u00f1o, que ser\u00e1: MADE IN SPAIN\ud83d\udc83\ud83c\udffd y las actividades del GA este a\u00f1o estar\u00e1n ambientadas de ello. Que se note que seguimos recordando la Eurocopa! El horario ser\u00e1 el habitual, de 18:30h a 20:30h. Y tras la actividad, tendr\u00e1 lugar la REUNI\u00d3N DE PADRES a la que los chicos por supuesto que pueden asistir. Hablaremos sobre la programaci\u00f3n del curso y solucionaremos las dudas que nos plante\u00e9is.  En cuanto a las inscripciones, os lo contaremos todo en la reuni\u00f3n. Pero para quien ya lo conozca, este a\u00f1o usaremos Bosconecta para reunir las inscripciones. Para apuntarse hay que entrar en el siguiente enlace y rellenar el formulario. https:\/\/salesianosmaux.es\/centrojuvenil\/inscripcion\/ Y adem\u00e1s hay que entregar la PROTECCI\u00d3N Y CESI\u00d3N DE DATOS que viene subida en el mismo enlace, en f\u00edsico, firmada y bien rellenada la ficha, cualquier d\u00eda que los chicos bajen al GA.  Dicho esto, nos vemos ma\u00f1ana padres e hijos!\ud83d\ude0a\" \/>\n<meta property=\"og:url\" content=\"https:\/\/salesianosmaux.es\/centrojuvenil\/2024\/10\/18\/reunion-de-padres-ga\/\" \/>\n<meta property=\"og:site_name\" content=\"Centro Juvenil Mar\u00eda Auxiliadora\" \/>\n<meta property=\"article:published_time\" content=\"2024-10-18T15:43:04+00:00\" \/>\n<meta property=\"article:modified_time\" content=\"2024-10-18T17:05:32+00:00\" \/>\n<meta property=\"og:image\" content=\"https:\/\/salesianosmaux.es\/centrojuvenil\/wp-content\/uploads\/sites\/6\/2024\/10\/7a1269dc-0be3-4712-8d8a-aafe74b0a4fd.jpg\" \/>\n\t<meta property=\"og:image:width\" content=\"776\" \/>\n\t<meta property=\"og:image:height\" content=\"801\" \/>\n\t<meta property=\"og:image:type\" content=\"image\/jpeg\" \/>\n<meta name=\"author\" content=\"centrojuvenil\" \/>\n<meta name=\"twitter:card\" content=\"summary_large_image\" \/>\n<meta name=\"twitter:label1\" content=\"Escrito por\" \/>\n\t<meta name=\"twitter:data1\" content=\"centrojuvenil\" \/>\n\t<meta name=\"twitter:label2\" content=\"Tiempo de lectura\" \/>\n\t<meta name=\"twitter:data2\" content=\"2 minutos\" \/>\n<script type=\"application\/ld+json\" class=\"yoast-schema-graph\">{\"@context\":\"https:\\\/\\\/schema.org\",\"@graph\":[{\"@type\":\"Article\",\"@id\":\"https:\\\/\\\/salesianosmaux.es\\\/centrojuvenil\\\/2024\\\/10\\\/18\\\/reunion-de-padres-ga\\\/#article\",\"isPartOf\":{\"@id\":\"https:\\\/\\\/salesianosmaux.es\\\/centrojuvenil\\\/2024\\\/10\\\/18\\\/reunion-de-padres-ga\\\/\"},\"author\":{\"name\":\"centrojuvenil\",\"@id\":\"https:\\\/\\\/salesianosmaux.es\\\/centrojuvenil\\\/#\\\/schema\\\/person\\\/2907e7467414eb7c582683323229cfa0\"},\"headline\":\"Reuni\u00f3n de padres GA\",\"datePublished\":\"2024-10-18T15:43:04+00:00\",\"dateModified\":\"2024-10-18T17:05:32+00:00\",\"mainEntityOfPage\":{\"@id\":\"https:\\\/\\\/salesianosmaux.es\\\/centrojuvenil\\\/2024\\\/10\\\/18\\\/reunion-de-padres-ga\\\/\"},\"wordCount\":281,\"commentCount\":0,\"image\":{\"@id\":\"https:\\\/\\\/salesianosmaux.es\\\/centrojuvenil\\\/2024\\\/10\\\/18\\\/reunion-de-padres-ga\\\/#primaryimage\"},\"thumbnailUrl\":\"https:\\\/\\\/salesianosmaux.es\\\/centrojuvenil\\\/wp-content\\\/uploads\\\/sites\\\/6\\\/2024\\\/10\\\/7a1269dc-0be3-4712-8d8a-aafe74b0a4fd.jpg\",\"articleSection\":[\"Centro Juvenil\",\"GA Actividades\",\"GA Noticias\",\"Grupo Amigos\",\"Todas Actividades\",\"Todas las secciones\",\"Todas Noticias\"],\"inLanguage\":\"es\",\"potentialAction\":[{\"@type\":\"CommentAction\",\"name\":\"Comment\",\"target\":[\"https:\\\/\\\/salesianosmaux.es\\\/centrojuvenil\\\/2024\\\/10\\\/18\\\/reunion-de-padres-ga\\\/#respond\"]}]},{\"@type\":\"WebPage\",\"@id\":\"https:\\\/\\\/salesianosmaux.es\\\/centrojuvenil\\\/2024\\\/10\\\/18\\\/reunion-de-padres-ga\\\/\",\"url\":\"https:\\\/\\\/salesianosmaux.es\\\/centrojuvenil\\\/2024\\\/10\\\/18\\\/reunion-de-padres-ga\\\/\",\"name\":\"Reuni\u00f3n de padres GA - Centro Juvenil Mar\u00eda Auxiliadora\",\"isPartOf\":{\"@id\":\"https:\\\/\\\/salesianosmaux.es\\\/centrojuvenil\\\/#website\"},\"primaryImageOfPage\":{\"@id\":\"https:\\\/\\\/salesianosmaux.es\\\/centrojuvenil\\\/2024\\\/10\\\/18\\\/reunion-de-padres-ga\\\/#primaryimage\"},\"image\":{\"@id\":\"https:\\\/\\\/salesianosmaux.es\\\/centrojuvenil\\\/2024\\\/10\\\/18\\\/reunion-de-padres-ga\\\/#primaryimage\"},\"thumbnailUrl\":\"https:\\\/\\\/salesianosmaux.es\\\/centrojuvenil\\\/wp-content\\\/uploads\\\/sites\\\/6\\\/2024\\\/10\\\/7a1269dc-0be3-4712-8d8a-aafe74b0a4fd.jpg\",\"datePublished\":\"2024-10-18T15:43:04+00:00\",\"dateModified\":\"2024-10-18T17:05:32+00:00\",\"author\":{\"@id\":\"https:\\\/\\\/salesianosmaux.es\\\/centrojuvenil\\\/#\\\/schema\\\/person\\\/2907e7467414eb7c582683323229cfa0\"},\"breadcrumb\":{\"@id\":\"https:\\\/\\\/salesianosmaux.es\\\/centrojuvenil\\\/2024\\\/10\\\/18\\\/reunion-de-padres-ga\\\/#breadcrumb\"},\"inLanguage\":\"es\",\"potentialAction\":[{\"@type\":\"ReadAction\",\"target\":[\"https:\\\/\\\/salesianosmaux.es\\\/centrojuvenil\\\/2024\\\/10\\\/18\\\/reunion-de-padres-ga\\\/\"]}]},{\"@type\":\"ImageObject\",\"inLanguage\":\"es\",\"@id\":\"https:\\\/\\\/salesianosmaux.es\\\/centrojuvenil\\\/2024\\\/10\\\/18\\\/reunion-de-padres-ga\\\/#primaryimage\",\"url\":\"https:\\\/\\\/salesianosmaux.es\\\/centrojuvenil\\\/wp-content\\\/uploads\\\/sites\\\/6\\\/2024\\\/10\\\/7a1269dc-0be3-4712-8d8a-aafe74b0a4fd.jpg\",\"contentUrl\":\"https:\\\/\\\/salesianosmaux.es\\\/centrojuvenil\\\/wp-content\\\/uploads\\\/sites\\\/6\\\/2024\\\/10\\\/7a1269dc-0be3-4712-8d8a-aafe74b0a4fd.jpg\",\"width\":776,\"height\":801},{\"@type\":\"BreadcrumbList\",\"@id\":\"https:\\\/\\\/salesianosmaux.es\\\/centrojuvenil\\\/2024\\\/10\\\/18\\\/reunion-de-padres-ga\\\/#breadcrumb\",\"itemListElement\":[{\"@type\":\"ListItem\",\"position\":1,\"name\":\"Portada\",\"item\":\"https:\\\/\\\/salesianosmaux.es\\\/centrojuvenil\\\/\"},{\"@type\":\"ListItem\",\"position\":2,\"name\":\"Reuni\u00f3n de padres GA\"}]},{\"@type\":\"WebSite\",\"@id\":\"https:\\\/\\\/salesianosmaux.es\\\/centrojuvenil\\\/#website\",\"url\":\"https:\\\/\\\/salesianosmaux.es\\\/centrojuvenil\\\/\",\"name\":\"Centro Juvenil Mar\u00eda Auxiliadora\",\"description\":\"\",\"potentialAction\":[{\"@type\":\"SearchAction\",\"target\":{\"@type\":\"EntryPoint\",\"urlTemplate\":\"https:\\\/\\\/salesianosmaux.es\\\/centrojuvenil\\\/?s={search_term_string}\"},\"query-input\":{\"@type\":\"PropertyValueSpecification\",\"valueRequired\":true,\"valueName\":\"search_term_string\"}}],\"inLanguage\":\"es\"},{\"@type\":\"Person\",\"@id\":\"https:\\\/\\\/salesianosmaux.es\\\/centrojuvenil\\\/#\\\/schema\\\/person\\\/2907e7467414eb7c582683323229cfa0\",\"name\":\"centrojuvenil\",\"image\":{\"@type\":\"ImageObject\",\"inLanguage\":\"es\",\"@id\":\"https:\\\/\\\/secure.gravatar.com\\\/avatar\\\/0969b94997d48dd955926fff0eedb1687ec9fd00294a727f82de75614d1751d2?s=96&d=mm&r=g\",\"url\":\"https:\\\/\\\/secure.gravatar.com\\\/avatar\\\/0969b94997d48dd955926fff0eedb1687ec9fd00294a727f82de75614d1751d2?s=96&d=mm&r=g\",\"contentUrl\":\"https:\\\/\\\/secure.gravatar.com\\\/avatar\\\/0969b94997d48dd955926fff0eedb1687ec9fd00294a727f82de75614d1751d2?s=96&d=mm&r=g\",\"caption\":\"centrojuvenil\"},\"url\":\"https:\\\/\\\/salesianosmaux.es\\\/centrojuvenil\\\/author\\\/centrojuvenil\\\/\"}]}<\/script>\n<!-- \/ Yoast SEO plugin. -->","yoast_head_json":{"title":"Reuni\u00f3n de padres GA - Centro Juvenil Mar\u00eda Auxiliadora","robots":{"index":"index","follow":"follow","max-snippet":"max-snippet:-1","max-image-preview":"max-image-preview:large","max-video-preview":"max-video-preview:-1"},"canonical":"https:\/\/salesianosmaux.es\/centrojuvenil\/2024\/10\/18\/reunion-de-padres-ga\/","og_locale":"es_ES","og_type":"article","og_title":"Reuni\u00f3n de padres GA - Centro Juvenil Mar\u00eda Auxiliadora","og_description":"Buenas tardes familias! Hoy hemos pasado por las clases para recordar a vuestros hijos que este s\u00e1bado VUELVE EL GRUPO AMIGOS!\ud83d\udc40 Y ahora s\u00ed que si, con los compa\u00f1eros de 1\u00baESO y 2\u00baESO juntos.  Les hemos presentado tambi\u00e9n la tem\u00e1tica del a\u00f1o, que ser\u00e1: MADE IN SPAIN\ud83d\udc83\ud83c\udffd y las actividades del GA este a\u00f1o estar\u00e1n ambientadas de ello. Que se note que seguimos recordando la Eurocopa! El horario ser\u00e1 el habitual, de 18:30h a 20:30h. Y tras la actividad, tendr\u00e1 lugar la REUNI\u00d3N DE PADRES a la que los chicos por supuesto que pueden asistir. Hablaremos sobre la programaci\u00f3n del curso y solucionaremos las dudas que nos plante\u00e9is.  En cuanto a las inscripciones, os lo contaremos todo en la reuni\u00f3n. Pero para quien ya lo conozca, este a\u00f1o usaremos Bosconecta para reunir las inscripciones. Para apuntarse hay que entrar en el siguiente enlace y rellenar el formulario. https:\/\/salesianosmaux.es\/centrojuvenil\/inscripcion\/ Y adem\u00e1s hay que entregar la PROTECCI\u00d3N Y CESI\u00d3N DE DATOS que viene subida en el mismo enlace, en f\u00edsico, firmada y bien rellenada la ficha, cualquier d\u00eda que los chicos bajen al GA.  Dicho esto, nos vemos ma\u00f1ana padres e hijos!\ud83d\ude0a","og_url":"https:\/\/salesianosmaux.es\/centrojuvenil\/2024\/10\/18\/reunion-de-padres-ga\/","og_site_name":"Centro Juvenil Mar\u00eda Auxiliadora","article_published_time":"2024-10-18T15:43:04+00:00","article_modified_time":"2024-10-18T17:05:32+00:00","og_image":[{"width":776,"height":801,"url":"https:\/\/salesianosmaux.es\/centrojuvenil\/wp-content\/uploads\/sites\/6\/2024\/10\/7a1269dc-0be3-4712-8d8a-aafe74b0a4fd.jpg","type":"image\/jpeg"}],"author":"centrojuvenil","twitter_card":"summary_large_image","twitter_misc":{"Escrito por":"centrojuvenil","Tiempo de lectura":"2 minutos"},"schema":{"@context":"https:\/\/schema.org","@graph":[{"@type":"Article","@id":"https:\/\/salesianosmaux.es\/centrojuvenil\/2024\/10\/18\/reunion-de-padres-ga\/#article","isPartOf":{"@id":"https:\/\/salesianosmaux.es\/centrojuvenil\/2024\/10\/18\/reunion-de-padres-ga\/"},"author":{"name":"centrojuvenil","@id":"https:\/\/salesianosmaux.es\/centrojuvenil\/#\/schema\/person\/2907e7467414eb7c582683323229cfa0"},"headline":"Reuni\u00f3n de padres GA","datePublished":"2024-10-18T15:43:04+00:00","dateModified":"2024-10-18T17:05:32+00:00","mainEntityOfPage":{"@id":"https:\/\/salesianosmaux.es\/centrojuvenil\/2024\/10\/18\/reunion-de-padres-ga\/"},"wordCount":281,"commentCount":0,"image":{"@id":"https:\/\/salesianosmaux.es\/centrojuvenil\/2024\/10\/18\/reunion-de-padres-ga\/#primaryimage"},"thumbnailUrl":"https:\/\/salesianosmaux.es\/centrojuvenil\/wp-content\/uploads\/sites\/6\/2024\/10\/7a1269dc-0be3-4712-8d8a-aafe74b0a4fd.jpg","articleSection":["Centro Juvenil","GA Actividades","GA Noticias","Grupo Amigos","Todas Actividades","Todas las secciones","Todas Noticias"],"inLanguage":"es","potentialAction":[{"@type":"CommentAction","name":"Comment","target":["https:\/\/salesianosmaux.es\/centrojuvenil\/2024\/10\/18\/reunion-de-padres-ga\/#respond"]}]},{"@type":"WebPage","@id":"https:\/\/salesianosmaux.es\/centrojuvenil\/2024\/10\/18\/reunion-de-padres-ga\/","url":"https:\/\/salesianosmaux.es\/centrojuvenil\/2024\/10\/18\/reunion-de-padres-ga\/","name":"Reuni\u00f3n de padres GA - Centro Juvenil Mar\u00eda Auxiliadora","isPartOf":{"@id":"https:\/\/salesianosmaux.es\/centrojuvenil\/#website"},"primaryImageOfPage":{"@id":"https:\/\/salesianosmaux.es\/centrojuvenil\/2024\/10\/18\/reunion-de-padres-ga\/#primaryimage"},"image":{"@id":"https:\/\/salesianosmaux.es\/centrojuvenil\/2024\/10\/18\/reunion-de-padres-ga\/#primaryimage"},"thumbnailUrl":"https:\/\/salesianosmaux.es\/centrojuvenil\/wp-content\/uploads\/sites\/6\/2024\/10\/7a1269dc-0be3-4712-8d8a-aafe74b0a4fd.jpg","datePublished":"2024-10-18T15:43:04+00:00","dateModified":"2024-10-18T17:05:32+00:00","author":{"@id":"https:\/\/salesianosmaux.es\/centrojuvenil\/#\/schema\/person\/2907e7467414eb7c582683323229cfa0"},"breadcrumb":{"@id":"https:\/\/salesianosmaux.es\/centrojuvenil\/2024\/10\/18\/reunion-de-padres-ga\/#breadcrumb"},"inLanguage":"es","potentialAction":[{"@type":"ReadAction","target":["https:\/\/salesianosmaux.es\/centrojuvenil\/2024\/10\/18\/reunion-de-padres-ga\/"]}]},{"@type":"ImageObject","inLanguage":"es","@id":"https:\/\/salesianosmaux.es\/centrojuvenil\/2024\/10\/18\/reunion-de-padres-ga\/#primaryimage","url":"https:\/\/salesianosmaux.es\/centrojuvenil\/wp-content\/uploads\/sites\/6\/2024\/10\/7a1269dc-0be3-4712-8d8a-aafe74b0a4fd.jpg","contentUrl":"https:\/\/salesianosmaux.es\/centrojuvenil\/wp-content\/uploads\/sites\/6\/2024\/10\/7a1269dc-0be3-4712-8d8a-aafe74b0a4fd.jpg","width":776,"height":801},{"@type":"BreadcrumbList","@id":"https:\/\/salesianosmaux.es\/centrojuvenil\/2024\/10\/18\/reunion-de-padres-ga\/#breadcrumb","itemListElement":[{"@type":"ListItem","position":1,"name":"Portada","item":"https:\/\/salesianosmaux.es\/centrojuvenil\/"},{"@type":"ListItem","position":2,"name":"Reuni\u00f3n de padres GA"}]},{"@type":"WebSite","@id":"https:\/\/salesianosmaux.es\/centrojuvenil\/#website","url":"https:\/\/salesianosmaux.es\/centrojuvenil\/","name":"Centro Juvenil Mar\u00eda Auxiliadora","description":"","potentialAction":[{"@type":"SearchAction","target":{"@type":"EntryPoint","urlTemplate":"https:\/\/salesianosmaux.es\/centrojuvenil\/?s={search_term_string}"},"query-input":{"@type":"PropertyValueSpecification","valueRequired":true,"valueName":"search_term_string"}}],"inLanguage":"es"},{"@type":"Person","@id":"https:\/\/salesianosmaux.es\/centrojuvenil\/#\/schema\/person\/2907e7467414eb7c582683323229cfa0","name":"centrojuvenil","image":{"@type":"ImageObject","inLanguage":"es","@id":"https:\/\/secure.gravatar.com\/avatar\/0969b94997d48dd955926fff0eedb1687ec9fd00294a727f82de75614d1751d2?s=96&d=mm&r=g","url":"https:\/\/secure.gravatar.com\/avatar\/0969b94997d48dd955926fff0eedb1687ec9fd00294a727f82de75614d1751d2?s=96&d=mm&r=g","contentUrl":"https:\/\/secure.gravatar.com\/avatar\/0969b94997d48dd955926fff0eedb1687ec9fd00294a727f82de75614d1751d2?s=96&d=mm&r=g","caption":"centrojuvenil"},"url":"https:\/\/salesianosmaux.es\/centrojuvenil\/author\/centrojuvenil\/"}]}},"_links":{"self":[{"href":"https:\/\/salesianosmaux.es\/centrojuvenil\/wp-json\/wp\/v2\/posts\/1491","targetHints":{"allow":["GET"]}}],"collection":[{"href":"https:\/\/salesianosmaux.es\/centrojuvenil\/wp-json\/wp\/v2\/posts"}],"about":[{"href":"https:\/\/salesianosmaux.es\/centrojuvenil\/wp-json\/wp\/v2\/types\/post"}],"author":[{"embeddable":true,"href":"https:\/\/salesianosmaux.es\/centrojuvenil\/wp-json\/wp\/v2\/users\/4"}],"replies":[{"embeddable":true,"href":"https:\/\/salesianosmaux.es\/centrojuvenil\/wp-json\/wp\/v2\/comments?post=1491"}],"version-history":[{"count":4,"href":"https:\/\/salesianosmaux.es\/centrojuvenil\/wp-json\/wp\/v2\/posts\/1491\/revisions"}],"predecessor-version":[{"id":1497,"href":"https:\/\/salesianosmaux.es\/centrojuvenil\/wp-json\/wp\/v2\/posts\/1491\/revisions\/1497"}],"wp:featuredmedia":[{"embeddable":true,"href":"https:\/\/salesianosmaux.es\/centrojuvenil\/wp-json\/wp\/v2\/media\/1492"}],"wp:attachment":[{"href":"https:\/\/salesianosmaux.es\/centrojuvenil\/wp-json\/wp\/v2\/media?parent=1491"}],"wp:term":[{"taxonomy":"category","embeddable":true,"href":"https:\/\/salesianosmaux.es\/centrojuvenil\/wp-json\/wp\/v2\/categories?post=1491"},{"taxonomy":"post_tag","embeddable":true,"href":"https:\/\/salesianosmaux.es\/centrojuvenil\/wp-json\/wp\/v2\/tags?post=1491"}],"curies":[{"name":"wp","href":"https:\/\/api.w.org\/{rel}","templated":true}]}}