{"id":1679,"date":"2025-02-02T22:14:11","date_gmt":"2025-02-02T22:14:11","guid":{"rendered":"https:\/\/salesianosmaux.es\/centrojuvenil\/?p=1679"},"modified":"2025-02-02T22:14:13","modified_gmt":"2025-02-02T22:14:13","slug":"preas-2","status":"publish","type":"post","link":"https:\/\/salesianosmaux.es\/centrojuvenil\/2025\/02\/02\/preas-2\/","title":{"rendered":"PREAS !!"},"content":{"rendered":"\n[et_pb_section fb_built=\u00bb1&#8243; theme_builder_area=\u00bbpost_content\u00bb _builder_version=\u00bb4.27.4&#8243; _module_preset=\u00bbdefault\u00bb][et_pb_row _builder_version=\u00bb4.27.4&#8243; _module_preset=\u00bbdefault\u00bb theme_builder_area=\u00bbpost_content\u00bb][et_pb_column _builder_version=\u00bb4.27.4&#8243; _module_preset=\u00bbdefault\u00bb type=\u00bb4_4&#8243; theme_builder_area=\u00bbpost_content\u00bb][et_pb_text _builder_version=\u00bb4.27.4&#8243; _module_preset=\u00bbdefault\u00bb theme_builder_area=\u00bbpost_content\u00bb hover_enabled=\u00bb0&#8243; sticky_enabled=\u00bb0&#8243;]<p>Buenos d\u00edas familias!! \u2600\ufe0f<\/p>\n<p>Os presentamos ya con Toda la informaci\u00f3n disponible el encuentro de <strong>PREAS<\/strong>.<span class=\"Apple-converted-space\">\u00a0<\/span><\/p>\n<p>&nbsp;<\/p>\n<p>El encuentro de PREAS est\u00e1 planteado para chicos\/as de 11 a 13 a\u00f1os, de <strong>1\u00b0<\/strong> y <strong>2\u00b0<\/strong> de la <strong>ESO<\/strong>, que participen en las actividades de nuestros <strong>CCJJ<\/strong>.<span class=\"Apple-converted-space\">\u00a0<\/span><\/p>\n<p>&nbsp;<\/p>\n<p>Se llevar\u00e1 a cabo los d\u00edas<\/p>\n<p><strong>22 y 23 <\/strong>de<strong> Febrero<\/strong> en<span class=\"Apple-converted-space\">\u00a0<\/span><\/p>\n<p>\ud83d\udccdAr\u00e9valo (\u00c1vila).<span class=\"Apple-converted-space\">\u00a0<\/span><\/p>\n<p>&nbsp;<\/p>\n<p>Es necesario llevar:<\/p>\n<p>&nbsp;<\/p>\n<p>\u2022 Comida para los dos d\u00edas (el desayuno y el pan del domingo se ofrecen all\u00ed)<\/p>\n<p>\u2022 Saco de dormir.<\/p>\n<p>\u2022 Utensilios de higiene personal.<\/p>\n<p>\u2022 Ropa deportiva, ropa de abrigo.<\/p>\n<p>\u2022 Boli y cuaderno personal.<\/p>\n<p>\u2022 Los m\u00f3viles, c\u00e1maras, etc. no son necesarios para este encuentro. S\u00f3lo estar\u00e1 permitido su uso en los momentos de \u00abtiempo libre\u00bb, no haci\u00e9ndonos responsables de su p\u00e9rdida o deterioro.<\/p>\n<p>&nbsp;<\/p>\n<p>La salida ser\u00e1 el s\u00e1bado <strong>22<\/strong> de <strong>febrero<\/strong> por la ma\u00f1ana. (En los d\u00edas previos al encuentro se confirmar\u00e1 la hora de salida desde tu Centro Juvenil.)<\/p>\n<p>El regreso ser\u00e1 el <strong>domingo 23<\/strong> de <strong>febrero<\/strong> se saldr\u00e1 desde<\/p>\n<p>Ar\u00e9valo a las <strong>16:30h<\/strong>.<\/p>\n<p>&nbsp;<\/p>\n<p>Creemos que esta es una actividad muy importante a la vez que especial ya que a ra\u00edz de estos encuentros ir\u00e1n conociendo a chicos y chicas que se volver\u00e1n a encontrar en campamentos en los pr\u00f3ximos a\u00f1os y conocer gente de otros lugares siempre es muy enriquecedor.<span class=\"Apple-converted-space\">\u00a0<\/span><\/p>\n<p>&nbsp;<\/p>\n<p>*<strong>L\u00edmite de inscripci\u00f3n<\/strong>*: 11 de febrero a las 23:59 h \u23f0<\/p>\n<p>*<strong>Precio de la actividad<\/strong>*: 35\u20ac<span class=\"Apple-converted-space\">\u00a0<\/span><\/p>\n<p>&nbsp;<\/p>\n<p>Cualquier consulta no duden en ponerse en contacto con nosotros en el correo del GA.<span class=\"Apple-converted-space\">\u00a0<\/span><\/p>\n<p><a href=\"mailto:Grupoamigoscjmaux@gmail.com\">Grupoamigoscjmaux@gmail.com<\/a><\/p>\n<p>Tambi\u00e9n<span class=\"Apple-converted-space\">\u00a0 <\/span>aprovechamos para informaros sobre la convivencia del GA en el colegio el pr\u00f3ximo finde del <strong>8 al 9 de febrero<\/strong>.<span class=\"Apple-converted-space\">\u00a0<\/span><\/p>\n<p>&nbsp;<\/p>\n<p>La actividad consistir\u00e1 en dormir en el colegio teniendo una agradable convivencia entre todos nosotros. Estar\u00e1 ambientada en <strong>la casa de papel<\/strong> \ud83c\udfdb\ufe0f\ud83d\udcb8\ud83d\udcb8\ud83d\udcb8<\/p>\n<p>&nbsp;<\/p>\n<p>El precio de la actividad ser\u00e1 de<strong> 2\u20ac<\/strong> (b\u00e1sicamente para comprar el desayuno)<span class=\"Apple-converted-space\">\u00a0<\/span><\/p>\n<p>Y la cena de ese d\u00eda la tendr\u00e1 que traer cada uno.<span class=\"Apple-converted-space\">\u00a0<\/span><\/p>\n<p>&nbsp;<\/p>\n<p>Cosa a traer:<span class=\"Apple-converted-space\">\u00a0<\/span><\/p>\n<p>&#8211; esterilla<span class=\"Apple-converted-space\">\u00a0<\/span><\/p>\n<p>&#8211; \u2060saco<span class=\"Apple-converted-space\">\u00a0<\/span><\/p>\n<p>&#8211; \u2060\u00fatiles de aseo<\/p>\n<p>&#8211; \u2060ropa de cambio<span class=\"Apple-converted-space\">\u00a0<\/span><\/p>\n<p>&#8211; \u2060pijama<span class=\"Apple-converted-space\">\u00a0<\/span><\/p>\n<p>&nbsp;<\/p>\n<p>El plazo de inscripci\u00f3n es hasta el d\u00eda <strong>5<\/strong> de <strong>febrero a las 23:59h<\/strong> \u23f0<span class=\"Apple-converted-space\">\u00a0<\/span><\/p>\n<p>&nbsp;<\/p>\n<p>Corre y no pierdas esta incre\u00edble oportunidad de pasar un finde incre\u00edble!! Si lo tienes claro, no lo dejes para el \u00faltimo momento <span>\ud83d\ude0e<\/span><\/p>[\/et_pb_text][\/et_pb_column][\/et_pb_row][\/et_pb_section]\n","protected":false},"excerpt":{"rendered":"<p>Buenos d\u00edas familias!! \u2600\ufe0f<br \/>\nOs presentamos ya con Toda la informaci\u00f3n disponible el encuentro de PREAS. <\/p>\n<p>El encuentro de PREAS est\u00e1 planteado para chicos\/as de 11 a 13 a\u00f1os, de 1\u00b0 y 2\u00b0 de la ESO, que participen en las actividades de nuestros CCJJ. <\/p>\n<p>Se llevar\u00e1 a cabo los d\u00edas<br \/>\n22 y 23 de Febrero en<br \/>\n\ud83d\udccdAr\u00e9valo (\u00c1vila). <\/p>\n<p>Es necesario llevar:<\/p>\n<p>\u2022 Comida para los dos d\u00edas (el desayuno y el pan del domingo se ofrecen all\u00ed)<br \/>\n\u2022 Saco de dormir.<br \/>\n\u2022 Utensilios de higiene personal.<br \/>\n\u2022 Ropa deportiva, ropa de abrigo.<br \/>\n\u2022 Boli y cuaderno personal.<br \/>\n\u2022 Los m\u00f3viles, c\u00e1maras, etc. no son necesarios para este encuentro. S\u00f3lo estar\u00e1 permitido su uso en los momentos de \u00abtiempo libre\u00bb, no haci\u00e9ndonos responsables de su p\u00e9rdida o deterioro.<\/p>\n<p>La salida ser\u00e1 el s\u00e1bado 22 de febrero por la ma\u00f1ana. (En los d\u00edas previos al encuentro se confirmar\u00e1 la hora de salida desde tu Centro Juvenil.)<br \/>\nEl regreso ser\u00e1 el domingo 23 de febrero se saldr\u00e1 desde<br \/>\nAr\u00e9valo a las 16:30h.<\/p>\n<p>Creemos que esta es una actividad muy importante a la vez que especial ya que a ra\u00edz de estos encuentros ir\u00e1n conociendo a chicos y chicas que se volver\u00e1n a encontrar en campamentos en los pr\u00f3ximos a\u00f1os y conocer gente de otros lugares siempre es muy enriquecedor. <\/p>\n<p>*L\u00edmite de inscripci\u00f3n*: 11 de febrero a las 23:59 h \u23f0<br \/>\n*Precio de la actividad*: 35\u20ac <\/p>\n<p>Cualquier consulta no duden en ponerse en contacto con nosotros en el correo del GA.<br \/>\nGrupoamigoscjmaux@gmail.com\u2028\u2028<br \/>\nTambi\u00e9n  aprovechamos para informaros sobre la convivencia del GA en el colegio el pr\u00f3ximo finde del 8 al 9 de febrero. <\/p>\n<p>La actividad consistir\u00e1 en dormir en el colegio teniendo una agradable convivencia entre todos nosotros. Estar\u00e1 ambientada en la casa de papel \ud83c\udfdb\ufe0f\ud83d\udcb8\ud83d\udcb8\ud83d\udcb8<\/p>\n<p>El precio de la actividad ser\u00e1 de 2\u20ac (b\u00e1sicamente para comprar el desayuno)<br \/>\nY la cena de ese d\u00eda la tendr\u00e1 que traer cada uno. <\/p>\n<p>Cosa a traer:<br \/>\n&#8211; esterilla<br \/>\n&#8211; \u2060saco<br \/>\n&#8211; \u2060\u00fatiles de aseo<br \/>\n&#8211; \u2060ropa de cambio<br \/>\n&#8211; \u2060pijama <\/p>\n<p>El plazo de inscripci\u00f3n es hasta el d\u00eda 5 de febrero a las 23:59h \u23f0 <\/p>\n<p>Corre y no pierdas esta incre\u00edble oportunidad de pasar un finde incre\u00edble!! Si lo tienes claro, no lo dejes para el \u00faltimo momento \ud83d\ude0e<\/p>\n","protected":false},"author":4,"featured_media":1680,"comment_status":"open","ping_status":"open","sticky":false,"template":"","format":"standard","meta":{"_et_pb_use_builder":"on","_et_pb_old_content":"","_et_gb_content_width":"","footnotes":""},"categories":[41,33,34,10],"tags":[],"class_list":["post-1679","post","type-post","status-publish","format-standard","has-post-thumbnail","hentry","category-centro-juvenil-2","category-ga-actividades","category-ga-noticias","category-grupo-amigos"],"yoast_head":"<!-- This site is optimized with the Yoast SEO plugin v28.3 - https:\/\/yoast.com\/product\/yoast-seo-wordpress\/ -->\n<title>PREAS !! - Centro Juvenil Mar\u00eda Auxiliadora<\/title>\n<meta name=\"robots\" content=\"index, follow, max-snippet:-1, max-image-preview:large, max-video-preview:-1\" \/>\n<link rel=\"canonical\" href=\"https:\/\/salesianosmaux.es\/centrojuvenil\/2025\/02\/02\/preas-2\/\" \/>\n<meta property=\"og:locale\" content=\"es_ES\" \/>\n<meta property=\"og:type\" content=\"article\" \/>\n<meta property=\"og:title\" content=\"PREAS !! - Centro Juvenil Mar\u00eda Auxiliadora\" \/>\n<meta property=\"og:description\" content=\"Buenos d\u00edas familias!! \u2600\ufe0f Os presentamos ya con Toda la informaci\u00f3n disponible el encuentro de PREAS.  El encuentro de PREAS est\u00e1 planteado para chicos\/as de 11 a 13 a\u00f1os, de 1\u00b0 y 2\u00b0 de la ESO, que participen en las actividades de nuestros CCJJ.  Se llevar\u00e1 a cabo los d\u00edas 22 y 23 de Febrero en \ud83d\udccdAr\u00e9valo (\u00c1vila).  Es necesario llevar: \u2022 Comida para los dos d\u00edas (el desayuno y el pan del domingo se ofrecen all\u00ed) \u2022 Saco de dormir. \u2022 Utensilios de higiene personal. \u2022 Ropa deportiva, ropa de abrigo. \u2022 Boli y cuaderno personal. \u2022 Los m\u00f3viles, c\u00e1maras, etc. no son necesarios para este encuentro. S\u00f3lo estar\u00e1 permitido su uso en los momentos de &quot;tiempo libre&quot;, no haci\u00e9ndonos responsables de su p\u00e9rdida o deterioro. La salida ser\u00e1 el s\u00e1bado 22 de febrero por la ma\u00f1ana. (En los d\u00edas previos al encuentro se confirmar\u00e1 la hora de salida desde tu Centro Juvenil.) El regreso ser\u00e1 el domingo 23 de febrero se saldr\u00e1 desde Ar\u00e9valo a las 16:30h. Creemos que esta es una actividad muy importante a la vez que especial ya que a ra\u00edz de estos encuentros ir\u00e1n conociendo a chicos y chicas que se volver\u00e1n a encontrar en campamentos en los pr\u00f3ximos a\u00f1os y conocer gente de otros lugares siempre es muy enriquecedor.  *L\u00edmite de inscripci\u00f3n*: 11 de febrero a las 23:59 h \u23f0 *Precio de la actividad*: 35\u20ac  Cualquier consulta no duden en ponerse en contacto con nosotros en el correo del GA. Grupoamigoscjmaux@gmail.com\u2028\u2028 Tambi\u00e9n aprovechamos para informaros sobre la convivencia del GA en el colegio el pr\u00f3ximo finde del 8 al 9 de febrero.  La actividad consistir\u00e1 en dormir en el colegio teniendo una agradable convivencia entre todos nosotros. Estar\u00e1 ambientada en la casa de papel \ud83c\udfdb\ufe0f\ud83d\udcb8\ud83d\udcb8\ud83d\udcb8 El precio de la actividad ser\u00e1 de 2\u20ac (b\u00e1sicamente para comprar el desayuno) Y la cena de ese d\u00eda la tendr\u00e1 que traer cada uno.  Cosa a traer: - esterilla - \u2060saco - \u2060\u00fatiles de aseo - \u2060ropa de cambio - \u2060pijama  El plazo de inscripci\u00f3n es hasta el d\u00eda 5 de febrero a las 23:59h \u23f0  Corre y no pierdas esta incre\u00edble oportunidad de pasar un finde incre\u00edble!! Si lo tienes claro, no lo dejes para el \u00faltimo momento \ud83d\ude0e\" \/>\n<meta property=\"og:url\" content=\"https:\/\/salesianosmaux.es\/centrojuvenil\/2025\/02\/02\/preas-2\/\" \/>\n<meta property=\"og:site_name\" content=\"Centro Juvenil Mar\u00eda Auxiliadora\" \/>\n<meta property=\"article:published_time\" content=\"2025-02-02T22:14:11+00:00\" \/>\n<meta property=\"article:modified_time\" content=\"2025-02-02T22:14:13+00:00\" \/>\n<meta property=\"og:image\" content=\"https:\/\/salesianosmaux.es\/centrojuvenil\/wp-content\/uploads\/sites\/6\/2025\/02\/5d4e09c6-4545-481d-a2d7-2186551d9253.jpg\" \/>\n\t<meta property=\"og:image:width\" content=\"1094\" \/>\n\t<meta property=\"og:image:height\" content=\"739\" \/>\n\t<meta property=\"og:image:type\" content=\"image\/jpeg\" \/>\n<meta name=\"author\" content=\"centrojuvenil\" \/>\n<meta name=\"twitter:card\" content=\"summary_large_image\" \/>\n<meta name=\"twitter:label1\" content=\"Escrito por\" \/>\n\t<meta name=\"twitter:data1\" content=\"centrojuvenil\" \/>\n\t<meta name=\"twitter:label2\" content=\"Tiempo de lectura\" \/>\n\t<meta name=\"twitter:data2\" content=\"1 minuto\" \/>\n<script type=\"application\/ld+json\" class=\"yoast-schema-graph\">{\"@context\":\"https:\\\/\\\/schema.org\",\"@graph\":[{\"@type\":\"Article\",\"@id\":\"https:\\\/\\\/salesianosmaux.es\\\/centrojuvenil\\\/2025\\\/02\\\/02\\\/preas-2\\\/#article\",\"isPartOf\":{\"@id\":\"https:\\\/\\\/salesianosmaux.es\\\/centrojuvenil\\\/2025\\\/02\\\/02\\\/preas-2\\\/\"},\"author\":{\"name\":\"centrojuvenil\",\"@id\":\"https:\\\/\\\/salesianosmaux.es\\\/centrojuvenil\\\/#\\\/schema\\\/person\\\/2907e7467414eb7c582683323229cfa0\"},\"headline\":\"PREAS !!\",\"datePublished\":\"2025-02-02T22:14:11+00:00\",\"dateModified\":\"2025-02-02T22:14:13+00:00\",\"mainEntityOfPage\":{\"@id\":\"https:\\\/\\\/salesianosmaux.es\\\/centrojuvenil\\\/2025\\\/02\\\/02\\\/preas-2\\\/\"},\"wordCount\":465,\"commentCount\":0,\"image\":{\"@id\":\"https:\\\/\\\/salesianosmaux.es\\\/centrojuvenil\\\/2025\\\/02\\\/02\\\/preas-2\\\/#primaryimage\"},\"thumbnailUrl\":\"https:\\\/\\\/salesianosmaux.es\\\/centrojuvenil\\\/wp-content\\\/uploads\\\/sites\\\/6\\\/2025\\\/02\\\/5d4e09c6-4545-481d-a2d7-2186551d9253.jpg\",\"articleSection\":[\"Centro Juvenil\",\"GA Actividades\",\"GA Noticias\",\"Grupo Amigos\"],\"inLanguage\":\"es\",\"potentialAction\":[{\"@type\":\"CommentAction\",\"name\":\"Comment\",\"target\":[\"https:\\\/\\\/salesianosmaux.es\\\/centrojuvenil\\\/2025\\\/02\\\/02\\\/preas-2\\\/#respond\"]}]},{\"@type\":\"WebPage\",\"@id\":\"https:\\\/\\\/salesianosmaux.es\\\/centrojuvenil\\\/2025\\\/02\\\/02\\\/preas-2\\\/\",\"url\":\"https:\\\/\\\/salesianosmaux.es\\\/centrojuvenil\\\/2025\\\/02\\\/02\\\/preas-2\\\/\",\"name\":\"PREAS !! - Centro Juvenil Mar\u00eda Auxiliadora\",\"isPartOf\":{\"@id\":\"https:\\\/\\\/salesianosmaux.es\\\/centrojuvenil\\\/#website\"},\"primaryImageOfPage\":{\"@id\":\"https:\\\/\\\/salesianosmaux.es\\\/centrojuvenil\\\/2025\\\/02\\\/02\\\/preas-2\\\/#primaryimage\"},\"image\":{\"@id\":\"https:\\\/\\\/salesianosmaux.es\\\/centrojuvenil\\\/2025\\\/02\\\/02\\\/preas-2\\\/#primaryimage\"},\"thumbnailUrl\":\"https:\\\/\\\/salesianosmaux.es\\\/centrojuvenil\\\/wp-content\\\/uploads\\\/sites\\\/6\\\/2025\\\/02\\\/5d4e09c6-4545-481d-a2d7-2186551d9253.jpg\",\"datePublished\":\"2025-02-02T22:14:11+00:00\",\"dateModified\":\"2025-02-02T22:14:13+00:00\",\"author\":{\"@id\":\"https:\\\/\\\/salesianosmaux.es\\\/centrojuvenil\\\/#\\\/schema\\\/person\\\/2907e7467414eb7c582683323229cfa0\"},\"breadcrumb\":{\"@id\":\"https:\\\/\\\/salesianosmaux.es\\\/centrojuvenil\\\/2025\\\/02\\\/02\\\/preas-2\\\/#breadcrumb\"},\"inLanguage\":\"es\",\"potentialAction\":[{\"@type\":\"ReadAction\",\"target\":[\"https:\\\/\\\/salesianosmaux.es\\\/centrojuvenil\\\/2025\\\/02\\\/02\\\/preas-2\\\/\"]}]},{\"@type\":\"ImageObject\",\"inLanguage\":\"es\",\"@id\":\"https:\\\/\\\/salesianosmaux.es\\\/centrojuvenil\\\/2025\\\/02\\\/02\\\/preas-2\\\/#primaryimage\",\"url\":\"https:\\\/\\\/salesianosmaux.es\\\/centrojuvenil\\\/wp-content\\\/uploads\\\/sites\\\/6\\\/2025\\\/02\\\/5d4e09c6-4545-481d-a2d7-2186551d9253.jpg\",\"contentUrl\":\"https:\\\/\\\/salesianosmaux.es\\\/centrojuvenil\\\/wp-content\\\/uploads\\\/sites\\\/6\\\/2025\\\/02\\\/5d4e09c6-4545-481d-a2d7-2186551d9253.jpg\",\"width\":1094,\"height\":739},{\"@type\":\"BreadcrumbList\",\"@id\":\"https:\\\/\\\/salesianosmaux.es\\\/centrojuvenil\\\/2025\\\/02\\\/02\\\/preas-2\\\/#breadcrumb\",\"itemListElement\":[{\"@type\":\"ListItem\",\"position\":1,\"name\":\"Portada\",\"item\":\"https:\\\/\\\/salesianosmaux.es\\\/centrojuvenil\\\/\"},{\"@type\":\"ListItem\",\"position\":2,\"name\":\"PREAS !!\"}]},{\"@type\":\"WebSite\",\"@id\":\"https:\\\/\\\/salesianosmaux.es\\\/centrojuvenil\\\/#website\",\"url\":\"https:\\\/\\\/salesianosmaux.es\\\/centrojuvenil\\\/\",\"name\":\"Centro Juvenil Mar\u00eda Auxiliadora\",\"description\":\"\",\"potentialAction\":[{\"@type\":\"SearchAction\",\"target\":{\"@type\":\"EntryPoint\",\"urlTemplate\":\"https:\\\/\\\/salesianosmaux.es\\\/centrojuvenil\\\/?s={search_term_string}\"},\"query-input\":{\"@type\":\"PropertyValueSpecification\",\"valueRequired\":true,\"valueName\":\"search_term_string\"}}],\"inLanguage\":\"es\"},{\"@type\":\"Person\",\"@id\":\"https:\\\/\\\/salesianosmaux.es\\\/centrojuvenil\\\/#\\\/schema\\\/person\\\/2907e7467414eb7c582683323229cfa0\",\"name\":\"centrojuvenil\",\"image\":{\"@type\":\"ImageObject\",\"inLanguage\":\"es\",\"@id\":\"https:\\\/\\\/secure.gravatar.com\\\/avatar\\\/0969b94997d48dd955926fff0eedb1687ec9fd00294a727f82de75614d1751d2?s=96&d=mm&r=g\",\"url\":\"https:\\\/\\\/secure.gravatar.com\\\/avatar\\\/0969b94997d48dd955926fff0eedb1687ec9fd00294a727f82de75614d1751d2?s=96&d=mm&r=g\",\"contentUrl\":\"https:\\\/\\\/secure.gravatar.com\\\/avatar\\\/0969b94997d48dd955926fff0eedb1687ec9fd00294a727f82de75614d1751d2?s=96&d=mm&r=g\",\"caption\":\"centrojuvenil\"},\"url\":\"https:\\\/\\\/salesianosmaux.es\\\/centrojuvenil\\\/author\\\/centrojuvenil\\\/\"}]}<\/script>\n<!-- \/ Yoast SEO plugin. -->","yoast_head_json":{"title":"PREAS !! - Centro Juvenil Mar\u00eda Auxiliadora","robots":{"index":"index","follow":"follow","max-snippet":"max-snippet:-1","max-image-preview":"max-image-preview:large","max-video-preview":"max-video-preview:-1"},"canonical":"https:\/\/salesianosmaux.es\/centrojuvenil\/2025\/02\/02\/preas-2\/","og_locale":"es_ES","og_type":"article","og_title":"PREAS !! - Centro Juvenil Mar\u00eda Auxiliadora","og_description":"Buenos d\u00edas familias!! \u2600\ufe0f Os presentamos ya con Toda la informaci\u00f3n disponible el encuentro de PREAS.  El encuentro de PREAS est\u00e1 planteado para chicos\/as de 11 a 13 a\u00f1os, de 1\u00b0 y 2\u00b0 de la ESO, que participen en las actividades de nuestros CCJJ.  Se llevar\u00e1 a cabo los d\u00edas 22 y 23 de Febrero en \ud83d\udccdAr\u00e9valo (\u00c1vila).  Es necesario llevar: \u2022 Comida para los dos d\u00edas (el desayuno y el pan del domingo se ofrecen all\u00ed) \u2022 Saco de dormir. \u2022 Utensilios de higiene personal. \u2022 Ropa deportiva, ropa de abrigo. \u2022 Boli y cuaderno personal. \u2022 Los m\u00f3viles, c\u00e1maras, etc. no son necesarios para este encuentro. S\u00f3lo estar\u00e1 permitido su uso en los momentos de \"tiempo libre\", no haci\u00e9ndonos responsables de su p\u00e9rdida o deterioro. La salida ser\u00e1 el s\u00e1bado 22 de febrero por la ma\u00f1ana. (En los d\u00edas previos al encuentro se confirmar\u00e1 la hora de salida desde tu Centro Juvenil.) El regreso ser\u00e1 el domingo 23 de febrero se saldr\u00e1 desde Ar\u00e9valo a las 16:30h. Creemos que esta es una actividad muy importante a la vez que especial ya que a ra\u00edz de estos encuentros ir\u00e1n conociendo a chicos y chicas que se volver\u00e1n a encontrar en campamentos en los pr\u00f3ximos a\u00f1os y conocer gente de otros lugares siempre es muy enriquecedor.  *L\u00edmite de inscripci\u00f3n*: 11 de febrero a las 23:59 h \u23f0 *Precio de la actividad*: 35\u20ac  Cualquier consulta no duden en ponerse en contacto con nosotros en el correo del GA. Grupoamigoscjmaux@gmail.com\u2028\u2028 Tambi\u00e9n aprovechamos para informaros sobre la convivencia del GA en el colegio el pr\u00f3ximo finde del 8 al 9 de febrero.  La actividad consistir\u00e1 en dormir en el colegio teniendo una agradable convivencia entre todos nosotros. Estar\u00e1 ambientada en la casa de papel \ud83c\udfdb\ufe0f\ud83d\udcb8\ud83d\udcb8\ud83d\udcb8 El precio de la actividad ser\u00e1 de 2\u20ac (b\u00e1sicamente para comprar el desayuno) Y la cena de ese d\u00eda la tendr\u00e1 que traer cada uno.  Cosa a traer: - esterilla - \u2060saco - \u2060\u00fatiles de aseo - \u2060ropa de cambio - \u2060pijama  El plazo de inscripci\u00f3n es hasta el d\u00eda 5 de febrero a las 23:59h \u23f0  Corre y no pierdas esta incre\u00edble oportunidad de pasar un finde incre\u00edble!! Si lo tienes claro, no lo dejes para el \u00faltimo momento \ud83d\ude0e","og_url":"https:\/\/salesianosmaux.es\/centrojuvenil\/2025\/02\/02\/preas-2\/","og_site_name":"Centro Juvenil Mar\u00eda Auxiliadora","article_published_time":"2025-02-02T22:14:11+00:00","article_modified_time":"2025-02-02T22:14:13+00:00","og_image":[{"width":1094,"height":739,"url":"https:\/\/salesianosmaux.es\/centrojuvenil\/wp-content\/uploads\/sites\/6\/2025\/02\/5d4e09c6-4545-481d-a2d7-2186551d9253.jpg","type":"image\/jpeg"}],"author":"centrojuvenil","twitter_card":"summary_large_image","twitter_misc":{"Escrito por":"centrojuvenil","Tiempo de lectura":"1 minuto"},"schema":{"@context":"https:\/\/schema.org","@graph":[{"@type":"Article","@id":"https:\/\/salesianosmaux.es\/centrojuvenil\/2025\/02\/02\/preas-2\/#article","isPartOf":{"@id":"https:\/\/salesianosmaux.es\/centrojuvenil\/2025\/02\/02\/preas-2\/"},"author":{"name":"centrojuvenil","@id":"https:\/\/salesianosmaux.es\/centrojuvenil\/#\/schema\/person\/2907e7467414eb7c582683323229cfa0"},"headline":"PREAS !!","datePublished":"2025-02-02T22:14:11+00:00","dateModified":"2025-02-02T22:14:13+00:00","mainEntityOfPage":{"@id":"https:\/\/salesianosmaux.es\/centrojuvenil\/2025\/02\/02\/preas-2\/"},"wordCount":465,"commentCount":0,"image":{"@id":"https:\/\/salesianosmaux.es\/centrojuvenil\/2025\/02\/02\/preas-2\/#primaryimage"},"thumbnailUrl":"https:\/\/salesianosmaux.es\/centrojuvenil\/wp-content\/uploads\/sites\/6\/2025\/02\/5d4e09c6-4545-481d-a2d7-2186551d9253.jpg","articleSection":["Centro Juvenil","GA Actividades","GA Noticias","Grupo Amigos"],"inLanguage":"es","potentialAction":[{"@type":"CommentAction","name":"Comment","target":["https:\/\/salesianosmaux.es\/centrojuvenil\/2025\/02\/02\/preas-2\/#respond"]}]},{"@type":"WebPage","@id":"https:\/\/salesianosmaux.es\/centrojuvenil\/2025\/02\/02\/preas-2\/","url":"https:\/\/salesianosmaux.es\/centrojuvenil\/2025\/02\/02\/preas-2\/","name":"PREAS !! - Centro Juvenil Mar\u00eda Auxiliadora","isPartOf":{"@id":"https:\/\/salesianosmaux.es\/centrojuvenil\/#website"},"primaryImageOfPage":{"@id":"https:\/\/salesianosmaux.es\/centrojuvenil\/2025\/02\/02\/preas-2\/#primaryimage"},"image":{"@id":"https:\/\/salesianosmaux.es\/centrojuvenil\/2025\/02\/02\/preas-2\/#primaryimage"},"thumbnailUrl":"https:\/\/salesianosmaux.es\/centrojuvenil\/wp-content\/uploads\/sites\/6\/2025\/02\/5d4e09c6-4545-481d-a2d7-2186551d9253.jpg","datePublished":"2025-02-02T22:14:11+00:00","dateModified":"2025-02-02T22:14:13+00:00","author":{"@id":"https:\/\/salesianosmaux.es\/centrojuvenil\/#\/schema\/person\/2907e7467414eb7c582683323229cfa0"},"breadcrumb":{"@id":"https:\/\/salesianosmaux.es\/centrojuvenil\/2025\/02\/02\/preas-2\/#breadcrumb"},"inLanguage":"es","potentialAction":[{"@type":"ReadAction","target":["https:\/\/salesianosmaux.es\/centrojuvenil\/2025\/02\/02\/preas-2\/"]}]},{"@type":"ImageObject","inLanguage":"es","@id":"https:\/\/salesianosmaux.es\/centrojuvenil\/2025\/02\/02\/preas-2\/#primaryimage","url":"https:\/\/salesianosmaux.es\/centrojuvenil\/wp-content\/uploads\/sites\/6\/2025\/02\/5d4e09c6-4545-481d-a2d7-2186551d9253.jpg","contentUrl":"https:\/\/salesianosmaux.es\/centrojuvenil\/wp-content\/uploads\/sites\/6\/2025\/02\/5d4e09c6-4545-481d-a2d7-2186551d9253.jpg","width":1094,"height":739},{"@type":"BreadcrumbList","@id":"https:\/\/salesianosmaux.es\/centrojuvenil\/2025\/02\/02\/preas-2\/#breadcrumb","itemListElement":[{"@type":"ListItem","position":1,"name":"Portada","item":"https:\/\/salesianosmaux.es\/centrojuvenil\/"},{"@type":"ListItem","position":2,"name":"PREAS !!"}]},{"@type":"WebSite","@id":"https:\/\/salesianosmaux.es\/centrojuvenil\/#website","url":"https:\/\/salesianosmaux.es\/centrojuvenil\/","name":"Centro Juvenil Mar\u00eda Auxiliadora","description":"","potentialAction":[{"@type":"SearchAction","target":{"@type":"EntryPoint","urlTemplate":"https:\/\/salesianosmaux.es\/centrojuvenil\/?s={search_term_string}"},"query-input":{"@type":"PropertyValueSpecification","valueRequired":true,"valueName":"search_term_string"}}],"inLanguage":"es"},{"@type":"Person","@id":"https:\/\/salesianosmaux.es\/centrojuvenil\/#\/schema\/person\/2907e7467414eb7c582683323229cfa0","name":"centrojuvenil","image":{"@type":"ImageObject","inLanguage":"es","@id":"https:\/\/secure.gravatar.com\/avatar\/0969b94997d48dd955926fff0eedb1687ec9fd00294a727f82de75614d1751d2?s=96&d=mm&r=g","url":"https:\/\/secure.gravatar.com\/avatar\/0969b94997d48dd955926fff0eedb1687ec9fd00294a727f82de75614d1751d2?s=96&d=mm&r=g","contentUrl":"https:\/\/secure.gravatar.com\/avatar\/0969b94997d48dd955926fff0eedb1687ec9fd00294a727f82de75614d1751d2?s=96&d=mm&r=g","caption":"centrojuvenil"},"url":"https:\/\/salesianosmaux.es\/centrojuvenil\/author\/centrojuvenil\/"}]}},"_links":{"self":[{"href":"https:\/\/salesianosmaux.es\/centrojuvenil\/wp-json\/wp\/v2\/posts\/1679","targetHints":{"allow":["GET"]}}],"collection":[{"href":"https:\/\/salesianosmaux.es\/centrojuvenil\/wp-json\/wp\/v2\/posts"}],"about":[{"href":"https:\/\/salesianosmaux.es\/centrojuvenil\/wp-json\/wp\/v2\/types\/post"}],"author":[{"embeddable":true,"href":"https:\/\/salesianosmaux.es\/centrojuvenil\/wp-json\/wp\/v2\/users\/4"}],"replies":[{"embeddable":true,"href":"https:\/\/salesianosmaux.es\/centrojuvenil\/wp-json\/wp\/v2\/comments?post=1679"}],"version-history":[{"count":3,"href":"https:\/\/salesianosmaux.es\/centrojuvenil\/wp-json\/wp\/v2\/posts\/1679\/revisions"}],"predecessor-version":[{"id":1684,"href":"https:\/\/salesianosmaux.es\/centrojuvenil\/wp-json\/wp\/v2\/posts\/1679\/revisions\/1684"}],"wp:featuredmedia":[{"embeddable":true,"href":"https:\/\/salesianosmaux.es\/centrojuvenil\/wp-json\/wp\/v2\/media\/1680"}],"wp:attachment":[{"href":"https:\/\/salesianosmaux.es\/centrojuvenil\/wp-json\/wp\/v2\/media?parent=1679"}],"wp:term":[{"taxonomy":"category","embeddable":true,"href":"https:\/\/salesianosmaux.es\/centrojuvenil\/wp-json\/wp\/v2\/categories?post=1679"},{"taxonomy":"post_tag","embeddable":true,"href":"https:\/\/salesianosmaux.es\/centrojuvenil\/wp-json\/wp\/v2\/tags?post=1679"}],"curies":[{"name":"wp","href":"https:\/\/api.w.org\/{rel}","templated":true}]}}