{"id":1749,"date":"2025-04-04T13:25:31","date_gmt":"2025-04-04T13:25:31","guid":{"rendered":"https:\/\/salesianosmaux.es\/centrojuvenil\/?p=1749"},"modified":"2025-04-04T13:38:41","modified_gmt":"2025-04-04T13:38:41","slug":"reunion-campa-sj-2","status":"publish","type":"post","link":"https:\/\/salesianosmaux.es\/centrojuvenil\/2025\/04\/04\/reunion-campa-sj-2\/","title":{"rendered":"Reuni\u00f3n Campa SJ"},"content":{"rendered":"\n[et_pb_section fb_built=\u00bb1&#8243; theme_builder_area=\u00bbpost_content\u00bb _builder_version=\u00bb4.27.4&#8243; _module_preset=\u00bbdefault\u00bb][et_pb_row _builder_version=\u00bb4.27.4&#8243; _module_preset=\u00bbdefault\u00bb theme_builder_area=\u00bbpost_content\u00bb][et_pb_column _builder_version=\u00bb4.27.4&#8243; _module_preset=\u00bbdefault\u00bb type=\u00bb4_4&#8243; theme_builder_area=\u00bbpost_content\u00bb][et_pb_text _builder_version=\u00bb4.27.4&#8243; _module_preset=\u00bbdefault\u00bb theme_builder_area=\u00bbpost_content\u00bb hover_enabled=\u00bb0&#8243; sticky_enabled=\u00bb0&#8243;]<p>Queridas familias de la Secci\u00f3n Juvenil:<\/p>\n<p>Ya podemos decir que la actividad m\u00e1s especial de la Secci\u00f3n Juvenil est\u00e1 de vuelta:\u00a0<strong>CAMPAMENTO DE VERANO<\/strong>.<\/p>\n<p><u>(Toda la informaci\u00f3n dada en la reuni\u00f3n, instalaciones, datos de inter\u00e9s, actividades\u2026 se encuentra en el PowerPoint de este misma notica, leerlo con detalle)<\/u><\/p>\n<p>&nbsp;<\/p>\n<p>Las\u00a0fechas\u00a0del campamento ser\u00e1n: del\u00a0<strong>16 al 29 de julio de 2025.<\/strong><\/p>\n<p>Lugar:\u00a0<strong>Orihuela del Tremedal<\/strong>\u00a0(Teruel)<\/p>\n<p>Participantes: de\u00a0<strong>3\u00baESO hasta 2\u00baBACH<\/strong><\/p>\n<p>Precio:\u00a0<strong>SOLO SOCIOS:\u00a0<\/strong><strong>335\u20ac<\/strong><\/p>\n<p>&nbsp;<\/p>\n<p>Todo chico\/a que\u00a0<strong>tenga un hermano<\/strong>\u00a0o m\u00e1s en cualquier secci\u00f3n y vaya a un campamento (CHIGA o\/y SJ)\u00a0<strong>PAGAR\u00c1N 20\u20ac MENOS DEL TOTAL:\u00a0<\/strong><strong>315\u20ac<\/strong><\/p>\n<p>Ahora bien, queremos detallaros muy bien la forma de inscribirse:<\/p>\n<p>&nbsp;<\/p>\n<ol>\n<li>Rellena la inscripci\u00f3n a trav\u00e9s de <strong>BOSCONECTA, la actividad aparecer\u00e1 en rojo con el t\u00edtulo Campamento_Orihuela_2025_Maux_Secci\u00f3n.<\/strong><\/li>\n<\/ol>\n<p>Campos que son obligatorios a rellenar y se van a pedir:<\/p>\n<ul>\n<li>Indica tu Seguro M\u00e9dico y el n\u00b0 de tarjeta<\/li>\n<li>Indica si padece actualmente alguna enfermedad, est\u00e1 en alg\u00fan tratamiento (indicar medicaci\u00f3n que est\u00e1 tomando y posolog\u00eda) o cualquier otra informaci\u00f3n m\u00e9dica relevante que tengamos que tener en cuenta.<\/li>\n<li>Calendario de vacunaciones: Indica (SI o NO) si est\u00e1 al d\u00eda del calendario de vacunaciones para su edad. En caso negativo se pedir\u00e1 copia de la cartilla de vacunaciones actualizada.<\/li>\n<li>Indica tu talla de camiseta<\/li>\n<li>Otras observaciones.<\/li>\n<\/ul>\n<p>&nbsp;<\/p>\n<p>Por favor, es esencial que rellenen correctamente estos campos, y que adem\u00e1s actualicen el perfil del chico\/a si es necesario, en tema enfermedades, alergias\u2026<\/p>\n<p>&nbsp;<\/p>\n<p>\u00bfC\u00f3mo se que estoy dentro? Cuando en tu estado aparezca como <strong>CONFIRMADO<\/strong>.<\/p>\n<p>&nbsp;<\/p>\n<p><strong>Una vez que est\u00e9 confirmado, proceder\u00e1 al pago:<\/strong><\/p>\n<p>Existen dos opciones:<\/p>\n<ul>\n<li>Hacer un primer pago de 50\u20ac, y posteriormente el resto del pago.<\/li>\n<li>Hacer el pago completo.<\/li>\n<\/ul>\n<p>En la cuenta <strong>del CJ Maux\u00a0<\/strong><strong>ES76 0049 5292 1129 1612 3552, <\/strong>indicando\u00a0Nombre y apellidos del participante + Campamento Verano Secci\u00f3n Juvenil. Una vez hecho los pagos, subir el justifante <strong>OBLIGATORIAMENTE<\/strong> al apartado <strong>documentos<\/strong> de Bosconecta.<\/p>\n<p>N\u00famero de chicos:\u00a0<strong>80 PLAZAS<\/strong><\/p>\n<p><strong>*IMPORTANTE*<\/strong>\u00a0Cuando se llegue al tope, se comenzar\u00e1 lista de reserva (en caso de aumentar finalmente n\u00famero de plazas de chicos (probable) y\/o retirada de alg\u00fan chico\/a)<\/p>\n<p>&nbsp;<\/p>\n<p><strong>Muy importante<\/strong>: Preferencia\u00a0<strong>ORDEN DE INSCRIPCI\u00d3N y participaci\u00f3n ACTIVA y POSITIVA en el Centro Juvenil. SOLO SOCIOS.<\/strong><\/p>\n<p>&nbsp;<\/p>\n<p>\u00danicamente se aceptar\u00e1n inscripciones a trav\u00e9s de Bosconecta,\u00a0<strong><u>FECHA L\u00cdMITE DE INSCRIPCI\u00d3N 1 de junio de 2025.<\/u><\/strong><\/p>\n<p>El campamento de verano es una de las mejores experiencias que los chicos y chicas pueden llevar a cabo en el Centro Juvenil, no solo por la todas las actividades que se realizan, sino por todos los valores que se aprenden desde una experiencia creyente.<\/p>\n<p>Adem\u00e1s, el campamento de la Secci\u00f3n Juvenil se realiza con otros Centros Juveniles para potenciar la experiencia al m\u00e1ximo:\u00a0Piza\u00a0(Salamanca),\u00a0PuertoBosco\u00a0(Puertollano) y Paseo de Extremadura (Madrid).<\/p>\n<p>&nbsp;<\/p>\n<p><strong>Muy importante leer atentamente la inscripci\u00f3n, y rellenar TODOS los datos\u00a0que\u00a0se\u00a0piden.\u00a0<\/strong><\/p>\n<p>&nbsp;<\/p>\n<p>Por nuestra parte, esto es todo. Esperamos haberles sido de ayuda, y cualquier duda que les puedan ir surgiendo, estamos disponibles por el correo de la Secci\u00f3n Juvenil (<a href=\"mailto:seccionjuvenil.cjmaux@gmail.com\">seccionjuvenil.cjmaux@gmail.com<\/a>) y RR.SS.<\/p>\n<p>&nbsp;<\/p>\n<p>Recordamos, toda la informaci\u00f3n est\u00e1 en el PowerPoint.<\/p>\n<p>&nbsp;<\/p>\n<p>Atentamente,<\/p>\n<p>El equipo de animadores de la Secci\u00f3n Juvenil.<\/p>\n<p>&nbsp;<\/p>[\/et_pb_text][et_pb_blurb title=\u00bbDescarga el PPT\u00bb _builder_version=\u00bb4.27.4&#8243; _module_preset=\u00bbdefault\u00bb theme_builder_area=\u00bbpost_content\u00bb use_icon=\u00bbon\u00bb font_icon=\u00bb&#xf1c1;||fa||900&#8243; url=\u00bbhttps:\/\/drive.google.com\/file\/d\/1VzxRgZ-lYQa0z7UoerY7vmdHujVJzkrx\/view?usp=sharing\u00bb hover_enabled=\u00bb0&#8243; sticky_enabled=\u00bb0&#8243;][\/et_pb_blurb][\/et_pb_column][\/et_pb_row][\/et_pb_section]\n","protected":false},"excerpt":{"rendered":"<p>Queridas familias de la Secci\u00f3n Juvenil: Ya podemos decir que la actividad m\u00e1s especial de la Secci\u00f3n Juvenil est\u00e1 de vuelta:\u00a0CAMPAMENTO DE VERANO. (Toda la informaci\u00f3n dada en la reuni\u00f3n, instalaciones, datos de inter\u00e9s, actividades\u2026 se encuentra en el PowerPoint de este misma notica, leerlo con detalle) &nbsp; Las\u00a0fechas\u00a0del campamento ser\u00e1n: del\u00a016 al 29 de [&hellip;]<\/p>\n","protected":false},"author":4,"featured_media":1754,"comment_status":"open","ping_status":"open","sticky":false,"template":"","format":"standard","meta":{"_et_pb_use_builder":"on","_et_pb_old_content":"","_et_gb_content_width":"","footnotes":""},"categories":[41,11,35,36,37,9,38],"tags":[],"class_list":["post-1749","post","type-post","status-publish","format-standard","has-post-thumbnail","hentry","category-centro-juvenil-2","category-seccion-juvenil","category-sj-actividades","category-sj-noticias","category-actividades","category-centro-juvenil","category-noticias"],"yoast_head":"<!-- This site is optimized with the Yoast SEO plugin v28.3 - https:\/\/yoast.com\/product\/yoast-seo-wordpress\/ -->\n<title>Reuni\u00f3n Campa SJ - Centro Juvenil Mar\u00eda Auxiliadora<\/title>\n<meta name=\"robots\" content=\"index, follow, max-snippet:-1, max-image-preview:large, max-video-preview:-1\" \/>\n<link rel=\"canonical\" href=\"https:\/\/salesianosmaux.es\/centrojuvenil\/2025\/04\/04\/reunion-campa-sj-2\/\" \/>\n<meta property=\"og:locale\" content=\"es_ES\" \/>\n<meta property=\"og:type\" content=\"article\" \/>\n<meta property=\"og:title\" content=\"Reuni\u00f3n Campa SJ - Centro Juvenil Mar\u00eda Auxiliadora\" \/>\n<meta property=\"og:description\" content=\"Te puede interesar...\" \/>\n<meta property=\"og:url\" content=\"https:\/\/salesianosmaux.es\/centrojuvenil\/2025\/04\/04\/reunion-campa-sj-2\/\" \/>\n<meta property=\"og:site_name\" content=\"Centro Juvenil Mar\u00eda Auxiliadora\" \/>\n<meta property=\"article:published_time\" content=\"2025-04-04T13:25:31+00:00\" \/>\n<meta property=\"article:modified_time\" content=\"2025-04-04T13:38:41+00:00\" \/>\n<meta property=\"og:image\" content=\"https:\/\/salesianosmaux.es\/centrojuvenil\/wp-content\/uploads\/sites\/6\/2025\/04\/Imagen-de-WhatsApp-2025-04-04-a-las-15.33.07_c7c34241.jpg\" \/>\n\t<meta property=\"og:image:width\" content=\"1080\" \/>\n\t<meta property=\"og:image:height\" content=\"1350\" \/>\n\t<meta property=\"og:image:type\" content=\"image\/jpeg\" \/>\n<meta name=\"author\" content=\"centrojuvenil\" \/>\n<meta name=\"twitter:card\" content=\"summary_large_image\" \/>\n<meta name=\"twitter:label1\" content=\"Escrito por\" \/>\n\t<meta name=\"twitter:data1\" content=\"centrojuvenil\" \/>\n\t<meta name=\"twitter:label2\" content=\"Tiempo de lectura\" \/>\n\t<meta name=\"twitter:data2\" content=\"3 minutos\" \/>\n<script type=\"application\/ld+json\" class=\"yoast-schema-graph\">{\"@context\":\"https:\\\/\\\/schema.org\",\"@graph\":[{\"@type\":\"Article\",\"@id\":\"https:\\\/\\\/salesianosmaux.es\\\/centrojuvenil\\\/2025\\\/04\\\/04\\\/reunion-campa-sj-2\\\/#article\",\"isPartOf\":{\"@id\":\"https:\\\/\\\/salesianosmaux.es\\\/centrojuvenil\\\/2025\\\/04\\\/04\\\/reunion-campa-sj-2\\\/\"},\"author\":{\"name\":\"centrojuvenil\",\"@id\":\"https:\\\/\\\/salesianosmaux.es\\\/centrojuvenil\\\/#\\\/schema\\\/person\\\/2907e7467414eb7c582683323229cfa0\"},\"headline\":\"Reuni\u00f3n Campa SJ\",\"datePublished\":\"2025-04-04T13:25:31+00:00\",\"dateModified\":\"2025-04-04T13:38:41+00:00\",\"mainEntityOfPage\":{\"@id\":\"https:\\\/\\\/salesianosmaux.es\\\/centrojuvenil\\\/2025\\\/04\\\/04\\\/reunion-campa-sj-2\\\/\"},\"wordCount\":683,\"commentCount\":0,\"image\":{\"@id\":\"https:\\\/\\\/salesianosmaux.es\\\/centrojuvenil\\\/2025\\\/04\\\/04\\\/reunion-campa-sj-2\\\/#primaryimage\"},\"thumbnailUrl\":\"https:\\\/\\\/salesianosmaux.es\\\/centrojuvenil\\\/wp-content\\\/uploads\\\/sites\\\/6\\\/2025\\\/04\\\/Imagen-de-WhatsApp-2025-04-04-a-las-15.33.07_c7c34241.jpg\",\"articleSection\":[\"Centro Juvenil\",\"Secci\u00f3n Juvenil\",\"SJ Actividades\",\"SJ Noticias\",\"Todas Actividades\",\"Todas las secciones\",\"Todas Noticias\"],\"inLanguage\":\"es\",\"potentialAction\":[{\"@type\":\"CommentAction\",\"name\":\"Comment\",\"target\":[\"https:\\\/\\\/salesianosmaux.es\\\/centrojuvenil\\\/2025\\\/04\\\/04\\\/reunion-campa-sj-2\\\/#respond\"]}]},{\"@type\":\"WebPage\",\"@id\":\"https:\\\/\\\/salesianosmaux.es\\\/centrojuvenil\\\/2025\\\/04\\\/04\\\/reunion-campa-sj-2\\\/\",\"url\":\"https:\\\/\\\/salesianosmaux.es\\\/centrojuvenil\\\/2025\\\/04\\\/04\\\/reunion-campa-sj-2\\\/\",\"name\":\"Reuni\u00f3n Campa SJ - Centro Juvenil Mar\u00eda Auxiliadora\",\"isPartOf\":{\"@id\":\"https:\\\/\\\/salesianosmaux.es\\\/centrojuvenil\\\/#website\"},\"primaryImageOfPage\":{\"@id\":\"https:\\\/\\\/salesianosmaux.es\\\/centrojuvenil\\\/2025\\\/04\\\/04\\\/reunion-campa-sj-2\\\/#primaryimage\"},\"image\":{\"@id\":\"https:\\\/\\\/salesianosmaux.es\\\/centrojuvenil\\\/2025\\\/04\\\/04\\\/reunion-campa-sj-2\\\/#primaryimage\"},\"thumbnailUrl\":\"https:\\\/\\\/salesianosmaux.es\\\/centrojuvenil\\\/wp-content\\\/uploads\\\/sites\\\/6\\\/2025\\\/04\\\/Imagen-de-WhatsApp-2025-04-04-a-las-15.33.07_c7c34241.jpg\",\"datePublished\":\"2025-04-04T13:25:31+00:00\",\"dateModified\":\"2025-04-04T13:38:41+00:00\",\"author\":{\"@id\":\"https:\\\/\\\/salesianosmaux.es\\\/centrojuvenil\\\/#\\\/schema\\\/person\\\/2907e7467414eb7c582683323229cfa0\"},\"breadcrumb\":{\"@id\":\"https:\\\/\\\/salesianosmaux.es\\\/centrojuvenil\\\/2025\\\/04\\\/04\\\/reunion-campa-sj-2\\\/#breadcrumb\"},\"inLanguage\":\"es\",\"potentialAction\":[{\"@type\":\"ReadAction\",\"target\":[\"https:\\\/\\\/salesianosmaux.es\\\/centrojuvenil\\\/2025\\\/04\\\/04\\\/reunion-campa-sj-2\\\/\"]}]},{\"@type\":\"ImageObject\",\"inLanguage\":\"es\",\"@id\":\"https:\\\/\\\/salesianosmaux.es\\\/centrojuvenil\\\/2025\\\/04\\\/04\\\/reunion-campa-sj-2\\\/#primaryimage\",\"url\":\"https:\\\/\\\/salesianosmaux.es\\\/centrojuvenil\\\/wp-content\\\/uploads\\\/sites\\\/6\\\/2025\\\/04\\\/Imagen-de-WhatsApp-2025-04-04-a-las-15.33.07_c7c34241.jpg\",\"contentUrl\":\"https:\\\/\\\/salesianosmaux.es\\\/centrojuvenil\\\/wp-content\\\/uploads\\\/sites\\\/6\\\/2025\\\/04\\\/Imagen-de-WhatsApp-2025-04-04-a-las-15.33.07_c7c34241.jpg\",\"width\":1080,\"height\":1350},{\"@type\":\"BreadcrumbList\",\"@id\":\"https:\\\/\\\/salesianosmaux.es\\\/centrojuvenil\\\/2025\\\/04\\\/04\\\/reunion-campa-sj-2\\\/#breadcrumb\",\"itemListElement\":[{\"@type\":\"ListItem\",\"position\":1,\"name\":\"Portada\",\"item\":\"https:\\\/\\\/salesianosmaux.es\\\/centrojuvenil\\\/\"},{\"@type\":\"ListItem\",\"position\":2,\"name\":\"Reuni\u00f3n Campa SJ\"}]},{\"@type\":\"WebSite\",\"@id\":\"https:\\\/\\\/salesianosmaux.es\\\/centrojuvenil\\\/#website\",\"url\":\"https:\\\/\\\/salesianosmaux.es\\\/centrojuvenil\\\/\",\"name\":\"Centro Juvenil Mar\u00eda Auxiliadora\",\"description\":\"\",\"potentialAction\":[{\"@type\":\"SearchAction\",\"target\":{\"@type\":\"EntryPoint\",\"urlTemplate\":\"https:\\\/\\\/salesianosmaux.es\\\/centrojuvenil\\\/?s={search_term_string}\"},\"query-input\":{\"@type\":\"PropertyValueSpecification\",\"valueRequired\":true,\"valueName\":\"search_term_string\"}}],\"inLanguage\":\"es\"},{\"@type\":\"Person\",\"@id\":\"https:\\\/\\\/salesianosmaux.es\\\/centrojuvenil\\\/#\\\/schema\\\/person\\\/2907e7467414eb7c582683323229cfa0\",\"name\":\"centrojuvenil\",\"image\":{\"@type\":\"ImageObject\",\"inLanguage\":\"es\",\"@id\":\"https:\\\/\\\/secure.gravatar.com\\\/avatar\\\/0969b94997d48dd955926fff0eedb1687ec9fd00294a727f82de75614d1751d2?s=96&d=mm&r=g\",\"url\":\"https:\\\/\\\/secure.gravatar.com\\\/avatar\\\/0969b94997d48dd955926fff0eedb1687ec9fd00294a727f82de75614d1751d2?s=96&d=mm&r=g\",\"contentUrl\":\"https:\\\/\\\/secure.gravatar.com\\\/avatar\\\/0969b94997d48dd955926fff0eedb1687ec9fd00294a727f82de75614d1751d2?s=96&d=mm&r=g\",\"caption\":\"centrojuvenil\"},\"url\":\"https:\\\/\\\/salesianosmaux.es\\\/centrojuvenil\\\/author\\\/centrojuvenil\\\/\"}]}<\/script>\n<!-- \/ Yoast SEO plugin. -->","yoast_head_json":{"title":"Reuni\u00f3n Campa SJ - Centro Juvenil Mar\u00eda Auxiliadora","robots":{"index":"index","follow":"follow","max-snippet":"max-snippet:-1","max-image-preview":"max-image-preview:large","max-video-preview":"max-video-preview:-1"},"canonical":"https:\/\/salesianosmaux.es\/centrojuvenil\/2025\/04\/04\/reunion-campa-sj-2\/","og_locale":"es_ES","og_type":"article","og_title":"Reuni\u00f3n Campa SJ - Centro Juvenil Mar\u00eda Auxiliadora","og_description":"Te puede interesar...","og_url":"https:\/\/salesianosmaux.es\/centrojuvenil\/2025\/04\/04\/reunion-campa-sj-2\/","og_site_name":"Centro Juvenil Mar\u00eda Auxiliadora","article_published_time":"2025-04-04T13:25:31+00:00","article_modified_time":"2025-04-04T13:38:41+00:00","og_image":[{"width":1080,"height":1350,"url":"https:\/\/salesianosmaux.es\/centrojuvenil\/wp-content\/uploads\/sites\/6\/2025\/04\/Imagen-de-WhatsApp-2025-04-04-a-las-15.33.07_c7c34241.jpg","type":"image\/jpeg"}],"author":"centrojuvenil","twitter_card":"summary_large_image","twitter_misc":{"Escrito por":"centrojuvenil","Tiempo de lectura":"3 minutos"},"schema":{"@context":"https:\/\/schema.org","@graph":[{"@type":"Article","@id":"https:\/\/salesianosmaux.es\/centrojuvenil\/2025\/04\/04\/reunion-campa-sj-2\/#article","isPartOf":{"@id":"https:\/\/salesianosmaux.es\/centrojuvenil\/2025\/04\/04\/reunion-campa-sj-2\/"},"author":{"name":"centrojuvenil","@id":"https:\/\/salesianosmaux.es\/centrojuvenil\/#\/schema\/person\/2907e7467414eb7c582683323229cfa0"},"headline":"Reuni\u00f3n Campa SJ","datePublished":"2025-04-04T13:25:31+00:00","dateModified":"2025-04-04T13:38:41+00:00","mainEntityOfPage":{"@id":"https:\/\/salesianosmaux.es\/centrojuvenil\/2025\/04\/04\/reunion-campa-sj-2\/"},"wordCount":683,"commentCount":0,"image":{"@id":"https:\/\/salesianosmaux.es\/centrojuvenil\/2025\/04\/04\/reunion-campa-sj-2\/#primaryimage"},"thumbnailUrl":"https:\/\/salesianosmaux.es\/centrojuvenil\/wp-content\/uploads\/sites\/6\/2025\/04\/Imagen-de-WhatsApp-2025-04-04-a-las-15.33.07_c7c34241.jpg","articleSection":["Centro Juvenil","Secci\u00f3n Juvenil","SJ Actividades","SJ Noticias","Todas Actividades","Todas las secciones","Todas Noticias"],"inLanguage":"es","potentialAction":[{"@type":"CommentAction","name":"Comment","target":["https:\/\/salesianosmaux.es\/centrojuvenil\/2025\/04\/04\/reunion-campa-sj-2\/#respond"]}]},{"@type":"WebPage","@id":"https:\/\/salesianosmaux.es\/centrojuvenil\/2025\/04\/04\/reunion-campa-sj-2\/","url":"https:\/\/salesianosmaux.es\/centrojuvenil\/2025\/04\/04\/reunion-campa-sj-2\/","name":"Reuni\u00f3n Campa SJ - Centro Juvenil Mar\u00eda Auxiliadora","isPartOf":{"@id":"https:\/\/salesianosmaux.es\/centrojuvenil\/#website"},"primaryImageOfPage":{"@id":"https:\/\/salesianosmaux.es\/centrojuvenil\/2025\/04\/04\/reunion-campa-sj-2\/#primaryimage"},"image":{"@id":"https:\/\/salesianosmaux.es\/centrojuvenil\/2025\/04\/04\/reunion-campa-sj-2\/#primaryimage"},"thumbnailUrl":"https:\/\/salesianosmaux.es\/centrojuvenil\/wp-content\/uploads\/sites\/6\/2025\/04\/Imagen-de-WhatsApp-2025-04-04-a-las-15.33.07_c7c34241.jpg","datePublished":"2025-04-04T13:25:31+00:00","dateModified":"2025-04-04T13:38:41+00:00","author":{"@id":"https:\/\/salesianosmaux.es\/centrojuvenil\/#\/schema\/person\/2907e7467414eb7c582683323229cfa0"},"breadcrumb":{"@id":"https:\/\/salesianosmaux.es\/centrojuvenil\/2025\/04\/04\/reunion-campa-sj-2\/#breadcrumb"},"inLanguage":"es","potentialAction":[{"@type":"ReadAction","target":["https:\/\/salesianosmaux.es\/centrojuvenil\/2025\/04\/04\/reunion-campa-sj-2\/"]}]},{"@type":"ImageObject","inLanguage":"es","@id":"https:\/\/salesianosmaux.es\/centrojuvenil\/2025\/04\/04\/reunion-campa-sj-2\/#primaryimage","url":"https:\/\/salesianosmaux.es\/centrojuvenil\/wp-content\/uploads\/sites\/6\/2025\/04\/Imagen-de-WhatsApp-2025-04-04-a-las-15.33.07_c7c34241.jpg","contentUrl":"https:\/\/salesianosmaux.es\/centrojuvenil\/wp-content\/uploads\/sites\/6\/2025\/04\/Imagen-de-WhatsApp-2025-04-04-a-las-15.33.07_c7c34241.jpg","width":1080,"height":1350},{"@type":"BreadcrumbList","@id":"https:\/\/salesianosmaux.es\/centrojuvenil\/2025\/04\/04\/reunion-campa-sj-2\/#breadcrumb","itemListElement":[{"@type":"ListItem","position":1,"name":"Portada","item":"https:\/\/salesianosmaux.es\/centrojuvenil\/"},{"@type":"ListItem","position":2,"name":"Reuni\u00f3n Campa SJ"}]},{"@type":"WebSite","@id":"https:\/\/salesianosmaux.es\/centrojuvenil\/#website","url":"https:\/\/salesianosmaux.es\/centrojuvenil\/","name":"Centro Juvenil Mar\u00eda Auxiliadora","description":"","potentialAction":[{"@type":"SearchAction","target":{"@type":"EntryPoint","urlTemplate":"https:\/\/salesianosmaux.es\/centrojuvenil\/?s={search_term_string}"},"query-input":{"@type":"PropertyValueSpecification","valueRequired":true,"valueName":"search_term_string"}}],"inLanguage":"es"},{"@type":"Person","@id":"https:\/\/salesianosmaux.es\/centrojuvenil\/#\/schema\/person\/2907e7467414eb7c582683323229cfa0","name":"centrojuvenil","image":{"@type":"ImageObject","inLanguage":"es","@id":"https:\/\/secure.gravatar.com\/avatar\/0969b94997d48dd955926fff0eedb1687ec9fd00294a727f82de75614d1751d2?s=96&d=mm&r=g","url":"https:\/\/secure.gravatar.com\/avatar\/0969b94997d48dd955926fff0eedb1687ec9fd00294a727f82de75614d1751d2?s=96&d=mm&r=g","contentUrl":"https:\/\/secure.gravatar.com\/avatar\/0969b94997d48dd955926fff0eedb1687ec9fd00294a727f82de75614d1751d2?s=96&d=mm&r=g","caption":"centrojuvenil"},"url":"https:\/\/salesianosmaux.es\/centrojuvenil\/author\/centrojuvenil\/"}]}},"_links":{"self":[{"href":"https:\/\/salesianosmaux.es\/centrojuvenil\/wp-json\/wp\/v2\/posts\/1749","targetHints":{"allow":["GET"]}}],"collection":[{"href":"https:\/\/salesianosmaux.es\/centrojuvenil\/wp-json\/wp\/v2\/posts"}],"about":[{"href":"https:\/\/salesianosmaux.es\/centrojuvenil\/wp-json\/wp\/v2\/types\/post"}],"author":[{"embeddable":true,"href":"https:\/\/salesianosmaux.es\/centrojuvenil\/wp-json\/wp\/v2\/users\/4"}],"replies":[{"embeddable":true,"href":"https:\/\/salesianosmaux.es\/centrojuvenil\/wp-json\/wp\/v2\/comments?post=1749"}],"version-history":[{"count":3,"href":"https:\/\/salesianosmaux.es\/centrojuvenil\/wp-json\/wp\/v2\/posts\/1749\/revisions"}],"predecessor-version":[{"id":1755,"href":"https:\/\/salesianosmaux.es\/centrojuvenil\/wp-json\/wp\/v2\/posts\/1749\/revisions\/1755"}],"wp:featuredmedia":[{"embeddable":true,"href":"https:\/\/salesianosmaux.es\/centrojuvenil\/wp-json\/wp\/v2\/media\/1754"}],"wp:attachment":[{"href":"https:\/\/salesianosmaux.es\/centrojuvenil\/wp-json\/wp\/v2\/media?parent=1749"}],"wp:term":[{"taxonomy":"category","embeddable":true,"href":"https:\/\/salesianosmaux.es\/centrojuvenil\/wp-json\/wp\/v2\/categories?post=1749"},{"taxonomy":"post_tag","embeddable":true,"href":"https:\/\/salesianosmaux.es\/centrojuvenil\/wp-json\/wp\/v2\/tags?post=1749"}],"curies":[{"name":"wp","href":"https:\/\/api.w.org\/{rel}","templated":true}]}}