{"id":1769,"date":"2025-05-06T14:24:45","date_gmt":"2025-05-06T14:24:45","guid":{"rendered":"https:\/\/salesianosmaux.es\/centrojuvenil\/?p=1769"},"modified":"2025-05-06T14:25:38","modified_gmt":"2025-05-06T14:25:38","slug":"fiesta-de-graduacion-grupo-amigos","status":"publish","type":"post","link":"https:\/\/salesianosmaux.es\/centrojuvenil\/2025\/05\/06\/fiesta-de-graduacion-grupo-amigos\/","title":{"rendered":"Fiesta de Graduaci\u00f3n\/Grupo Amigos"},"content":{"rendered":"\n[et_pb_section fb_built=\u00bb1&#8243; theme_builder_area=\u00bbpost_content\u00bb _builder_version=\u00bb4.27.4&#8243; _module_preset=\u00bbdefault\u00bb][et_pb_row _builder_version=\u00bb4.27.4&#8243; _module_preset=\u00bbdefault\u00bb theme_builder_area=\u00bbpost_content\u00bb][et_pb_column _builder_version=\u00bb4.27.4&#8243; _module_preset=\u00bbdefault\u00bb type=\u00bb4_4&#8243; theme_builder_area=\u00bbpost_content\u00bb][et_pb_text _builder_version=\u00bb4.27.4&#8243; _module_preset=\u00bbdefault\u00bb theme_builder_area=\u00bbpost_content\u00bb hover_enabled=\u00bb0&#8243; sticky_enabled=\u00bb0&#8243;]<p>Estimadas familias del <strong>Grupo Amigos<\/strong>,<\/p>\n<p>Este curso escolar llega a su fin y, con ello, nuestros compa\u00f1eros de 2\u00ba ESO se despiden para dar paso a la Secci\u00f3n Juvenil. \u00a1Y qu\u00e9 mejor forma de celebrarlo que con una <strong>FIESTA DE GRADUACI\u00d3N!<\/strong>\ud83c\udf93<\/p>\n<p>\ud83d\udcc6 Tendr\u00e1 lugar el<strong> S\u00c1BADO 10 de mayo<\/strong><br \/>\ud83d\udd52 Horario de <strong>21:30h a 00:30h<\/strong><br \/>\ud83d\udc54 Tem\u00e1tica de vestimenta: <strong>IBICENCA<\/strong>. \u00a1As\u00ed que prep\u00e1rense para lucir impolutos!<\/p>\n<p>Tendremos juegos, m\u00fasica, baile y la imposici\u00f3n de las orlas de graduaci\u00f3n.<\/p>\n<p>Importante:<br \/><strong>&#8211;<\/strong> Los chicxs deben venir <strong>cenados<\/strong>, ya que la actividad comenzar\u00e1 directamente a las 21:30h.<br \/><strong>&#8211;<\/strong> La inscripci\u00f3n ya est\u00e1 abierta en Bosconecta y permanecer\u00e1 abierta hasta el <strong>jueves 8 de mayo a las 23:59h<\/strong>.<br \/><strong>&#8211;<\/strong> La actividad es <strong>gratuita<\/strong>, pero es necesario inscribirse para asegurar la asistencia.<\/p>\n<p>\u00a1Que no se pierdan esta oportunidad de celebrar juntos el fin de curso y la graduaci\u00f3n de sus compa\u00f1eros! Esperamos verlos a todos all\u00ed.<\/p>\n<p>\u00a1Y felicidades a nuestros graduados!\u2728<\/p>[\/et_pb_text][\/et_pb_column][\/et_pb_row][et_pb_row _builder_version=\u00bb4.27.4&#8243; _module_preset=\u00bbdefault\u00bb theme_builder_area=\u00bbpost_content\u00bb][et_pb_column _builder_version=\u00bb4.27.4&#8243; _module_preset=\u00bbdefault\u00bb type=\u00bb4_4&#8243; theme_builder_area=\u00bbpost_content\u00bb][et_pb_countdown_timer title=\u00bbCuenta atras para apuntarse!!\u00bb _builder_version=\u00bb4.27.4&#8243; _module_preset=\u00bbdefault\u00bb theme_builder_area=\u00bbpost_content\u00bb date_time=\u00bb2025-05-08 23:59&#8243; hover_enabled=\u00bb0&#8243; sticky_enabled=\u00bb0&#8243;][\/et_pb_countdown_timer][\/et_pb_column][\/et_pb_row][\/et_pb_section]\n","protected":false},"excerpt":{"rendered":"<p>Fiesta de Graduaci\u00f3n del Grupo Amigos<\/p>\n<p>Estimadas familias del Grupo Amigos,<\/p>\n<p>Este curso escolar llega a su fin y, con ello, nuestros compa\u00f1eros de 2\u00ba ESO se despiden para dar paso a la Secci\u00f3n Juvenil. \u00a1Y qu\u00e9 mejor forma de celebrarlo que con una FIESTA DE GRADUACI\u00d3N!\ud83c\udf93<\/p>\n<p>\ud83d\udcc6 Tendr\u00e1 lugar el S\u00c1BADO 10 de mayo<br \/>\n\ud83d\udd52 Horario de 21:30h a 00:30h<br \/>\n\ud83d\udc54 Tem\u00e1tica de vestimenta: IBICENCA. \u00a1As\u00ed que prep\u00e1rense para lucir impolutos!<\/p>\n<p>Tendremos juegos, m\u00fasica, baile y la imposici\u00f3n de las orlas de graduaci\u00f3n.<\/p>\n<p>Importante:<br \/>\n&#8211; Los chicxs deben venir cenados, ya que la actividad comenzar\u00e1 directamente a las 21:30h.<br \/>\n&#8211; La inscripci\u00f3n ya est\u00e1 abierta en Bosconecta y permanecer\u00e1 abierta hasta el jueves 8 de mayo a las 23:59h.<br \/>\n&#8211; La actividad es gratuita, pero es necesario inscribirse para asegurar la asistencia.<\/p>\n<p>\u00a1Que no se pierdan esta oportunidad de celebrar juntos el fin de curso y la graduaci\u00f3n de sus compa\u00f1eros! Esperamos verlos a todos all\u00ed.<\/p>\n<p>\u00a1Y felicidades a nuestros graduados!\u2728<\/p>\n","protected":false},"author":4,"featured_media":1770,"comment_status":"open","ping_status":"open","sticky":false,"template":"","format":"standard","meta":{"_et_pb_use_builder":"on","_et_pb_old_content":"","_et_gb_content_width":"","footnotes":""},"categories":[41,33,34,10],"tags":[],"class_list":["post-1769","post","type-post","status-publish","format-standard","has-post-thumbnail","hentry","category-centro-juvenil-2","category-ga-actividades","category-ga-noticias","category-grupo-amigos"],"yoast_head":"<!-- This site is optimized with the Yoast SEO plugin v28.3 - https:\/\/yoast.com\/product\/yoast-seo-wordpress\/ -->\n<title>Fiesta de Graduaci\u00f3n\/Grupo Amigos - Centro Juvenil Mar\u00eda Auxiliadora<\/title>\n<meta name=\"robots\" content=\"index, follow, max-snippet:-1, max-image-preview:large, max-video-preview:-1\" \/>\n<link rel=\"canonical\" href=\"https:\/\/salesianosmaux.es\/centrojuvenil\/2025\/05\/06\/fiesta-de-graduacion-grupo-amigos\/\" \/>\n<meta property=\"og:locale\" content=\"es_ES\" \/>\n<meta property=\"og:type\" content=\"article\" \/>\n<meta property=\"og:title\" content=\"Fiesta de Graduaci\u00f3n\/Grupo Amigos - Centro Juvenil Mar\u00eda Auxiliadora\" \/>\n<meta property=\"og:description\" content=\"Fiesta de Graduaci\u00f3n del Grupo Amigos Estimadas familias del Grupo Amigos, Este curso escolar llega a su fin y, con ello, nuestros compa\u00f1eros de 2\u00ba ESO se despiden para dar paso a la Secci\u00f3n Juvenil. \u00a1Y qu\u00e9 mejor forma de celebrarlo que con una FIESTA DE GRADUACI\u00d3N!\ud83c\udf93 \ud83d\udcc6 Tendr\u00e1 lugar el S\u00c1BADO 10 de mayo \ud83d\udd52 Horario de 21:30h a 00:30h \ud83d\udc54 Tem\u00e1tica de vestimenta: IBICENCA. \u00a1As\u00ed que prep\u00e1rense para lucir impolutos! Tendremos juegos, m\u00fasica, baile y la imposici\u00f3n de las orlas de graduaci\u00f3n. Importante: - Los chicxs deben venir cenados, ya que la actividad comenzar\u00e1 directamente a las 21:30h. - La inscripci\u00f3n ya est\u00e1 abierta en Bosconecta y permanecer\u00e1 abierta hasta el jueves 8 de mayo a las 23:59h. - La actividad es gratuita, pero es necesario inscribirse para asegurar la asistencia. \u00a1Que no se pierdan esta oportunidad de celebrar juntos el fin de curso y la graduaci\u00f3n de sus compa\u00f1eros! Esperamos verlos a todos all\u00ed. \u00a1Y felicidades a nuestros graduados!\u2728\" \/>\n<meta property=\"og:url\" content=\"https:\/\/salesianosmaux.es\/centrojuvenil\/2025\/05\/06\/fiesta-de-graduacion-grupo-amigos\/\" \/>\n<meta property=\"og:site_name\" content=\"Centro Juvenil Mar\u00eda Auxiliadora\" \/>\n<meta property=\"article:published_time\" content=\"2025-05-06T14:24:45+00:00\" \/>\n<meta property=\"article:modified_time\" content=\"2025-05-06T14:25:38+00:00\" \/>\n<meta property=\"og:image\" content=\"https:\/\/salesianosmaux.es\/centrojuvenil\/wp-content\/uploads\/sites\/6\/2025\/05\/PHOTO-2025-05-04-18-12-32.jpg\" \/>\n\t<meta property=\"og:image:width\" content=\"980\" \/>\n\t<meta property=\"og:image:height\" content=\"562\" \/>\n\t<meta property=\"og:image:type\" content=\"image\/jpeg\" \/>\n<meta name=\"author\" content=\"centrojuvenil\" \/>\n<meta name=\"twitter:card\" content=\"summary_large_image\" \/>\n<meta name=\"twitter:label1\" content=\"Escrito por\" \/>\n\t<meta name=\"twitter:data1\" content=\"centrojuvenil\" \/>\n\t<meta name=\"twitter:label2\" content=\"Tiempo de lectura\" \/>\n\t<meta name=\"twitter:data2\" content=\"1 minuto\" \/>\n<script type=\"application\/ld+json\" class=\"yoast-schema-graph\">{\"@context\":\"https:\\\/\\\/schema.org\",\"@graph\":[{\"@type\":\"Article\",\"@id\":\"https:\\\/\\\/salesianosmaux.es\\\/centrojuvenil\\\/2025\\\/05\\\/06\\\/fiesta-de-graduacion-grupo-amigos\\\/#article\",\"isPartOf\":{\"@id\":\"https:\\\/\\\/salesianosmaux.es\\\/centrojuvenil\\\/2025\\\/05\\\/06\\\/fiesta-de-graduacion-grupo-amigos\\\/\"},\"author\":{\"name\":\"centrojuvenil\",\"@id\":\"https:\\\/\\\/salesianosmaux.es\\\/centrojuvenil\\\/#\\\/schema\\\/person\\\/2907e7467414eb7c582683323229cfa0\"},\"headline\":\"Fiesta de Graduaci\u00f3n\\\/Grupo Amigos\",\"datePublished\":\"2025-05-06T14:24:45+00:00\",\"dateModified\":\"2025-05-06T14:25:38+00:00\",\"mainEntityOfPage\":{\"@id\":\"https:\\\/\\\/salesianosmaux.es\\\/centrojuvenil\\\/2025\\\/05\\\/06\\\/fiesta-de-graduacion-grupo-amigos\\\/\"},\"wordCount\":303,\"commentCount\":0,\"image\":{\"@id\":\"https:\\\/\\\/salesianosmaux.es\\\/centrojuvenil\\\/2025\\\/05\\\/06\\\/fiesta-de-graduacion-grupo-amigos\\\/#primaryimage\"},\"thumbnailUrl\":\"https:\\\/\\\/salesianosmaux.es\\\/centrojuvenil\\\/wp-content\\\/uploads\\\/sites\\\/6\\\/2025\\\/05\\\/PHOTO-2025-05-04-18-12-32.jpg\",\"articleSection\":[\"Centro Juvenil\",\"GA Actividades\",\"GA Noticias\",\"Grupo Amigos\"],\"inLanguage\":\"es\",\"potentialAction\":[{\"@type\":\"CommentAction\",\"name\":\"Comment\",\"target\":[\"https:\\\/\\\/salesianosmaux.es\\\/centrojuvenil\\\/2025\\\/05\\\/06\\\/fiesta-de-graduacion-grupo-amigos\\\/#respond\"]}]},{\"@type\":\"WebPage\",\"@id\":\"https:\\\/\\\/salesianosmaux.es\\\/centrojuvenil\\\/2025\\\/05\\\/06\\\/fiesta-de-graduacion-grupo-amigos\\\/\",\"url\":\"https:\\\/\\\/salesianosmaux.es\\\/centrojuvenil\\\/2025\\\/05\\\/06\\\/fiesta-de-graduacion-grupo-amigos\\\/\",\"name\":\"Fiesta de Graduaci\u00f3n\\\/Grupo Amigos - Centro Juvenil Mar\u00eda Auxiliadora\",\"isPartOf\":{\"@id\":\"https:\\\/\\\/salesianosmaux.es\\\/centrojuvenil\\\/#website\"},\"primaryImageOfPage\":{\"@id\":\"https:\\\/\\\/salesianosmaux.es\\\/centrojuvenil\\\/2025\\\/05\\\/06\\\/fiesta-de-graduacion-grupo-amigos\\\/#primaryimage\"},\"image\":{\"@id\":\"https:\\\/\\\/salesianosmaux.es\\\/centrojuvenil\\\/2025\\\/05\\\/06\\\/fiesta-de-graduacion-grupo-amigos\\\/#primaryimage\"},\"thumbnailUrl\":\"https:\\\/\\\/salesianosmaux.es\\\/centrojuvenil\\\/wp-content\\\/uploads\\\/sites\\\/6\\\/2025\\\/05\\\/PHOTO-2025-05-04-18-12-32.jpg\",\"datePublished\":\"2025-05-06T14:24:45+00:00\",\"dateModified\":\"2025-05-06T14:25:38+00:00\",\"author\":{\"@id\":\"https:\\\/\\\/salesianosmaux.es\\\/centrojuvenil\\\/#\\\/schema\\\/person\\\/2907e7467414eb7c582683323229cfa0\"},\"breadcrumb\":{\"@id\":\"https:\\\/\\\/salesianosmaux.es\\\/centrojuvenil\\\/2025\\\/05\\\/06\\\/fiesta-de-graduacion-grupo-amigos\\\/#breadcrumb\"},\"inLanguage\":\"es\",\"potentialAction\":[{\"@type\":\"ReadAction\",\"target\":[\"https:\\\/\\\/salesianosmaux.es\\\/centrojuvenil\\\/2025\\\/05\\\/06\\\/fiesta-de-graduacion-grupo-amigos\\\/\"]}]},{\"@type\":\"ImageObject\",\"inLanguage\":\"es\",\"@id\":\"https:\\\/\\\/salesianosmaux.es\\\/centrojuvenil\\\/2025\\\/05\\\/06\\\/fiesta-de-graduacion-grupo-amigos\\\/#primaryimage\",\"url\":\"https:\\\/\\\/salesianosmaux.es\\\/centrojuvenil\\\/wp-content\\\/uploads\\\/sites\\\/6\\\/2025\\\/05\\\/PHOTO-2025-05-04-18-12-32.jpg\",\"contentUrl\":\"https:\\\/\\\/salesianosmaux.es\\\/centrojuvenil\\\/wp-content\\\/uploads\\\/sites\\\/6\\\/2025\\\/05\\\/PHOTO-2025-05-04-18-12-32.jpg\",\"width\":980,\"height\":562},{\"@type\":\"BreadcrumbList\",\"@id\":\"https:\\\/\\\/salesianosmaux.es\\\/centrojuvenil\\\/2025\\\/05\\\/06\\\/fiesta-de-graduacion-grupo-amigos\\\/#breadcrumb\",\"itemListElement\":[{\"@type\":\"ListItem\",\"position\":1,\"name\":\"Portada\",\"item\":\"https:\\\/\\\/salesianosmaux.es\\\/centrojuvenil\\\/\"},{\"@type\":\"ListItem\",\"position\":2,\"name\":\"Fiesta de Graduaci\u00f3n\\\/Grupo Amigos\"}]},{\"@type\":\"WebSite\",\"@id\":\"https:\\\/\\\/salesianosmaux.es\\\/centrojuvenil\\\/#website\",\"url\":\"https:\\\/\\\/salesianosmaux.es\\\/centrojuvenil\\\/\",\"name\":\"Centro Juvenil Mar\u00eda Auxiliadora\",\"description\":\"\",\"potentialAction\":[{\"@type\":\"SearchAction\",\"target\":{\"@type\":\"EntryPoint\",\"urlTemplate\":\"https:\\\/\\\/salesianosmaux.es\\\/centrojuvenil\\\/?s={search_term_string}\"},\"query-input\":{\"@type\":\"PropertyValueSpecification\",\"valueRequired\":true,\"valueName\":\"search_term_string\"}}],\"inLanguage\":\"es\"},{\"@type\":\"Person\",\"@id\":\"https:\\\/\\\/salesianosmaux.es\\\/centrojuvenil\\\/#\\\/schema\\\/person\\\/2907e7467414eb7c582683323229cfa0\",\"name\":\"centrojuvenil\",\"image\":{\"@type\":\"ImageObject\",\"inLanguage\":\"es\",\"@id\":\"https:\\\/\\\/secure.gravatar.com\\\/avatar\\\/0969b94997d48dd955926fff0eedb1687ec9fd00294a727f82de75614d1751d2?s=96&d=mm&r=g\",\"url\":\"https:\\\/\\\/secure.gravatar.com\\\/avatar\\\/0969b94997d48dd955926fff0eedb1687ec9fd00294a727f82de75614d1751d2?s=96&d=mm&r=g\",\"contentUrl\":\"https:\\\/\\\/secure.gravatar.com\\\/avatar\\\/0969b94997d48dd955926fff0eedb1687ec9fd00294a727f82de75614d1751d2?s=96&d=mm&r=g\",\"caption\":\"centrojuvenil\"},\"url\":\"https:\\\/\\\/salesianosmaux.es\\\/centrojuvenil\\\/author\\\/centrojuvenil\\\/\"}]}<\/script>\n<!-- \/ Yoast SEO plugin. -->","yoast_head_json":{"title":"Fiesta de Graduaci\u00f3n\/Grupo Amigos - Centro Juvenil Mar\u00eda Auxiliadora","robots":{"index":"index","follow":"follow","max-snippet":"max-snippet:-1","max-image-preview":"max-image-preview:large","max-video-preview":"max-video-preview:-1"},"canonical":"https:\/\/salesianosmaux.es\/centrojuvenil\/2025\/05\/06\/fiesta-de-graduacion-grupo-amigos\/","og_locale":"es_ES","og_type":"article","og_title":"Fiesta de Graduaci\u00f3n\/Grupo Amigos - Centro Juvenil Mar\u00eda Auxiliadora","og_description":"Fiesta de Graduaci\u00f3n del Grupo Amigos Estimadas familias del Grupo Amigos, Este curso escolar llega a su fin y, con ello, nuestros compa\u00f1eros de 2\u00ba ESO se despiden para dar paso a la Secci\u00f3n Juvenil. \u00a1Y qu\u00e9 mejor forma de celebrarlo que con una FIESTA DE GRADUACI\u00d3N!\ud83c\udf93 \ud83d\udcc6 Tendr\u00e1 lugar el S\u00c1BADO 10 de mayo \ud83d\udd52 Horario de 21:30h a 00:30h \ud83d\udc54 Tem\u00e1tica de vestimenta: IBICENCA. \u00a1As\u00ed que prep\u00e1rense para lucir impolutos! Tendremos juegos, m\u00fasica, baile y la imposici\u00f3n de las orlas de graduaci\u00f3n. Importante: - Los chicxs deben venir cenados, ya que la actividad comenzar\u00e1 directamente a las 21:30h. - La inscripci\u00f3n ya est\u00e1 abierta en Bosconecta y permanecer\u00e1 abierta hasta el jueves 8 de mayo a las 23:59h. - La actividad es gratuita, pero es necesario inscribirse para asegurar la asistencia. \u00a1Que no se pierdan esta oportunidad de celebrar juntos el fin de curso y la graduaci\u00f3n de sus compa\u00f1eros! Esperamos verlos a todos all\u00ed. \u00a1Y felicidades a nuestros graduados!\u2728","og_url":"https:\/\/salesianosmaux.es\/centrojuvenil\/2025\/05\/06\/fiesta-de-graduacion-grupo-amigos\/","og_site_name":"Centro Juvenil Mar\u00eda Auxiliadora","article_published_time":"2025-05-06T14:24:45+00:00","article_modified_time":"2025-05-06T14:25:38+00:00","og_image":[{"width":980,"height":562,"url":"https:\/\/salesianosmaux.es\/centrojuvenil\/wp-content\/uploads\/sites\/6\/2025\/05\/PHOTO-2025-05-04-18-12-32.jpg","type":"image\/jpeg"}],"author":"centrojuvenil","twitter_card":"summary_large_image","twitter_misc":{"Escrito por":"centrojuvenil","Tiempo de lectura":"1 minuto"},"schema":{"@context":"https:\/\/schema.org","@graph":[{"@type":"Article","@id":"https:\/\/salesianosmaux.es\/centrojuvenil\/2025\/05\/06\/fiesta-de-graduacion-grupo-amigos\/#article","isPartOf":{"@id":"https:\/\/salesianosmaux.es\/centrojuvenil\/2025\/05\/06\/fiesta-de-graduacion-grupo-amigos\/"},"author":{"name":"centrojuvenil","@id":"https:\/\/salesianosmaux.es\/centrojuvenil\/#\/schema\/person\/2907e7467414eb7c582683323229cfa0"},"headline":"Fiesta de Graduaci\u00f3n\/Grupo Amigos","datePublished":"2025-05-06T14:24:45+00:00","dateModified":"2025-05-06T14:25:38+00:00","mainEntityOfPage":{"@id":"https:\/\/salesianosmaux.es\/centrojuvenil\/2025\/05\/06\/fiesta-de-graduacion-grupo-amigos\/"},"wordCount":303,"commentCount":0,"image":{"@id":"https:\/\/salesianosmaux.es\/centrojuvenil\/2025\/05\/06\/fiesta-de-graduacion-grupo-amigos\/#primaryimage"},"thumbnailUrl":"https:\/\/salesianosmaux.es\/centrojuvenil\/wp-content\/uploads\/sites\/6\/2025\/05\/PHOTO-2025-05-04-18-12-32.jpg","articleSection":["Centro Juvenil","GA Actividades","GA Noticias","Grupo Amigos"],"inLanguage":"es","potentialAction":[{"@type":"CommentAction","name":"Comment","target":["https:\/\/salesianosmaux.es\/centrojuvenil\/2025\/05\/06\/fiesta-de-graduacion-grupo-amigos\/#respond"]}]},{"@type":"WebPage","@id":"https:\/\/salesianosmaux.es\/centrojuvenil\/2025\/05\/06\/fiesta-de-graduacion-grupo-amigos\/","url":"https:\/\/salesianosmaux.es\/centrojuvenil\/2025\/05\/06\/fiesta-de-graduacion-grupo-amigos\/","name":"Fiesta de Graduaci\u00f3n\/Grupo Amigos - Centro Juvenil Mar\u00eda Auxiliadora","isPartOf":{"@id":"https:\/\/salesianosmaux.es\/centrojuvenil\/#website"},"primaryImageOfPage":{"@id":"https:\/\/salesianosmaux.es\/centrojuvenil\/2025\/05\/06\/fiesta-de-graduacion-grupo-amigos\/#primaryimage"},"image":{"@id":"https:\/\/salesianosmaux.es\/centrojuvenil\/2025\/05\/06\/fiesta-de-graduacion-grupo-amigos\/#primaryimage"},"thumbnailUrl":"https:\/\/salesianosmaux.es\/centrojuvenil\/wp-content\/uploads\/sites\/6\/2025\/05\/PHOTO-2025-05-04-18-12-32.jpg","datePublished":"2025-05-06T14:24:45+00:00","dateModified":"2025-05-06T14:25:38+00:00","author":{"@id":"https:\/\/salesianosmaux.es\/centrojuvenil\/#\/schema\/person\/2907e7467414eb7c582683323229cfa0"},"breadcrumb":{"@id":"https:\/\/salesianosmaux.es\/centrojuvenil\/2025\/05\/06\/fiesta-de-graduacion-grupo-amigos\/#breadcrumb"},"inLanguage":"es","potentialAction":[{"@type":"ReadAction","target":["https:\/\/salesianosmaux.es\/centrojuvenil\/2025\/05\/06\/fiesta-de-graduacion-grupo-amigos\/"]}]},{"@type":"ImageObject","inLanguage":"es","@id":"https:\/\/salesianosmaux.es\/centrojuvenil\/2025\/05\/06\/fiesta-de-graduacion-grupo-amigos\/#primaryimage","url":"https:\/\/salesianosmaux.es\/centrojuvenil\/wp-content\/uploads\/sites\/6\/2025\/05\/PHOTO-2025-05-04-18-12-32.jpg","contentUrl":"https:\/\/salesianosmaux.es\/centrojuvenil\/wp-content\/uploads\/sites\/6\/2025\/05\/PHOTO-2025-05-04-18-12-32.jpg","width":980,"height":562},{"@type":"BreadcrumbList","@id":"https:\/\/salesianosmaux.es\/centrojuvenil\/2025\/05\/06\/fiesta-de-graduacion-grupo-amigos\/#breadcrumb","itemListElement":[{"@type":"ListItem","position":1,"name":"Portada","item":"https:\/\/salesianosmaux.es\/centrojuvenil\/"},{"@type":"ListItem","position":2,"name":"Fiesta de Graduaci\u00f3n\/Grupo Amigos"}]},{"@type":"WebSite","@id":"https:\/\/salesianosmaux.es\/centrojuvenil\/#website","url":"https:\/\/salesianosmaux.es\/centrojuvenil\/","name":"Centro Juvenil Mar\u00eda Auxiliadora","description":"","potentialAction":[{"@type":"SearchAction","target":{"@type":"EntryPoint","urlTemplate":"https:\/\/salesianosmaux.es\/centrojuvenil\/?s={search_term_string}"},"query-input":{"@type":"PropertyValueSpecification","valueRequired":true,"valueName":"search_term_string"}}],"inLanguage":"es"},{"@type":"Person","@id":"https:\/\/salesianosmaux.es\/centrojuvenil\/#\/schema\/person\/2907e7467414eb7c582683323229cfa0","name":"centrojuvenil","image":{"@type":"ImageObject","inLanguage":"es","@id":"https:\/\/secure.gravatar.com\/avatar\/0969b94997d48dd955926fff0eedb1687ec9fd00294a727f82de75614d1751d2?s=96&d=mm&r=g","url":"https:\/\/secure.gravatar.com\/avatar\/0969b94997d48dd955926fff0eedb1687ec9fd00294a727f82de75614d1751d2?s=96&d=mm&r=g","contentUrl":"https:\/\/secure.gravatar.com\/avatar\/0969b94997d48dd955926fff0eedb1687ec9fd00294a727f82de75614d1751d2?s=96&d=mm&r=g","caption":"centrojuvenil"},"url":"https:\/\/salesianosmaux.es\/centrojuvenil\/author\/centrojuvenil\/"}]}},"_links":{"self":[{"href":"https:\/\/salesianosmaux.es\/centrojuvenil\/wp-json\/wp\/v2\/posts\/1769","targetHints":{"allow":["GET"]}}],"collection":[{"href":"https:\/\/salesianosmaux.es\/centrojuvenil\/wp-json\/wp\/v2\/posts"}],"about":[{"href":"https:\/\/salesianosmaux.es\/centrojuvenil\/wp-json\/wp\/v2\/types\/post"}],"author":[{"embeddable":true,"href":"https:\/\/salesianosmaux.es\/centrojuvenil\/wp-json\/wp\/v2\/users\/4"}],"replies":[{"embeddable":true,"href":"https:\/\/salesianosmaux.es\/centrojuvenil\/wp-json\/wp\/v2\/comments?post=1769"}],"version-history":[{"count":3,"href":"https:\/\/salesianosmaux.es\/centrojuvenil\/wp-json\/wp\/v2\/posts\/1769\/revisions"}],"predecessor-version":[{"id":1774,"href":"https:\/\/salesianosmaux.es\/centrojuvenil\/wp-json\/wp\/v2\/posts\/1769\/revisions\/1774"}],"wp:featuredmedia":[{"embeddable":true,"href":"https:\/\/salesianosmaux.es\/centrojuvenil\/wp-json\/wp\/v2\/media\/1770"}],"wp:attachment":[{"href":"https:\/\/salesianosmaux.es\/centrojuvenil\/wp-json\/wp\/v2\/media?parent=1769"}],"wp:term":[{"taxonomy":"category","embeddable":true,"href":"https:\/\/salesianosmaux.es\/centrojuvenil\/wp-json\/wp\/v2\/categories?post=1769"},{"taxonomy":"post_tag","embeddable":true,"href":"https:\/\/salesianosmaux.es\/centrojuvenil\/wp-json\/wp\/v2\/tags?post=1769"}],"curies":[{"name":"wp","href":"https:\/\/api.w.org\/{rel}","templated":true}]}}