{"id":1817,"date":"2025-07-01T13:16:07","date_gmt":"2025-07-01T13:16:07","guid":{"rendered":"https:\/\/salesianosmaux.es\/centrojuvenil\/?p=1817"},"modified":"2025-07-01T13:29:30","modified_gmt":"2025-07-01T13:29:30","slug":"campa-sj-3","status":"publish","type":"post","link":"https:\/\/salesianosmaux.es\/centrojuvenil\/2025\/07\/01\/campa-sj-3\/","title":{"rendered":"campa SJ"},"content":{"rendered":"<p>[et_pb_section fb_built=\u00bb1&#8243; _builder_version=\u00bb4.27.4&#8243; _module_preset=\u00bbdefault\u00bb global_colors_info=\u00bb{}\u00bb custom_margin=\u00bb|-94px||||\u00bb][et_pb_row _builder_version=\u00bb4.27.4&#8243; _module_preset=\u00bbdefault\u00bb global_colors_info=\u00bb{}\u00bb][et_pb_column type=\u00bb4_4&#8243; _builder_version=\u00bb4.27.4&#8243; _module_preset=\u00bbdefault\u00bb global_colors_info=\u00bb{}\u00bb][et_pb_text _builder_version=\u00bb4.27.4&#8243; _module_preset=\u00bbdefault\u00bb global_colors_info=\u00bb{}\u00bb]<\/p>\n<p class=\"s3\"><span class=\"s2\">Buenas\u00a0tardes\u00a0familias de la Secci\u00f3n Juvenil.<\/span><\/p>\n<p class=\"s3\"><span class=\"s2\">Como os indicamos en la <\/span><span class=\"s4\">reuni\u00f3n del pasado 16 de junio<\/span><span class=\"s2\">, aqu\u00ed os resumimos y\u00a0<\/span><span class=\"s2\">adjuntamos todos los aspectos que deb\u00e9is tener en cuenta finalmente de cara al campamento que comenzar\u00e1 el d\u00eda\u00a016\u00a0de julio.<\/span><\/p>\n<p class=\"s3\"><span class=\"s2\">\u00a0<\/span><\/p>\n<p class=\"s5\"><span class=\"s2\">En primer lugar, quer\u00edamos recalcar\u00a0por parte de la marcha,\u00a0que\u00a0es\u00a0<\/span><span class=\"s2\">crucial<\/span><span class=\"s2\">\u00a0que todos\u00a0<\/span><span class=\"s2\">los\u00a0chicos y chicas<\/span><span class=\"s2\">\u00a0lleven\u00a0<\/span><span class=\"s2\">calzado adecuado<\/span><span class=\"s2\">\u00a0para la monta\u00f1a (bota o zapatilla de monta\u00f1a) ya que el camino lo requiere debido a sus pasos t\u00e9cnicos y as\u00ed, no surgir\u00e1 ning\u00fan problema relacionado, <\/span><span class=\"s4\">adem\u00e1s de que nunca se lleven sin estrenar previamente.<\/span><\/p>\n<p class=\"s3\"><span class=\"s2\">\u00a0<\/span><\/p>\n<p class=\"s3\"><span class=\"s2\">A continuaci\u00f3n, por si lo necesitasen, les indicamos <\/span><span class=\"s4\">dos n\u00fameros de contacto <\/span><span class=\"s2\">con el que podr\u00e1n comunicarse con nosotros si fuese necesario.<\/span><\/p>\n<p class=\"s3\"><span class=\"s2\">El n\u00famero de tel\u00e9fono que podr\u00e1n apuntar es\u00a0<\/span><span class=\"s2\">658166911<\/span><span class=\"s2\">\u00a0(Luis Fernando) y el n\u00famero del Centro Juvenil <\/span><span class=\"s2\">627788639.<\/span><\/p>\n<p class=\"s3\"><span class=\"s2\">\u00a0<\/span><\/p>\n<p class=\"s5\"><span class=\"s2\">Por \u00faltimo,\u00a0os adjuntamos\u00a0el\u00a0<\/span><span class=\"s4\">PowerPoint<\/span><span class=\"s4\">\u00a0utilizado<\/span><span class=\"s2\"> en la reuni\u00f3n, en \u00e9l encontrar\u00e9is todo lo que es\u00a0<\/span><span class=\"s2\">necesario llevar<\/span><span class=\"s2\">\u00a0<\/span><span class=\"s4\">(llevar todo con el nombre y apellidos escrito).<\/span><\/p>\n<p class=\"s3\"><span class=\"s2\">\u00a0<\/span><\/p>\n<p class=\"s3\"><span class=\"s2\">Queremos hacer hincapi\u00e9 como se dijo en la reuni\u00f3n, en el <\/span><span class=\"s4\">apartado de\u00a0<\/span><span class=\"s4\">objetivos principales<\/span><span class=\"s2\">, pues disfrutaremos de un campamento incre\u00edble, donde la diversi\u00f3n est\u00e1 asegurada, y tambi\u00e9n los valores que queremos transmitir: compa\u00f1erismo, respeto, protagonismo, esfuerzo, servicio\u2026 y por ello necesitamos que todos y todas\u00a0<\/span><span class=\"s2\">pongamos de nuestra parte para conseguir que estos 14 d\u00edas sean inolvidables.<\/span><\/p>\n<p class=\"s3\"><span>\u00a0<\/span><\/p>\n<p class=\"s3\"><span class=\"s2\">Adem\u00e1s, este a\u00f1o disponemos de un <\/span><span class=\"s4\">canal de difusi\u00f3n<\/span><span class=\"s2\"> donde poder estar al tanto de todas las noticias e informaci\u00f3n acerca del campamento, pedimos que sea de uso exclusivo para los tutores legales. Si no se encuentran en \u00e9l, por favor contacte con nosotros a trav\u00e9s de mail, dici\u00e9ndonos qui\u00e9n es vuestro hijo\/a. <\/span><\/p>\n<p class=\"s3\"><span class=\"s2\">\u00a0<\/span><\/p>\n<p class=\"s3\"><span class=\"s2\">Esperamos que teng\u00e1is las mismas ganas que nosotros, que no son pocas.<\/span><\/p>\n<p class=\"s3\"><span class=\"s2\">\u00a0<\/span><\/p>\n<p class=\"s3\"><span class=\"s2\">Cualquier duda, no duden en ponerse en contacto con nosotros a trav\u00e9s de redes sociales o al correo de la Secci\u00f3n Juvenil:\u00a0<\/span><a href=\"mailto:seccionjuvenil.cjmaux@gmail.com\"><span class=\"s2\">seccionjuvenil.cjmaux@gmail.com<\/span><\/a><\/p>\n<p class=\"s3\"><span class=\"s2\">\u00a0<\/span><\/p>\n<p class=\"s3\"><span class=\"s2\">\u00a1Nos vemos\u00a0muy muy\u00a0pronto!\u00a0\u00a1\u00a1\u00a1La cuenta atr\u00e1s comienza!!!<\/span><\/p>\n<p class=\"s3\"><span class=\"s2\">\u00a0<\/span><\/p>\n<p class=\"s3\"><span class=\"s2\">Un saludo,<\/span><\/p>\n<p class=\"s3\"><span class=\"s2\">El equipo de animadores de la SJ<\/span><\/p>\n<p>[\/et_pb_text][\/et_pb_column][\/et_pb_row][et_pb_row _builder_version=\u00bb4.27.4&#8243; _module_preset=\u00bbdefault\u00bb global_colors_info=\u00bb{}\u00bb][et_pb_column type=\u00bb4_4&#8243; _builder_version=\u00bb4.27.4&#8243; _module_preset=\u00bbdefault\u00bb global_colors_info=\u00bb{}\u00bb][\/et_pb_column][\/et_pb_row][et_pb_row _builder_version=\u00bb4.27.4&#8243; _module_preset=\u00bbdefault\u00bb][et_pb_column _builder_version=\u00bb4.27.4&#8243; _module_preset=\u00bbdefault\u00bb type=\u00bb4_4&#8243;][et_pb_blurb title=\u00bbDescarga aqu\u00ed \u00bb _builder_version=\u00bb4.27.4&#8243; _module_preset=\u00bbdefault\u00bb hover_enabled=\u00bb0&#8243; sticky_enabled=\u00bb0&#8243; use_icon=\u00bbon\u00bb font_icon=\u00bb&#xf1c1;||fa||400&#8243; url=\u00bbhttps:\/\/drive.google.com\/file\/d\/1d1KN2hd9Ly-qK7udnfb6JoMFPvFo7ekg\/view?usp=drivesdk\u00bb][\/et_pb_blurb][\/et_pb_column][\/et_pb_row][et_pb_row _builder_version=\u00bb4.27.4&#8243; _module_preset=\u00bbdefault\u00bb global_colors_info=\u00bb{}\u00bb][et_pb_column type=\u00bb4_4&#8243; _builder_version=\u00bb4.27.4&#8243; _module_preset=\u00bbdefault\u00bb global_colors_info=\u00bb{}\u00bb][et_pb_text _builder_version=\u00bb4.27.4&#8243; _module_preset=\u00bbdefault\u00bb link_option_url=\u00bbhttps:\/\/drive.google.com\/file\/d\/1d1KN2hd9Ly-qK7udnfb6JoMFPvFo7ekg\/view?usp=drivesdk\u00bb global_colors_info=\u00bb{}\u00bb][\/et_pb_text][\/et_pb_column][\/et_pb_row][\/et_pb_section]<\/p>\n","protected":false},"excerpt":{"rendered":"<p>Buenas\u00a0tardes\u00a0familias de la Secci\u00f3n Juvenil. Como os indicamos en la reuni\u00f3n del pasado 16 de junio, aqu\u00ed os resumimos y\u00a0adjuntamos todos los aspectos que deb\u00e9is tener en cuenta finalmente de cara al campamento que comenzar\u00e1 el d\u00eda\u00a016\u00a0de julio. \u00a0 En primer lugar, quer\u00edamos recalcar\u00a0por parte de la marcha,\u00a0que\u00a0es\u00a0crucial\u00a0que todos\u00a0los\u00a0chicos y chicas\u00a0lleven\u00a0calzado adecuado\u00a0para la monta\u00f1a (bota [&hellip;]<\/p>\n","protected":false},"author":4,"featured_media":1818,"comment_status":"open","ping_status":"open","sticky":false,"template":"","format":"standard","meta":{"_et_pb_use_builder":"on","_et_pb_old_content":"","_et_gb_content_width":"","footnotes":""},"categories":[11,35,36,37,9,38],"tags":[],"class_list":["post-1817","post","type-post","status-publish","format-standard","has-post-thumbnail","hentry","category-seccion-juvenil","category-sj-actividades","category-sj-noticias","category-actividades","category-centro-juvenil","category-noticias"],"yoast_head":"<!-- This site is optimized with the Yoast SEO plugin v27.4 - https:\/\/yoast.com\/product\/yoast-seo-wordpress\/ -->\n<title>campa SJ - Centro Juvenil Mar\u00eda Auxiliadora<\/title>\n<meta name=\"robots\" content=\"index, follow, max-snippet:-1, max-image-preview:large, max-video-preview:-1\" \/>\n<link rel=\"canonical\" href=\"https:\/\/salesianosmaux.es\/centrojuvenil\/2025\/07\/01\/campa-sj-3\/\" \/>\n<meta property=\"og:locale\" content=\"es_ES\" \/>\n<meta property=\"og:type\" content=\"article\" \/>\n<meta property=\"og:title\" content=\"campa SJ - Centro Juvenil Mar\u00eda Auxiliadora\" \/>\n<meta property=\"og:description\" content=\"Te puede interesar...\" \/>\n<meta property=\"og:url\" content=\"https:\/\/salesianosmaux.es\/centrojuvenil\/2025\/07\/01\/campa-sj-3\/\" \/>\n<meta property=\"og:site_name\" content=\"Centro Juvenil Mar\u00eda Auxiliadora\" \/>\n<meta property=\"article:published_time\" content=\"2025-07-01T13:16:07+00:00\" \/>\n<meta property=\"article:modified_time\" content=\"2025-07-01T13:29:30+00:00\" \/>\n<meta property=\"og:image\" content=\"https:\/\/salesianosmaux.es\/centrojuvenil\/wp-content\/uploads\/sites\/6\/2025\/07\/IMG_8758.jpeg\" \/>\n\t<meta property=\"og:image:width\" content=\"750\" \/>\n\t<meta property=\"og:image:height\" content=\"397\" \/>\n\t<meta property=\"og:image:type\" content=\"image\/jpeg\" \/>\n<meta name=\"author\" content=\"centrojuvenil\" \/>\n<meta name=\"twitter:card\" content=\"summary_large_image\" \/>\n<meta name=\"twitter:label1\" content=\"Escrito por\" \/>\n\t<meta name=\"twitter:data1\" content=\"centrojuvenil\" \/>\n\t<meta name=\"twitter:label2\" content=\"Tiempo de lectura\" \/>\n\t<meta name=\"twitter:data2\" content=\"1 minuto\" \/>\n<script type=\"application\/ld+json\" class=\"yoast-schema-graph\">{\"@context\":\"https:\\\/\\\/schema.org\",\"@graph\":[{\"@type\":\"Article\",\"@id\":\"https:\\\/\\\/salesianosmaux.es\\\/centrojuvenil\\\/2025\\\/07\\\/01\\\/campa-sj-3\\\/#article\",\"isPartOf\":{\"@id\":\"https:\\\/\\\/salesianosmaux.es\\\/centrojuvenil\\\/2025\\\/07\\\/01\\\/campa-sj-3\\\/\"},\"author\":{\"name\":\"centrojuvenil\",\"@id\":\"https:\\\/\\\/salesianosmaux.es\\\/centrojuvenil\\\/#\\\/schema\\\/person\\\/2907e7467414eb7c582683323229cfa0\"},\"headline\":\"campa SJ\",\"datePublished\":\"2025-07-01T13:16:07+00:00\",\"dateModified\":\"2025-07-01T13:29:30+00:00\",\"mainEntityOfPage\":{\"@id\":\"https:\\\/\\\/salesianosmaux.es\\\/centrojuvenil\\\/2025\\\/07\\\/01\\\/campa-sj-3\\\/\"},\"wordCount\":588,\"commentCount\":0,\"image\":{\"@id\":\"https:\\\/\\\/salesianosmaux.es\\\/centrojuvenil\\\/2025\\\/07\\\/01\\\/campa-sj-3\\\/#primaryimage\"},\"thumbnailUrl\":\"https:\\\/\\\/salesianosmaux.es\\\/centrojuvenil\\\/wp-content\\\/uploads\\\/sites\\\/6\\\/2025\\\/07\\\/IMG_8758.jpeg\",\"articleSection\":[\"Secci\u00f3n Juvenil\",\"SJ Actividades\",\"SJ Noticias\",\"Todas Actividades\",\"Todas las secciones\",\"Todas Noticias\"],\"inLanguage\":\"es\",\"potentialAction\":[{\"@type\":\"CommentAction\",\"name\":\"Comment\",\"target\":[\"https:\\\/\\\/salesianosmaux.es\\\/centrojuvenil\\\/2025\\\/07\\\/01\\\/campa-sj-3\\\/#respond\"]}]},{\"@type\":\"WebPage\",\"@id\":\"https:\\\/\\\/salesianosmaux.es\\\/centrojuvenil\\\/2025\\\/07\\\/01\\\/campa-sj-3\\\/\",\"url\":\"https:\\\/\\\/salesianosmaux.es\\\/centrojuvenil\\\/2025\\\/07\\\/01\\\/campa-sj-3\\\/\",\"name\":\"campa SJ - Centro Juvenil Mar\u00eda Auxiliadora\",\"isPartOf\":{\"@id\":\"https:\\\/\\\/salesianosmaux.es\\\/centrojuvenil\\\/#website\"},\"primaryImageOfPage\":{\"@id\":\"https:\\\/\\\/salesianosmaux.es\\\/centrojuvenil\\\/2025\\\/07\\\/01\\\/campa-sj-3\\\/#primaryimage\"},\"image\":{\"@id\":\"https:\\\/\\\/salesianosmaux.es\\\/centrojuvenil\\\/2025\\\/07\\\/01\\\/campa-sj-3\\\/#primaryimage\"},\"thumbnailUrl\":\"https:\\\/\\\/salesianosmaux.es\\\/centrojuvenil\\\/wp-content\\\/uploads\\\/sites\\\/6\\\/2025\\\/07\\\/IMG_8758.jpeg\",\"datePublished\":\"2025-07-01T13:16:07+00:00\",\"dateModified\":\"2025-07-01T13:29:30+00:00\",\"author\":{\"@id\":\"https:\\\/\\\/salesianosmaux.es\\\/centrojuvenil\\\/#\\\/schema\\\/person\\\/2907e7467414eb7c582683323229cfa0\"},\"breadcrumb\":{\"@id\":\"https:\\\/\\\/salesianosmaux.es\\\/centrojuvenil\\\/2025\\\/07\\\/01\\\/campa-sj-3\\\/#breadcrumb\"},\"inLanguage\":\"es\",\"potentialAction\":[{\"@type\":\"ReadAction\",\"target\":[\"https:\\\/\\\/salesianosmaux.es\\\/centrojuvenil\\\/2025\\\/07\\\/01\\\/campa-sj-3\\\/\"]}]},{\"@type\":\"ImageObject\",\"inLanguage\":\"es\",\"@id\":\"https:\\\/\\\/salesianosmaux.es\\\/centrojuvenil\\\/2025\\\/07\\\/01\\\/campa-sj-3\\\/#primaryimage\",\"url\":\"https:\\\/\\\/salesianosmaux.es\\\/centrojuvenil\\\/wp-content\\\/uploads\\\/sites\\\/6\\\/2025\\\/07\\\/IMG_8758.jpeg\",\"contentUrl\":\"https:\\\/\\\/salesianosmaux.es\\\/centrojuvenil\\\/wp-content\\\/uploads\\\/sites\\\/6\\\/2025\\\/07\\\/IMG_8758.jpeg\",\"width\":750,\"height\":397,\"caption\":\"Screenshot\"},{\"@type\":\"BreadcrumbList\",\"@id\":\"https:\\\/\\\/salesianosmaux.es\\\/centrojuvenil\\\/2025\\\/07\\\/01\\\/campa-sj-3\\\/#breadcrumb\",\"itemListElement\":[{\"@type\":\"ListItem\",\"position\":1,\"name\":\"Portada\",\"item\":\"https:\\\/\\\/salesianosmaux.es\\\/centrojuvenil\\\/\"},{\"@type\":\"ListItem\",\"position\":2,\"name\":\"campa SJ\"}]},{\"@type\":\"WebSite\",\"@id\":\"https:\\\/\\\/salesianosmaux.es\\\/centrojuvenil\\\/#website\",\"url\":\"https:\\\/\\\/salesianosmaux.es\\\/centrojuvenil\\\/\",\"name\":\"Centro Juvenil Mar\u00eda Auxiliadora\",\"description\":\"\",\"potentialAction\":[{\"@type\":\"SearchAction\",\"target\":{\"@type\":\"EntryPoint\",\"urlTemplate\":\"https:\\\/\\\/salesianosmaux.es\\\/centrojuvenil\\\/?s={search_term_string}\"},\"query-input\":{\"@type\":\"PropertyValueSpecification\",\"valueRequired\":true,\"valueName\":\"search_term_string\"}}],\"inLanguage\":\"es\"},{\"@type\":\"Person\",\"@id\":\"https:\\\/\\\/salesianosmaux.es\\\/centrojuvenil\\\/#\\\/schema\\\/person\\\/2907e7467414eb7c582683323229cfa0\",\"name\":\"centrojuvenil\",\"image\":{\"@type\":\"ImageObject\",\"inLanguage\":\"es\",\"@id\":\"https:\\\/\\\/secure.gravatar.com\\\/avatar\\\/0969b94997d48dd955926fff0eedb1687ec9fd00294a727f82de75614d1751d2?s=96&d=mm&r=g\",\"url\":\"https:\\\/\\\/secure.gravatar.com\\\/avatar\\\/0969b94997d48dd955926fff0eedb1687ec9fd00294a727f82de75614d1751d2?s=96&d=mm&r=g\",\"contentUrl\":\"https:\\\/\\\/secure.gravatar.com\\\/avatar\\\/0969b94997d48dd955926fff0eedb1687ec9fd00294a727f82de75614d1751d2?s=96&d=mm&r=g\",\"caption\":\"centrojuvenil\"},\"url\":\"https:\\\/\\\/salesianosmaux.es\\\/centrojuvenil\\\/author\\\/centrojuvenil\\\/\"}]}<\/script>\n<!-- \/ Yoast SEO plugin. -->","yoast_head_json":{"title":"campa SJ - Centro Juvenil Mar\u00eda Auxiliadora","robots":{"index":"index","follow":"follow","max-snippet":"max-snippet:-1","max-image-preview":"max-image-preview:large","max-video-preview":"max-video-preview:-1"},"canonical":"https:\/\/salesianosmaux.es\/centrojuvenil\/2025\/07\/01\/campa-sj-3\/","og_locale":"es_ES","og_type":"article","og_title":"campa SJ - Centro Juvenil Mar\u00eda Auxiliadora","og_description":"Te puede interesar...","og_url":"https:\/\/salesianosmaux.es\/centrojuvenil\/2025\/07\/01\/campa-sj-3\/","og_site_name":"Centro Juvenil Mar\u00eda Auxiliadora","article_published_time":"2025-07-01T13:16:07+00:00","article_modified_time":"2025-07-01T13:29:30+00:00","og_image":[{"width":750,"height":397,"url":"https:\/\/salesianosmaux.es\/centrojuvenil\/wp-content\/uploads\/sites\/6\/2025\/07\/IMG_8758.jpeg","type":"image\/jpeg"}],"author":"centrojuvenil","twitter_card":"summary_large_image","twitter_misc":{"Escrito por":"centrojuvenil","Tiempo de lectura":"1 minuto"},"schema":{"@context":"https:\/\/schema.org","@graph":[{"@type":"Article","@id":"https:\/\/salesianosmaux.es\/centrojuvenil\/2025\/07\/01\/campa-sj-3\/#article","isPartOf":{"@id":"https:\/\/salesianosmaux.es\/centrojuvenil\/2025\/07\/01\/campa-sj-3\/"},"author":{"name":"centrojuvenil","@id":"https:\/\/salesianosmaux.es\/centrojuvenil\/#\/schema\/person\/2907e7467414eb7c582683323229cfa0"},"headline":"campa SJ","datePublished":"2025-07-01T13:16:07+00:00","dateModified":"2025-07-01T13:29:30+00:00","mainEntityOfPage":{"@id":"https:\/\/salesianosmaux.es\/centrojuvenil\/2025\/07\/01\/campa-sj-3\/"},"wordCount":588,"commentCount":0,"image":{"@id":"https:\/\/salesianosmaux.es\/centrojuvenil\/2025\/07\/01\/campa-sj-3\/#primaryimage"},"thumbnailUrl":"https:\/\/salesianosmaux.es\/centrojuvenil\/wp-content\/uploads\/sites\/6\/2025\/07\/IMG_8758.jpeg","articleSection":["Secci\u00f3n Juvenil","SJ Actividades","SJ Noticias","Todas Actividades","Todas las secciones","Todas Noticias"],"inLanguage":"es","potentialAction":[{"@type":"CommentAction","name":"Comment","target":["https:\/\/salesianosmaux.es\/centrojuvenil\/2025\/07\/01\/campa-sj-3\/#respond"]}]},{"@type":"WebPage","@id":"https:\/\/salesianosmaux.es\/centrojuvenil\/2025\/07\/01\/campa-sj-3\/","url":"https:\/\/salesianosmaux.es\/centrojuvenil\/2025\/07\/01\/campa-sj-3\/","name":"campa SJ - Centro Juvenil Mar\u00eda Auxiliadora","isPartOf":{"@id":"https:\/\/salesianosmaux.es\/centrojuvenil\/#website"},"primaryImageOfPage":{"@id":"https:\/\/salesianosmaux.es\/centrojuvenil\/2025\/07\/01\/campa-sj-3\/#primaryimage"},"image":{"@id":"https:\/\/salesianosmaux.es\/centrojuvenil\/2025\/07\/01\/campa-sj-3\/#primaryimage"},"thumbnailUrl":"https:\/\/salesianosmaux.es\/centrojuvenil\/wp-content\/uploads\/sites\/6\/2025\/07\/IMG_8758.jpeg","datePublished":"2025-07-01T13:16:07+00:00","dateModified":"2025-07-01T13:29:30+00:00","author":{"@id":"https:\/\/salesianosmaux.es\/centrojuvenil\/#\/schema\/person\/2907e7467414eb7c582683323229cfa0"},"breadcrumb":{"@id":"https:\/\/salesianosmaux.es\/centrojuvenil\/2025\/07\/01\/campa-sj-3\/#breadcrumb"},"inLanguage":"es","potentialAction":[{"@type":"ReadAction","target":["https:\/\/salesianosmaux.es\/centrojuvenil\/2025\/07\/01\/campa-sj-3\/"]}]},{"@type":"ImageObject","inLanguage":"es","@id":"https:\/\/salesianosmaux.es\/centrojuvenil\/2025\/07\/01\/campa-sj-3\/#primaryimage","url":"https:\/\/salesianosmaux.es\/centrojuvenil\/wp-content\/uploads\/sites\/6\/2025\/07\/IMG_8758.jpeg","contentUrl":"https:\/\/salesianosmaux.es\/centrojuvenil\/wp-content\/uploads\/sites\/6\/2025\/07\/IMG_8758.jpeg","width":750,"height":397,"caption":"Screenshot"},{"@type":"BreadcrumbList","@id":"https:\/\/salesianosmaux.es\/centrojuvenil\/2025\/07\/01\/campa-sj-3\/#breadcrumb","itemListElement":[{"@type":"ListItem","position":1,"name":"Portada","item":"https:\/\/salesianosmaux.es\/centrojuvenil\/"},{"@type":"ListItem","position":2,"name":"campa SJ"}]},{"@type":"WebSite","@id":"https:\/\/salesianosmaux.es\/centrojuvenil\/#website","url":"https:\/\/salesianosmaux.es\/centrojuvenil\/","name":"Centro Juvenil Mar\u00eda Auxiliadora","description":"","potentialAction":[{"@type":"SearchAction","target":{"@type":"EntryPoint","urlTemplate":"https:\/\/salesianosmaux.es\/centrojuvenil\/?s={search_term_string}"},"query-input":{"@type":"PropertyValueSpecification","valueRequired":true,"valueName":"search_term_string"}}],"inLanguage":"es"},{"@type":"Person","@id":"https:\/\/salesianosmaux.es\/centrojuvenil\/#\/schema\/person\/2907e7467414eb7c582683323229cfa0","name":"centrojuvenil","image":{"@type":"ImageObject","inLanguage":"es","@id":"https:\/\/secure.gravatar.com\/avatar\/0969b94997d48dd955926fff0eedb1687ec9fd00294a727f82de75614d1751d2?s=96&d=mm&r=g","url":"https:\/\/secure.gravatar.com\/avatar\/0969b94997d48dd955926fff0eedb1687ec9fd00294a727f82de75614d1751d2?s=96&d=mm&r=g","contentUrl":"https:\/\/secure.gravatar.com\/avatar\/0969b94997d48dd955926fff0eedb1687ec9fd00294a727f82de75614d1751d2?s=96&d=mm&r=g","caption":"centrojuvenil"},"url":"https:\/\/salesianosmaux.es\/centrojuvenil\/author\/centrojuvenil\/"}]}},"_links":{"self":[{"href":"https:\/\/salesianosmaux.es\/centrojuvenil\/wp-json\/wp\/v2\/posts\/1817","targetHints":{"allow":["GET"]}}],"collection":[{"href":"https:\/\/salesianosmaux.es\/centrojuvenil\/wp-json\/wp\/v2\/posts"}],"about":[{"href":"https:\/\/salesianosmaux.es\/centrojuvenil\/wp-json\/wp\/v2\/types\/post"}],"author":[{"embeddable":true,"href":"https:\/\/salesianosmaux.es\/centrojuvenil\/wp-json\/wp\/v2\/users\/4"}],"replies":[{"embeddable":true,"href":"https:\/\/salesianosmaux.es\/centrojuvenil\/wp-json\/wp\/v2\/comments?post=1817"}],"version-history":[{"count":3,"href":"https:\/\/salesianosmaux.es\/centrojuvenil\/wp-json\/wp\/v2\/posts\/1817\/revisions"}],"predecessor-version":[{"id":1826,"href":"https:\/\/salesianosmaux.es\/centrojuvenil\/wp-json\/wp\/v2\/posts\/1817\/revisions\/1826"}],"wp:featuredmedia":[{"embeddable":true,"href":"https:\/\/salesianosmaux.es\/centrojuvenil\/wp-json\/wp\/v2\/media\/1818"}],"wp:attachment":[{"href":"https:\/\/salesianosmaux.es\/centrojuvenil\/wp-json\/wp\/v2\/media?parent=1817"}],"wp:term":[{"taxonomy":"category","embeddable":true,"href":"https:\/\/salesianosmaux.es\/centrojuvenil\/wp-json\/wp\/v2\/categories?post=1817"},{"taxonomy":"post_tag","embeddable":true,"href":"https:\/\/salesianosmaux.es\/centrojuvenil\/wp-json\/wp\/v2\/tags?post=1817"}],"curies":[{"name":"wp","href":"https:\/\/api.w.org\/{rel}","templated":true}]}}