{"id":1937,"date":"2025-12-04T12:21:29","date_gmt":"2025-12-04T12:21:29","guid":{"rendered":"https:\/\/salesianosmaux.es\/centrojuvenil\/?p=1937"},"modified":"2025-12-04T12:25:06","modified_gmt":"2025-12-04T12:25:06","slug":"chiquijama-navidena","status":"publish","type":"post","link":"https:\/\/salesianosmaux.es\/centrojuvenil\/2025\/12\/04\/chiquijama-navidena\/","title":{"rendered":"\u00a1\u00a1\u00a1CHIQUIJAMA NAVIDE\u00d1A!!!"},"content":{"rendered":"<p>[et_pb_section fb_built=\u00bb1&#8243; theme_builder_area=\u00bbpost_content\u00bb _builder_version=\u00bb4.27.4&#8243; _module_preset=\u00bbdefault\u00bb min_height=\u00bb533px\u00bb hover_enabled=\u00bb0&#8243; sticky_enabled=\u00bb0&#8243;][et_pb_row _builder_version=\u00bb4.27.4&#8243; _module_preset=\u00bbdefault\u00bb theme_builder_area=\u00bbpost_content\u00bb width=\u00bb81.7%\u00bb hover_enabled=\u00bb0&#8243; sticky_enabled=\u00bb0&#8243;][et_pb_column _builder_version=\u00bb4.27.4&#8243; _module_preset=\u00bbdefault\u00bb type=\u00bb4_4&#8243; theme_builder_area=\u00bbpost_content\u00bb][et_pb_text _builder_version=\u00bb4.27.4&#8243; _module_preset=\u00bbdefault\u00bb theme_builder_area=\u00bbpost_content\u00bb hover_enabled=\u00bb0&#8243; sticky_enabled=\u00bb0&#8243;]<\/p>\n<p>\ud83d\udce3\u00a1BUENAS FAMILIAS DEL CHIQUICENTRO!\ud83d\udce3<\/p>\n<p>\u00a1Acampada en el colegio!\ud83e\udec2\ud83e\udef6\ud83c\udffc<\/p>\n<p>Ya iba tocando una acampada y qu\u00e9 mejor sitio para tomar confianza que el colegio.<br \/>Por eso queremos que reserv\u00e9is en vuestros calendarios el fin de semana del <span style=\"color: #e02b20\">13 y 14 de diciembre<\/span>.<\/p>\n<p><span style=\"color: #e02b20\">Horario:<\/span><br \/>La entrada y la salida ser\u00e1 por el port\u00f3n (Calle Padre Astete) el <span style=\"color: #e02b20\">s\u00e1bado a las 17:00 hasta las 12:00 del domingo<\/span> despu\u00e9s de misa.<\/p>\n<p>Ser\u00e1 una actividad especial exclusiva para <span style=\"color: #e02b20\">SOCIOS<\/span> del centro juvenil y con precio de <span style=\"color: #e02b20\">4\u20ac<\/span> que habr\u00e1 que pagar a trav\u00e9s del TPV al realizar la inscripci\u00f3n.<\/p>\n<p><span style=\"color: #e02b20\"> \u00bfQu\u00e9 hay que llevar?<\/span><br \/>&#8211; Esterilla<br \/>&#8211; \u2060Saco de dormir<br \/>&#8211; \u2060DNI y tarjeta sanitaria<br \/>&#8211; \u2060Pijama<br \/>&#8211; \u2060Ropa de cambio<br \/>&#8211; \u2060Utensilios de aseo<br \/>&#8211; \u2060Cena del s\u00e1bado<br \/>\u00a1Muchas ganas de pasarlo bien!<\/p>\n<p>El plazo de inscripci\u00f3n cerrar\u00e1 el pr\u00f3ximo <span style=\"color: #e02b20\">Jueves 11 de Diciembre <\/span>en <span style=\"color: #e02b20\"><a href=\"https:\/\/confedonbosco.org\/areaprivada\/\"><strong>BOSCONECTA<\/strong><\/a>.<\/span><\/p>\n<p><span style=\"color: #e02b20\">En el caso de haberse inscrito y no asistir a la Chiquijama, no se devolver\u00e1 el pago.<\/span><\/p>\n<p>\u2709 Para cualquier duda, no dudes en contactar con nosotros a trav\u00e9s del correo: <span style=\"color: #e02b20\">chiquimaux@gmail.com\u00a0<\/span><\/p>\n<p>[\/et_pb_text][\/et_pb_column][\/et_pb_row][\/et_pb_section]<\/p>\n","protected":false},"excerpt":{"rendered":"<p>\ud83d\udce3\u00a1BUENAS FAMILIAS DEL CHIQUICENTRO!\ud83d\udce3<br \/>\n\u00a1Acampada en el colegio!\ud83e\udec2\ud83e\udef6\ud83c\udffc<br \/>\nYa iba tocando una acampada y qu\u00e9 mejor sitio para tomar confianza que el colegio.<br \/>\nPor eso queremos que reserv\u00e9is en vuestros calendarios el fin de semana del 13 y 14 de diciembre.<\/p>\n<p>Horario:<br \/>\nLa entrada y la salida ser\u00e1 por el port\u00f3n (Calle Padre Astete) el s\u00e1bado a las 17:00 hasta las 12:00 del domingo despu\u00e9s de misa.<\/p>\n","protected":false},"author":4,"featured_media":1938,"comment_status":"open","ping_status":"open","sticky":false,"template":"","format":"standard","meta":{"_et_pb_use_builder":"on","_et_pb_old_content":"","_et_gb_content_width":"","footnotes":""},"categories":[29,30,1],"tags":[],"class_list":["post-1937","post","type-post","status-publish","format-standard","has-post-thumbnail","hentry","category-chiquicentro-actividades","category-chiquicentro-noticias","category-chiquicentro"],"yoast_head":"<!-- This site is optimized with the Yoast SEO plugin v27.4 - https:\/\/yoast.com\/product\/yoast-seo-wordpress\/ -->\n<title>\u00a1\u00a1\u00a1CHIQUIJAMA NAVIDE\u00d1A!!! - Centro Juvenil Mar\u00eda Auxiliadora<\/title>\n<meta name=\"robots\" content=\"index, follow, max-snippet:-1, max-image-preview:large, max-video-preview:-1\" \/>\n<link rel=\"canonical\" href=\"https:\/\/salesianosmaux.es\/centrojuvenil\/2025\/12\/04\/chiquijama-navidena\/\" \/>\n<meta property=\"og:locale\" content=\"es_ES\" \/>\n<meta property=\"og:type\" content=\"article\" \/>\n<meta property=\"og:title\" content=\"\u00a1\u00a1\u00a1CHIQUIJAMA NAVIDE\u00d1A!!! - Centro Juvenil Mar\u00eda Auxiliadora\" \/>\n<meta property=\"og:description\" content=\"\ud83d\udce3\u00a1BUENAS FAMILIAS DEL CHIQUICENTRO!\ud83d\udce3 \u00a1Acampada en el colegio!\ud83e\udec2\ud83e\udef6\ud83c\udffc Ya iba tocando una acampada y qu\u00e9 mejor sitio para tomar confianza que el colegio. Por eso queremos que reserv\u00e9is en vuestros calendarios el fin de semana del 13 y 14 de diciembre. Horario: La entrada y la salida ser\u00e1 por el port\u00f3n (Calle Padre Astete) el s\u00e1bado a las 17:00 hasta las 12:00 del domingo despu\u00e9s de misa.\" \/>\n<meta property=\"og:url\" content=\"https:\/\/salesianosmaux.es\/centrojuvenil\/2025\/12\/04\/chiquijama-navidena\/\" \/>\n<meta property=\"og:site_name\" content=\"Centro Juvenil Mar\u00eda Auxiliadora\" \/>\n<meta property=\"article:published_time\" content=\"2025-12-04T12:21:29+00:00\" \/>\n<meta property=\"article:modified_time\" content=\"2025-12-04T12:25:06+00:00\" \/>\n<meta property=\"og:image\" content=\"https:\/\/salesianosmaux.es\/centrojuvenil\/wp-content\/uploads\/sites\/6\/2025\/12\/chiquijama.jpg\" \/>\n\t<meta property=\"og:image:width\" content=\"1209\" \/>\n\t<meta property=\"og:image:height\" content=\"1080\" \/>\n\t<meta property=\"og:image:type\" content=\"image\/jpeg\" \/>\n<meta name=\"author\" content=\"centrojuvenil\" \/>\n<meta name=\"twitter:card\" content=\"summary_large_image\" \/>\n<meta name=\"twitter:label1\" content=\"Escrito por\" \/>\n\t<meta name=\"twitter:data1\" content=\"centrojuvenil\" \/>\n\t<meta name=\"twitter:label2\" content=\"Tiempo de lectura\" \/>\n\t<meta name=\"twitter:data2\" content=\"1 minuto\" \/>\n<script type=\"application\/ld+json\" class=\"yoast-schema-graph\">{\"@context\":\"https:\\\/\\\/schema.org\",\"@graph\":[{\"@type\":\"Article\",\"@id\":\"https:\\\/\\\/salesianosmaux.es\\\/centrojuvenil\\\/2025\\\/12\\\/04\\\/chiquijama-navidena\\\/#article\",\"isPartOf\":{\"@id\":\"https:\\\/\\\/salesianosmaux.es\\\/centrojuvenil\\\/2025\\\/12\\\/04\\\/chiquijama-navidena\\\/\"},\"author\":{\"name\":\"centrojuvenil\",\"@id\":\"https:\\\/\\\/salesianosmaux.es\\\/centrojuvenil\\\/#\\\/schema\\\/person\\\/2907e7467414eb7c582683323229cfa0\"},\"headline\":\"\u00a1\u00a1\u00a1CHIQUIJAMA NAVIDE\u00d1A!!!\",\"datePublished\":\"2025-12-04T12:21:29+00:00\",\"dateModified\":\"2025-12-04T12:25:06+00:00\",\"mainEntityOfPage\":{\"@id\":\"https:\\\/\\\/salesianosmaux.es\\\/centrojuvenil\\\/2025\\\/12\\\/04\\\/chiquijama-navidena\\\/\"},\"wordCount\":258,\"commentCount\":0,\"image\":{\"@id\":\"https:\\\/\\\/salesianosmaux.es\\\/centrojuvenil\\\/2025\\\/12\\\/04\\\/chiquijama-navidena\\\/#primaryimage\"},\"thumbnailUrl\":\"https:\\\/\\\/salesianosmaux.es\\\/centrojuvenil\\\/wp-content\\\/uploads\\\/sites\\\/6\\\/2025\\\/12\\\/chiquijama.jpg\",\"articleSection\":[\"Chiqui Actividades\",\"Chiqui Noticias\",\"Chiquicentro\"],\"inLanguage\":\"es\",\"potentialAction\":[{\"@type\":\"CommentAction\",\"name\":\"Comment\",\"target\":[\"https:\\\/\\\/salesianosmaux.es\\\/centrojuvenil\\\/2025\\\/12\\\/04\\\/chiquijama-navidena\\\/#respond\"]}]},{\"@type\":\"WebPage\",\"@id\":\"https:\\\/\\\/salesianosmaux.es\\\/centrojuvenil\\\/2025\\\/12\\\/04\\\/chiquijama-navidena\\\/\",\"url\":\"https:\\\/\\\/salesianosmaux.es\\\/centrojuvenil\\\/2025\\\/12\\\/04\\\/chiquijama-navidena\\\/\",\"name\":\"\u00a1\u00a1\u00a1CHIQUIJAMA NAVIDE\u00d1A!!! - Centro Juvenil Mar\u00eda Auxiliadora\",\"isPartOf\":{\"@id\":\"https:\\\/\\\/salesianosmaux.es\\\/centrojuvenil\\\/#website\"},\"primaryImageOfPage\":{\"@id\":\"https:\\\/\\\/salesianosmaux.es\\\/centrojuvenil\\\/2025\\\/12\\\/04\\\/chiquijama-navidena\\\/#primaryimage\"},\"image\":{\"@id\":\"https:\\\/\\\/salesianosmaux.es\\\/centrojuvenil\\\/2025\\\/12\\\/04\\\/chiquijama-navidena\\\/#primaryimage\"},\"thumbnailUrl\":\"https:\\\/\\\/salesianosmaux.es\\\/centrojuvenil\\\/wp-content\\\/uploads\\\/sites\\\/6\\\/2025\\\/12\\\/chiquijama.jpg\",\"datePublished\":\"2025-12-04T12:21:29+00:00\",\"dateModified\":\"2025-12-04T12:25:06+00:00\",\"author\":{\"@id\":\"https:\\\/\\\/salesianosmaux.es\\\/centrojuvenil\\\/#\\\/schema\\\/person\\\/2907e7467414eb7c582683323229cfa0\"},\"breadcrumb\":{\"@id\":\"https:\\\/\\\/salesianosmaux.es\\\/centrojuvenil\\\/2025\\\/12\\\/04\\\/chiquijama-navidena\\\/#breadcrumb\"},\"inLanguage\":\"es\",\"potentialAction\":[{\"@type\":\"ReadAction\",\"target\":[\"https:\\\/\\\/salesianosmaux.es\\\/centrojuvenil\\\/2025\\\/12\\\/04\\\/chiquijama-navidena\\\/\"]}]},{\"@type\":\"ImageObject\",\"inLanguage\":\"es\",\"@id\":\"https:\\\/\\\/salesianosmaux.es\\\/centrojuvenil\\\/2025\\\/12\\\/04\\\/chiquijama-navidena\\\/#primaryimage\",\"url\":\"https:\\\/\\\/salesianosmaux.es\\\/centrojuvenil\\\/wp-content\\\/uploads\\\/sites\\\/6\\\/2025\\\/12\\\/chiquijama.jpg\",\"contentUrl\":\"https:\\\/\\\/salesianosmaux.es\\\/centrojuvenil\\\/wp-content\\\/uploads\\\/sites\\\/6\\\/2025\\\/12\\\/chiquijama.jpg\",\"width\":1209,\"height\":1080},{\"@type\":\"BreadcrumbList\",\"@id\":\"https:\\\/\\\/salesianosmaux.es\\\/centrojuvenil\\\/2025\\\/12\\\/04\\\/chiquijama-navidena\\\/#breadcrumb\",\"itemListElement\":[{\"@type\":\"ListItem\",\"position\":1,\"name\":\"Portada\",\"item\":\"https:\\\/\\\/salesianosmaux.es\\\/centrojuvenil\\\/\"},{\"@type\":\"ListItem\",\"position\":2,\"name\":\"\u00a1\u00a1\u00a1CHIQUIJAMA NAVIDE\u00d1A!!!\"}]},{\"@type\":\"WebSite\",\"@id\":\"https:\\\/\\\/salesianosmaux.es\\\/centrojuvenil\\\/#website\",\"url\":\"https:\\\/\\\/salesianosmaux.es\\\/centrojuvenil\\\/\",\"name\":\"Centro Juvenil Mar\u00eda Auxiliadora\",\"description\":\"\",\"potentialAction\":[{\"@type\":\"SearchAction\",\"target\":{\"@type\":\"EntryPoint\",\"urlTemplate\":\"https:\\\/\\\/salesianosmaux.es\\\/centrojuvenil\\\/?s={search_term_string}\"},\"query-input\":{\"@type\":\"PropertyValueSpecification\",\"valueRequired\":true,\"valueName\":\"search_term_string\"}}],\"inLanguage\":\"es\"},{\"@type\":\"Person\",\"@id\":\"https:\\\/\\\/salesianosmaux.es\\\/centrojuvenil\\\/#\\\/schema\\\/person\\\/2907e7467414eb7c582683323229cfa0\",\"name\":\"centrojuvenil\",\"image\":{\"@type\":\"ImageObject\",\"inLanguage\":\"es\",\"@id\":\"https:\\\/\\\/secure.gravatar.com\\\/avatar\\\/0969b94997d48dd955926fff0eedb1687ec9fd00294a727f82de75614d1751d2?s=96&d=mm&r=g\",\"url\":\"https:\\\/\\\/secure.gravatar.com\\\/avatar\\\/0969b94997d48dd955926fff0eedb1687ec9fd00294a727f82de75614d1751d2?s=96&d=mm&r=g\",\"contentUrl\":\"https:\\\/\\\/secure.gravatar.com\\\/avatar\\\/0969b94997d48dd955926fff0eedb1687ec9fd00294a727f82de75614d1751d2?s=96&d=mm&r=g\",\"caption\":\"centrojuvenil\"},\"url\":\"https:\\\/\\\/salesianosmaux.es\\\/centrojuvenil\\\/author\\\/centrojuvenil\\\/\"}]}<\/script>\n<!-- \/ Yoast SEO plugin. -->","yoast_head_json":{"title":"\u00a1\u00a1\u00a1CHIQUIJAMA NAVIDE\u00d1A!!! - Centro Juvenil Mar\u00eda Auxiliadora","robots":{"index":"index","follow":"follow","max-snippet":"max-snippet:-1","max-image-preview":"max-image-preview:large","max-video-preview":"max-video-preview:-1"},"canonical":"https:\/\/salesianosmaux.es\/centrojuvenil\/2025\/12\/04\/chiquijama-navidena\/","og_locale":"es_ES","og_type":"article","og_title":"\u00a1\u00a1\u00a1CHIQUIJAMA NAVIDE\u00d1A!!! - Centro Juvenil Mar\u00eda Auxiliadora","og_description":"\ud83d\udce3\u00a1BUENAS FAMILIAS DEL CHIQUICENTRO!\ud83d\udce3 \u00a1Acampada en el colegio!\ud83e\udec2\ud83e\udef6\ud83c\udffc Ya iba tocando una acampada y qu\u00e9 mejor sitio para tomar confianza que el colegio. Por eso queremos que reserv\u00e9is en vuestros calendarios el fin de semana del 13 y 14 de diciembre. Horario: La entrada y la salida ser\u00e1 por el port\u00f3n (Calle Padre Astete) el s\u00e1bado a las 17:00 hasta las 12:00 del domingo despu\u00e9s de misa.","og_url":"https:\/\/salesianosmaux.es\/centrojuvenil\/2025\/12\/04\/chiquijama-navidena\/","og_site_name":"Centro Juvenil Mar\u00eda Auxiliadora","article_published_time":"2025-12-04T12:21:29+00:00","article_modified_time":"2025-12-04T12:25:06+00:00","og_image":[{"width":1209,"height":1080,"url":"https:\/\/salesianosmaux.es\/centrojuvenil\/wp-content\/uploads\/sites\/6\/2025\/12\/chiquijama.jpg","type":"image\/jpeg"}],"author":"centrojuvenil","twitter_card":"summary_large_image","twitter_misc":{"Escrito por":"centrojuvenil","Tiempo de lectura":"1 minuto"},"schema":{"@context":"https:\/\/schema.org","@graph":[{"@type":"Article","@id":"https:\/\/salesianosmaux.es\/centrojuvenil\/2025\/12\/04\/chiquijama-navidena\/#article","isPartOf":{"@id":"https:\/\/salesianosmaux.es\/centrojuvenil\/2025\/12\/04\/chiquijama-navidena\/"},"author":{"name":"centrojuvenil","@id":"https:\/\/salesianosmaux.es\/centrojuvenil\/#\/schema\/person\/2907e7467414eb7c582683323229cfa0"},"headline":"\u00a1\u00a1\u00a1CHIQUIJAMA NAVIDE\u00d1A!!!","datePublished":"2025-12-04T12:21:29+00:00","dateModified":"2025-12-04T12:25:06+00:00","mainEntityOfPage":{"@id":"https:\/\/salesianosmaux.es\/centrojuvenil\/2025\/12\/04\/chiquijama-navidena\/"},"wordCount":258,"commentCount":0,"image":{"@id":"https:\/\/salesianosmaux.es\/centrojuvenil\/2025\/12\/04\/chiquijama-navidena\/#primaryimage"},"thumbnailUrl":"https:\/\/salesianosmaux.es\/centrojuvenil\/wp-content\/uploads\/sites\/6\/2025\/12\/chiquijama.jpg","articleSection":["Chiqui Actividades","Chiqui Noticias","Chiquicentro"],"inLanguage":"es","potentialAction":[{"@type":"CommentAction","name":"Comment","target":["https:\/\/salesianosmaux.es\/centrojuvenil\/2025\/12\/04\/chiquijama-navidena\/#respond"]}]},{"@type":"WebPage","@id":"https:\/\/salesianosmaux.es\/centrojuvenil\/2025\/12\/04\/chiquijama-navidena\/","url":"https:\/\/salesianosmaux.es\/centrojuvenil\/2025\/12\/04\/chiquijama-navidena\/","name":"\u00a1\u00a1\u00a1CHIQUIJAMA NAVIDE\u00d1A!!! - Centro Juvenil Mar\u00eda Auxiliadora","isPartOf":{"@id":"https:\/\/salesianosmaux.es\/centrojuvenil\/#website"},"primaryImageOfPage":{"@id":"https:\/\/salesianosmaux.es\/centrojuvenil\/2025\/12\/04\/chiquijama-navidena\/#primaryimage"},"image":{"@id":"https:\/\/salesianosmaux.es\/centrojuvenil\/2025\/12\/04\/chiquijama-navidena\/#primaryimage"},"thumbnailUrl":"https:\/\/salesianosmaux.es\/centrojuvenil\/wp-content\/uploads\/sites\/6\/2025\/12\/chiquijama.jpg","datePublished":"2025-12-04T12:21:29+00:00","dateModified":"2025-12-04T12:25:06+00:00","author":{"@id":"https:\/\/salesianosmaux.es\/centrojuvenil\/#\/schema\/person\/2907e7467414eb7c582683323229cfa0"},"breadcrumb":{"@id":"https:\/\/salesianosmaux.es\/centrojuvenil\/2025\/12\/04\/chiquijama-navidena\/#breadcrumb"},"inLanguage":"es","potentialAction":[{"@type":"ReadAction","target":["https:\/\/salesianosmaux.es\/centrojuvenil\/2025\/12\/04\/chiquijama-navidena\/"]}]},{"@type":"ImageObject","inLanguage":"es","@id":"https:\/\/salesianosmaux.es\/centrojuvenil\/2025\/12\/04\/chiquijama-navidena\/#primaryimage","url":"https:\/\/salesianosmaux.es\/centrojuvenil\/wp-content\/uploads\/sites\/6\/2025\/12\/chiquijama.jpg","contentUrl":"https:\/\/salesianosmaux.es\/centrojuvenil\/wp-content\/uploads\/sites\/6\/2025\/12\/chiquijama.jpg","width":1209,"height":1080},{"@type":"BreadcrumbList","@id":"https:\/\/salesianosmaux.es\/centrojuvenil\/2025\/12\/04\/chiquijama-navidena\/#breadcrumb","itemListElement":[{"@type":"ListItem","position":1,"name":"Portada","item":"https:\/\/salesianosmaux.es\/centrojuvenil\/"},{"@type":"ListItem","position":2,"name":"\u00a1\u00a1\u00a1CHIQUIJAMA NAVIDE\u00d1A!!!"}]},{"@type":"WebSite","@id":"https:\/\/salesianosmaux.es\/centrojuvenil\/#website","url":"https:\/\/salesianosmaux.es\/centrojuvenil\/","name":"Centro Juvenil Mar\u00eda Auxiliadora","description":"","potentialAction":[{"@type":"SearchAction","target":{"@type":"EntryPoint","urlTemplate":"https:\/\/salesianosmaux.es\/centrojuvenil\/?s={search_term_string}"},"query-input":{"@type":"PropertyValueSpecification","valueRequired":true,"valueName":"search_term_string"}}],"inLanguage":"es"},{"@type":"Person","@id":"https:\/\/salesianosmaux.es\/centrojuvenil\/#\/schema\/person\/2907e7467414eb7c582683323229cfa0","name":"centrojuvenil","image":{"@type":"ImageObject","inLanguage":"es","@id":"https:\/\/secure.gravatar.com\/avatar\/0969b94997d48dd955926fff0eedb1687ec9fd00294a727f82de75614d1751d2?s=96&d=mm&r=g","url":"https:\/\/secure.gravatar.com\/avatar\/0969b94997d48dd955926fff0eedb1687ec9fd00294a727f82de75614d1751d2?s=96&d=mm&r=g","contentUrl":"https:\/\/secure.gravatar.com\/avatar\/0969b94997d48dd955926fff0eedb1687ec9fd00294a727f82de75614d1751d2?s=96&d=mm&r=g","caption":"centrojuvenil"},"url":"https:\/\/salesianosmaux.es\/centrojuvenil\/author\/centrojuvenil\/"}]}},"_links":{"self":[{"href":"https:\/\/salesianosmaux.es\/centrojuvenil\/wp-json\/wp\/v2\/posts\/1937","targetHints":{"allow":["GET"]}}],"collection":[{"href":"https:\/\/salesianosmaux.es\/centrojuvenil\/wp-json\/wp\/v2\/posts"}],"about":[{"href":"https:\/\/salesianosmaux.es\/centrojuvenil\/wp-json\/wp\/v2\/types\/post"}],"author":[{"embeddable":true,"href":"https:\/\/salesianosmaux.es\/centrojuvenil\/wp-json\/wp\/v2\/users\/4"}],"replies":[{"embeddable":true,"href":"https:\/\/salesianosmaux.es\/centrojuvenil\/wp-json\/wp\/v2\/comments?post=1937"}],"version-history":[{"count":3,"href":"https:\/\/salesianosmaux.es\/centrojuvenil\/wp-json\/wp\/v2\/posts\/1937\/revisions"}],"predecessor-version":[{"id":1943,"href":"https:\/\/salesianosmaux.es\/centrojuvenil\/wp-json\/wp\/v2\/posts\/1937\/revisions\/1943"}],"wp:featuredmedia":[{"embeddable":true,"href":"https:\/\/salesianosmaux.es\/centrojuvenil\/wp-json\/wp\/v2\/media\/1938"}],"wp:attachment":[{"href":"https:\/\/salesianosmaux.es\/centrojuvenil\/wp-json\/wp\/v2\/media?parent=1937"}],"wp:term":[{"taxonomy":"category","embeddable":true,"href":"https:\/\/salesianosmaux.es\/centrojuvenil\/wp-json\/wp\/v2\/categories?post=1937"},{"taxonomy":"post_tag","embeddable":true,"href":"https:\/\/salesianosmaux.es\/centrojuvenil\/wp-json\/wp\/v2\/tags?post=1937"}],"curies":[{"name":"wp","href":"https:\/\/api.w.org\/{rel}","templated":true}]}}