{"id":1951,"date":"2026-01-24T16:57:35","date_gmt":"2026-01-24T16:57:35","guid":{"rendered":"https:\/\/salesianosmaux.es\/centrojuvenil\/?p=1951"},"modified":"2026-01-24T16:57:35","modified_gmt":"2026-01-24T16:57:35","slug":"acampada-en-arevalo","status":"publish","type":"post","link":"https:\/\/salesianosmaux.es\/centrojuvenil\/2026\/01\/24\/acampada-en-arevalo\/","title":{"rendered":"ACAMPADA EN AR\u00c9VALO"},"content":{"rendered":"<p>[et_pb_section fb_built=\u00bb1&#8243; theme_builder_area=\u00bbpost_content\u00bb _builder_version=\u00bb4.27.5&#8243; _module_preset=\u00bbdefault\u00bb][et_pb_row _builder_version=\u00bb4.27.5&#8243; _module_preset=\u00bbdefault\u00bb theme_builder_area=\u00bbpost_content\u00bb][et_pb_column _builder_version=\u00bb4.27.5&#8243; _module_preset=\u00bbdefault\u00bb type=\u00bb4_4&#8243; theme_builder_area=\u00bbpost_content\u00bb][et_pb_text _builder_version=\u00bb4.27.5&#8243; _module_preset=\u00bbdefault\u00bb theme_builder_area=\u00bbpost_content\u00bb hover_enabled=\u00bb0&#8243; sticky_enabled=\u00bb0&#8243;]<\/p>\n<p>\ud83e\ude75\u00a1BUENAS FAMILIAS DEL CHIQUICENTRO!\ud83e\ude77<\/p>\n<p>Os presentamos la <span style=\"color: #0c71c3\">acampada en el Colegio Salesiano de Ar\u00e9valo<\/span> (\u00c1vila). \ud83c\udfeb<\/p>\n<p>Esta actividad tendr\u00e1 lugar los <span style=\"color: #0c71c3\">d\u00edas 21 y 22 de febrero<\/span> .<\/p>\n<p>\ud83d\udd70\ufe0f Con el siguiente horario:<br \/>&#8211; Saldremos de Salamanca el S\u00e1bado 21 de febrero a las 9:00h.<br \/>&#8211; Llegaremos a Salamanca el Domingo 22 de febrero sobre las 14:00h . (Iremos comunicando la hora exacta por redes) \ud83d\udcf2<\/p>\n<p>En la acampada haremos distintas actividades que se realizar\u00e1n en el propio Colegio de los Salesianos. El colegio cuenta con dormitorios, aseos, duchas, ba\u00f1os, comedor, gimnasio, soportales, calefacci\u00f3n asi que si hace fr\u00edo estaremos bien resguardados.<br \/>Durante la acampada, tendremos muchos juegos, formaci\u00f3n, tiempo libre\u2026 todo ello buscando la m\u00e1xima convivencia posible adem\u00e1s de pasarlo en grande.<\/p>\n<p>Esta actividad es solo para <span style=\"color: #0c71c3\">SOCIOS<\/span> , la inscripci\u00f3n ser\u00e1 por <a href=\"https:\/\/confedonbosco.org\/areaprivada\/\">BOSCONECTA<\/a> , con el precio de <span style=\"color: #0c71c3\">35\u20ac<\/span> , que habr\u00e1 que pagar por <span style=\"color: #0c71c3\">TPV<\/span> . \ud83d\udcb0<br \/>Adem\u00e1s, en el caso de que no se asista a la actividad, NO se devolver\u00e1 el dinero.<\/p>\n<p>\ud83d\udcba Tambi\u00e9n, contamos con un l\u00edmite de plazas , el cual seguir\u00e1 el orden riguroso de inscripci\u00f3n, hasta completar el n\u00famero de 80 plazas.<\/p>\n<p>\ud83d\udcc6 El<span style=\"color: #0c71c3\"> plazo de inscripci\u00f3n es del 24 de enero al 6 de febrero<\/span>, y se ir\u00e1n aceptando seg\u00fan el orden en el que se apunten. \u00a1No te quedes sin tu plaza!<\/p>\n<p>\u00bfQu\u00e9 hay que llevar?<br \/>&#8211; Saco de dormir \ud83d\udca4<br \/>&#8211; DNI y tarjeta sanitaria \ud83d\udcb3<br \/>&#8211; Medicaci\u00f3n (en caso de que sea necesaria) \ud83d\udc8a<br \/>&#8211; Pijama \ud83d\udc55<br \/>&#8211; Ropa de cambio \ud83d\udc56<br \/>&#8211; Utensilios de aseo \ud83e\uddfd<br \/>&#8211; Comida y cena del s\u00e1bado \ud83c\udf7d\ufe0f<br \/>\u00a1Muchas ganas de pasarlo bien! \ud83e\udd2a<\/p>\n<p>\u2709\ufe0f Si ten\u00e9is cualquier duda no dud\u00e9is en contactarnos a trav\u00e9s del correo: chiquimaux@gmail.com<\/p>\n<p>Un saludo,<br \/>El equipo de animadores del Chiquicentro.\u2764\ufe0f<\/p>\n<p>[\/et_pb_text][\/et_pb_column][\/et_pb_row][\/et_pb_section]<\/p>\n","protected":false},"excerpt":{"rendered":"<p>\ud83e\ude75\u00a1BUENAS FAMILIAS DEL CHIQUICENTRO!\ud83e\ude77<\/p>\n<p>Os presentamos la acampada en el Colegio Salesiano de Ar\u00e9valo (\u00c1vila). \ud83c\udfeb<\/p>\n<p>Esta actividad tendr\u00e1 lugar los d\u00edas 21 y 22 de febrero .<\/p>\n<p>\ud83d\udd70\ufe0f Con el siguiente horario:<br \/>\n&#8211; Saldremos de Salamanca el S\u00e1bado 21 de febrero a las 9:00h.<br \/>\n&#8211; Llegaremos a Salamanca el Domingo 22 de febrero sobre las 14:00h . (Iremos comunicando la hora exacta por redes) \ud83d\udcf2<\/p>\n<p>En la acampada haremos distintas actividades que se realizar\u00e1n en el propio Colegio de los Salesianos. El colegio cuenta con dormitorios, aseos, duchas, ba\u00f1os, comedor, gimnasio, soportales, calefacci\u00f3n asi que si hace fr\u00edo estaremos bien resguardados.<br \/>\nDurante la acampada, tendremos muchos juegos, formaci\u00f3n, tiempo libre\u2026 todo ello buscando la m\u00e1xima convivencia posible adem\u00e1s de pasarlo en grande.<\/p>\n","protected":false},"author":4,"featured_media":1952,"comment_status":"open","ping_status":"open","sticky":false,"template":"","format":"standard","meta":{"_et_pb_use_builder":"on","_et_pb_old_content":"","_et_gb_content_width":"","footnotes":""},"categories":[29,30,1],"tags":[],"class_list":["post-1951","post","type-post","status-publish","format-standard","has-post-thumbnail","hentry","category-chiquicentro-actividades","category-chiquicentro-noticias","category-chiquicentro"],"yoast_head":"<!-- This site is optimized with the Yoast SEO plugin v27.4 - https:\/\/yoast.com\/product\/yoast-seo-wordpress\/ -->\n<title>ACAMPADA EN AR\u00c9VALO - Centro Juvenil Mar\u00eda Auxiliadora<\/title>\n<meta name=\"robots\" content=\"index, follow, max-snippet:-1, max-image-preview:large, max-video-preview:-1\" \/>\n<link rel=\"canonical\" href=\"https:\/\/salesianosmaux.es\/centrojuvenil\/2026\/01\/24\/acampada-en-arevalo\/\" \/>\n<meta property=\"og:locale\" content=\"es_ES\" \/>\n<meta property=\"og:type\" content=\"article\" \/>\n<meta property=\"og:title\" content=\"ACAMPADA EN AR\u00c9VALO - Centro Juvenil Mar\u00eda Auxiliadora\" \/>\n<meta property=\"og:description\" content=\"\ud83e\ude75\u00a1BUENAS FAMILIAS DEL CHIQUICENTRO!\ud83e\ude77 Os presentamos la acampada en el Colegio Salesiano de Ar\u00e9valo (\u00c1vila). \ud83c\udfeb Esta actividad tendr\u00e1 lugar los d\u00edas 21 y 22 de febrero . \ud83d\udd70\ufe0f Con el siguiente horario: - Saldremos de Salamanca el S\u00e1bado 21 de febrero a las 9:00h. - Llegaremos a Salamanca el Domingo 22 de febrero sobre las 14:00h . (Iremos comunicando la hora exacta por redes) \ud83d\udcf2 En la acampada haremos distintas actividades que se realizar\u00e1n en el propio Colegio de los Salesianos. El colegio cuenta con dormitorios, aseos, duchas, ba\u00f1os, comedor, gimnasio, soportales, calefacci\u00f3n asi que si hace fr\u00edo estaremos bien resguardados. Durante la acampada, tendremos muchos juegos, formaci\u00f3n, tiempo libre\u2026 todo ello buscando la m\u00e1xima convivencia posible adem\u00e1s de pasarlo en grande.\" \/>\n<meta property=\"og:url\" content=\"https:\/\/salesianosmaux.es\/centrojuvenil\/2026\/01\/24\/acampada-en-arevalo\/\" \/>\n<meta property=\"og:site_name\" content=\"Centro Juvenil Mar\u00eda Auxiliadora\" \/>\n<meta property=\"article:published_time\" content=\"2026-01-24T16:57:35+00:00\" \/>\n<meta property=\"og:image\" content=\"https:\/\/salesianosmaux.es\/centrojuvenil\/wp-content\/uploads\/sites\/6\/2026\/01\/acampada.jpeg\" \/>\n\t<meta property=\"og:image:width\" content=\"1920\" \/>\n\t<meta property=\"og:image:height\" content=\"1080\" \/>\n\t<meta property=\"og:image:type\" content=\"image\/jpeg\" \/>\n<meta name=\"author\" content=\"centrojuvenil\" \/>\n<meta name=\"twitter:card\" content=\"summary_large_image\" \/>\n<meta name=\"twitter:label1\" content=\"Escrito por\" \/>\n\t<meta name=\"twitter:data1\" content=\"centrojuvenil\" \/>\n\t<meta name=\"twitter:label2\" content=\"Tiempo de lectura\" \/>\n\t<meta name=\"twitter:data2\" content=\"1 minuto\" \/>\n<script type=\"application\/ld+json\" class=\"yoast-schema-graph\">{\"@context\":\"https:\\\/\\\/schema.org\",\"@graph\":[{\"@type\":\"Article\",\"@id\":\"https:\\\/\\\/salesianosmaux.es\\\/centrojuvenil\\\/2026\\\/01\\\/24\\\/acampada-en-arevalo\\\/#article\",\"isPartOf\":{\"@id\":\"https:\\\/\\\/salesianosmaux.es\\\/centrojuvenil\\\/2026\\\/01\\\/24\\\/acampada-en-arevalo\\\/\"},\"author\":{\"name\":\"centrojuvenil\",\"@id\":\"https:\\\/\\\/salesianosmaux.es\\\/centrojuvenil\\\/#\\\/schema\\\/person\\\/2907e7467414eb7c582683323229cfa0\"},\"headline\":\"ACAMPADA EN AR\u00c9VALO\",\"datePublished\":\"2026-01-24T16:57:35+00:00\",\"mainEntityOfPage\":{\"@id\":\"https:\\\/\\\/salesianosmaux.es\\\/centrojuvenil\\\/2026\\\/01\\\/24\\\/acampada-en-arevalo\\\/\"},\"wordCount\":366,\"commentCount\":0,\"image\":{\"@id\":\"https:\\\/\\\/salesianosmaux.es\\\/centrojuvenil\\\/2026\\\/01\\\/24\\\/acampada-en-arevalo\\\/#primaryimage\"},\"thumbnailUrl\":\"https:\\\/\\\/salesianosmaux.es\\\/centrojuvenil\\\/wp-content\\\/uploads\\\/sites\\\/6\\\/2026\\\/01\\\/acampada.jpeg\",\"articleSection\":[\"Chiqui Actividades\",\"Chiqui Noticias\",\"Chiquicentro\"],\"inLanguage\":\"es\",\"potentialAction\":[{\"@type\":\"CommentAction\",\"name\":\"Comment\",\"target\":[\"https:\\\/\\\/salesianosmaux.es\\\/centrojuvenil\\\/2026\\\/01\\\/24\\\/acampada-en-arevalo\\\/#respond\"]}]},{\"@type\":\"WebPage\",\"@id\":\"https:\\\/\\\/salesianosmaux.es\\\/centrojuvenil\\\/2026\\\/01\\\/24\\\/acampada-en-arevalo\\\/\",\"url\":\"https:\\\/\\\/salesianosmaux.es\\\/centrojuvenil\\\/2026\\\/01\\\/24\\\/acampada-en-arevalo\\\/\",\"name\":\"ACAMPADA EN AR\u00c9VALO - Centro Juvenil Mar\u00eda Auxiliadora\",\"isPartOf\":{\"@id\":\"https:\\\/\\\/salesianosmaux.es\\\/centrojuvenil\\\/#website\"},\"primaryImageOfPage\":{\"@id\":\"https:\\\/\\\/salesianosmaux.es\\\/centrojuvenil\\\/2026\\\/01\\\/24\\\/acampada-en-arevalo\\\/#primaryimage\"},\"image\":{\"@id\":\"https:\\\/\\\/salesianosmaux.es\\\/centrojuvenil\\\/2026\\\/01\\\/24\\\/acampada-en-arevalo\\\/#primaryimage\"},\"thumbnailUrl\":\"https:\\\/\\\/salesianosmaux.es\\\/centrojuvenil\\\/wp-content\\\/uploads\\\/sites\\\/6\\\/2026\\\/01\\\/acampada.jpeg\",\"datePublished\":\"2026-01-24T16:57:35+00:00\",\"author\":{\"@id\":\"https:\\\/\\\/salesianosmaux.es\\\/centrojuvenil\\\/#\\\/schema\\\/person\\\/2907e7467414eb7c582683323229cfa0\"},\"breadcrumb\":{\"@id\":\"https:\\\/\\\/salesianosmaux.es\\\/centrojuvenil\\\/2026\\\/01\\\/24\\\/acampada-en-arevalo\\\/#breadcrumb\"},\"inLanguage\":\"es\",\"potentialAction\":[{\"@type\":\"ReadAction\",\"target\":[\"https:\\\/\\\/salesianosmaux.es\\\/centrojuvenil\\\/2026\\\/01\\\/24\\\/acampada-en-arevalo\\\/\"]}]},{\"@type\":\"ImageObject\",\"inLanguage\":\"es\",\"@id\":\"https:\\\/\\\/salesianosmaux.es\\\/centrojuvenil\\\/2026\\\/01\\\/24\\\/acampada-en-arevalo\\\/#primaryimage\",\"url\":\"https:\\\/\\\/salesianosmaux.es\\\/centrojuvenil\\\/wp-content\\\/uploads\\\/sites\\\/6\\\/2026\\\/01\\\/acampada.jpeg\",\"contentUrl\":\"https:\\\/\\\/salesianosmaux.es\\\/centrojuvenil\\\/wp-content\\\/uploads\\\/sites\\\/6\\\/2026\\\/01\\\/acampada.jpeg\",\"width\":1920,\"height\":1080},{\"@type\":\"BreadcrumbList\",\"@id\":\"https:\\\/\\\/salesianosmaux.es\\\/centrojuvenil\\\/2026\\\/01\\\/24\\\/acampada-en-arevalo\\\/#breadcrumb\",\"itemListElement\":[{\"@type\":\"ListItem\",\"position\":1,\"name\":\"Portada\",\"item\":\"https:\\\/\\\/salesianosmaux.es\\\/centrojuvenil\\\/\"},{\"@type\":\"ListItem\",\"position\":2,\"name\":\"ACAMPADA EN AR\u00c9VALO\"}]},{\"@type\":\"WebSite\",\"@id\":\"https:\\\/\\\/salesianosmaux.es\\\/centrojuvenil\\\/#website\",\"url\":\"https:\\\/\\\/salesianosmaux.es\\\/centrojuvenil\\\/\",\"name\":\"Centro Juvenil Mar\u00eda Auxiliadora\",\"description\":\"\",\"potentialAction\":[{\"@type\":\"SearchAction\",\"target\":{\"@type\":\"EntryPoint\",\"urlTemplate\":\"https:\\\/\\\/salesianosmaux.es\\\/centrojuvenil\\\/?s={search_term_string}\"},\"query-input\":{\"@type\":\"PropertyValueSpecification\",\"valueRequired\":true,\"valueName\":\"search_term_string\"}}],\"inLanguage\":\"es\"},{\"@type\":\"Person\",\"@id\":\"https:\\\/\\\/salesianosmaux.es\\\/centrojuvenil\\\/#\\\/schema\\\/person\\\/2907e7467414eb7c582683323229cfa0\",\"name\":\"centrojuvenil\",\"image\":{\"@type\":\"ImageObject\",\"inLanguage\":\"es\",\"@id\":\"https:\\\/\\\/secure.gravatar.com\\\/avatar\\\/0969b94997d48dd955926fff0eedb1687ec9fd00294a727f82de75614d1751d2?s=96&d=mm&r=g\",\"url\":\"https:\\\/\\\/secure.gravatar.com\\\/avatar\\\/0969b94997d48dd955926fff0eedb1687ec9fd00294a727f82de75614d1751d2?s=96&d=mm&r=g\",\"contentUrl\":\"https:\\\/\\\/secure.gravatar.com\\\/avatar\\\/0969b94997d48dd955926fff0eedb1687ec9fd00294a727f82de75614d1751d2?s=96&d=mm&r=g\",\"caption\":\"centrojuvenil\"},\"url\":\"https:\\\/\\\/salesianosmaux.es\\\/centrojuvenil\\\/author\\\/centrojuvenil\\\/\"}]}<\/script>\n<!-- \/ Yoast SEO plugin. -->","yoast_head_json":{"title":"ACAMPADA EN AR\u00c9VALO - Centro Juvenil Mar\u00eda Auxiliadora","robots":{"index":"index","follow":"follow","max-snippet":"max-snippet:-1","max-image-preview":"max-image-preview:large","max-video-preview":"max-video-preview:-1"},"canonical":"https:\/\/salesianosmaux.es\/centrojuvenil\/2026\/01\/24\/acampada-en-arevalo\/","og_locale":"es_ES","og_type":"article","og_title":"ACAMPADA EN AR\u00c9VALO - Centro Juvenil Mar\u00eda Auxiliadora","og_description":"\ud83e\ude75\u00a1BUENAS FAMILIAS DEL CHIQUICENTRO!\ud83e\ude77 Os presentamos la acampada en el Colegio Salesiano de Ar\u00e9valo (\u00c1vila). \ud83c\udfeb Esta actividad tendr\u00e1 lugar los d\u00edas 21 y 22 de febrero . \ud83d\udd70\ufe0f Con el siguiente horario: - Saldremos de Salamanca el S\u00e1bado 21 de febrero a las 9:00h. - Llegaremos a Salamanca el Domingo 22 de febrero sobre las 14:00h . (Iremos comunicando la hora exacta por redes) \ud83d\udcf2 En la acampada haremos distintas actividades que se realizar\u00e1n en el propio Colegio de los Salesianos. El colegio cuenta con dormitorios, aseos, duchas, ba\u00f1os, comedor, gimnasio, soportales, calefacci\u00f3n asi que si hace fr\u00edo estaremos bien resguardados. Durante la acampada, tendremos muchos juegos, formaci\u00f3n, tiempo libre\u2026 todo ello buscando la m\u00e1xima convivencia posible adem\u00e1s de pasarlo en grande.","og_url":"https:\/\/salesianosmaux.es\/centrojuvenil\/2026\/01\/24\/acampada-en-arevalo\/","og_site_name":"Centro Juvenil Mar\u00eda Auxiliadora","article_published_time":"2026-01-24T16:57:35+00:00","og_image":[{"width":1920,"height":1080,"url":"https:\/\/salesianosmaux.es\/centrojuvenil\/wp-content\/uploads\/sites\/6\/2026\/01\/acampada.jpeg","type":"image\/jpeg"}],"author":"centrojuvenil","twitter_card":"summary_large_image","twitter_misc":{"Escrito por":"centrojuvenil","Tiempo de lectura":"1 minuto"},"schema":{"@context":"https:\/\/schema.org","@graph":[{"@type":"Article","@id":"https:\/\/salesianosmaux.es\/centrojuvenil\/2026\/01\/24\/acampada-en-arevalo\/#article","isPartOf":{"@id":"https:\/\/salesianosmaux.es\/centrojuvenil\/2026\/01\/24\/acampada-en-arevalo\/"},"author":{"name":"centrojuvenil","@id":"https:\/\/salesianosmaux.es\/centrojuvenil\/#\/schema\/person\/2907e7467414eb7c582683323229cfa0"},"headline":"ACAMPADA EN AR\u00c9VALO","datePublished":"2026-01-24T16:57:35+00:00","mainEntityOfPage":{"@id":"https:\/\/salesianosmaux.es\/centrojuvenil\/2026\/01\/24\/acampada-en-arevalo\/"},"wordCount":366,"commentCount":0,"image":{"@id":"https:\/\/salesianosmaux.es\/centrojuvenil\/2026\/01\/24\/acampada-en-arevalo\/#primaryimage"},"thumbnailUrl":"https:\/\/salesianosmaux.es\/centrojuvenil\/wp-content\/uploads\/sites\/6\/2026\/01\/acampada.jpeg","articleSection":["Chiqui Actividades","Chiqui Noticias","Chiquicentro"],"inLanguage":"es","potentialAction":[{"@type":"CommentAction","name":"Comment","target":["https:\/\/salesianosmaux.es\/centrojuvenil\/2026\/01\/24\/acampada-en-arevalo\/#respond"]}]},{"@type":"WebPage","@id":"https:\/\/salesianosmaux.es\/centrojuvenil\/2026\/01\/24\/acampada-en-arevalo\/","url":"https:\/\/salesianosmaux.es\/centrojuvenil\/2026\/01\/24\/acampada-en-arevalo\/","name":"ACAMPADA EN AR\u00c9VALO - Centro Juvenil Mar\u00eda Auxiliadora","isPartOf":{"@id":"https:\/\/salesianosmaux.es\/centrojuvenil\/#website"},"primaryImageOfPage":{"@id":"https:\/\/salesianosmaux.es\/centrojuvenil\/2026\/01\/24\/acampada-en-arevalo\/#primaryimage"},"image":{"@id":"https:\/\/salesianosmaux.es\/centrojuvenil\/2026\/01\/24\/acampada-en-arevalo\/#primaryimage"},"thumbnailUrl":"https:\/\/salesianosmaux.es\/centrojuvenil\/wp-content\/uploads\/sites\/6\/2026\/01\/acampada.jpeg","datePublished":"2026-01-24T16:57:35+00:00","author":{"@id":"https:\/\/salesianosmaux.es\/centrojuvenil\/#\/schema\/person\/2907e7467414eb7c582683323229cfa0"},"breadcrumb":{"@id":"https:\/\/salesianosmaux.es\/centrojuvenil\/2026\/01\/24\/acampada-en-arevalo\/#breadcrumb"},"inLanguage":"es","potentialAction":[{"@type":"ReadAction","target":["https:\/\/salesianosmaux.es\/centrojuvenil\/2026\/01\/24\/acampada-en-arevalo\/"]}]},{"@type":"ImageObject","inLanguage":"es","@id":"https:\/\/salesianosmaux.es\/centrojuvenil\/2026\/01\/24\/acampada-en-arevalo\/#primaryimage","url":"https:\/\/salesianosmaux.es\/centrojuvenil\/wp-content\/uploads\/sites\/6\/2026\/01\/acampada.jpeg","contentUrl":"https:\/\/salesianosmaux.es\/centrojuvenil\/wp-content\/uploads\/sites\/6\/2026\/01\/acampada.jpeg","width":1920,"height":1080},{"@type":"BreadcrumbList","@id":"https:\/\/salesianosmaux.es\/centrojuvenil\/2026\/01\/24\/acampada-en-arevalo\/#breadcrumb","itemListElement":[{"@type":"ListItem","position":1,"name":"Portada","item":"https:\/\/salesianosmaux.es\/centrojuvenil\/"},{"@type":"ListItem","position":2,"name":"ACAMPADA EN AR\u00c9VALO"}]},{"@type":"WebSite","@id":"https:\/\/salesianosmaux.es\/centrojuvenil\/#website","url":"https:\/\/salesianosmaux.es\/centrojuvenil\/","name":"Centro Juvenil Mar\u00eda Auxiliadora","description":"","potentialAction":[{"@type":"SearchAction","target":{"@type":"EntryPoint","urlTemplate":"https:\/\/salesianosmaux.es\/centrojuvenil\/?s={search_term_string}"},"query-input":{"@type":"PropertyValueSpecification","valueRequired":true,"valueName":"search_term_string"}}],"inLanguage":"es"},{"@type":"Person","@id":"https:\/\/salesianosmaux.es\/centrojuvenil\/#\/schema\/person\/2907e7467414eb7c582683323229cfa0","name":"centrojuvenil","image":{"@type":"ImageObject","inLanguage":"es","@id":"https:\/\/secure.gravatar.com\/avatar\/0969b94997d48dd955926fff0eedb1687ec9fd00294a727f82de75614d1751d2?s=96&d=mm&r=g","url":"https:\/\/secure.gravatar.com\/avatar\/0969b94997d48dd955926fff0eedb1687ec9fd00294a727f82de75614d1751d2?s=96&d=mm&r=g","contentUrl":"https:\/\/secure.gravatar.com\/avatar\/0969b94997d48dd955926fff0eedb1687ec9fd00294a727f82de75614d1751d2?s=96&d=mm&r=g","caption":"centrojuvenil"},"url":"https:\/\/salesianosmaux.es\/centrojuvenil\/author\/centrojuvenil\/"}]}},"_links":{"self":[{"href":"https:\/\/salesianosmaux.es\/centrojuvenil\/wp-json\/wp\/v2\/posts\/1951","targetHints":{"allow":["GET"]}}],"collection":[{"href":"https:\/\/salesianosmaux.es\/centrojuvenil\/wp-json\/wp\/v2\/posts"}],"about":[{"href":"https:\/\/salesianosmaux.es\/centrojuvenil\/wp-json\/wp\/v2\/types\/post"}],"author":[{"embeddable":true,"href":"https:\/\/salesianosmaux.es\/centrojuvenil\/wp-json\/wp\/v2\/users\/4"}],"replies":[{"embeddable":true,"href":"https:\/\/salesianosmaux.es\/centrojuvenil\/wp-json\/wp\/v2\/comments?post=1951"}],"version-history":[{"count":2,"href":"https:\/\/salesianosmaux.es\/centrojuvenil\/wp-json\/wp\/v2\/posts\/1951\/revisions"}],"predecessor-version":[{"id":1954,"href":"https:\/\/salesianosmaux.es\/centrojuvenil\/wp-json\/wp\/v2\/posts\/1951\/revisions\/1954"}],"wp:featuredmedia":[{"embeddable":true,"href":"https:\/\/salesianosmaux.es\/centrojuvenil\/wp-json\/wp\/v2\/media\/1952"}],"wp:attachment":[{"href":"https:\/\/salesianosmaux.es\/centrojuvenil\/wp-json\/wp\/v2\/media?parent=1951"}],"wp:term":[{"taxonomy":"category","embeddable":true,"href":"https:\/\/salesianosmaux.es\/centrojuvenil\/wp-json\/wp\/v2\/categories?post=1951"},{"taxonomy":"post_tag","embeddable":true,"href":"https:\/\/salesianosmaux.es\/centrojuvenil\/wp-json\/wp\/v2\/tags?post=1951"}],"curies":[{"name":"wp","href":"https:\/\/api.w.org\/{rel}","templated":true}]}}