{"id":1956,"date":"2026-01-25T10:18:05","date_gmt":"2026-01-25T10:18:05","guid":{"rendered":"https:\/\/salesianosmaux.es\/centrojuvenil\/?p=1956"},"modified":"2026-01-25T10:22:11","modified_gmt":"2026-01-25T10:22:11","slug":"chiqui-reunion-acampada-de-arevalo","status":"publish","type":"post","link":"https:\/\/salesianosmaux.es\/centrojuvenil\/2026\/01\/25\/chiqui-reunion-acampada-de-arevalo\/","title":{"rendered":"CHIQUI, REUNI\u00d3N ACAMPADA DE AR\u00c9VALO"},"content":{"rendered":"\n[et_pb_section fb_built=\u00bb1&#8243; theme_builder_area=\u00bbpost_content\u00bb _builder_version=\u00bb4.27.5&#8243; _module_preset=\u00bbdefault\u00bb custom_padding=\u00bb||4px|||\u00bb][et_pb_row _builder_version=\u00bb4.27.5&#8243; _module_preset=\u00bbdefault\u00bb theme_builder_area=\u00bbpost_content\u00bb custom_padding=\u00bb|0px||||\u00bb][et_pb_column _builder_version=\u00bb4.27.5&#8243; _module_preset=\u00bbdefault\u00bb type=\u00bb4_4&#8243; theme_builder_area=\u00bbpost_content\u00bb][et_pb_text _builder_version=\u00bb4.27.5&#8243; _module_preset=\u00bbdefault\u00bb theme_builder_area=\u00bbpost_content\u00bb hover_enabled=\u00bb0&#8243; sticky_enabled=\u00bb0&#8243; custom_margin=\u00bb-46px|||||\u00bb]<p>Hola familias del chiquicentro!!!<\/p>\n<p>Este mi\u00e9rcoles <span style=\"color: #0c71c3\">28 de enero a las 20:00 horas<\/span>, tendr\u00e1 lugar la reuni\u00f3n de la acampada de Ar\u00e9valo. Es muy importante la asistencia ya que trataremos informaci\u00f3n importante sobre la actividad.<\/p>\n<p>La <span style=\"color: #0c71c3\">entrada<\/span> ser\u00e1 por el<span style=\"color: #0c71c3\"> teatro <\/span>del cole, calle Padre C\u00e1mara.<\/p>\n<p>Cualquier cuesti\u00f3n al correo <a href=\"mailto:chiquimaux@gmail.com\">chiquimaux@gmail.com<\/a><\/p>\n<p>Un abrazo familias, os esperamos a todos!!!<\/p>[\/et_pb_text][\/et_pb_column][\/et_pb_row][\/et_pb_section]\n","protected":false},"excerpt":{"rendered":"<p>Hola familias del chiquicentro!!!<br \/>\nEste mi\u00e9rcoles 28 de enero a las 20:00 horas, tendr\u00e1 lugar la reuni\u00f3n de la acampada de Ar\u00e9valo.<br \/>\nEs muy importante la asistencia ya que trataremos informaci\u00f3n importante sobre la actividad.<\/p>\n","protected":false},"author":4,"featured_media":1957,"comment_status":"open","ping_status":"open","sticky":false,"template":"","format":"standard","meta":{"_et_pb_use_builder":"on","_et_pb_old_content":"","_et_gb_content_width":"","footnotes":""},"categories":[29,30,1],"tags":[],"class_list":["post-1956","post","type-post","status-publish","format-standard","has-post-thumbnail","hentry","category-chiquicentro-actividades","category-chiquicentro-noticias","category-chiquicentro"],"yoast_head":"<!-- This site is optimized with the Yoast SEO plugin v27.4 - https:\/\/yoast.com\/product\/yoast-seo-wordpress\/ -->\n<title>CHIQUI, REUNI\u00d3N ACAMPADA DE AR\u00c9VALO - Centro Juvenil Mar\u00eda Auxiliadora<\/title>\n<meta name=\"robots\" content=\"index, follow, max-snippet:-1, max-image-preview:large, max-video-preview:-1\" \/>\n<link rel=\"canonical\" href=\"https:\/\/salesianosmaux.es\/centrojuvenil\/2026\/01\/25\/chiqui-reunion-acampada-de-arevalo\/\" \/>\n<meta property=\"og:locale\" content=\"es_ES\" \/>\n<meta property=\"og:type\" content=\"article\" \/>\n<meta property=\"og:title\" content=\"CHIQUI, REUNI\u00d3N ACAMPADA DE AR\u00c9VALO - Centro Juvenil Mar\u00eda Auxiliadora\" \/>\n<meta property=\"og:description\" content=\"Hola familias del chiquicentro!!! Este mi\u00e9rcoles 28 de enero a las 20:00 horas, tendr\u00e1 lugar la reuni\u00f3n de la acampada de Ar\u00e9valo. Es muy importante la asistencia ya que trataremos informaci\u00f3n importante sobre la actividad.\" \/>\n<meta property=\"og:url\" content=\"https:\/\/salesianosmaux.es\/centrojuvenil\/2026\/01\/25\/chiqui-reunion-acampada-de-arevalo\/\" \/>\n<meta property=\"og:site_name\" content=\"Centro Juvenil Mar\u00eda Auxiliadora\" \/>\n<meta property=\"article:published_time\" content=\"2026-01-25T10:18:05+00:00\" \/>\n<meta property=\"article:modified_time\" content=\"2026-01-25T10:22:11+00:00\" \/>\n<meta property=\"og:image\" content=\"https:\/\/salesianosmaux.es\/centrojuvenil\/wp-content\/uploads\/sites\/6\/2026\/01\/reunionacampada.jpeg\" \/>\n\t<meta property=\"og:image:width\" content=\"1080\" \/>\n\t<meta property=\"og:image:height\" content=\"1920\" \/>\n\t<meta property=\"og:image:type\" content=\"image\/jpeg\" \/>\n<meta name=\"author\" content=\"centrojuvenil\" \/>\n<meta name=\"twitter:card\" content=\"summary_large_image\" \/>\n<meta name=\"twitter:label1\" content=\"Escrito por\" \/>\n\t<meta name=\"twitter:data1\" content=\"centrojuvenil\" \/>\n\t<meta name=\"twitter:label2\" content=\"Tiempo de lectura\" \/>\n\t<meta name=\"twitter:data2\" content=\"1 minuto\" \/>\n<script type=\"application\/ld+json\" class=\"yoast-schema-graph\">{\"@context\":\"https:\\\/\\\/schema.org\",\"@graph\":[{\"@type\":\"Article\",\"@id\":\"https:\\\/\\\/salesianosmaux.es\\\/centrojuvenil\\\/2026\\\/01\\\/25\\\/chiqui-reunion-acampada-de-arevalo\\\/#article\",\"isPartOf\":{\"@id\":\"https:\\\/\\\/salesianosmaux.es\\\/centrojuvenil\\\/2026\\\/01\\\/25\\\/chiqui-reunion-acampada-de-arevalo\\\/\"},\"author\":{\"name\":\"centrojuvenil\",\"@id\":\"https:\\\/\\\/salesianosmaux.es\\\/centrojuvenil\\\/#\\\/schema\\\/person\\\/2907e7467414eb7c582683323229cfa0\"},\"headline\":\"CHIQUI, REUNI\u00d3N ACAMPADA DE AR\u00c9VALO\",\"datePublished\":\"2026-01-25T10:18:05+00:00\",\"dateModified\":\"2026-01-25T10:22:11+00:00\",\"mainEntityOfPage\":{\"@id\":\"https:\\\/\\\/salesianosmaux.es\\\/centrojuvenil\\\/2026\\\/01\\\/25\\\/chiqui-reunion-acampada-de-arevalo\\\/\"},\"wordCount\":152,\"commentCount\":0,\"image\":{\"@id\":\"https:\\\/\\\/salesianosmaux.es\\\/centrojuvenil\\\/2026\\\/01\\\/25\\\/chiqui-reunion-acampada-de-arevalo\\\/#primaryimage\"},\"thumbnailUrl\":\"https:\\\/\\\/salesianosmaux.es\\\/centrojuvenil\\\/wp-content\\\/uploads\\\/sites\\\/6\\\/2026\\\/01\\\/reunionacampada.jpeg\",\"articleSection\":[\"Chiqui Actividades\",\"Chiqui Noticias\",\"Chiquicentro\"],\"inLanguage\":\"es\",\"potentialAction\":[{\"@type\":\"CommentAction\",\"name\":\"Comment\",\"target\":[\"https:\\\/\\\/salesianosmaux.es\\\/centrojuvenil\\\/2026\\\/01\\\/25\\\/chiqui-reunion-acampada-de-arevalo\\\/#respond\"]}]},{\"@type\":\"WebPage\",\"@id\":\"https:\\\/\\\/salesianosmaux.es\\\/centrojuvenil\\\/2026\\\/01\\\/25\\\/chiqui-reunion-acampada-de-arevalo\\\/\",\"url\":\"https:\\\/\\\/salesianosmaux.es\\\/centrojuvenil\\\/2026\\\/01\\\/25\\\/chiqui-reunion-acampada-de-arevalo\\\/\",\"name\":\"CHIQUI, REUNI\u00d3N ACAMPADA DE AR\u00c9VALO - Centro Juvenil Mar\u00eda Auxiliadora\",\"isPartOf\":{\"@id\":\"https:\\\/\\\/salesianosmaux.es\\\/centrojuvenil\\\/#website\"},\"primaryImageOfPage\":{\"@id\":\"https:\\\/\\\/salesianosmaux.es\\\/centrojuvenil\\\/2026\\\/01\\\/25\\\/chiqui-reunion-acampada-de-arevalo\\\/#primaryimage\"},\"image\":{\"@id\":\"https:\\\/\\\/salesianosmaux.es\\\/centrojuvenil\\\/2026\\\/01\\\/25\\\/chiqui-reunion-acampada-de-arevalo\\\/#primaryimage\"},\"thumbnailUrl\":\"https:\\\/\\\/salesianosmaux.es\\\/centrojuvenil\\\/wp-content\\\/uploads\\\/sites\\\/6\\\/2026\\\/01\\\/reunionacampada.jpeg\",\"datePublished\":\"2026-01-25T10:18:05+00:00\",\"dateModified\":\"2026-01-25T10:22:11+00:00\",\"author\":{\"@id\":\"https:\\\/\\\/salesianosmaux.es\\\/centrojuvenil\\\/#\\\/schema\\\/person\\\/2907e7467414eb7c582683323229cfa0\"},\"breadcrumb\":{\"@id\":\"https:\\\/\\\/salesianosmaux.es\\\/centrojuvenil\\\/2026\\\/01\\\/25\\\/chiqui-reunion-acampada-de-arevalo\\\/#breadcrumb\"},\"inLanguage\":\"es\",\"potentialAction\":[{\"@type\":\"ReadAction\",\"target\":[\"https:\\\/\\\/salesianosmaux.es\\\/centrojuvenil\\\/2026\\\/01\\\/25\\\/chiqui-reunion-acampada-de-arevalo\\\/\"]}]},{\"@type\":\"ImageObject\",\"inLanguage\":\"es\",\"@id\":\"https:\\\/\\\/salesianosmaux.es\\\/centrojuvenil\\\/2026\\\/01\\\/25\\\/chiqui-reunion-acampada-de-arevalo\\\/#primaryimage\",\"url\":\"https:\\\/\\\/salesianosmaux.es\\\/centrojuvenil\\\/wp-content\\\/uploads\\\/sites\\\/6\\\/2026\\\/01\\\/reunionacampada.jpeg\",\"contentUrl\":\"https:\\\/\\\/salesianosmaux.es\\\/centrojuvenil\\\/wp-content\\\/uploads\\\/sites\\\/6\\\/2026\\\/01\\\/reunionacampada.jpeg\",\"width\":1080,\"height\":1920},{\"@type\":\"BreadcrumbList\",\"@id\":\"https:\\\/\\\/salesianosmaux.es\\\/centrojuvenil\\\/2026\\\/01\\\/25\\\/chiqui-reunion-acampada-de-arevalo\\\/#breadcrumb\",\"itemListElement\":[{\"@type\":\"ListItem\",\"position\":1,\"name\":\"Portada\",\"item\":\"https:\\\/\\\/salesianosmaux.es\\\/centrojuvenil\\\/\"},{\"@type\":\"ListItem\",\"position\":2,\"name\":\"CHIQUI, REUNI\u00d3N ACAMPADA DE AR\u00c9VALO\"}]},{\"@type\":\"WebSite\",\"@id\":\"https:\\\/\\\/salesianosmaux.es\\\/centrojuvenil\\\/#website\",\"url\":\"https:\\\/\\\/salesianosmaux.es\\\/centrojuvenil\\\/\",\"name\":\"Centro Juvenil Mar\u00eda Auxiliadora\",\"description\":\"\",\"potentialAction\":[{\"@type\":\"SearchAction\",\"target\":{\"@type\":\"EntryPoint\",\"urlTemplate\":\"https:\\\/\\\/salesianosmaux.es\\\/centrojuvenil\\\/?s={search_term_string}\"},\"query-input\":{\"@type\":\"PropertyValueSpecification\",\"valueRequired\":true,\"valueName\":\"search_term_string\"}}],\"inLanguage\":\"es\"},{\"@type\":\"Person\",\"@id\":\"https:\\\/\\\/salesianosmaux.es\\\/centrojuvenil\\\/#\\\/schema\\\/person\\\/2907e7467414eb7c582683323229cfa0\",\"name\":\"centrojuvenil\",\"image\":{\"@type\":\"ImageObject\",\"inLanguage\":\"es\",\"@id\":\"https:\\\/\\\/secure.gravatar.com\\\/avatar\\\/0969b94997d48dd955926fff0eedb1687ec9fd00294a727f82de75614d1751d2?s=96&d=mm&r=g\",\"url\":\"https:\\\/\\\/secure.gravatar.com\\\/avatar\\\/0969b94997d48dd955926fff0eedb1687ec9fd00294a727f82de75614d1751d2?s=96&d=mm&r=g\",\"contentUrl\":\"https:\\\/\\\/secure.gravatar.com\\\/avatar\\\/0969b94997d48dd955926fff0eedb1687ec9fd00294a727f82de75614d1751d2?s=96&d=mm&r=g\",\"caption\":\"centrojuvenil\"},\"url\":\"https:\\\/\\\/salesianosmaux.es\\\/centrojuvenil\\\/author\\\/centrojuvenil\\\/\"}]}<\/script>\n<!-- \/ Yoast SEO plugin. -->","yoast_head_json":{"title":"CHIQUI, REUNI\u00d3N ACAMPADA DE AR\u00c9VALO - Centro Juvenil Mar\u00eda Auxiliadora","robots":{"index":"index","follow":"follow","max-snippet":"max-snippet:-1","max-image-preview":"max-image-preview:large","max-video-preview":"max-video-preview:-1"},"canonical":"https:\/\/salesianosmaux.es\/centrojuvenil\/2026\/01\/25\/chiqui-reunion-acampada-de-arevalo\/","og_locale":"es_ES","og_type":"article","og_title":"CHIQUI, REUNI\u00d3N ACAMPADA DE AR\u00c9VALO - Centro Juvenil Mar\u00eda Auxiliadora","og_description":"Hola familias del chiquicentro!!! Este mi\u00e9rcoles 28 de enero a las 20:00 horas, tendr\u00e1 lugar la reuni\u00f3n de la acampada de Ar\u00e9valo. Es muy importante la asistencia ya que trataremos informaci\u00f3n importante sobre la actividad.","og_url":"https:\/\/salesianosmaux.es\/centrojuvenil\/2026\/01\/25\/chiqui-reunion-acampada-de-arevalo\/","og_site_name":"Centro Juvenil Mar\u00eda Auxiliadora","article_published_time":"2026-01-25T10:18:05+00:00","article_modified_time":"2026-01-25T10:22:11+00:00","og_image":[{"width":1080,"height":1920,"url":"https:\/\/salesianosmaux.es\/centrojuvenil\/wp-content\/uploads\/sites\/6\/2026\/01\/reunionacampada.jpeg","type":"image\/jpeg"}],"author":"centrojuvenil","twitter_card":"summary_large_image","twitter_misc":{"Escrito por":"centrojuvenil","Tiempo de lectura":"1 minuto"},"schema":{"@context":"https:\/\/schema.org","@graph":[{"@type":"Article","@id":"https:\/\/salesianosmaux.es\/centrojuvenil\/2026\/01\/25\/chiqui-reunion-acampada-de-arevalo\/#article","isPartOf":{"@id":"https:\/\/salesianosmaux.es\/centrojuvenil\/2026\/01\/25\/chiqui-reunion-acampada-de-arevalo\/"},"author":{"name":"centrojuvenil","@id":"https:\/\/salesianosmaux.es\/centrojuvenil\/#\/schema\/person\/2907e7467414eb7c582683323229cfa0"},"headline":"CHIQUI, REUNI\u00d3N ACAMPADA DE AR\u00c9VALO","datePublished":"2026-01-25T10:18:05+00:00","dateModified":"2026-01-25T10:22:11+00:00","mainEntityOfPage":{"@id":"https:\/\/salesianosmaux.es\/centrojuvenil\/2026\/01\/25\/chiqui-reunion-acampada-de-arevalo\/"},"wordCount":152,"commentCount":0,"image":{"@id":"https:\/\/salesianosmaux.es\/centrojuvenil\/2026\/01\/25\/chiqui-reunion-acampada-de-arevalo\/#primaryimage"},"thumbnailUrl":"https:\/\/salesianosmaux.es\/centrojuvenil\/wp-content\/uploads\/sites\/6\/2026\/01\/reunionacampada.jpeg","articleSection":["Chiqui Actividades","Chiqui Noticias","Chiquicentro"],"inLanguage":"es","potentialAction":[{"@type":"CommentAction","name":"Comment","target":["https:\/\/salesianosmaux.es\/centrojuvenil\/2026\/01\/25\/chiqui-reunion-acampada-de-arevalo\/#respond"]}]},{"@type":"WebPage","@id":"https:\/\/salesianosmaux.es\/centrojuvenil\/2026\/01\/25\/chiqui-reunion-acampada-de-arevalo\/","url":"https:\/\/salesianosmaux.es\/centrojuvenil\/2026\/01\/25\/chiqui-reunion-acampada-de-arevalo\/","name":"CHIQUI, REUNI\u00d3N ACAMPADA DE AR\u00c9VALO - Centro Juvenil Mar\u00eda Auxiliadora","isPartOf":{"@id":"https:\/\/salesianosmaux.es\/centrojuvenil\/#website"},"primaryImageOfPage":{"@id":"https:\/\/salesianosmaux.es\/centrojuvenil\/2026\/01\/25\/chiqui-reunion-acampada-de-arevalo\/#primaryimage"},"image":{"@id":"https:\/\/salesianosmaux.es\/centrojuvenil\/2026\/01\/25\/chiqui-reunion-acampada-de-arevalo\/#primaryimage"},"thumbnailUrl":"https:\/\/salesianosmaux.es\/centrojuvenil\/wp-content\/uploads\/sites\/6\/2026\/01\/reunionacampada.jpeg","datePublished":"2026-01-25T10:18:05+00:00","dateModified":"2026-01-25T10:22:11+00:00","author":{"@id":"https:\/\/salesianosmaux.es\/centrojuvenil\/#\/schema\/person\/2907e7467414eb7c582683323229cfa0"},"breadcrumb":{"@id":"https:\/\/salesianosmaux.es\/centrojuvenil\/2026\/01\/25\/chiqui-reunion-acampada-de-arevalo\/#breadcrumb"},"inLanguage":"es","potentialAction":[{"@type":"ReadAction","target":["https:\/\/salesianosmaux.es\/centrojuvenil\/2026\/01\/25\/chiqui-reunion-acampada-de-arevalo\/"]}]},{"@type":"ImageObject","inLanguage":"es","@id":"https:\/\/salesianosmaux.es\/centrojuvenil\/2026\/01\/25\/chiqui-reunion-acampada-de-arevalo\/#primaryimage","url":"https:\/\/salesianosmaux.es\/centrojuvenil\/wp-content\/uploads\/sites\/6\/2026\/01\/reunionacampada.jpeg","contentUrl":"https:\/\/salesianosmaux.es\/centrojuvenil\/wp-content\/uploads\/sites\/6\/2026\/01\/reunionacampada.jpeg","width":1080,"height":1920},{"@type":"BreadcrumbList","@id":"https:\/\/salesianosmaux.es\/centrojuvenil\/2026\/01\/25\/chiqui-reunion-acampada-de-arevalo\/#breadcrumb","itemListElement":[{"@type":"ListItem","position":1,"name":"Portada","item":"https:\/\/salesianosmaux.es\/centrojuvenil\/"},{"@type":"ListItem","position":2,"name":"CHIQUI, REUNI\u00d3N ACAMPADA DE AR\u00c9VALO"}]},{"@type":"WebSite","@id":"https:\/\/salesianosmaux.es\/centrojuvenil\/#website","url":"https:\/\/salesianosmaux.es\/centrojuvenil\/","name":"Centro Juvenil Mar\u00eda Auxiliadora","description":"","potentialAction":[{"@type":"SearchAction","target":{"@type":"EntryPoint","urlTemplate":"https:\/\/salesianosmaux.es\/centrojuvenil\/?s={search_term_string}"},"query-input":{"@type":"PropertyValueSpecification","valueRequired":true,"valueName":"search_term_string"}}],"inLanguage":"es"},{"@type":"Person","@id":"https:\/\/salesianosmaux.es\/centrojuvenil\/#\/schema\/person\/2907e7467414eb7c582683323229cfa0","name":"centrojuvenil","image":{"@type":"ImageObject","inLanguage":"es","@id":"https:\/\/secure.gravatar.com\/avatar\/0969b94997d48dd955926fff0eedb1687ec9fd00294a727f82de75614d1751d2?s=96&d=mm&r=g","url":"https:\/\/secure.gravatar.com\/avatar\/0969b94997d48dd955926fff0eedb1687ec9fd00294a727f82de75614d1751d2?s=96&d=mm&r=g","contentUrl":"https:\/\/secure.gravatar.com\/avatar\/0969b94997d48dd955926fff0eedb1687ec9fd00294a727f82de75614d1751d2?s=96&d=mm&r=g","caption":"centrojuvenil"},"url":"https:\/\/salesianosmaux.es\/centrojuvenil\/author\/centrojuvenil\/"}]}},"_links":{"self":[{"href":"https:\/\/salesianosmaux.es\/centrojuvenil\/wp-json\/wp\/v2\/posts\/1956","targetHints":{"allow":["GET"]}}],"collection":[{"href":"https:\/\/salesianosmaux.es\/centrojuvenil\/wp-json\/wp\/v2\/posts"}],"about":[{"href":"https:\/\/salesianosmaux.es\/centrojuvenil\/wp-json\/wp\/v2\/types\/post"}],"author":[{"embeddable":true,"href":"https:\/\/salesianosmaux.es\/centrojuvenil\/wp-json\/wp\/v2\/users\/4"}],"replies":[{"embeddable":true,"href":"https:\/\/salesianosmaux.es\/centrojuvenil\/wp-json\/wp\/v2\/comments?post=1956"}],"version-history":[{"count":3,"href":"https:\/\/salesianosmaux.es\/centrojuvenil\/wp-json\/wp\/v2\/posts\/1956\/revisions"}],"predecessor-version":[{"id":1961,"href":"https:\/\/salesianosmaux.es\/centrojuvenil\/wp-json\/wp\/v2\/posts\/1956\/revisions\/1961"}],"wp:featuredmedia":[{"embeddable":true,"href":"https:\/\/salesianosmaux.es\/centrojuvenil\/wp-json\/wp\/v2\/media\/1957"}],"wp:attachment":[{"href":"https:\/\/salesianosmaux.es\/centrojuvenil\/wp-json\/wp\/v2\/media?parent=1956"}],"wp:term":[{"taxonomy":"category","embeddable":true,"href":"https:\/\/salesianosmaux.es\/centrojuvenil\/wp-json\/wp\/v2\/categories?post=1956"},{"taxonomy":"post_tag","embeddable":true,"href":"https:\/\/salesianosmaux.es\/centrojuvenil\/wp-json\/wp\/v2\/tags?post=1956"}],"curies":[{"name":"wp","href":"https:\/\/api.w.org\/{rel}","templated":true}]}}