{"id":234,"date":"2022-04-12T20:56:00","date_gmt":"2022-04-12T20:56:00","guid":{"rendered":"https:\/\/salesianosmaux.es\/centrojuvenil\/?p=234"},"modified":"2022-05-01T20:56:26","modified_gmt":"2022-05-01T20:56:26","slug":"convivencia-grupo-amigos","status":"publish","type":"post","link":"https:\/\/salesianosmaux.es\/centrojuvenil\/2022\/04\/12\/convivencia-grupo-amigos\/","title":{"rendered":"Convivencia Grupo Amigos"},"content":{"rendered":"\n[et_pb_section fb_built=\u00bb1&#8243; theme_builder_area=\u00bbpost_content\u00bb _builder_version=\u00bb4.15.1&#8243; _module_preset=\u00bbdefault\u00bb][et_pb_row _builder_version=\u00bb4.15.1&#8243; _module_preset=\u00bbdefault\u00bb theme_builder_area=\u00bbpost_content\u00bb][et_pb_column _builder_version=\u00bb4.15.1&#8243; _module_preset=\u00bbdefault\u00bb type=\u00bb4_4&#8243; theme_builder_area=\u00bbpost_content\u00bb][et_pb_text _builder_version=\u00bb4.15.1&#8243; text_font=\u00bb||||||||\u00bb header_font=\u00bb||||||||\u00bb header_2_font=\u00bbLato|300|||||||\u00bb header_2_font_size=\u00bb30px\u00bb text_orientation=\u00bbjustified\u00bb hover_enabled=\u00bb0&#8243; global_colors_info=\u00bb{}\u00bb theme_builder_area=\u00bbpost_content\u00bb sticky_enabled=\u00bb0&#8243;]<p style=\"text-align: justify;\">Queridas familias,<\/p>\n<p style=\"text-align: justify;\">Les presentamos la \u00a1NUEVA ACTIVIDAD para SOCIOS\/AS del Grupo Amigos! Se trata de una convivencia en el Colegio para nuestros chicos y chicas llenas de sorpresas, nuevas aventuras llenas de juegos, tiempo libre, reflexi\u00f3n,\u2026 en la que venir a disfrutar de un d\u00eda entero juntos.<\/p>\n<p style=\"text-align: justify;\">Ser\u00e1 el d\u00eda<strong> 23 de abril de 2022, de 10:00 de la ma\u00f1ana a 21:00. <\/strong><\/p>\n<p style=\"text-align: justify;\">A continuaci\u00f3n, os adjuntamos la inscripci\u00f3n, <strong>que tendr\u00e1 que ser entregada en el Centro Juvenil desde el d\u00eda 18 de abril al 21<\/strong> <strong>de 19:20 a 20:30<\/strong> (mismos d\u00edas que inscripci\u00f3n de campamento) y adjuntar 2 euros, coste de la convivencia.<\/p>\n<p>\u00a1ESPERAMOS VEROS A TODOS POR ALL\u00cd!<\/p>\n<p>Un saludo del Equipo de Animadores del GA<\/p>[\/et_pb_text][et_pb_blurb title=\u00bbFORMULARIO DE INSCRIPCI\u00d3N\u00bb _builder_version=\u00bb4.15.1&#8243; _module_preset=\u00bbdefault\u00bb theme_builder_area=\u00bbpost_content\u00bb use_icon=\u00bbon\u00bb font_icon=\u00bb&#x69;||divi||400&#8243; icon_placement=\u00bbleft\u00bb hover_enabled=\u00bb0&#8243; sticky_enabled=\u00bb0&#8243; custom_margin=\u00bb50px||||false|false\u00bb url=\u00bbhttps:\/\/drive.google.com\/file\/d\/10iba8bl29gqd56mO52nEV1eA_wTFWYZ4\/view?usp=sharing\u00bb url_new_window=\u00bbon\u00bb]<p>Descarga aqu\u00ed el formulario de inscripci\u00f3n<\/p>[\/et_pb_blurb][\/et_pb_column][\/et_pb_row][\/et_pb_section]\n","protected":false},"excerpt":{"rendered":"<p>Queridas familias,<\/p>\n<p>Les presentamos la \u00a1NUEVA ACTIVIDAD para SOCIOS\/AS del Grupo Amigos! Se trata de una convivencia en el Colegio para nuestros chicos y chicas llenas de sorpresas, nuevas aventuras llenas de juegos, tiempo libre, reflexi\u00f3n,\u2026 en la que venir a disfrutar de un d\u00eda entero juntos.<\/p>\n<p>Ser\u00e1 el d\u00eda 23 de abril de 2022, de 10:00 de la ma\u00f1ana a 21:00.<\/p>\n<p>A continuaci\u00f3n, os adjuntamos la inscripci\u00f3n, que tendr\u00e1 que ser entregada en el Centro Juvenil desde el d\u00eda 18 de abril al 21 de 19:20 a 20:30 (mismos d\u00edas que inscripci\u00f3n de campamento) y adjuntar 2 euros, coste de la convivencia<\/p>\n","protected":false},"author":1,"featured_media":0,"comment_status":"open","ping_status":"open","sticky":false,"template":"","format":"standard","meta":{"_et_pb_use_builder":"on","_et_pb_old_content":"","_et_gb_content_width":"","footnotes":""},"categories":[33],"tags":[],"class_list":["post-234","post","type-post","status-publish","format-standard","hentry","category-ga-actividades"],"yoast_head":"<!-- This site is optimized with the Yoast SEO plugin v28.4 - https:\/\/yoast.com\/product\/yoast-seo-wordpress\/ -->\n<title>Convivencia Grupo Amigos - Centro Juvenil Mar\u00eda Auxiliadora<\/title>\n<meta name=\"robots\" content=\"index, follow, max-snippet:-1, max-image-preview:large, max-video-preview:-1\" \/>\n<link rel=\"canonical\" href=\"https:\/\/salesianosmaux.es\/centrojuvenil\/2022\/04\/12\/convivencia-grupo-amigos\/\" \/>\n<meta property=\"og:locale\" content=\"es_ES\" \/>\n<meta property=\"og:type\" content=\"article\" \/>\n<meta property=\"og:title\" content=\"Convivencia Grupo Amigos - Centro Juvenil Mar\u00eda Auxiliadora\" \/>\n<meta property=\"og:description\" content=\"Queridas familias, Les presentamos la \u00a1NUEVA ACTIVIDAD para SOCIOS\/AS del Grupo Amigos! Se trata de una convivencia en el Colegio para nuestros chicos y chicas llenas de sorpresas, nuevas aventuras llenas de juegos, tiempo libre, reflexi\u00f3n,\u2026 en la que venir a disfrutar de un d\u00eda entero juntos. Ser\u00e1 el d\u00eda 23 de abril de 2022, de 10:00 de la ma\u00f1ana a 21:00. A continuaci\u00f3n, os adjuntamos la inscripci\u00f3n, que tendr\u00e1 que ser entregada en el Centro Juvenil desde el d\u00eda 18 de abril al 21 de 19:20 a 20:30 (mismos d\u00edas que inscripci\u00f3n de campamento) y adjuntar 2 euros, coste de la convivencia\" \/>\n<meta property=\"og:url\" content=\"https:\/\/salesianosmaux.es\/centrojuvenil\/2022\/04\/12\/convivencia-grupo-amigos\/\" \/>\n<meta property=\"og:site_name\" content=\"Centro Juvenil Mar\u00eda Auxiliadora\" \/>\n<meta property=\"article:published_time\" content=\"2022-04-12T20:56:00+00:00\" \/>\n<meta property=\"article:modified_time\" content=\"2022-05-01T20:56:26+00:00\" \/>\n<meta name=\"author\" content=\"admin\" \/>\n<meta name=\"twitter:card\" content=\"summary_large_image\" \/>\n<meta name=\"twitter:label1\" content=\"Escrito por\" \/>\n\t<meta name=\"twitter:data1\" content=\"admin\" \/>\n\t<meta name=\"twitter:label2\" content=\"Tiempo de lectura\" \/>\n\t<meta name=\"twitter:data2\" content=\"1 minuto\" \/>\n<script type=\"application\/ld+json\" class=\"yoast-schema-graph\">{\"@context\":\"https:\\\/\\\/schema.org\",\"@graph\":[{\"@type\":\"Article\",\"@id\":\"https:\\\/\\\/salesianosmaux.es\\\/centrojuvenil\\\/2022\\\/04\\\/12\\\/convivencia-grupo-amigos\\\/#article\",\"isPartOf\":{\"@id\":\"https:\\\/\\\/salesianosmaux.es\\\/centrojuvenil\\\/2022\\\/04\\\/12\\\/convivencia-grupo-amigos\\\/\"},\"author\":{\"name\":\"admin\",\"@id\":\"https:\\\/\\\/salesianosmaux.es\\\/centrojuvenil\\\/#\\\/schema\\\/person\\\/9bd111fcfb5210d0fa466bfc8154b2f8\"},\"headline\":\"Convivencia Grupo Amigos\",\"datePublished\":\"2022-04-12T20:56:00+00:00\",\"dateModified\":\"2022-05-01T20:56:26+00:00\",\"mainEntityOfPage\":{\"@id\":\"https:\\\/\\\/salesianosmaux.es\\\/centrojuvenil\\\/2022\\\/04\\\/12\\\/convivencia-grupo-amigos\\\/\"},\"wordCount\":274,\"commentCount\":0,\"articleSection\":[\"GA Actividades\"],\"inLanguage\":\"es\",\"potentialAction\":[{\"@type\":\"CommentAction\",\"name\":\"Comment\",\"target\":[\"https:\\\/\\\/salesianosmaux.es\\\/centrojuvenil\\\/2022\\\/04\\\/12\\\/convivencia-grupo-amigos\\\/#respond\"]}]},{\"@type\":\"WebPage\",\"@id\":\"https:\\\/\\\/salesianosmaux.es\\\/centrojuvenil\\\/2022\\\/04\\\/12\\\/convivencia-grupo-amigos\\\/\",\"url\":\"https:\\\/\\\/salesianosmaux.es\\\/centrojuvenil\\\/2022\\\/04\\\/12\\\/convivencia-grupo-amigos\\\/\",\"name\":\"Convivencia Grupo Amigos - Centro Juvenil Mar\u00eda Auxiliadora\",\"isPartOf\":{\"@id\":\"https:\\\/\\\/salesianosmaux.es\\\/centrojuvenil\\\/#website\"},\"datePublished\":\"2022-04-12T20:56:00+00:00\",\"dateModified\":\"2022-05-01T20:56:26+00:00\",\"author\":{\"@id\":\"https:\\\/\\\/salesianosmaux.es\\\/centrojuvenil\\\/#\\\/schema\\\/person\\\/9bd111fcfb5210d0fa466bfc8154b2f8\"},\"breadcrumb\":{\"@id\":\"https:\\\/\\\/salesianosmaux.es\\\/centrojuvenil\\\/2022\\\/04\\\/12\\\/convivencia-grupo-amigos\\\/#breadcrumb\"},\"inLanguage\":\"es\",\"potentialAction\":[{\"@type\":\"ReadAction\",\"target\":[\"https:\\\/\\\/salesianosmaux.es\\\/centrojuvenil\\\/2022\\\/04\\\/12\\\/convivencia-grupo-amigos\\\/\"]}]},{\"@type\":\"BreadcrumbList\",\"@id\":\"https:\\\/\\\/salesianosmaux.es\\\/centrojuvenil\\\/2022\\\/04\\\/12\\\/convivencia-grupo-amigos\\\/#breadcrumb\",\"itemListElement\":[{\"@type\":\"ListItem\",\"position\":1,\"name\":\"Portada\",\"item\":\"https:\\\/\\\/salesianosmaux.es\\\/centrojuvenil\\\/\"},{\"@type\":\"ListItem\",\"position\":2,\"name\":\"Convivencia Grupo Amigos\"}]},{\"@type\":\"WebSite\",\"@id\":\"https:\\\/\\\/salesianosmaux.es\\\/centrojuvenil\\\/#website\",\"url\":\"https:\\\/\\\/salesianosmaux.es\\\/centrojuvenil\\\/\",\"name\":\"Centro Juvenil Mar\u00eda Auxiliadora\",\"description\":\"\",\"potentialAction\":[{\"@type\":\"SearchAction\",\"target\":{\"@type\":\"EntryPoint\",\"urlTemplate\":\"https:\\\/\\\/salesianosmaux.es\\\/centrojuvenil\\\/?s={search_term_string}\"},\"query-input\":{\"@type\":\"PropertyValueSpecification\",\"valueRequired\":true,\"valueName\":\"search_term_string\"}}],\"inLanguage\":\"es\"},{\"@type\":\"Person\",\"@id\":\"https:\\\/\\\/salesianosmaux.es\\\/centrojuvenil\\\/#\\\/schema\\\/person\\\/9bd111fcfb5210d0fa466bfc8154b2f8\",\"name\":\"admin\",\"image\":{\"@type\":\"ImageObject\",\"inLanguage\":\"es\",\"@id\":\"https:\\\/\\\/secure.gravatar.com\\\/avatar\\\/09550e5c75cc821753a661f1c7f497ea1bbe9e394289f33e436a29a7df762242?s=96&d=mm&r=g\",\"url\":\"https:\\\/\\\/secure.gravatar.com\\\/avatar\\\/09550e5c75cc821753a661f1c7f497ea1bbe9e394289f33e436a29a7df762242?s=96&d=mm&r=g\",\"contentUrl\":\"https:\\\/\\\/secure.gravatar.com\\\/avatar\\\/09550e5c75cc821753a661f1c7f497ea1bbe9e394289f33e436a29a7df762242?s=96&d=mm&r=g\",\"caption\":\"admin\"},\"sameAs\":[\"https:\\\/\\\/salesianosmaux.es\"],\"url\":\"https:\\\/\\\/salesianosmaux.es\\\/centrojuvenil\\\/author\\\/salamanca_95jmwv72\\\/\"}]}<\/script>\n<!-- \/ Yoast SEO plugin. -->","yoast_head_json":{"title":"Convivencia Grupo Amigos - Centro Juvenil Mar\u00eda Auxiliadora","robots":{"index":"index","follow":"follow","max-snippet":"max-snippet:-1","max-image-preview":"max-image-preview:large","max-video-preview":"max-video-preview:-1"},"canonical":"https:\/\/salesianosmaux.es\/centrojuvenil\/2022\/04\/12\/convivencia-grupo-amigos\/","og_locale":"es_ES","og_type":"article","og_title":"Convivencia Grupo Amigos - Centro Juvenil Mar\u00eda Auxiliadora","og_description":"Queridas familias, Les presentamos la \u00a1NUEVA ACTIVIDAD para SOCIOS\/AS del Grupo Amigos! Se trata de una convivencia en el Colegio para nuestros chicos y chicas llenas de sorpresas, nuevas aventuras llenas de juegos, tiempo libre, reflexi\u00f3n,\u2026 en la que venir a disfrutar de un d\u00eda entero juntos. Ser\u00e1 el d\u00eda 23 de abril de 2022, de 10:00 de la ma\u00f1ana a 21:00. A continuaci\u00f3n, os adjuntamos la inscripci\u00f3n, que tendr\u00e1 que ser entregada en el Centro Juvenil desde el d\u00eda 18 de abril al 21 de 19:20 a 20:30 (mismos d\u00edas que inscripci\u00f3n de campamento) y adjuntar 2 euros, coste de la convivencia","og_url":"https:\/\/salesianosmaux.es\/centrojuvenil\/2022\/04\/12\/convivencia-grupo-amigos\/","og_site_name":"Centro Juvenil Mar\u00eda Auxiliadora","article_published_time":"2022-04-12T20:56:00+00:00","article_modified_time":"2022-05-01T20:56:26+00:00","author":"admin","twitter_card":"summary_large_image","twitter_misc":{"Escrito por":"admin","Tiempo de lectura":"1 minuto"},"schema":{"@context":"https:\/\/schema.org","@graph":[{"@type":"Article","@id":"https:\/\/salesianosmaux.es\/centrojuvenil\/2022\/04\/12\/convivencia-grupo-amigos\/#article","isPartOf":{"@id":"https:\/\/salesianosmaux.es\/centrojuvenil\/2022\/04\/12\/convivencia-grupo-amigos\/"},"author":{"name":"admin","@id":"https:\/\/salesianosmaux.es\/centrojuvenil\/#\/schema\/person\/9bd111fcfb5210d0fa466bfc8154b2f8"},"headline":"Convivencia Grupo Amigos","datePublished":"2022-04-12T20:56:00+00:00","dateModified":"2022-05-01T20:56:26+00:00","mainEntityOfPage":{"@id":"https:\/\/salesianosmaux.es\/centrojuvenil\/2022\/04\/12\/convivencia-grupo-amigos\/"},"wordCount":274,"commentCount":0,"articleSection":["GA Actividades"],"inLanguage":"es","potentialAction":[{"@type":"CommentAction","name":"Comment","target":["https:\/\/salesianosmaux.es\/centrojuvenil\/2022\/04\/12\/convivencia-grupo-amigos\/#respond"]}]},{"@type":"WebPage","@id":"https:\/\/salesianosmaux.es\/centrojuvenil\/2022\/04\/12\/convivencia-grupo-amigos\/","url":"https:\/\/salesianosmaux.es\/centrojuvenil\/2022\/04\/12\/convivencia-grupo-amigos\/","name":"Convivencia Grupo Amigos - Centro Juvenil Mar\u00eda Auxiliadora","isPartOf":{"@id":"https:\/\/salesianosmaux.es\/centrojuvenil\/#website"},"datePublished":"2022-04-12T20:56:00+00:00","dateModified":"2022-05-01T20:56:26+00:00","author":{"@id":"https:\/\/salesianosmaux.es\/centrojuvenil\/#\/schema\/person\/9bd111fcfb5210d0fa466bfc8154b2f8"},"breadcrumb":{"@id":"https:\/\/salesianosmaux.es\/centrojuvenil\/2022\/04\/12\/convivencia-grupo-amigos\/#breadcrumb"},"inLanguage":"es","potentialAction":[{"@type":"ReadAction","target":["https:\/\/salesianosmaux.es\/centrojuvenil\/2022\/04\/12\/convivencia-grupo-amigos\/"]}]},{"@type":"BreadcrumbList","@id":"https:\/\/salesianosmaux.es\/centrojuvenil\/2022\/04\/12\/convivencia-grupo-amigos\/#breadcrumb","itemListElement":[{"@type":"ListItem","position":1,"name":"Portada","item":"https:\/\/salesianosmaux.es\/centrojuvenil\/"},{"@type":"ListItem","position":2,"name":"Convivencia Grupo Amigos"}]},{"@type":"WebSite","@id":"https:\/\/salesianosmaux.es\/centrojuvenil\/#website","url":"https:\/\/salesianosmaux.es\/centrojuvenil\/","name":"Centro Juvenil Mar\u00eda Auxiliadora","description":"","potentialAction":[{"@type":"SearchAction","target":{"@type":"EntryPoint","urlTemplate":"https:\/\/salesianosmaux.es\/centrojuvenil\/?s={search_term_string}"},"query-input":{"@type":"PropertyValueSpecification","valueRequired":true,"valueName":"search_term_string"}}],"inLanguage":"es"},{"@type":"Person","@id":"https:\/\/salesianosmaux.es\/centrojuvenil\/#\/schema\/person\/9bd111fcfb5210d0fa466bfc8154b2f8","name":"admin","image":{"@type":"ImageObject","inLanguage":"es","@id":"https:\/\/secure.gravatar.com\/avatar\/09550e5c75cc821753a661f1c7f497ea1bbe9e394289f33e436a29a7df762242?s=96&d=mm&r=g","url":"https:\/\/secure.gravatar.com\/avatar\/09550e5c75cc821753a661f1c7f497ea1bbe9e394289f33e436a29a7df762242?s=96&d=mm&r=g","contentUrl":"https:\/\/secure.gravatar.com\/avatar\/09550e5c75cc821753a661f1c7f497ea1bbe9e394289f33e436a29a7df762242?s=96&d=mm&r=g","caption":"admin"},"sameAs":["https:\/\/salesianosmaux.es"],"url":"https:\/\/salesianosmaux.es\/centrojuvenil\/author\/salamanca_95jmwv72\/"}]}},"_links":{"self":[{"href":"https:\/\/salesianosmaux.es\/centrojuvenil\/wp-json\/wp\/v2\/posts\/234","targetHints":{"allow":["GET"]}}],"collection":[{"href":"https:\/\/salesianosmaux.es\/centrojuvenil\/wp-json\/wp\/v2\/posts"}],"about":[{"href":"https:\/\/salesianosmaux.es\/centrojuvenil\/wp-json\/wp\/v2\/types\/post"}],"author":[{"embeddable":true,"href":"https:\/\/salesianosmaux.es\/centrojuvenil\/wp-json\/wp\/v2\/users\/1"}],"replies":[{"embeddable":true,"href":"https:\/\/salesianosmaux.es\/centrojuvenil\/wp-json\/wp\/v2\/comments?post=234"}],"version-history":[{"count":3,"href":"https:\/\/salesianosmaux.es\/centrojuvenil\/wp-json\/wp\/v2\/posts\/234\/revisions"}],"predecessor-version":[{"id":238,"href":"https:\/\/salesianosmaux.es\/centrojuvenil\/wp-json\/wp\/v2\/posts\/234\/revisions\/238"}],"wp:attachment":[{"href":"https:\/\/salesianosmaux.es\/centrojuvenil\/wp-json\/wp\/v2\/media?parent=234"}],"wp:term":[{"taxonomy":"category","embeddable":true,"href":"https:\/\/salesianosmaux.es\/centrojuvenil\/wp-json\/wp\/v2\/categories?post=234"},{"taxonomy":"post_tag","embeddable":true,"href":"https:\/\/salesianosmaux.es\/centrojuvenil\/wp-json\/wp\/v2\/tags?post=234"}],"curies":[{"name":"wp","href":"https:\/\/api.w.org\/{rel}","templated":true}]}}