{"id":325,"date":"2022-05-14T15:15:20","date_gmt":"2022-05-14T15:15:20","guid":{"rendered":"https:\/\/salesianosmaux.es\/centrojuvenil\/?p=325"},"modified":"2022-05-14T15:15:21","modified_gmt":"2022-05-14T15:15:21","slug":"mauxworld-actividad-conjunta-del-centro-juvenil","status":"publish","type":"post","link":"https:\/\/salesianosmaux.es\/centrojuvenil\/2022\/05\/14\/mauxworld-actividad-conjunta-del-centro-juvenil\/","title":{"rendered":"MauxWorld (ACTIVIDAD CONJUNTA DEL CENTRO JUVENIL)"},"content":{"rendered":"\n[et_pb_section fb_built=\u00bb1&#8243; _builder_version=\u00bb4.17.3&#8243; _module_preset=\u00bbdefault\u00bb global_colors_info=\u00bb{}\u00bb][et_pb_row column_structure=\u00bb1_2,1_2&#8243; _builder_version=\u00bb4.17.3&#8243; _module_preset=\u00bbdefault\u00bb global_colors_info=\u00bb{}\u00bb][et_pb_column type=\u00bb1_2&#8243; _builder_version=\u00bb4.17.3&#8243; _module_preset=\u00bbdefault\u00bb global_colors_info=\u00bb{}\u00bb][et_pb_text _builder_version=\u00bb4.17.3&#8243; _module_preset=\u00bbdefault\u00bb global_colors_info=\u00bb{}\u00bb]<p style=\"text-align: justify\">Queridas familias del Centro Juvenil, <br \/>Nos ponemos en contacto con vosotros para presentaros una <strong>nueva actividad<\/strong> muy especial que tendr\u00e1 lugar el pr\u00f3ximo <strong>s\u00e1bado d\u00eda 21 de mayo en nuestro Centro Juvenil <\/strong>con motivo de Mar\u00eda Auxiliadora.<\/p>\n<p style=\"text-align: justify\">Es una actividad en la que <strong>participar\u00e1n TODAS las secciones <\/strong>(Chiqui, GA y Sj)\u00a0para <strong>celebrar todos juntos Mar\u00eda Auxiliadora<\/strong>, y por ello tendr\u00e1 un <strong>horario especial de 17:00h a 20.30h<\/strong>.<\/p>\n<p style=\"text-align: justify\">La actividad terminar\u00e1 <strong>merendando<\/strong> todos juntos unos <strong>perritos calientes<\/strong>.<\/p>\n<p style=\"text-align: justify\"><strong>Para esta actividad ser\u00e1 necesario:<\/strong> <br \/>-Gorra <br \/>-Ropa de cambio <br \/>-Toalla peque\u00f1a <br \/>-Mascarilla de recambio<\/p>\n<p style=\"text-align: justify\">Ser\u00e1 una actividad <strong>gratuita<\/strong>, y para poder <span style=\"text-decoration: underline\"><strong>asistir solo es necesario rellenar el siguiente FORMULARIO con vuestros datos y los de vuestros hijos.<\/strong><\/span><\/p>\n<p style=\"text-align: justify\">Es importante que si se quiere participar se rellene ya que tenemos que calcular y saber con cu\u00e1nto n\u00famero de personas contamos.<\/p>\n<p style=\"text-align: justify\">\u00a1Os esperamos a todos!<\/p>\n<p style=\"text-align: justify\">Cualquier duda que teng\u00e1is, no dud\u00e9is en preguntarnos por Redes Sociales o al correo de la Secci\u00f3n Juvenil (<a href=\"mailto:seccionjuvenil.cjmaux@gmail.com)\">seccionjuvenil.cjmaux@gmail.com)<\/a>.\u00a0<\/p>\n<p style=\"text-align: justify\"><\/p>[\/et_pb_text][et_pb_button button_url=\u00bbhttps:\/\/docs.google.com\/forms\/d\/e\/1FAIpQLSe5fooNGWAYyeiXKw1tiUwDiTVqipz4GOLrLUh1K0bjTFzVzA\/viewform?usp=sf_link\u00bb url_new_window=\u00bbon\u00bb button_text=\u00bbFORMULARIO DE INSCRIPCI\u00d3N \u00bb _builder_version=\u00bb4.17.3&#8243; _module_preset=\u00bbdefault\u00bb box_shadow_style=\u00bbpreset1&#8243; global_colors_info=\u00bb{}\u00bb button_text__hover_enabled=\u00bbon|desktop\u00bb button_text__hover=\u00bbFORMULARIO DE INSCRIPCI\u00d3N \u00ab][\/et_pb_button][et_pb_text _builder_version=\u00bb4.17.3&#8243; _module_preset=\u00bbdefault\u00bb global_colors_info=\u00bb{}\u00bb]<p><em>Un saludo el equipo de animadores del Centro Juvenil.<\/em><\/p>[\/et_pb_text][\/et_pb_column][et_pb_column type=\u00bb1_2&#8243; _builder_version=\u00bb4.17.3&#8243; _module_preset=\u00bbdefault\u00bb global_colors_info=\u00bb{}\u00bb][et_pb_image src=\u00bbhttps:\/\/salesianosmaux.es\/centrojuvenil\/wp-content\/uploads\/sites\/6\/2022\/05\/MAUXWORLD-POSTER.png\u00bb title_text=\u00bbMAUXWORLD POSTER\u00bb _builder_version=\u00bb4.17.3&#8243; _module_preset=\u00bbdefault\u00bb global_colors_info=\u00bb{}\u00bb][\/et_pb_image][\/et_pb_column][\/et_pb_row][\/et_pb_section]\n","protected":false},"excerpt":{"rendered":"<p>Queridas familias del Centro Juvenil,<br \/>\nNos ponemos en contacto con vosotros para presentaros la nueva actividad que tendr\u00e1 lugar el pr\u00f3ximo s\u00e1bado d\u00eda 21 de mayo en nuestro Centro Juvenil.<br \/>\nEs una actividad en la que participar\u00e1n  TODAS las secciones (Chiqui, Ga y Sj) para celebrar todos juntos Mar\u00eda Auxiliadora, y por ello tendr\u00e1 un horario especial de 17 a 20.30. La actividad terminar\u00e1 merendando todos juntos unos perritos calientes. <\/p>\n","protected":false},"author":4,"featured_media":326,"comment_status":"open","ping_status":"open","sticky":false,"template":"","format":"standard","meta":{"_et_pb_use_builder":"on","_et_pb_old_content":"","_et_gb_content_width":"","footnotes":""},"categories":[29,1,33,10,11,35,37,9],"tags":[],"class_list":["post-325","post","type-post","status-publish","format-standard","has-post-thumbnail","hentry","category-chiquicentro-actividades","category-chiquicentro","category-ga-actividades","category-grupo-amigos","category-seccion-juvenil","category-sj-actividades","category-actividades","category-centro-juvenil"],"yoast_head":"<!-- This site is optimized with the Yoast SEO plugin v28.3 - https:\/\/yoast.com\/product\/yoast-seo-wordpress\/ -->\n<title>MauxWorld (ACTIVIDAD CONJUNTA DEL CENTRO JUVENIL) - Centro Juvenil Mar\u00eda Auxiliadora<\/title>\n<meta name=\"robots\" content=\"index, follow, max-snippet:-1, max-image-preview:large, max-video-preview:-1\" \/>\n<link rel=\"canonical\" href=\"https:\/\/salesianosmaux.es\/centrojuvenil\/2022\/05\/14\/mauxworld-actividad-conjunta-del-centro-juvenil\/\" \/>\n<meta property=\"og:locale\" content=\"es_ES\" \/>\n<meta property=\"og:type\" content=\"article\" \/>\n<meta property=\"og:title\" content=\"MauxWorld (ACTIVIDAD CONJUNTA DEL CENTRO JUVENIL) - Centro Juvenil Mar\u00eda Auxiliadora\" \/>\n<meta property=\"og:description\" content=\"Queridas familias del Centro Juvenil, Nos ponemos en contacto con vosotros para presentaros la nueva actividad que tendr\u00e1 lugar el pr\u00f3ximo s\u00e1bado d\u00eda 21 de mayo en nuestro Centro Juvenil. Es una actividad en la que participar\u00e1n TODAS las secciones (Chiqui, Ga y Sj) para celebrar todos juntos Mar\u00eda Auxiliadora, y por ello tendr\u00e1 un horario especial de 17 a 20.30. La actividad terminar\u00e1 merendando todos juntos unos perritos calientes.\" \/>\n<meta property=\"og:url\" content=\"https:\/\/salesianosmaux.es\/centrojuvenil\/2022\/05\/14\/mauxworld-actividad-conjunta-del-centro-juvenil\/\" \/>\n<meta property=\"og:site_name\" content=\"Centro Juvenil Mar\u00eda Auxiliadora\" \/>\n<meta property=\"article:published_time\" content=\"2022-05-14T15:15:20+00:00\" \/>\n<meta property=\"article:modified_time\" content=\"2022-05-14T15:15:21+00:00\" \/>\n<meta property=\"og:image\" content=\"https:\/\/salesianosmaux.es\/centrojuvenil\/wp-content\/uploads\/sites\/6\/2022\/05\/MAUXWORLD.jpg\" \/>\n\t<meta property=\"og:image:width\" content=\"1748\" \/>\n\t<meta property=\"og:image:height\" content=\"1240\" \/>\n\t<meta property=\"og:image:type\" content=\"image\/jpeg\" \/>\n<meta name=\"author\" content=\"centrojuvenil\" \/>\n<meta name=\"twitter:card\" content=\"summary_large_image\" \/>\n<meta name=\"twitter:label1\" content=\"Escrito por\" \/>\n\t<meta name=\"twitter:data1\" content=\"centrojuvenil\" \/>\n\t<meta name=\"twitter:label2\" content=\"Tiempo de lectura\" \/>\n\t<meta name=\"twitter:data2\" content=\"1 minuto\" \/>\n<script type=\"application\/ld+json\" class=\"yoast-schema-graph\">{\"@context\":\"https:\\\/\\\/schema.org\",\"@graph\":[{\"@type\":\"Article\",\"@id\":\"https:\\\/\\\/salesianosmaux.es\\\/centrojuvenil\\\/2022\\\/05\\\/14\\\/mauxworld-actividad-conjunta-del-centro-juvenil\\\/#article\",\"isPartOf\":{\"@id\":\"https:\\\/\\\/salesianosmaux.es\\\/centrojuvenil\\\/2022\\\/05\\\/14\\\/mauxworld-actividad-conjunta-del-centro-juvenil\\\/\"},\"author\":{\"name\":\"centrojuvenil\",\"@id\":\"https:\\\/\\\/salesianosmaux.es\\\/centrojuvenil\\\/#\\\/schema\\\/person\\\/2907e7467414eb7c582683323229cfa0\"},\"headline\":\"MauxWorld (ACTIVIDAD CONJUNTA DEL CENTRO JUVENIL)\",\"datePublished\":\"2022-05-14T15:15:20+00:00\",\"dateModified\":\"2022-05-14T15:15:21+00:00\",\"mainEntityOfPage\":{\"@id\":\"https:\\\/\\\/salesianosmaux.es\\\/centrojuvenil\\\/2022\\\/05\\\/14\\\/mauxworld-actividad-conjunta-del-centro-juvenil\\\/\"},\"wordCount\":366,\"commentCount\":0,\"image\":{\"@id\":\"https:\\\/\\\/salesianosmaux.es\\\/centrojuvenil\\\/2022\\\/05\\\/14\\\/mauxworld-actividad-conjunta-del-centro-juvenil\\\/#primaryimage\"},\"thumbnailUrl\":\"https:\\\/\\\/salesianosmaux.es\\\/centrojuvenil\\\/wp-content\\\/uploads\\\/sites\\\/6\\\/2022\\\/05\\\/MAUXWORLD.jpg\",\"articleSection\":[\"Chiqui Actividades\",\"Chiquicentro\",\"GA Actividades\",\"Grupo Amigos\",\"Secci\u00f3n Juvenil\",\"SJ Actividades\",\"Todas Actividades\",\"Todas las secciones\"],\"inLanguage\":\"es\",\"potentialAction\":[{\"@type\":\"CommentAction\",\"name\":\"Comment\",\"target\":[\"https:\\\/\\\/salesianosmaux.es\\\/centrojuvenil\\\/2022\\\/05\\\/14\\\/mauxworld-actividad-conjunta-del-centro-juvenil\\\/#respond\"]}]},{\"@type\":\"WebPage\",\"@id\":\"https:\\\/\\\/salesianosmaux.es\\\/centrojuvenil\\\/2022\\\/05\\\/14\\\/mauxworld-actividad-conjunta-del-centro-juvenil\\\/\",\"url\":\"https:\\\/\\\/salesianosmaux.es\\\/centrojuvenil\\\/2022\\\/05\\\/14\\\/mauxworld-actividad-conjunta-del-centro-juvenil\\\/\",\"name\":\"MauxWorld (ACTIVIDAD CONJUNTA DEL CENTRO JUVENIL) - Centro Juvenil Mar\u00eda Auxiliadora\",\"isPartOf\":{\"@id\":\"https:\\\/\\\/salesianosmaux.es\\\/centrojuvenil\\\/#website\"},\"primaryImageOfPage\":{\"@id\":\"https:\\\/\\\/salesianosmaux.es\\\/centrojuvenil\\\/2022\\\/05\\\/14\\\/mauxworld-actividad-conjunta-del-centro-juvenil\\\/#primaryimage\"},\"image\":{\"@id\":\"https:\\\/\\\/salesianosmaux.es\\\/centrojuvenil\\\/2022\\\/05\\\/14\\\/mauxworld-actividad-conjunta-del-centro-juvenil\\\/#primaryimage\"},\"thumbnailUrl\":\"https:\\\/\\\/salesianosmaux.es\\\/centrojuvenil\\\/wp-content\\\/uploads\\\/sites\\\/6\\\/2022\\\/05\\\/MAUXWORLD.jpg\",\"datePublished\":\"2022-05-14T15:15:20+00:00\",\"dateModified\":\"2022-05-14T15:15:21+00:00\",\"author\":{\"@id\":\"https:\\\/\\\/salesianosmaux.es\\\/centrojuvenil\\\/#\\\/schema\\\/person\\\/2907e7467414eb7c582683323229cfa0\"},\"breadcrumb\":{\"@id\":\"https:\\\/\\\/salesianosmaux.es\\\/centrojuvenil\\\/2022\\\/05\\\/14\\\/mauxworld-actividad-conjunta-del-centro-juvenil\\\/#breadcrumb\"},\"inLanguage\":\"es\",\"potentialAction\":[{\"@type\":\"ReadAction\",\"target\":[\"https:\\\/\\\/salesianosmaux.es\\\/centrojuvenil\\\/2022\\\/05\\\/14\\\/mauxworld-actividad-conjunta-del-centro-juvenil\\\/\"]}]},{\"@type\":\"ImageObject\",\"inLanguage\":\"es\",\"@id\":\"https:\\\/\\\/salesianosmaux.es\\\/centrojuvenil\\\/2022\\\/05\\\/14\\\/mauxworld-actividad-conjunta-del-centro-juvenil\\\/#primaryimage\",\"url\":\"https:\\\/\\\/salesianosmaux.es\\\/centrojuvenil\\\/wp-content\\\/uploads\\\/sites\\\/6\\\/2022\\\/05\\\/MAUXWORLD.jpg\",\"contentUrl\":\"https:\\\/\\\/salesianosmaux.es\\\/centrojuvenil\\\/wp-content\\\/uploads\\\/sites\\\/6\\\/2022\\\/05\\\/MAUXWORLD.jpg\",\"width\":1748,\"height\":1240},{\"@type\":\"BreadcrumbList\",\"@id\":\"https:\\\/\\\/salesianosmaux.es\\\/centrojuvenil\\\/2022\\\/05\\\/14\\\/mauxworld-actividad-conjunta-del-centro-juvenil\\\/#breadcrumb\",\"itemListElement\":[{\"@type\":\"ListItem\",\"position\":1,\"name\":\"Portada\",\"item\":\"https:\\\/\\\/salesianosmaux.es\\\/centrojuvenil\\\/\"},{\"@type\":\"ListItem\",\"position\":2,\"name\":\"MauxWorld (ACTIVIDAD CONJUNTA DEL CENTRO JUVENIL)\"}]},{\"@type\":\"WebSite\",\"@id\":\"https:\\\/\\\/salesianosmaux.es\\\/centrojuvenil\\\/#website\",\"url\":\"https:\\\/\\\/salesianosmaux.es\\\/centrojuvenil\\\/\",\"name\":\"Centro Juvenil Mar\u00eda Auxiliadora\",\"description\":\"\",\"potentialAction\":[{\"@type\":\"SearchAction\",\"target\":{\"@type\":\"EntryPoint\",\"urlTemplate\":\"https:\\\/\\\/salesianosmaux.es\\\/centrojuvenil\\\/?s={search_term_string}\"},\"query-input\":{\"@type\":\"PropertyValueSpecification\",\"valueRequired\":true,\"valueName\":\"search_term_string\"}}],\"inLanguage\":\"es\"},{\"@type\":\"Person\",\"@id\":\"https:\\\/\\\/salesianosmaux.es\\\/centrojuvenil\\\/#\\\/schema\\\/person\\\/2907e7467414eb7c582683323229cfa0\",\"name\":\"centrojuvenil\",\"image\":{\"@type\":\"ImageObject\",\"inLanguage\":\"es\",\"@id\":\"https:\\\/\\\/secure.gravatar.com\\\/avatar\\\/0969b94997d48dd955926fff0eedb1687ec9fd00294a727f82de75614d1751d2?s=96&d=mm&r=g\",\"url\":\"https:\\\/\\\/secure.gravatar.com\\\/avatar\\\/0969b94997d48dd955926fff0eedb1687ec9fd00294a727f82de75614d1751d2?s=96&d=mm&r=g\",\"contentUrl\":\"https:\\\/\\\/secure.gravatar.com\\\/avatar\\\/0969b94997d48dd955926fff0eedb1687ec9fd00294a727f82de75614d1751d2?s=96&d=mm&r=g\",\"caption\":\"centrojuvenil\"},\"url\":\"https:\\\/\\\/salesianosmaux.es\\\/centrojuvenil\\\/author\\\/centrojuvenil\\\/\"}]}<\/script>\n<!-- \/ Yoast SEO plugin. -->","yoast_head_json":{"title":"MauxWorld (ACTIVIDAD CONJUNTA DEL CENTRO JUVENIL) - Centro Juvenil Mar\u00eda Auxiliadora","robots":{"index":"index","follow":"follow","max-snippet":"max-snippet:-1","max-image-preview":"max-image-preview:large","max-video-preview":"max-video-preview:-1"},"canonical":"https:\/\/salesianosmaux.es\/centrojuvenil\/2022\/05\/14\/mauxworld-actividad-conjunta-del-centro-juvenil\/","og_locale":"es_ES","og_type":"article","og_title":"MauxWorld (ACTIVIDAD CONJUNTA DEL CENTRO JUVENIL) - Centro Juvenil Mar\u00eda Auxiliadora","og_description":"Queridas familias del Centro Juvenil, Nos ponemos en contacto con vosotros para presentaros la nueva actividad que tendr\u00e1 lugar el pr\u00f3ximo s\u00e1bado d\u00eda 21 de mayo en nuestro Centro Juvenil. Es una actividad en la que participar\u00e1n TODAS las secciones (Chiqui, Ga y Sj) para celebrar todos juntos Mar\u00eda Auxiliadora, y por ello tendr\u00e1 un horario especial de 17 a 20.30. La actividad terminar\u00e1 merendando todos juntos unos perritos calientes.","og_url":"https:\/\/salesianosmaux.es\/centrojuvenil\/2022\/05\/14\/mauxworld-actividad-conjunta-del-centro-juvenil\/","og_site_name":"Centro Juvenil Mar\u00eda Auxiliadora","article_published_time":"2022-05-14T15:15:20+00:00","article_modified_time":"2022-05-14T15:15:21+00:00","og_image":[{"width":1748,"height":1240,"url":"https:\/\/salesianosmaux.es\/centrojuvenil\/wp-content\/uploads\/sites\/6\/2022\/05\/MAUXWORLD.jpg","type":"image\/jpeg"}],"author":"centrojuvenil","twitter_card":"summary_large_image","twitter_misc":{"Escrito por":"centrojuvenil","Tiempo de lectura":"1 minuto"},"schema":{"@context":"https:\/\/schema.org","@graph":[{"@type":"Article","@id":"https:\/\/salesianosmaux.es\/centrojuvenil\/2022\/05\/14\/mauxworld-actividad-conjunta-del-centro-juvenil\/#article","isPartOf":{"@id":"https:\/\/salesianosmaux.es\/centrojuvenil\/2022\/05\/14\/mauxworld-actividad-conjunta-del-centro-juvenil\/"},"author":{"name":"centrojuvenil","@id":"https:\/\/salesianosmaux.es\/centrojuvenil\/#\/schema\/person\/2907e7467414eb7c582683323229cfa0"},"headline":"MauxWorld (ACTIVIDAD CONJUNTA DEL CENTRO JUVENIL)","datePublished":"2022-05-14T15:15:20+00:00","dateModified":"2022-05-14T15:15:21+00:00","mainEntityOfPage":{"@id":"https:\/\/salesianosmaux.es\/centrojuvenil\/2022\/05\/14\/mauxworld-actividad-conjunta-del-centro-juvenil\/"},"wordCount":366,"commentCount":0,"image":{"@id":"https:\/\/salesianosmaux.es\/centrojuvenil\/2022\/05\/14\/mauxworld-actividad-conjunta-del-centro-juvenil\/#primaryimage"},"thumbnailUrl":"https:\/\/salesianosmaux.es\/centrojuvenil\/wp-content\/uploads\/sites\/6\/2022\/05\/MAUXWORLD.jpg","articleSection":["Chiqui Actividades","Chiquicentro","GA Actividades","Grupo Amigos","Secci\u00f3n Juvenil","SJ Actividades","Todas Actividades","Todas las secciones"],"inLanguage":"es","potentialAction":[{"@type":"CommentAction","name":"Comment","target":["https:\/\/salesianosmaux.es\/centrojuvenil\/2022\/05\/14\/mauxworld-actividad-conjunta-del-centro-juvenil\/#respond"]}]},{"@type":"WebPage","@id":"https:\/\/salesianosmaux.es\/centrojuvenil\/2022\/05\/14\/mauxworld-actividad-conjunta-del-centro-juvenil\/","url":"https:\/\/salesianosmaux.es\/centrojuvenil\/2022\/05\/14\/mauxworld-actividad-conjunta-del-centro-juvenil\/","name":"MauxWorld (ACTIVIDAD CONJUNTA DEL CENTRO JUVENIL) - Centro Juvenil Mar\u00eda Auxiliadora","isPartOf":{"@id":"https:\/\/salesianosmaux.es\/centrojuvenil\/#website"},"primaryImageOfPage":{"@id":"https:\/\/salesianosmaux.es\/centrojuvenil\/2022\/05\/14\/mauxworld-actividad-conjunta-del-centro-juvenil\/#primaryimage"},"image":{"@id":"https:\/\/salesianosmaux.es\/centrojuvenil\/2022\/05\/14\/mauxworld-actividad-conjunta-del-centro-juvenil\/#primaryimage"},"thumbnailUrl":"https:\/\/salesianosmaux.es\/centrojuvenil\/wp-content\/uploads\/sites\/6\/2022\/05\/MAUXWORLD.jpg","datePublished":"2022-05-14T15:15:20+00:00","dateModified":"2022-05-14T15:15:21+00:00","author":{"@id":"https:\/\/salesianosmaux.es\/centrojuvenil\/#\/schema\/person\/2907e7467414eb7c582683323229cfa0"},"breadcrumb":{"@id":"https:\/\/salesianosmaux.es\/centrojuvenil\/2022\/05\/14\/mauxworld-actividad-conjunta-del-centro-juvenil\/#breadcrumb"},"inLanguage":"es","potentialAction":[{"@type":"ReadAction","target":["https:\/\/salesianosmaux.es\/centrojuvenil\/2022\/05\/14\/mauxworld-actividad-conjunta-del-centro-juvenil\/"]}]},{"@type":"ImageObject","inLanguage":"es","@id":"https:\/\/salesianosmaux.es\/centrojuvenil\/2022\/05\/14\/mauxworld-actividad-conjunta-del-centro-juvenil\/#primaryimage","url":"https:\/\/salesianosmaux.es\/centrojuvenil\/wp-content\/uploads\/sites\/6\/2022\/05\/MAUXWORLD.jpg","contentUrl":"https:\/\/salesianosmaux.es\/centrojuvenil\/wp-content\/uploads\/sites\/6\/2022\/05\/MAUXWORLD.jpg","width":1748,"height":1240},{"@type":"BreadcrumbList","@id":"https:\/\/salesianosmaux.es\/centrojuvenil\/2022\/05\/14\/mauxworld-actividad-conjunta-del-centro-juvenil\/#breadcrumb","itemListElement":[{"@type":"ListItem","position":1,"name":"Portada","item":"https:\/\/salesianosmaux.es\/centrojuvenil\/"},{"@type":"ListItem","position":2,"name":"MauxWorld (ACTIVIDAD CONJUNTA DEL CENTRO JUVENIL)"}]},{"@type":"WebSite","@id":"https:\/\/salesianosmaux.es\/centrojuvenil\/#website","url":"https:\/\/salesianosmaux.es\/centrojuvenil\/","name":"Centro Juvenil Mar\u00eda Auxiliadora","description":"","potentialAction":[{"@type":"SearchAction","target":{"@type":"EntryPoint","urlTemplate":"https:\/\/salesianosmaux.es\/centrojuvenil\/?s={search_term_string}"},"query-input":{"@type":"PropertyValueSpecification","valueRequired":true,"valueName":"search_term_string"}}],"inLanguage":"es"},{"@type":"Person","@id":"https:\/\/salesianosmaux.es\/centrojuvenil\/#\/schema\/person\/2907e7467414eb7c582683323229cfa0","name":"centrojuvenil","image":{"@type":"ImageObject","inLanguage":"es","@id":"https:\/\/secure.gravatar.com\/avatar\/0969b94997d48dd955926fff0eedb1687ec9fd00294a727f82de75614d1751d2?s=96&d=mm&r=g","url":"https:\/\/secure.gravatar.com\/avatar\/0969b94997d48dd955926fff0eedb1687ec9fd00294a727f82de75614d1751d2?s=96&d=mm&r=g","contentUrl":"https:\/\/secure.gravatar.com\/avatar\/0969b94997d48dd955926fff0eedb1687ec9fd00294a727f82de75614d1751d2?s=96&d=mm&r=g","caption":"centrojuvenil"},"url":"https:\/\/salesianosmaux.es\/centrojuvenil\/author\/centrojuvenil\/"}]}},"_links":{"self":[{"href":"https:\/\/salesianosmaux.es\/centrojuvenil\/wp-json\/wp\/v2\/posts\/325","targetHints":{"allow":["GET"]}}],"collection":[{"href":"https:\/\/salesianosmaux.es\/centrojuvenil\/wp-json\/wp\/v2\/posts"}],"about":[{"href":"https:\/\/salesianosmaux.es\/centrojuvenil\/wp-json\/wp\/v2\/types\/post"}],"author":[{"embeddable":true,"href":"https:\/\/salesianosmaux.es\/centrojuvenil\/wp-json\/wp\/v2\/users\/4"}],"replies":[{"embeddable":true,"href":"https:\/\/salesianosmaux.es\/centrojuvenil\/wp-json\/wp\/v2\/comments?post=325"}],"version-history":[{"count":5,"href":"https:\/\/salesianosmaux.es\/centrojuvenil\/wp-json\/wp\/v2\/posts\/325\/revisions"}],"predecessor-version":[{"id":333,"href":"https:\/\/salesianosmaux.es\/centrojuvenil\/wp-json\/wp\/v2\/posts\/325\/revisions\/333"}],"wp:featuredmedia":[{"embeddable":true,"href":"https:\/\/salesianosmaux.es\/centrojuvenil\/wp-json\/wp\/v2\/media\/326"}],"wp:attachment":[{"href":"https:\/\/salesianosmaux.es\/centrojuvenil\/wp-json\/wp\/v2\/media?parent=325"}],"wp:term":[{"taxonomy":"category","embeddable":true,"href":"https:\/\/salesianosmaux.es\/centrojuvenil\/wp-json\/wp\/v2\/categories?post=325"},{"taxonomy":"post_tag","embeddable":true,"href":"https:\/\/salesianosmaux.es\/centrojuvenil\/wp-json\/wp\/v2\/tags?post=325"}],"curies":[{"name":"wp","href":"https:\/\/api.w.org\/{rel}","templated":true}]}}