{"id":403,"date":"2022-05-31T17:28:35","date_gmt":"2022-05-31T17:28:35","guid":{"rendered":"https:\/\/salesianosmaux.es\/centrojuvenil\/?p=403"},"modified":"2022-05-31T17:28:37","modified_gmt":"2022-05-31T17:28:37","slug":"fiesta-ibicenca-de-la-seccion-juvenil","status":"publish","type":"post","link":"https:\/\/salesianosmaux.es\/centrojuvenil\/2022\/05\/31\/fiesta-ibicenca-de-la-seccion-juvenil\/","title":{"rendered":"Fiesta IBICENCA de la Secci\u00f3n Juvenil"},"content":{"rendered":"\n[et_pb_section fb_built=\u00bb1&#8243; theme_builder_area=\u00bbpost_content\u00bb _builder_version=\u00bb4.17.4&#8243; _module_preset=\u00bbdefault\u00bb][et_pb_row _builder_version=\u00bb4.17.4&#8243; _module_preset=\u00bbdefault\u00bb theme_builder_area=\u00bbpost_content\u00bb hover_enabled=\u00bb0&#8243; sticky_enabled=\u00bb0&#8243; column_structure=\u00bb1_2,1_2&#8243;][et_pb_column _builder_version=\u00bb4.17.4&#8243; _module_preset=\u00bbdefault\u00bb type=\u00bb1_2&#8243; theme_builder_area=\u00bbpost_content\u00bb][et_pb_text _builder_version=\u00bb4.17.4&#8243; _module_preset=\u00bbdefault\u00bb theme_builder_area=\u00bbpost_content\u00bb hover_enabled=\u00bb0&#8243; sticky_enabled=\u00bb0&#8243;]<p style=\"text-align: justify\"><span style=\"color: #000000\">Queridas familias de la Secci\u00f3n Juvenil;<\/span><\/p>\n<p style=\"text-align: justify\"><span style=\"color: #000000\">Desde la Secci\u00f3n Juvenil os queremos presentar la <strong>\u00daLTIMA actividad de la Sj<\/strong>, que se realizar\u00e1 <strong>este s\u00e1bado 4 de junio<\/strong>.<\/span><\/p>\n<p style=\"text-align: justify\"><span style=\"color: #000000\">Horario de la actividad ser\u00e1 desde las <strong>18.30 hasta las 00 horas.<\/strong><\/span><\/p>\n<p style=\"text-align: justify\"><span style=\"color: #000000\"><strong>La entrada y salida ser\u00e1 por el CJ.<\/strong><\/span><\/p>\n<p style=\"text-align: justify\"><span style=\"color: #000000\">En el caso de no poder ir a la hora de inicio de la actividad y <span style=\"text-decoration: underline\">acudir a otra hora<\/span>, es necesario <span style=\"text-decoration: underline\">especificarlo en el apartado del formulario correspondiente<\/span>.<\/span><\/p>\n<p style=\"text-align: justify\"><span style=\"color: #000000\">La tarde comenzar\u00e1 con un <strong>tiempo de sala<\/strong>, seguir\u00e1 con una <strong>barbacoa<\/strong> todos juntos en el patio y una <strong>fiesta<\/strong> para terminar, todo ello con tem\u00e1tica ibicenca.<\/span><\/p>\n<p style=\"text-align: justify\"><span style=\"color: #000000\">Esta actividad es completamente <strong>gratuita para todos los socios<\/strong>; para <strong>no socios, se tendr\u00e1 que entregar en la puerta <\/strong><strong>los 2 euros<\/strong> correspondientes a la actividad.<\/span><\/p>\n<p style=\"text-align: justify\"><span style=\"color: #000000\"><strong>NECESARIO INSCRIBIRSE MEDIANTE EL FORMULARIO, PLAZO HASTA EL VIERNES 3:<\/strong><\/span> <span style=\"color: #000000\"><strong><\/strong><\/span><\/p>[\/et_pb_text][et_pb_button button_text=\u00bbFORMULARIO ACTIVIDAD IBICENCA\u00bb _builder_version=\u00bb4.17.4&#8243; _module_preset=\u00bbdefault\u00bb theme_builder_area=\u00bbpost_content\u00bb button_url=\u00bbhttps:\/\/docs.google.com\/forms\/d\/e\/1FAIpQLSff9K2XTKLlZyrnh-PbH2xhYjnbSmx7Xk3t3-iebMwtl0ThwQ\/viewform?usp=sf_link\u00bb url_new_window=\u00bbon\u00bb hover_enabled=\u00bb0&#8243; sticky_enabled=\u00bb0&#8243;][\/et_pb_button][\/et_pb_column][et_pb_column _builder_version=\u00bb4.17.4&#8243; _module_preset=\u00bbdefault\u00bb type=\u00bb1_2&#8243; theme_builder_area=\u00bbpost_content\u00bb][et_pb_image src=\u00bbhttps:\/\/salesianosmaux.es\/centrojuvenil\/wp-content\/uploads\/sites\/6\/2022\/05\/INFO-PA\u0301G.-Web.jpg\u00bb _builder_version=\u00bb4.17.4&#8243; _module_preset=\u00bbdefault\u00bb theme_builder_area=\u00bbpost_content\u00bb title_text=\u00bbActividad Ibicenca SJ\u00bb hover_enabled=\u00bb0&#8243; sticky_enabled=\u00bb0&#8243; width=\u00bb76%\u00bb custom_margin=\u00bb|||73px|false|false\u00bb][\/et_pb_image][\/et_pb_column][\/et_pb_row][et_pb_row _builder_version=\u00bb4.17.4&#8243; _module_preset=\u00bbdefault\u00bb theme_builder_area=\u00bbpost_content\u00bb min_height=\u00bb299.2px\u00bb custom_padding=\u00bb0px|||||\u00bb hover_enabled=\u00bb0&#8243; sticky_enabled=\u00bb0&#8243;][et_pb_column _builder_version=\u00bb4.17.4&#8243; _module_preset=\u00bbdefault\u00bb type=\u00bb4_4&#8243; theme_builder_area=\u00bbpost_content\u00bb][et_pb_text _builder_version=\u00bb4.17.4&#8243; _module_preset=\u00bbdefault\u00bb theme_builder_area=\u00bbpost_content\u00bb hover_enabled=\u00bb0&#8243; sticky_enabled=\u00bb0&#8243; custom_padding=\u00bb0px|||||\u00bb]<p style=\"text-align: justify\"><span style=\"color: #000000\">Al ser <strong>tem\u00e1tica ibicenca<\/strong> ser\u00e1 necesario que veng\u00e1is acorde a la misma.<\/span><\/p>\n<p style=\"text-align: justify\"><span style=\"color: #000000\">Respecto a la <strong>cena ser\u00e1 una barbacoa,<\/strong> por lo que es importante que especifiqu\u00e9is si ten\u00e9is alg\u00fan tipo de alergias en el apartado del formulario correspondiente.<\/span><\/p>\n<p style=\"text-align: justify\"><span style=\"color: #000000\">Las mascarillas ser\u00e1n utilizadas a criterio personal de cada uno. La actividad siempre es al aire libre.<\/span><\/p>\n<p style=\"text-align: justify\"><span style=\"color: #000000\">Lo m\u00e1s importante es venir con muchas ganas de pasarlo bien y disfrutar con los compa\u00f1eros.<\/span><\/p>\n<p style=\"text-align: justify\"><span style=\"color: #000000\">Cualquier duda, no dud\u00e9is en contactar con nosotros mediante Redes Sociales, o al correo de la <a href=\"mailto:seccionjuvenil.cjmaux@gmail.com\" style=\"color: #000000\">seccionjuvenil.cjmaux@gmail.com\u00a0\u00a0<\/a><\/span><\/p>\n<p style=\"text-align: justify\"><span style=\"color: #000000\">\u00a1Os esperamos a todos!<\/span><\/p>\n<p style=\"text-align: justify\"><span style=\"color: #000000\"><em>Un saludo, el equipo de animadores de la Secci\u00f3n Juvenil.\u00a0<\/em><\/span><\/p>[\/et_pb_text][\/et_pb_column][\/et_pb_row][\/et_pb_section]\n","protected":false},"excerpt":{"rendered":"<p>Queridas familias de la Secci\u00f3n Juvenil;<\/p>\n<p>Desde la Secci\u00f3n Juvenil os queremos presentar la \u00faltima actividad de la Sj, que se realizar\u00e1 este s\u00e1bado 4 de mayo.  <\/p>\n<p>Horario de la actividad ser\u00e1 desde las 18.30 hasta las 00 horas.<br \/>\nLa entrada y salida ser\u00e1 por el CJ. <\/p>\n<p>En el caso de no poder ir a la hora de inicio de la actividad y acudir a otra hora, es necesario especificarlo en el apartado del formulario correspondiente.<\/p>\n<p>La tarde comenzar\u00e1 con un tiempo de sala, seguir\u00e1 con una barbacoa todos juntos en el patio y una fiesta para terminar, todo ello con tem\u00e1tica ibicenca. <\/p>\n<p>Esta actividad es completamente gratuita para todos los socios; para no socios, se tendr\u00e1 que entregar en la puerta los 2 euros correspondientes a la actividad. <\/p>\n<p>Al ser tem\u00e1tica ibicenca ser\u00e1 necesario que veng\u00e1is acorde a la misma. <\/p>\n","protected":false},"author":4,"featured_media":411,"comment_status":"open","ping_status":"open","sticky":false,"template":"","format":"standard","meta":{"_et_pb_use_builder":"on","_et_pb_old_content":"","_et_gb_content_width":"","footnotes":""},"categories":[41,11,35,36],"tags":[],"class_list":["post-403","post","type-post","status-publish","format-standard","has-post-thumbnail","hentry","category-centro-juvenil-2","category-seccion-juvenil","category-sj-actividades","category-sj-noticias"],"yoast_head":"<!-- This site is optimized with the Yoast SEO plugin v28.3 - https:\/\/yoast.com\/product\/yoast-seo-wordpress\/ -->\n<title>Fiesta IBICENCA de la Secci\u00f3n Juvenil - Centro Juvenil Mar\u00eda Auxiliadora<\/title>\n<meta name=\"robots\" content=\"index, follow, max-snippet:-1, max-image-preview:large, max-video-preview:-1\" \/>\n<link rel=\"canonical\" href=\"https:\/\/salesianosmaux.es\/centrojuvenil\/2022\/05\/31\/fiesta-ibicenca-de-la-seccion-juvenil\/\" \/>\n<meta property=\"og:locale\" content=\"es_ES\" \/>\n<meta property=\"og:type\" content=\"article\" \/>\n<meta property=\"og:title\" content=\"Fiesta IBICENCA de la Secci\u00f3n Juvenil - Centro Juvenil Mar\u00eda Auxiliadora\" \/>\n<meta property=\"og:description\" content=\"Queridas familias de la Secci\u00f3n Juvenil; Desde la Secci\u00f3n Juvenil os queremos presentar la \u00faltima actividad de la Sj, que se realizar\u00e1 este s\u00e1bado 4 de mayo.  Horario de la actividad ser\u00e1 desde las 18.30 hasta las 00 horas. La entrada y salida ser\u00e1 por el CJ.  En el caso de no poder ir a la hora de inicio de la actividad y acudir a otra hora, es necesario especificarlo en el apartado del formulario correspondiente. La tarde comenzar\u00e1 con un tiempo de sala, seguir\u00e1 con una barbacoa todos juntos en el patio y una fiesta para terminar, todo ello con tem\u00e1tica ibicenca.  Esta actividad es completamente gratuita para todos los socios; para no socios, se tendr\u00e1 que entregar en la puerta los 2 euros correspondientes a la actividad.  Al ser tem\u00e1tica ibicenca ser\u00e1 necesario que veng\u00e1is acorde a la misma.\" \/>\n<meta property=\"og:url\" content=\"https:\/\/salesianosmaux.es\/centrojuvenil\/2022\/05\/31\/fiesta-ibicenca-de-la-seccion-juvenil\/\" \/>\n<meta property=\"og:site_name\" content=\"Centro Juvenil Mar\u00eda Auxiliadora\" \/>\n<meta property=\"article:published_time\" content=\"2022-05-31T17:28:35+00:00\" \/>\n<meta property=\"article:modified_time\" content=\"2022-05-31T17:28:37+00:00\" \/>\n<meta property=\"og:image\" content=\"https:\/\/salesianosmaux.es\/centrojuvenil\/wp-content\/uploads\/sites\/6\/2022\/05\/Fiesta-Ibicenca-1.jpg\" \/>\n\t<meta property=\"og:image:width\" content=\"1920\" \/>\n\t<meta property=\"og:image:height\" content=\"1080\" \/>\n\t<meta property=\"og:image:type\" content=\"image\/jpeg\" \/>\n<meta name=\"author\" content=\"centrojuvenil\" \/>\n<meta name=\"twitter:card\" content=\"summary_large_image\" \/>\n<meta name=\"twitter:label1\" content=\"Escrito por\" \/>\n\t<meta name=\"twitter:data1\" content=\"centrojuvenil\" \/>\n\t<meta name=\"twitter:label2\" content=\"Tiempo de lectura\" \/>\n\t<meta name=\"twitter:data2\" content=\"2 minutos\" \/>\n<script type=\"application\/ld+json\" class=\"yoast-schema-graph\">{\"@context\":\"https:\\\/\\\/schema.org\",\"@graph\":[{\"@type\":\"Article\",\"@id\":\"https:\\\/\\\/salesianosmaux.es\\\/centrojuvenil\\\/2022\\\/05\\\/31\\\/fiesta-ibicenca-de-la-seccion-juvenil\\\/#article\",\"isPartOf\":{\"@id\":\"https:\\\/\\\/salesianosmaux.es\\\/centrojuvenil\\\/2022\\\/05\\\/31\\\/fiesta-ibicenca-de-la-seccion-juvenil\\\/\"},\"author\":{\"name\":\"centrojuvenil\",\"@id\":\"https:\\\/\\\/salesianosmaux.es\\\/centrojuvenil\\\/#\\\/schema\\\/person\\\/2907e7467414eb7c582683323229cfa0\"},\"headline\":\"Fiesta IBICENCA de la Secci\u00f3n Juvenil\",\"datePublished\":\"2022-05-31T17:28:35+00:00\",\"dateModified\":\"2022-05-31T17:28:37+00:00\",\"mainEntityOfPage\":{\"@id\":\"https:\\\/\\\/salesianosmaux.es\\\/centrojuvenil\\\/2022\\\/05\\\/31\\\/fiesta-ibicenca-de-la-seccion-juvenil\\\/\"},\"wordCount\":513,\"commentCount\":0,\"image\":{\"@id\":\"https:\\\/\\\/salesianosmaux.es\\\/centrojuvenil\\\/2022\\\/05\\\/31\\\/fiesta-ibicenca-de-la-seccion-juvenil\\\/#primaryimage\"},\"thumbnailUrl\":\"https:\\\/\\\/salesianosmaux.es\\\/centrojuvenil\\\/wp-content\\\/uploads\\\/sites\\\/6\\\/2022\\\/05\\\/Fiesta-Ibicenca-1.jpg\",\"articleSection\":[\"Centro Juvenil\",\"Secci\u00f3n Juvenil\",\"SJ Actividades\",\"SJ Noticias\"],\"inLanguage\":\"es\",\"potentialAction\":[{\"@type\":\"CommentAction\",\"name\":\"Comment\",\"target\":[\"https:\\\/\\\/salesianosmaux.es\\\/centrojuvenil\\\/2022\\\/05\\\/31\\\/fiesta-ibicenca-de-la-seccion-juvenil\\\/#respond\"]}]},{\"@type\":\"WebPage\",\"@id\":\"https:\\\/\\\/salesianosmaux.es\\\/centrojuvenil\\\/2022\\\/05\\\/31\\\/fiesta-ibicenca-de-la-seccion-juvenil\\\/\",\"url\":\"https:\\\/\\\/salesianosmaux.es\\\/centrojuvenil\\\/2022\\\/05\\\/31\\\/fiesta-ibicenca-de-la-seccion-juvenil\\\/\",\"name\":\"Fiesta IBICENCA de la Secci\u00f3n Juvenil - Centro Juvenil Mar\u00eda Auxiliadora\",\"isPartOf\":{\"@id\":\"https:\\\/\\\/salesianosmaux.es\\\/centrojuvenil\\\/#website\"},\"primaryImageOfPage\":{\"@id\":\"https:\\\/\\\/salesianosmaux.es\\\/centrojuvenil\\\/2022\\\/05\\\/31\\\/fiesta-ibicenca-de-la-seccion-juvenil\\\/#primaryimage\"},\"image\":{\"@id\":\"https:\\\/\\\/salesianosmaux.es\\\/centrojuvenil\\\/2022\\\/05\\\/31\\\/fiesta-ibicenca-de-la-seccion-juvenil\\\/#primaryimage\"},\"thumbnailUrl\":\"https:\\\/\\\/salesianosmaux.es\\\/centrojuvenil\\\/wp-content\\\/uploads\\\/sites\\\/6\\\/2022\\\/05\\\/Fiesta-Ibicenca-1.jpg\",\"datePublished\":\"2022-05-31T17:28:35+00:00\",\"dateModified\":\"2022-05-31T17:28:37+00:00\",\"author\":{\"@id\":\"https:\\\/\\\/salesianosmaux.es\\\/centrojuvenil\\\/#\\\/schema\\\/person\\\/2907e7467414eb7c582683323229cfa0\"},\"breadcrumb\":{\"@id\":\"https:\\\/\\\/salesianosmaux.es\\\/centrojuvenil\\\/2022\\\/05\\\/31\\\/fiesta-ibicenca-de-la-seccion-juvenil\\\/#breadcrumb\"},\"inLanguage\":\"es\",\"potentialAction\":[{\"@type\":\"ReadAction\",\"target\":[\"https:\\\/\\\/salesianosmaux.es\\\/centrojuvenil\\\/2022\\\/05\\\/31\\\/fiesta-ibicenca-de-la-seccion-juvenil\\\/\"]}]},{\"@type\":\"ImageObject\",\"inLanguage\":\"es\",\"@id\":\"https:\\\/\\\/salesianosmaux.es\\\/centrojuvenil\\\/2022\\\/05\\\/31\\\/fiesta-ibicenca-de-la-seccion-juvenil\\\/#primaryimage\",\"url\":\"https:\\\/\\\/salesianosmaux.es\\\/centrojuvenil\\\/wp-content\\\/uploads\\\/sites\\\/6\\\/2022\\\/05\\\/Fiesta-Ibicenca-1.jpg\",\"contentUrl\":\"https:\\\/\\\/salesianosmaux.es\\\/centrojuvenil\\\/wp-content\\\/uploads\\\/sites\\\/6\\\/2022\\\/05\\\/Fiesta-Ibicenca-1.jpg\",\"width\":1920,\"height\":1080},{\"@type\":\"BreadcrumbList\",\"@id\":\"https:\\\/\\\/salesianosmaux.es\\\/centrojuvenil\\\/2022\\\/05\\\/31\\\/fiesta-ibicenca-de-la-seccion-juvenil\\\/#breadcrumb\",\"itemListElement\":[{\"@type\":\"ListItem\",\"position\":1,\"name\":\"Portada\",\"item\":\"https:\\\/\\\/salesianosmaux.es\\\/centrojuvenil\\\/\"},{\"@type\":\"ListItem\",\"position\":2,\"name\":\"Fiesta IBICENCA de la Secci\u00f3n Juvenil\"}]},{\"@type\":\"WebSite\",\"@id\":\"https:\\\/\\\/salesianosmaux.es\\\/centrojuvenil\\\/#website\",\"url\":\"https:\\\/\\\/salesianosmaux.es\\\/centrojuvenil\\\/\",\"name\":\"Centro Juvenil Mar\u00eda Auxiliadora\",\"description\":\"\",\"potentialAction\":[{\"@type\":\"SearchAction\",\"target\":{\"@type\":\"EntryPoint\",\"urlTemplate\":\"https:\\\/\\\/salesianosmaux.es\\\/centrojuvenil\\\/?s={search_term_string}\"},\"query-input\":{\"@type\":\"PropertyValueSpecification\",\"valueRequired\":true,\"valueName\":\"search_term_string\"}}],\"inLanguage\":\"es\"},{\"@type\":\"Person\",\"@id\":\"https:\\\/\\\/salesianosmaux.es\\\/centrojuvenil\\\/#\\\/schema\\\/person\\\/2907e7467414eb7c582683323229cfa0\",\"name\":\"centrojuvenil\",\"image\":{\"@type\":\"ImageObject\",\"inLanguage\":\"es\",\"@id\":\"https:\\\/\\\/secure.gravatar.com\\\/avatar\\\/0969b94997d48dd955926fff0eedb1687ec9fd00294a727f82de75614d1751d2?s=96&d=mm&r=g\",\"url\":\"https:\\\/\\\/secure.gravatar.com\\\/avatar\\\/0969b94997d48dd955926fff0eedb1687ec9fd00294a727f82de75614d1751d2?s=96&d=mm&r=g\",\"contentUrl\":\"https:\\\/\\\/secure.gravatar.com\\\/avatar\\\/0969b94997d48dd955926fff0eedb1687ec9fd00294a727f82de75614d1751d2?s=96&d=mm&r=g\",\"caption\":\"centrojuvenil\"},\"url\":\"https:\\\/\\\/salesianosmaux.es\\\/centrojuvenil\\\/author\\\/centrojuvenil\\\/\"}]}<\/script>\n<!-- \/ Yoast SEO plugin. -->","yoast_head_json":{"title":"Fiesta IBICENCA de la Secci\u00f3n Juvenil - Centro Juvenil Mar\u00eda Auxiliadora","robots":{"index":"index","follow":"follow","max-snippet":"max-snippet:-1","max-image-preview":"max-image-preview:large","max-video-preview":"max-video-preview:-1"},"canonical":"https:\/\/salesianosmaux.es\/centrojuvenil\/2022\/05\/31\/fiesta-ibicenca-de-la-seccion-juvenil\/","og_locale":"es_ES","og_type":"article","og_title":"Fiesta IBICENCA de la Secci\u00f3n Juvenil - Centro Juvenil Mar\u00eda Auxiliadora","og_description":"Queridas familias de la Secci\u00f3n Juvenil; Desde la Secci\u00f3n Juvenil os queremos presentar la \u00faltima actividad de la Sj, que se realizar\u00e1 este s\u00e1bado 4 de mayo.  Horario de la actividad ser\u00e1 desde las 18.30 hasta las 00 horas. La entrada y salida ser\u00e1 por el CJ.  En el caso de no poder ir a la hora de inicio de la actividad y acudir a otra hora, es necesario especificarlo en el apartado del formulario correspondiente. La tarde comenzar\u00e1 con un tiempo de sala, seguir\u00e1 con una barbacoa todos juntos en el patio y una fiesta para terminar, todo ello con tem\u00e1tica ibicenca.  Esta actividad es completamente gratuita para todos los socios; para no socios, se tendr\u00e1 que entregar en la puerta los 2 euros correspondientes a la actividad.  Al ser tem\u00e1tica ibicenca ser\u00e1 necesario que veng\u00e1is acorde a la misma.","og_url":"https:\/\/salesianosmaux.es\/centrojuvenil\/2022\/05\/31\/fiesta-ibicenca-de-la-seccion-juvenil\/","og_site_name":"Centro Juvenil Mar\u00eda Auxiliadora","article_published_time":"2022-05-31T17:28:35+00:00","article_modified_time":"2022-05-31T17:28:37+00:00","og_image":[{"width":1920,"height":1080,"url":"https:\/\/salesianosmaux.es\/centrojuvenil\/wp-content\/uploads\/sites\/6\/2022\/05\/Fiesta-Ibicenca-1.jpg","type":"image\/jpeg"}],"author":"centrojuvenil","twitter_card":"summary_large_image","twitter_misc":{"Escrito por":"centrojuvenil","Tiempo de lectura":"2 minutos"},"schema":{"@context":"https:\/\/schema.org","@graph":[{"@type":"Article","@id":"https:\/\/salesianosmaux.es\/centrojuvenil\/2022\/05\/31\/fiesta-ibicenca-de-la-seccion-juvenil\/#article","isPartOf":{"@id":"https:\/\/salesianosmaux.es\/centrojuvenil\/2022\/05\/31\/fiesta-ibicenca-de-la-seccion-juvenil\/"},"author":{"name":"centrojuvenil","@id":"https:\/\/salesianosmaux.es\/centrojuvenil\/#\/schema\/person\/2907e7467414eb7c582683323229cfa0"},"headline":"Fiesta IBICENCA de la Secci\u00f3n Juvenil","datePublished":"2022-05-31T17:28:35+00:00","dateModified":"2022-05-31T17:28:37+00:00","mainEntityOfPage":{"@id":"https:\/\/salesianosmaux.es\/centrojuvenil\/2022\/05\/31\/fiesta-ibicenca-de-la-seccion-juvenil\/"},"wordCount":513,"commentCount":0,"image":{"@id":"https:\/\/salesianosmaux.es\/centrojuvenil\/2022\/05\/31\/fiesta-ibicenca-de-la-seccion-juvenil\/#primaryimage"},"thumbnailUrl":"https:\/\/salesianosmaux.es\/centrojuvenil\/wp-content\/uploads\/sites\/6\/2022\/05\/Fiesta-Ibicenca-1.jpg","articleSection":["Centro Juvenil","Secci\u00f3n Juvenil","SJ Actividades","SJ Noticias"],"inLanguage":"es","potentialAction":[{"@type":"CommentAction","name":"Comment","target":["https:\/\/salesianosmaux.es\/centrojuvenil\/2022\/05\/31\/fiesta-ibicenca-de-la-seccion-juvenil\/#respond"]}]},{"@type":"WebPage","@id":"https:\/\/salesianosmaux.es\/centrojuvenil\/2022\/05\/31\/fiesta-ibicenca-de-la-seccion-juvenil\/","url":"https:\/\/salesianosmaux.es\/centrojuvenil\/2022\/05\/31\/fiesta-ibicenca-de-la-seccion-juvenil\/","name":"Fiesta IBICENCA de la Secci\u00f3n Juvenil - Centro Juvenil Mar\u00eda Auxiliadora","isPartOf":{"@id":"https:\/\/salesianosmaux.es\/centrojuvenil\/#website"},"primaryImageOfPage":{"@id":"https:\/\/salesianosmaux.es\/centrojuvenil\/2022\/05\/31\/fiesta-ibicenca-de-la-seccion-juvenil\/#primaryimage"},"image":{"@id":"https:\/\/salesianosmaux.es\/centrojuvenil\/2022\/05\/31\/fiesta-ibicenca-de-la-seccion-juvenil\/#primaryimage"},"thumbnailUrl":"https:\/\/salesianosmaux.es\/centrojuvenil\/wp-content\/uploads\/sites\/6\/2022\/05\/Fiesta-Ibicenca-1.jpg","datePublished":"2022-05-31T17:28:35+00:00","dateModified":"2022-05-31T17:28:37+00:00","author":{"@id":"https:\/\/salesianosmaux.es\/centrojuvenil\/#\/schema\/person\/2907e7467414eb7c582683323229cfa0"},"breadcrumb":{"@id":"https:\/\/salesianosmaux.es\/centrojuvenil\/2022\/05\/31\/fiesta-ibicenca-de-la-seccion-juvenil\/#breadcrumb"},"inLanguage":"es","potentialAction":[{"@type":"ReadAction","target":["https:\/\/salesianosmaux.es\/centrojuvenil\/2022\/05\/31\/fiesta-ibicenca-de-la-seccion-juvenil\/"]}]},{"@type":"ImageObject","inLanguage":"es","@id":"https:\/\/salesianosmaux.es\/centrojuvenil\/2022\/05\/31\/fiesta-ibicenca-de-la-seccion-juvenil\/#primaryimage","url":"https:\/\/salesianosmaux.es\/centrojuvenil\/wp-content\/uploads\/sites\/6\/2022\/05\/Fiesta-Ibicenca-1.jpg","contentUrl":"https:\/\/salesianosmaux.es\/centrojuvenil\/wp-content\/uploads\/sites\/6\/2022\/05\/Fiesta-Ibicenca-1.jpg","width":1920,"height":1080},{"@type":"BreadcrumbList","@id":"https:\/\/salesianosmaux.es\/centrojuvenil\/2022\/05\/31\/fiesta-ibicenca-de-la-seccion-juvenil\/#breadcrumb","itemListElement":[{"@type":"ListItem","position":1,"name":"Portada","item":"https:\/\/salesianosmaux.es\/centrojuvenil\/"},{"@type":"ListItem","position":2,"name":"Fiesta IBICENCA de la Secci\u00f3n Juvenil"}]},{"@type":"WebSite","@id":"https:\/\/salesianosmaux.es\/centrojuvenil\/#website","url":"https:\/\/salesianosmaux.es\/centrojuvenil\/","name":"Centro Juvenil Mar\u00eda Auxiliadora","description":"","potentialAction":[{"@type":"SearchAction","target":{"@type":"EntryPoint","urlTemplate":"https:\/\/salesianosmaux.es\/centrojuvenil\/?s={search_term_string}"},"query-input":{"@type":"PropertyValueSpecification","valueRequired":true,"valueName":"search_term_string"}}],"inLanguage":"es"},{"@type":"Person","@id":"https:\/\/salesianosmaux.es\/centrojuvenil\/#\/schema\/person\/2907e7467414eb7c582683323229cfa0","name":"centrojuvenil","image":{"@type":"ImageObject","inLanguage":"es","@id":"https:\/\/secure.gravatar.com\/avatar\/0969b94997d48dd955926fff0eedb1687ec9fd00294a727f82de75614d1751d2?s=96&d=mm&r=g","url":"https:\/\/secure.gravatar.com\/avatar\/0969b94997d48dd955926fff0eedb1687ec9fd00294a727f82de75614d1751d2?s=96&d=mm&r=g","contentUrl":"https:\/\/secure.gravatar.com\/avatar\/0969b94997d48dd955926fff0eedb1687ec9fd00294a727f82de75614d1751d2?s=96&d=mm&r=g","caption":"centrojuvenil"},"url":"https:\/\/salesianosmaux.es\/centrojuvenil\/author\/centrojuvenil\/"}]}},"_links":{"self":[{"href":"https:\/\/salesianosmaux.es\/centrojuvenil\/wp-json\/wp\/v2\/posts\/403","targetHints":{"allow":["GET"]}}],"collection":[{"href":"https:\/\/salesianosmaux.es\/centrojuvenil\/wp-json\/wp\/v2\/posts"}],"about":[{"href":"https:\/\/salesianosmaux.es\/centrojuvenil\/wp-json\/wp\/v2\/types\/post"}],"author":[{"embeddable":true,"href":"https:\/\/salesianosmaux.es\/centrojuvenil\/wp-json\/wp\/v2\/users\/4"}],"replies":[{"embeddable":true,"href":"https:\/\/salesianosmaux.es\/centrojuvenil\/wp-json\/wp\/v2\/comments?post=403"}],"version-history":[{"count":3,"href":"https:\/\/salesianosmaux.es\/centrojuvenil\/wp-json\/wp\/v2\/posts\/403\/revisions"}],"predecessor-version":[{"id":412,"href":"https:\/\/salesianosmaux.es\/centrojuvenil\/wp-json\/wp\/v2\/posts\/403\/revisions\/412"}],"wp:featuredmedia":[{"embeddable":true,"href":"https:\/\/salesianosmaux.es\/centrojuvenil\/wp-json\/wp\/v2\/media\/411"}],"wp:attachment":[{"href":"https:\/\/salesianosmaux.es\/centrojuvenil\/wp-json\/wp\/v2\/media?parent=403"}],"wp:term":[{"taxonomy":"category","embeddable":true,"href":"https:\/\/salesianosmaux.es\/centrojuvenil\/wp-json\/wp\/v2\/categories?post=403"},{"taxonomy":"post_tag","embeddable":true,"href":"https:\/\/salesianosmaux.es\/centrojuvenil\/wp-json\/wp\/v2\/tags?post=403"}],"curies":[{"name":"wp","href":"https:\/\/api.w.org\/{rel}","templated":true}]}}