{"id":450,"date":"2022-07-30T00:10:46","date_gmt":"2022-07-30T00:10:46","guid":{"rendered":"https:\/\/salesianosmaux.es\/centrojuvenil\/?p=450"},"modified":"2022-07-30T00:10:48","modified_gmt":"2022-07-30T00:10:48","slug":"fotos-del-campamento-seccion-juvenil-navasfrias-2022","status":"publish","type":"post","link":"https:\/\/salesianosmaux.es\/centrojuvenil\/2022\/07\/30\/fotos-del-campamento-seccion-juvenil-navasfrias-2022\/","title":{"rendered":"Fotos del Campamento Secci\u00f3n Juvenil Navasfr\u00edas 2022"},"content":{"rendered":"\n\n\n[et_pb_section fb_built=\u00bb1&#8243; theme_builder_area=\u00bbpost_content\u00bb _builder_version=\u00bb4.17.6&#8243; _module_preset=\u00bbdefault\u00bb][et_pb_row _builder_version=\u00bb4.17.6&#8243; _module_preset=\u00bbdefault\u00bb theme_builder_area=\u00bbpost_content\u00bb][et_pb_column _builder_version=\u00bb4.17.6&#8243; _module_preset=\u00bbdefault\u00bb type=\u00bb4_4&#8243; theme_builder_area=\u00bbpost_content\u00bb][et_pb_text _builder_version=\u00bb4.17.6&#8243; _module_preset=\u00bbdefault\u00bb theme_builder_area=\u00bbpost_content\u00bb hover_enabled=\u00bb0&#8243; sticky_enabled=\u00bb0&#8243; min_height=\u00bb70.4px\u00bb custom_margin=\u00bb||-54px|||\u00bb]<p style=\"text-align: justify\">\u00a1Queridas familias y chicos de la Secci\u00f3n Juvenil!<\/p>\n<p style=\"text-align: justify\">Tras 13 d\u00edas maravillosos en Navasfr\u00edas disfrutando del campamento todos juntos, os damos el <strong>link del Drive con todas las fotos del campamento<\/strong>, para poder alargar esta experiencia \u00fanica.<\/p>[\/et_pb_text][\/et_pb_column][\/et_pb_row][et_pb_row _builder_version=\u00bb4.17.6&#8243; _module_preset=\u00bbdefault\u00bb theme_builder_area=\u00bbpost_content\u00bb min_height=\u00bb248.1px\u00bb hover_enabled=\u00bb0&#8243; sticky_enabled=\u00bb0&#8243;][et_pb_column _builder_version=\u00bb4.17.6&#8243; _module_preset=\u00bbdefault\u00bb type=\u00bb4_4&#8243; theme_builder_area=\u00bbpost_content\u00bb][et_pb_button button_text=\u00bbFotos campamento Navasfr\u00edas 2022 Secci\u00f3n Juvenil\u00bb _builder_version=\u00bb4.17.6&#8243; _module_preset=\u00bbdefault\u00bb theme_builder_area=\u00bbpost_content\u00bb url_new_window=\u00bbon\u00bb hover_enabled=\u00bb0&#8243; sticky_enabled=\u00bb0&#8243; custom_padding=\u00bb||8px|||\u00bb button_url=\u00bbhttps:\/\/drive.google.com\/drive\/folders\/1WtphQzbkbrBeH6kPf9MsGoauSqUz3M-v?usp=sharing\u00bb][\/et_pb_button][et_pb_text _builder_version=\u00bb4.17.6&#8243; _module_preset=\u00bbdefault\u00bb theme_builder_area=\u00bbpost_content\u00bb hover_enabled=\u00bb0&#8243; sticky_enabled=\u00bb0&#8243;]<p style=\"text-align: justify\">\u00a1Esperamos que os gusten a todos!<br \/>Feliz verano. <br \/>Nos vemos en el pr\u00f3ximo curso.<\/p>\n<p style=\"text-align: justify\"><em>Un saludo el equipo de animadores de la Secci\u00f3n Juvenil.<\/em><\/p>[\/et_pb_text][\/et_pb_column][\/et_pb_row][\/et_pb_section]\n\n\n","protected":false},"excerpt":{"rendered":"<p>\u00a1Queridas familias y chicos de la Secci\u00f3n Juvenil!<br \/>\nTras 13 d\u00edas maravillosos en Navasfr\u00edas disfrutando del campamento todos juntos, os damos el link del Drive con todas las fotos del campamento, para poder alargar esta experiencia \u00fanica.<br \/>\n\u00a1Esperamos que os gusten a todos!<br \/>\nFeliz verano.<br \/>\nNos vemos en el pr\u00f3ximo curso.<\/p>\n<p>Un saludo el equipo de animadores de la Secci\u00f3n Juvenil.<\/p>\n","protected":false},"author":4,"featured_media":454,"comment_status":"open","ping_status":"open","sticky":false,"template":"","format":"standard","meta":{"_et_pb_use_builder":"on","_et_pb_old_content":"","_et_gb_content_width":"","footnotes":""},"categories":[11,35,36],"tags":[],"class_list":["post-450","post","type-post","status-publish","format-standard","has-post-thumbnail","hentry","category-seccion-juvenil","category-sj-actividades","category-sj-noticias"],"yoast_head":"<!-- This site is optimized with the Yoast SEO plugin v27.4 - https:\/\/yoast.com\/product\/yoast-seo-wordpress\/ -->\n<title>Fotos del Campamento Secci\u00f3n Juvenil Navasfr\u00edas 2022 - Centro Juvenil Mar\u00eda Auxiliadora<\/title>\n<meta name=\"robots\" content=\"index, follow, max-snippet:-1, max-image-preview:large, max-video-preview:-1\" \/>\n<link rel=\"canonical\" href=\"https:\/\/salesianosmaux.es\/centrojuvenil\/2022\/07\/30\/fotos-del-campamento-seccion-juvenil-navasfrias-2022\/\" \/>\n<meta property=\"og:locale\" content=\"es_ES\" \/>\n<meta property=\"og:type\" content=\"article\" \/>\n<meta property=\"og:title\" content=\"Fotos del Campamento Secci\u00f3n Juvenil Navasfr\u00edas 2022 - Centro Juvenil Mar\u00eda Auxiliadora\" \/>\n<meta property=\"og:description\" content=\"\u00a1Queridas familias y chicos de la Secci\u00f3n Juvenil! Tras 13 d\u00edas maravillosos en Navasfr\u00edas disfrutando del campamento todos juntos, os damos el link del Drive con todas las fotos del campamento, para poder alargar esta experiencia \u00fanica. \u00a1Esperamos que os gusten a todos! Feliz verano. Nos vemos en el pr\u00f3ximo curso. Un saludo el equipo de animadores de la Secci\u00f3n Juvenil.\" \/>\n<meta property=\"og:url\" content=\"https:\/\/salesianosmaux.es\/centrojuvenil\/2022\/07\/30\/fotos-del-campamento-seccion-juvenil-navasfrias-2022\/\" \/>\n<meta property=\"og:site_name\" content=\"Centro Juvenil Mar\u00eda Auxiliadora\" \/>\n<meta property=\"article:published_time\" content=\"2022-07-30T00:10:46+00:00\" \/>\n<meta property=\"article:modified_time\" content=\"2022-07-30T00:10:48+00:00\" \/>\n<meta property=\"og:image\" content=\"https:\/\/salesianosmaux.es\/centrojuvenil\/wp-content\/uploads\/sites\/6\/2022\/07\/CampamentoNavasfri\u0301as_20226280.jpg\" \/>\n\t<meta property=\"og:image:width\" content=\"1583\" \/>\n\t<meta property=\"og:image:height\" content=\"1056\" \/>\n\t<meta property=\"og:image:type\" content=\"image\/jpeg\" \/>\n<meta name=\"author\" content=\"centrojuvenil\" \/>\n<meta name=\"twitter:card\" content=\"summary_large_image\" \/>\n<meta name=\"twitter:label1\" content=\"Escrito por\" \/>\n\t<meta name=\"twitter:data1\" content=\"centrojuvenil\" \/>\n\t<meta name=\"twitter:label2\" content=\"Tiempo de lectura\" \/>\n\t<meta name=\"twitter:data2\" content=\"1 minuto\" \/>\n<script type=\"application\/ld+json\" class=\"yoast-schema-graph\">{\"@context\":\"https:\\\/\\\/schema.org\",\"@graph\":[{\"@type\":\"Article\",\"@id\":\"https:\\\/\\\/salesianosmaux.es\\\/centrojuvenil\\\/2022\\\/07\\\/30\\\/fotos-del-campamento-seccion-juvenil-navasfrias-2022\\\/#article\",\"isPartOf\":{\"@id\":\"https:\\\/\\\/salesianosmaux.es\\\/centrojuvenil\\\/2022\\\/07\\\/30\\\/fotos-del-campamento-seccion-juvenil-navasfrias-2022\\\/\"},\"author\":{\"name\":\"centrojuvenil\",\"@id\":\"https:\\\/\\\/salesianosmaux.es\\\/centrojuvenil\\\/#\\\/schema\\\/person\\\/2907e7467414eb7c582683323229cfa0\"},\"headline\":\"Fotos del Campamento Secci\u00f3n Juvenil Navasfr\u00edas 2022\",\"datePublished\":\"2022-07-30T00:10:46+00:00\",\"dateModified\":\"2022-07-30T00:10:48+00:00\",\"mainEntityOfPage\":{\"@id\":\"https:\\\/\\\/salesianosmaux.es\\\/centrojuvenil\\\/2022\\\/07\\\/30\\\/fotos-del-campamento-seccion-juvenil-navasfrias-2022\\\/\"},\"wordCount\":261,\"commentCount\":0,\"image\":{\"@id\":\"https:\\\/\\\/salesianosmaux.es\\\/centrojuvenil\\\/2022\\\/07\\\/30\\\/fotos-del-campamento-seccion-juvenil-navasfrias-2022\\\/#primaryimage\"},\"thumbnailUrl\":\"https:\\\/\\\/salesianosmaux.es\\\/centrojuvenil\\\/wp-content\\\/uploads\\\/sites\\\/6\\\/2022\\\/07\\\/CampamentoNavasfri\u0301as_20226280.jpg\",\"articleSection\":[\"Secci\u00f3n Juvenil\",\"SJ Actividades\",\"SJ Noticias\"],\"inLanguage\":\"es\",\"potentialAction\":[{\"@type\":\"CommentAction\",\"name\":\"Comment\",\"target\":[\"https:\\\/\\\/salesianosmaux.es\\\/centrojuvenil\\\/2022\\\/07\\\/30\\\/fotos-del-campamento-seccion-juvenil-navasfrias-2022\\\/#respond\"]}]},{\"@type\":\"WebPage\",\"@id\":\"https:\\\/\\\/salesianosmaux.es\\\/centrojuvenil\\\/2022\\\/07\\\/30\\\/fotos-del-campamento-seccion-juvenil-navasfrias-2022\\\/\",\"url\":\"https:\\\/\\\/salesianosmaux.es\\\/centrojuvenil\\\/2022\\\/07\\\/30\\\/fotos-del-campamento-seccion-juvenil-navasfrias-2022\\\/\",\"name\":\"Fotos del Campamento Secci\u00f3n Juvenil Navasfr\u00edas 2022 - Centro Juvenil Mar\u00eda Auxiliadora\",\"isPartOf\":{\"@id\":\"https:\\\/\\\/salesianosmaux.es\\\/centrojuvenil\\\/#website\"},\"primaryImageOfPage\":{\"@id\":\"https:\\\/\\\/salesianosmaux.es\\\/centrojuvenil\\\/2022\\\/07\\\/30\\\/fotos-del-campamento-seccion-juvenil-navasfrias-2022\\\/#primaryimage\"},\"image\":{\"@id\":\"https:\\\/\\\/salesianosmaux.es\\\/centrojuvenil\\\/2022\\\/07\\\/30\\\/fotos-del-campamento-seccion-juvenil-navasfrias-2022\\\/#primaryimage\"},\"thumbnailUrl\":\"https:\\\/\\\/salesianosmaux.es\\\/centrojuvenil\\\/wp-content\\\/uploads\\\/sites\\\/6\\\/2022\\\/07\\\/CampamentoNavasfri\u0301as_20226280.jpg\",\"datePublished\":\"2022-07-30T00:10:46+00:00\",\"dateModified\":\"2022-07-30T00:10:48+00:00\",\"author\":{\"@id\":\"https:\\\/\\\/salesianosmaux.es\\\/centrojuvenil\\\/#\\\/schema\\\/person\\\/2907e7467414eb7c582683323229cfa0\"},\"breadcrumb\":{\"@id\":\"https:\\\/\\\/salesianosmaux.es\\\/centrojuvenil\\\/2022\\\/07\\\/30\\\/fotos-del-campamento-seccion-juvenil-navasfrias-2022\\\/#breadcrumb\"},\"inLanguage\":\"es\",\"potentialAction\":[{\"@type\":\"ReadAction\",\"target\":[\"https:\\\/\\\/salesianosmaux.es\\\/centrojuvenil\\\/2022\\\/07\\\/30\\\/fotos-del-campamento-seccion-juvenil-navasfrias-2022\\\/\"]}]},{\"@type\":\"ImageObject\",\"inLanguage\":\"es\",\"@id\":\"https:\\\/\\\/salesianosmaux.es\\\/centrojuvenil\\\/2022\\\/07\\\/30\\\/fotos-del-campamento-seccion-juvenil-navasfrias-2022\\\/#primaryimage\",\"url\":\"https:\\\/\\\/salesianosmaux.es\\\/centrojuvenil\\\/wp-content\\\/uploads\\\/sites\\\/6\\\/2022\\\/07\\\/CampamentoNavasfri\u0301as_20226280.jpg\",\"contentUrl\":\"https:\\\/\\\/salesianosmaux.es\\\/centrojuvenil\\\/wp-content\\\/uploads\\\/sites\\\/6\\\/2022\\\/07\\\/CampamentoNavasfri\u0301as_20226280.jpg\",\"width\":1583,\"height\":1056},{\"@type\":\"BreadcrumbList\",\"@id\":\"https:\\\/\\\/salesianosmaux.es\\\/centrojuvenil\\\/2022\\\/07\\\/30\\\/fotos-del-campamento-seccion-juvenil-navasfrias-2022\\\/#breadcrumb\",\"itemListElement\":[{\"@type\":\"ListItem\",\"position\":1,\"name\":\"Portada\",\"item\":\"https:\\\/\\\/salesianosmaux.es\\\/centrojuvenil\\\/\"},{\"@type\":\"ListItem\",\"position\":2,\"name\":\"Fotos del Campamento Secci\u00f3n Juvenil Navasfr\u00edas 2022\"}]},{\"@type\":\"WebSite\",\"@id\":\"https:\\\/\\\/salesianosmaux.es\\\/centrojuvenil\\\/#website\",\"url\":\"https:\\\/\\\/salesianosmaux.es\\\/centrojuvenil\\\/\",\"name\":\"Centro Juvenil Mar\u00eda Auxiliadora\",\"description\":\"\",\"potentialAction\":[{\"@type\":\"SearchAction\",\"target\":{\"@type\":\"EntryPoint\",\"urlTemplate\":\"https:\\\/\\\/salesianosmaux.es\\\/centrojuvenil\\\/?s={search_term_string}\"},\"query-input\":{\"@type\":\"PropertyValueSpecification\",\"valueRequired\":true,\"valueName\":\"search_term_string\"}}],\"inLanguage\":\"es\"},{\"@type\":\"Person\",\"@id\":\"https:\\\/\\\/salesianosmaux.es\\\/centrojuvenil\\\/#\\\/schema\\\/person\\\/2907e7467414eb7c582683323229cfa0\",\"name\":\"centrojuvenil\",\"image\":{\"@type\":\"ImageObject\",\"inLanguage\":\"es\",\"@id\":\"https:\\\/\\\/secure.gravatar.com\\\/avatar\\\/0969b94997d48dd955926fff0eedb1687ec9fd00294a727f82de75614d1751d2?s=96&d=mm&r=g\",\"url\":\"https:\\\/\\\/secure.gravatar.com\\\/avatar\\\/0969b94997d48dd955926fff0eedb1687ec9fd00294a727f82de75614d1751d2?s=96&d=mm&r=g\",\"contentUrl\":\"https:\\\/\\\/secure.gravatar.com\\\/avatar\\\/0969b94997d48dd955926fff0eedb1687ec9fd00294a727f82de75614d1751d2?s=96&d=mm&r=g\",\"caption\":\"centrojuvenil\"},\"url\":\"https:\\\/\\\/salesianosmaux.es\\\/centrojuvenil\\\/author\\\/centrojuvenil\\\/\"}]}<\/script>\n<!-- \/ Yoast SEO plugin. -->","yoast_head_json":{"title":"Fotos del Campamento Secci\u00f3n Juvenil Navasfr\u00edas 2022 - Centro Juvenil Mar\u00eda Auxiliadora","robots":{"index":"index","follow":"follow","max-snippet":"max-snippet:-1","max-image-preview":"max-image-preview:large","max-video-preview":"max-video-preview:-1"},"canonical":"https:\/\/salesianosmaux.es\/centrojuvenil\/2022\/07\/30\/fotos-del-campamento-seccion-juvenil-navasfrias-2022\/","og_locale":"es_ES","og_type":"article","og_title":"Fotos del Campamento Secci\u00f3n Juvenil Navasfr\u00edas 2022 - Centro Juvenil Mar\u00eda Auxiliadora","og_description":"\u00a1Queridas familias y chicos de la Secci\u00f3n Juvenil! Tras 13 d\u00edas maravillosos en Navasfr\u00edas disfrutando del campamento todos juntos, os damos el link del Drive con todas las fotos del campamento, para poder alargar esta experiencia \u00fanica. \u00a1Esperamos que os gusten a todos! Feliz verano. Nos vemos en el pr\u00f3ximo curso. Un saludo el equipo de animadores de la Secci\u00f3n Juvenil.","og_url":"https:\/\/salesianosmaux.es\/centrojuvenil\/2022\/07\/30\/fotos-del-campamento-seccion-juvenil-navasfrias-2022\/","og_site_name":"Centro Juvenil Mar\u00eda Auxiliadora","article_published_time":"2022-07-30T00:10:46+00:00","article_modified_time":"2022-07-30T00:10:48+00:00","og_image":[{"width":1583,"height":1056,"url":"https:\/\/salesianosmaux.es\/centrojuvenil\/wp-content\/uploads\/sites\/6\/2022\/07\/CampamentoNavasfri\u0301as_20226280.jpg","type":"image\/jpeg"}],"author":"centrojuvenil","twitter_card":"summary_large_image","twitter_misc":{"Escrito por":"centrojuvenil","Tiempo de lectura":"1 minuto"},"schema":{"@context":"https:\/\/schema.org","@graph":[{"@type":"Article","@id":"https:\/\/salesianosmaux.es\/centrojuvenil\/2022\/07\/30\/fotos-del-campamento-seccion-juvenil-navasfrias-2022\/#article","isPartOf":{"@id":"https:\/\/salesianosmaux.es\/centrojuvenil\/2022\/07\/30\/fotos-del-campamento-seccion-juvenil-navasfrias-2022\/"},"author":{"name":"centrojuvenil","@id":"https:\/\/salesianosmaux.es\/centrojuvenil\/#\/schema\/person\/2907e7467414eb7c582683323229cfa0"},"headline":"Fotos del Campamento Secci\u00f3n Juvenil Navasfr\u00edas 2022","datePublished":"2022-07-30T00:10:46+00:00","dateModified":"2022-07-30T00:10:48+00:00","mainEntityOfPage":{"@id":"https:\/\/salesianosmaux.es\/centrojuvenil\/2022\/07\/30\/fotos-del-campamento-seccion-juvenil-navasfrias-2022\/"},"wordCount":261,"commentCount":0,"image":{"@id":"https:\/\/salesianosmaux.es\/centrojuvenil\/2022\/07\/30\/fotos-del-campamento-seccion-juvenil-navasfrias-2022\/#primaryimage"},"thumbnailUrl":"https:\/\/salesianosmaux.es\/centrojuvenil\/wp-content\/uploads\/sites\/6\/2022\/07\/CampamentoNavasfri\u0301as_20226280.jpg","articleSection":["Secci\u00f3n Juvenil","SJ Actividades","SJ Noticias"],"inLanguage":"es","potentialAction":[{"@type":"CommentAction","name":"Comment","target":["https:\/\/salesianosmaux.es\/centrojuvenil\/2022\/07\/30\/fotos-del-campamento-seccion-juvenil-navasfrias-2022\/#respond"]}]},{"@type":"WebPage","@id":"https:\/\/salesianosmaux.es\/centrojuvenil\/2022\/07\/30\/fotos-del-campamento-seccion-juvenil-navasfrias-2022\/","url":"https:\/\/salesianosmaux.es\/centrojuvenil\/2022\/07\/30\/fotos-del-campamento-seccion-juvenil-navasfrias-2022\/","name":"Fotos del Campamento Secci\u00f3n Juvenil Navasfr\u00edas 2022 - Centro Juvenil Mar\u00eda Auxiliadora","isPartOf":{"@id":"https:\/\/salesianosmaux.es\/centrojuvenil\/#website"},"primaryImageOfPage":{"@id":"https:\/\/salesianosmaux.es\/centrojuvenil\/2022\/07\/30\/fotos-del-campamento-seccion-juvenil-navasfrias-2022\/#primaryimage"},"image":{"@id":"https:\/\/salesianosmaux.es\/centrojuvenil\/2022\/07\/30\/fotos-del-campamento-seccion-juvenil-navasfrias-2022\/#primaryimage"},"thumbnailUrl":"https:\/\/salesianosmaux.es\/centrojuvenil\/wp-content\/uploads\/sites\/6\/2022\/07\/CampamentoNavasfri\u0301as_20226280.jpg","datePublished":"2022-07-30T00:10:46+00:00","dateModified":"2022-07-30T00:10:48+00:00","author":{"@id":"https:\/\/salesianosmaux.es\/centrojuvenil\/#\/schema\/person\/2907e7467414eb7c582683323229cfa0"},"breadcrumb":{"@id":"https:\/\/salesianosmaux.es\/centrojuvenil\/2022\/07\/30\/fotos-del-campamento-seccion-juvenil-navasfrias-2022\/#breadcrumb"},"inLanguage":"es","potentialAction":[{"@type":"ReadAction","target":["https:\/\/salesianosmaux.es\/centrojuvenil\/2022\/07\/30\/fotos-del-campamento-seccion-juvenil-navasfrias-2022\/"]}]},{"@type":"ImageObject","inLanguage":"es","@id":"https:\/\/salesianosmaux.es\/centrojuvenil\/2022\/07\/30\/fotos-del-campamento-seccion-juvenil-navasfrias-2022\/#primaryimage","url":"https:\/\/salesianosmaux.es\/centrojuvenil\/wp-content\/uploads\/sites\/6\/2022\/07\/CampamentoNavasfri\u0301as_20226280.jpg","contentUrl":"https:\/\/salesianosmaux.es\/centrojuvenil\/wp-content\/uploads\/sites\/6\/2022\/07\/CampamentoNavasfri\u0301as_20226280.jpg","width":1583,"height":1056},{"@type":"BreadcrumbList","@id":"https:\/\/salesianosmaux.es\/centrojuvenil\/2022\/07\/30\/fotos-del-campamento-seccion-juvenil-navasfrias-2022\/#breadcrumb","itemListElement":[{"@type":"ListItem","position":1,"name":"Portada","item":"https:\/\/salesianosmaux.es\/centrojuvenil\/"},{"@type":"ListItem","position":2,"name":"Fotos del Campamento Secci\u00f3n Juvenil Navasfr\u00edas 2022"}]},{"@type":"WebSite","@id":"https:\/\/salesianosmaux.es\/centrojuvenil\/#website","url":"https:\/\/salesianosmaux.es\/centrojuvenil\/","name":"Centro Juvenil Mar\u00eda Auxiliadora","description":"","potentialAction":[{"@type":"SearchAction","target":{"@type":"EntryPoint","urlTemplate":"https:\/\/salesianosmaux.es\/centrojuvenil\/?s={search_term_string}"},"query-input":{"@type":"PropertyValueSpecification","valueRequired":true,"valueName":"search_term_string"}}],"inLanguage":"es"},{"@type":"Person","@id":"https:\/\/salesianosmaux.es\/centrojuvenil\/#\/schema\/person\/2907e7467414eb7c582683323229cfa0","name":"centrojuvenil","image":{"@type":"ImageObject","inLanguage":"es","@id":"https:\/\/secure.gravatar.com\/avatar\/0969b94997d48dd955926fff0eedb1687ec9fd00294a727f82de75614d1751d2?s=96&d=mm&r=g","url":"https:\/\/secure.gravatar.com\/avatar\/0969b94997d48dd955926fff0eedb1687ec9fd00294a727f82de75614d1751d2?s=96&d=mm&r=g","contentUrl":"https:\/\/secure.gravatar.com\/avatar\/0969b94997d48dd955926fff0eedb1687ec9fd00294a727f82de75614d1751d2?s=96&d=mm&r=g","caption":"centrojuvenil"},"url":"https:\/\/salesianosmaux.es\/centrojuvenil\/author\/centrojuvenil\/"}]}},"_links":{"self":[{"href":"https:\/\/salesianosmaux.es\/centrojuvenil\/wp-json\/wp\/v2\/posts\/450","targetHints":{"allow":["GET"]}}],"collection":[{"href":"https:\/\/salesianosmaux.es\/centrojuvenil\/wp-json\/wp\/v2\/posts"}],"about":[{"href":"https:\/\/salesianosmaux.es\/centrojuvenil\/wp-json\/wp\/v2\/types\/post"}],"author":[{"embeddable":true,"href":"https:\/\/salesianosmaux.es\/centrojuvenil\/wp-json\/wp\/v2\/users\/4"}],"replies":[{"embeddable":true,"href":"https:\/\/salesianosmaux.es\/centrojuvenil\/wp-json\/wp\/v2\/comments?post=450"}],"version-history":[{"count":3,"href":"https:\/\/salesianosmaux.es\/centrojuvenil\/wp-json\/wp\/v2\/posts\/450\/revisions"}],"predecessor-version":[{"id":455,"href":"https:\/\/salesianosmaux.es\/centrojuvenil\/wp-json\/wp\/v2\/posts\/450\/revisions\/455"}],"wp:featuredmedia":[{"embeddable":true,"href":"https:\/\/salesianosmaux.es\/centrojuvenil\/wp-json\/wp\/v2\/media\/454"}],"wp:attachment":[{"href":"https:\/\/salesianosmaux.es\/centrojuvenil\/wp-json\/wp\/v2\/media?parent=450"}],"wp:term":[{"taxonomy":"category","embeddable":true,"href":"https:\/\/salesianosmaux.es\/centrojuvenil\/wp-json\/wp\/v2\/categories?post=450"},{"taxonomy":"post_tag","embeddable":true,"href":"https:\/\/salesianosmaux.es\/centrojuvenil\/wp-json\/wp\/v2\/tags?post=450"}],"curies":[{"name":"wp","href":"https:\/\/api.w.org\/{rel}","templated":true}]}}