{"id":493,"date":"2022-09-29T12:07:12","date_gmt":"2022-09-29T12:07:12","guid":{"rendered":"https:\/\/salesianosmaux.es\/centrojuvenil\/?p=493"},"modified":"2022-09-29T13:22:02","modified_gmt":"2022-09-29T13:22:02","slug":"493","status":"publish","type":"post","link":"https:\/\/salesianosmaux.es\/centrojuvenil\/2022\/09\/29\/493\/","title":{"rendered":"Inscripciones Socios Grupo Amigos"},"content":{"rendered":"\n\n[et_pb_section fb_built=\u00bb1&#8243; theme_builder_area=\u00bbpost_content\u00bb _builder_version=\u00bb4.18.0&#8243; _module_preset=\u00bbdefault\u00bb hover_enabled=\u00bb0&#8243; sticky_enabled=\u00bb0&#8243;][et_pb_row _builder_version=\u00bb4.18.0&#8243; _module_preset=\u00bbdefault\u00bb theme_builder_area=\u00bbpost_content\u00bb][et_pb_column _builder_version=\u00bb4.18.0&#8243; _module_preset=\u00bbdefault\u00bb type=\u00bb4_4&#8243; theme_builder_area=\u00bbpost_content\u00bb][et_pb_text _builder_version=\u00bb4.18.0&#8243; _module_preset=\u00bbdefault\u00bb theme_builder_area=\u00bbpost_content\u00bb hover_enabled=\u00bb0&#8243; sticky_enabled=\u00bb0&#8243;]<p>Queridas familias, como todos los a\u00f1os os damos la bienvenida de parte de todo el equipo del Grupo Amigos al curso 2022-2023. La bienvenida ser\u00e1 el d\u00eda 8 de octubre en el horario normal del GA<\/p>\n<p>&#8211; <strong>De 18:00 a 20:15 h.<\/strong><\/p>\n<p>As\u00ed como todos los a\u00f1os, os dejamos la inscripci\u00f3n para hacerse socio del GA. Los horarios de recogida ser\u00e1n: Los s\u00e1bados en horario de GA presencialmente o bien, por correo electr\u00f3nico: ( <a href=\"mailto:grupoamigoscjmaux@gmail.com\">grupoamigoscjmaux@gmail.com<\/a> ).<\/p>\n<p>Cualquier duda que tenga\u00eds no dudeis en preguntarnos por las redes sociales, o al correo del grupo amigos.<br \/>\u00a1Nos vemos el d\u00eda 8!<\/p>[\/et_pb_text][et_pb_blurb title=\u00bbInscripci\u00f3n de socios\u00a0\u00bb _builder_version=\u00bb4.18.0&#8243; _module_preset=\u00bbdefault\u00bb theme_builder_area=\u00bbpost_content\u00bb hover_enabled=\u00bb0&#8243; sticky_enabled=\u00bb0&#8243; use_icon=\u00bbon\u00bb font_icon=\u00bb&#xf1c1;||fa||900&#8243; icon_placement=\u00bbleft\u00bb url=\u00bbhttps:\/\/drive.google.com\/file\/d\/1owjVR14qaI2PXxFfS3a6CESsjJvb9CG8\/view?usp=sharing\u00bb url_new_window=\u00bbon\u00bb]<p>Aqu\u00ed podr\u00e1s encontrar la inscripci\u00f3n de socios.<\/p>[\/et_pb_blurb][\/et_pb_column][\/et_pb_row][\/et_pb_section]\n\n","protected":false},"excerpt":{"rendered":"<p>Queridas familias, como todos los a\u00f1os os damos la bienvenida de parte de todo el equipo del Grupo Amigos al curso 2022-2023. La bienvenida ser\u00e1 el d\u00eda 8 de octubre en el horario normal del GA<br \/>\n&#8211; De 18:00 a 20:15 h.<br \/>\nAs\u00ed como todos los a\u00f1os, os dejamos la inscripci\u00f3n para hacerse socio del GA. Los horarios de recogida ser\u00e1n: Los s\u00e1bados en horario de GA presencialmente o bien, por correo electr\u00f3nico : cjmaux@gmail.com<br \/>\n\u00a1Nos vemos el d\u00eda 8!<\/p>\n","protected":false},"author":4,"featured_media":304,"comment_status":"open","ping_status":"open","sticky":false,"template":"","format":"standard","meta":{"_et_pb_use_builder":"on","_et_pb_old_content":"","_et_gb_content_width":"","footnotes":""},"categories":[41,33,34],"tags":[],"class_list":["post-493","post","type-post","status-publish","format-standard","has-post-thumbnail","hentry","category-centro-juvenil-2","category-ga-actividades","category-ga-noticias"],"yoast_head":"<!-- This site is optimized with the Yoast SEO plugin v27.4 - https:\/\/yoast.com\/product\/yoast-seo-wordpress\/ -->\n<title>Inscripciones Socios Grupo Amigos - Centro Juvenil Mar\u00eda Auxiliadora<\/title>\n<meta name=\"robots\" content=\"index, follow, max-snippet:-1, max-image-preview:large, max-video-preview:-1\" \/>\n<link rel=\"canonical\" href=\"https:\/\/salesianosmaux.es\/centrojuvenil\/2022\/09\/29\/493\/\" \/>\n<meta property=\"og:locale\" content=\"es_ES\" \/>\n<meta property=\"og:type\" content=\"article\" \/>\n<meta property=\"og:title\" content=\"Inscripciones Socios Grupo Amigos - Centro Juvenil Mar\u00eda Auxiliadora\" \/>\n<meta property=\"og:description\" content=\"Queridas familias, como todos los a\u00f1os os damos la bienvenida de parte de todo el equipo del Grupo Amigos al curso 2022-2023. La bienvenida ser\u00e1 el d\u00eda 8 de octubre en el horario normal del GA - De 18:00 a 20:15 h. As\u00ed como todos los a\u00f1os, os dejamos la inscripci\u00f3n para hacerse socio del GA. Los horarios de recogida ser\u00e1n: Los s\u00e1bados en horario de GA presencialmente o bien, por correo electr\u00f3nico : cjmaux@gmail.com \u00a1Nos vemos el d\u00eda 8!\" \/>\n<meta property=\"og:url\" content=\"https:\/\/salesianosmaux.es\/centrojuvenil\/2022\/09\/29\/493\/\" \/>\n<meta property=\"og:site_name\" content=\"Centro Juvenil Mar\u00eda Auxiliadora\" \/>\n<meta property=\"article:published_time\" content=\"2022-09-29T12:07:12+00:00\" \/>\n<meta property=\"article:modified_time\" content=\"2022-09-29T13:22:02+00:00\" \/>\n<meta property=\"og:image\" content=\"https:\/\/salesianosmaux.es\/centrojuvenil\/wp-content\/uploads\/sites\/6\/2022\/05\/kids-summer-camp-cartoons-two-camping-backpacks-flag-ready-to-vector-illustration-graphic-design-152904957-320x320-1.jpeg\" \/>\n\t<meta property=\"og:image:width\" content=\"320\" \/>\n\t<meta property=\"og:image:height\" content=\"320\" \/>\n\t<meta property=\"og:image:type\" content=\"image\/jpeg\" \/>\n<meta name=\"author\" content=\"centrojuvenil\" \/>\n<meta name=\"twitter:card\" content=\"summary_large_image\" \/>\n<meta name=\"twitter:label1\" content=\"Escrito por\" \/>\n\t<meta name=\"twitter:data1\" content=\"centrojuvenil\" \/>\n\t<meta name=\"twitter:label2\" content=\"Tiempo de lectura\" \/>\n\t<meta name=\"twitter:data2\" content=\"1 minuto\" \/>\n<script type=\"application\/ld+json\" class=\"yoast-schema-graph\">{\"@context\":\"https:\\\/\\\/schema.org\",\"@graph\":[{\"@type\":\"Article\",\"@id\":\"https:\\\/\\\/salesianosmaux.es\\\/centrojuvenil\\\/2022\\\/09\\\/29\\\/493\\\/#article\",\"isPartOf\":{\"@id\":\"https:\\\/\\\/salesianosmaux.es\\\/centrojuvenil\\\/2022\\\/09\\\/29\\\/493\\\/\"},\"author\":{\"name\":\"centrojuvenil\",\"@id\":\"https:\\\/\\\/salesianosmaux.es\\\/centrojuvenil\\\/#\\\/schema\\\/person\\\/2907e7467414eb7c582683323229cfa0\"},\"headline\":\"Inscripciones Socios Grupo Amigos\",\"datePublished\":\"2022-09-29T12:07:12+00:00\",\"dateModified\":\"2022-09-29T13:22:02+00:00\",\"mainEntityOfPage\":{\"@id\":\"https:\\\/\\\/salesianosmaux.es\\\/centrojuvenil\\\/2022\\\/09\\\/29\\\/493\\\/\"},\"wordCount\":248,\"commentCount\":0,\"image\":{\"@id\":\"https:\\\/\\\/salesianosmaux.es\\\/centrojuvenil\\\/2022\\\/09\\\/29\\\/493\\\/#primaryimage\"},\"thumbnailUrl\":\"https:\\\/\\\/salesianosmaux.es\\\/centrojuvenil\\\/wp-content\\\/uploads\\\/sites\\\/6\\\/2022\\\/05\\\/kids-summer-camp-cartoons-two-camping-backpacks-flag-ready-to-vector-illustration-graphic-design-152904957-320x320-1.jpeg\",\"articleSection\":[\"Centro Juvenil\",\"GA Actividades\",\"GA Noticias\"],\"inLanguage\":\"es\",\"potentialAction\":[{\"@type\":\"CommentAction\",\"name\":\"Comment\",\"target\":[\"https:\\\/\\\/salesianosmaux.es\\\/centrojuvenil\\\/2022\\\/09\\\/29\\\/493\\\/#respond\"]}]},{\"@type\":\"WebPage\",\"@id\":\"https:\\\/\\\/salesianosmaux.es\\\/centrojuvenil\\\/2022\\\/09\\\/29\\\/493\\\/\",\"url\":\"https:\\\/\\\/salesianosmaux.es\\\/centrojuvenil\\\/2022\\\/09\\\/29\\\/493\\\/\",\"name\":\"Inscripciones Socios Grupo Amigos - Centro Juvenil Mar\u00eda Auxiliadora\",\"isPartOf\":{\"@id\":\"https:\\\/\\\/salesianosmaux.es\\\/centrojuvenil\\\/#website\"},\"primaryImageOfPage\":{\"@id\":\"https:\\\/\\\/salesianosmaux.es\\\/centrojuvenil\\\/2022\\\/09\\\/29\\\/493\\\/#primaryimage\"},\"image\":{\"@id\":\"https:\\\/\\\/salesianosmaux.es\\\/centrojuvenil\\\/2022\\\/09\\\/29\\\/493\\\/#primaryimage\"},\"thumbnailUrl\":\"https:\\\/\\\/salesianosmaux.es\\\/centrojuvenil\\\/wp-content\\\/uploads\\\/sites\\\/6\\\/2022\\\/05\\\/kids-summer-camp-cartoons-two-camping-backpacks-flag-ready-to-vector-illustration-graphic-design-152904957-320x320-1.jpeg\",\"datePublished\":\"2022-09-29T12:07:12+00:00\",\"dateModified\":\"2022-09-29T13:22:02+00:00\",\"author\":{\"@id\":\"https:\\\/\\\/salesianosmaux.es\\\/centrojuvenil\\\/#\\\/schema\\\/person\\\/2907e7467414eb7c582683323229cfa0\"},\"breadcrumb\":{\"@id\":\"https:\\\/\\\/salesianosmaux.es\\\/centrojuvenil\\\/2022\\\/09\\\/29\\\/493\\\/#breadcrumb\"},\"inLanguage\":\"es\",\"potentialAction\":[{\"@type\":\"ReadAction\",\"target\":[\"https:\\\/\\\/salesianosmaux.es\\\/centrojuvenil\\\/2022\\\/09\\\/29\\\/493\\\/\"]}]},{\"@type\":\"ImageObject\",\"inLanguage\":\"es\",\"@id\":\"https:\\\/\\\/salesianosmaux.es\\\/centrojuvenil\\\/2022\\\/09\\\/29\\\/493\\\/#primaryimage\",\"url\":\"https:\\\/\\\/salesianosmaux.es\\\/centrojuvenil\\\/wp-content\\\/uploads\\\/sites\\\/6\\\/2022\\\/05\\\/kids-summer-camp-cartoons-two-camping-backpacks-flag-ready-to-vector-illustration-graphic-design-152904957-320x320-1.jpeg\",\"contentUrl\":\"https:\\\/\\\/salesianosmaux.es\\\/centrojuvenil\\\/wp-content\\\/uploads\\\/sites\\\/6\\\/2022\\\/05\\\/kids-summer-camp-cartoons-two-camping-backpacks-flag-ready-to-vector-illustration-graphic-design-152904957-320x320-1.jpeg\",\"width\":320,\"height\":320},{\"@type\":\"BreadcrumbList\",\"@id\":\"https:\\\/\\\/salesianosmaux.es\\\/centrojuvenil\\\/2022\\\/09\\\/29\\\/493\\\/#breadcrumb\",\"itemListElement\":[{\"@type\":\"ListItem\",\"position\":1,\"name\":\"Portada\",\"item\":\"https:\\\/\\\/salesianosmaux.es\\\/centrojuvenil\\\/\"},{\"@type\":\"ListItem\",\"position\":2,\"name\":\"Inscripciones Socios Grupo Amigos\"}]},{\"@type\":\"WebSite\",\"@id\":\"https:\\\/\\\/salesianosmaux.es\\\/centrojuvenil\\\/#website\",\"url\":\"https:\\\/\\\/salesianosmaux.es\\\/centrojuvenil\\\/\",\"name\":\"Centro Juvenil Mar\u00eda Auxiliadora\",\"description\":\"\",\"potentialAction\":[{\"@type\":\"SearchAction\",\"target\":{\"@type\":\"EntryPoint\",\"urlTemplate\":\"https:\\\/\\\/salesianosmaux.es\\\/centrojuvenil\\\/?s={search_term_string}\"},\"query-input\":{\"@type\":\"PropertyValueSpecification\",\"valueRequired\":true,\"valueName\":\"search_term_string\"}}],\"inLanguage\":\"es\"},{\"@type\":\"Person\",\"@id\":\"https:\\\/\\\/salesianosmaux.es\\\/centrojuvenil\\\/#\\\/schema\\\/person\\\/2907e7467414eb7c582683323229cfa0\",\"name\":\"centrojuvenil\",\"image\":{\"@type\":\"ImageObject\",\"inLanguage\":\"es\",\"@id\":\"https:\\\/\\\/secure.gravatar.com\\\/avatar\\\/0969b94997d48dd955926fff0eedb1687ec9fd00294a727f82de75614d1751d2?s=96&d=mm&r=g\",\"url\":\"https:\\\/\\\/secure.gravatar.com\\\/avatar\\\/0969b94997d48dd955926fff0eedb1687ec9fd00294a727f82de75614d1751d2?s=96&d=mm&r=g\",\"contentUrl\":\"https:\\\/\\\/secure.gravatar.com\\\/avatar\\\/0969b94997d48dd955926fff0eedb1687ec9fd00294a727f82de75614d1751d2?s=96&d=mm&r=g\",\"caption\":\"centrojuvenil\"},\"url\":\"https:\\\/\\\/salesianosmaux.es\\\/centrojuvenil\\\/author\\\/centrojuvenil\\\/\"}]}<\/script>\n<!-- \/ Yoast SEO plugin. -->","yoast_head_json":{"title":"Inscripciones Socios Grupo Amigos - Centro Juvenil Mar\u00eda Auxiliadora","robots":{"index":"index","follow":"follow","max-snippet":"max-snippet:-1","max-image-preview":"max-image-preview:large","max-video-preview":"max-video-preview:-1"},"canonical":"https:\/\/salesianosmaux.es\/centrojuvenil\/2022\/09\/29\/493\/","og_locale":"es_ES","og_type":"article","og_title":"Inscripciones Socios Grupo Amigos - Centro Juvenil Mar\u00eda Auxiliadora","og_description":"Queridas familias, como todos los a\u00f1os os damos la bienvenida de parte de todo el equipo del Grupo Amigos al curso 2022-2023. La bienvenida ser\u00e1 el d\u00eda 8 de octubre en el horario normal del GA - De 18:00 a 20:15 h. As\u00ed como todos los a\u00f1os, os dejamos la inscripci\u00f3n para hacerse socio del GA. Los horarios de recogida ser\u00e1n: Los s\u00e1bados en horario de GA presencialmente o bien, por correo electr\u00f3nico : cjmaux@gmail.com \u00a1Nos vemos el d\u00eda 8!","og_url":"https:\/\/salesianosmaux.es\/centrojuvenil\/2022\/09\/29\/493\/","og_site_name":"Centro Juvenil Mar\u00eda Auxiliadora","article_published_time":"2022-09-29T12:07:12+00:00","article_modified_time":"2022-09-29T13:22:02+00:00","og_image":[{"width":320,"height":320,"url":"https:\/\/salesianosmaux.es\/centrojuvenil\/wp-content\/uploads\/sites\/6\/2022\/05\/kids-summer-camp-cartoons-two-camping-backpacks-flag-ready-to-vector-illustration-graphic-design-152904957-320x320-1.jpeg","type":"image\/jpeg"}],"author":"centrojuvenil","twitter_card":"summary_large_image","twitter_misc":{"Escrito por":"centrojuvenil","Tiempo de lectura":"1 minuto"},"schema":{"@context":"https:\/\/schema.org","@graph":[{"@type":"Article","@id":"https:\/\/salesianosmaux.es\/centrojuvenil\/2022\/09\/29\/493\/#article","isPartOf":{"@id":"https:\/\/salesianosmaux.es\/centrojuvenil\/2022\/09\/29\/493\/"},"author":{"name":"centrojuvenil","@id":"https:\/\/salesianosmaux.es\/centrojuvenil\/#\/schema\/person\/2907e7467414eb7c582683323229cfa0"},"headline":"Inscripciones Socios Grupo Amigos","datePublished":"2022-09-29T12:07:12+00:00","dateModified":"2022-09-29T13:22:02+00:00","mainEntityOfPage":{"@id":"https:\/\/salesianosmaux.es\/centrojuvenil\/2022\/09\/29\/493\/"},"wordCount":248,"commentCount":0,"image":{"@id":"https:\/\/salesianosmaux.es\/centrojuvenil\/2022\/09\/29\/493\/#primaryimage"},"thumbnailUrl":"https:\/\/salesianosmaux.es\/centrojuvenil\/wp-content\/uploads\/sites\/6\/2022\/05\/kids-summer-camp-cartoons-two-camping-backpacks-flag-ready-to-vector-illustration-graphic-design-152904957-320x320-1.jpeg","articleSection":["Centro Juvenil","GA Actividades","GA Noticias"],"inLanguage":"es","potentialAction":[{"@type":"CommentAction","name":"Comment","target":["https:\/\/salesianosmaux.es\/centrojuvenil\/2022\/09\/29\/493\/#respond"]}]},{"@type":"WebPage","@id":"https:\/\/salesianosmaux.es\/centrojuvenil\/2022\/09\/29\/493\/","url":"https:\/\/salesianosmaux.es\/centrojuvenil\/2022\/09\/29\/493\/","name":"Inscripciones Socios Grupo Amigos - Centro Juvenil Mar\u00eda Auxiliadora","isPartOf":{"@id":"https:\/\/salesianosmaux.es\/centrojuvenil\/#website"},"primaryImageOfPage":{"@id":"https:\/\/salesianosmaux.es\/centrojuvenil\/2022\/09\/29\/493\/#primaryimage"},"image":{"@id":"https:\/\/salesianosmaux.es\/centrojuvenil\/2022\/09\/29\/493\/#primaryimage"},"thumbnailUrl":"https:\/\/salesianosmaux.es\/centrojuvenil\/wp-content\/uploads\/sites\/6\/2022\/05\/kids-summer-camp-cartoons-two-camping-backpacks-flag-ready-to-vector-illustration-graphic-design-152904957-320x320-1.jpeg","datePublished":"2022-09-29T12:07:12+00:00","dateModified":"2022-09-29T13:22:02+00:00","author":{"@id":"https:\/\/salesianosmaux.es\/centrojuvenil\/#\/schema\/person\/2907e7467414eb7c582683323229cfa0"},"breadcrumb":{"@id":"https:\/\/salesianosmaux.es\/centrojuvenil\/2022\/09\/29\/493\/#breadcrumb"},"inLanguage":"es","potentialAction":[{"@type":"ReadAction","target":["https:\/\/salesianosmaux.es\/centrojuvenil\/2022\/09\/29\/493\/"]}]},{"@type":"ImageObject","inLanguage":"es","@id":"https:\/\/salesianosmaux.es\/centrojuvenil\/2022\/09\/29\/493\/#primaryimage","url":"https:\/\/salesianosmaux.es\/centrojuvenil\/wp-content\/uploads\/sites\/6\/2022\/05\/kids-summer-camp-cartoons-two-camping-backpacks-flag-ready-to-vector-illustration-graphic-design-152904957-320x320-1.jpeg","contentUrl":"https:\/\/salesianosmaux.es\/centrojuvenil\/wp-content\/uploads\/sites\/6\/2022\/05\/kids-summer-camp-cartoons-two-camping-backpacks-flag-ready-to-vector-illustration-graphic-design-152904957-320x320-1.jpeg","width":320,"height":320},{"@type":"BreadcrumbList","@id":"https:\/\/salesianosmaux.es\/centrojuvenil\/2022\/09\/29\/493\/#breadcrumb","itemListElement":[{"@type":"ListItem","position":1,"name":"Portada","item":"https:\/\/salesianosmaux.es\/centrojuvenil\/"},{"@type":"ListItem","position":2,"name":"Inscripciones Socios Grupo Amigos"}]},{"@type":"WebSite","@id":"https:\/\/salesianosmaux.es\/centrojuvenil\/#website","url":"https:\/\/salesianosmaux.es\/centrojuvenil\/","name":"Centro Juvenil Mar\u00eda Auxiliadora","description":"","potentialAction":[{"@type":"SearchAction","target":{"@type":"EntryPoint","urlTemplate":"https:\/\/salesianosmaux.es\/centrojuvenil\/?s={search_term_string}"},"query-input":{"@type":"PropertyValueSpecification","valueRequired":true,"valueName":"search_term_string"}}],"inLanguage":"es"},{"@type":"Person","@id":"https:\/\/salesianosmaux.es\/centrojuvenil\/#\/schema\/person\/2907e7467414eb7c582683323229cfa0","name":"centrojuvenil","image":{"@type":"ImageObject","inLanguage":"es","@id":"https:\/\/secure.gravatar.com\/avatar\/0969b94997d48dd955926fff0eedb1687ec9fd00294a727f82de75614d1751d2?s=96&d=mm&r=g","url":"https:\/\/secure.gravatar.com\/avatar\/0969b94997d48dd955926fff0eedb1687ec9fd00294a727f82de75614d1751d2?s=96&d=mm&r=g","contentUrl":"https:\/\/secure.gravatar.com\/avatar\/0969b94997d48dd955926fff0eedb1687ec9fd00294a727f82de75614d1751d2?s=96&d=mm&r=g","caption":"centrojuvenil"},"url":"https:\/\/salesianosmaux.es\/centrojuvenil\/author\/centrojuvenil\/"}]}},"_links":{"self":[{"href":"https:\/\/salesianosmaux.es\/centrojuvenil\/wp-json\/wp\/v2\/posts\/493","targetHints":{"allow":["GET"]}}],"collection":[{"href":"https:\/\/salesianosmaux.es\/centrojuvenil\/wp-json\/wp\/v2\/posts"}],"about":[{"href":"https:\/\/salesianosmaux.es\/centrojuvenil\/wp-json\/wp\/v2\/types\/post"}],"author":[{"embeddable":true,"href":"https:\/\/salesianosmaux.es\/centrojuvenil\/wp-json\/wp\/v2\/users\/4"}],"replies":[{"embeddable":true,"href":"https:\/\/salesianosmaux.es\/centrojuvenil\/wp-json\/wp\/v2\/comments?post=493"}],"version-history":[{"count":3,"href":"https:\/\/salesianosmaux.es\/centrojuvenil\/wp-json\/wp\/v2\/posts\/493\/revisions"}],"predecessor-version":[{"id":498,"href":"https:\/\/salesianosmaux.es\/centrojuvenil\/wp-json\/wp\/v2\/posts\/493\/revisions\/498"}],"wp:featuredmedia":[{"embeddable":true,"href":"https:\/\/salesianosmaux.es\/centrojuvenil\/wp-json\/wp\/v2\/media\/304"}],"wp:attachment":[{"href":"https:\/\/salesianosmaux.es\/centrojuvenil\/wp-json\/wp\/v2\/media?parent=493"}],"wp:term":[{"taxonomy":"category","embeddable":true,"href":"https:\/\/salesianosmaux.es\/centrojuvenil\/wp-json\/wp\/v2\/categories?post=493"},{"taxonomy":"post_tag","embeddable":true,"href":"https:\/\/salesianosmaux.es\/centrojuvenil\/wp-json\/wp\/v2\/tags?post=493"}],"curies":[{"name":"wp","href":"https:\/\/api.w.org\/{rel}","templated":true}]}}