{"id":499,"date":"2022-10-03T21:02:16","date_gmt":"2022-10-03T21:02:16","guid":{"rendered":"https:\/\/salesianosmaux.es\/centrojuvenil\/?p=499"},"modified":"2022-10-03T21:03:41","modified_gmt":"2022-10-03T21:03:41","slug":"fiesta-chiqui-abrimos-caminos-hacia-el-futuro","status":"publish","type":"post","link":"https:\/\/salesianosmaux.es\/centrojuvenil\/2022\/10\/03\/fiesta-chiqui-abrimos-caminos-hacia-el-futuro\/","title":{"rendered":"Fiesta Chiqui \u00abAbrimos Caminos hacia el futuro\u00bb"},"content":{"rendered":"\n[et_pb_section fb_built=\u00bb1&#8243; _builder_version=\u00bb4.18.0&#8243; _module_preset=\u00bbdefault\u00bb global_colors_info=\u00bb{}\u00bb][et_pb_row _builder_version=\u00bb4.18.0&#8243; _module_preset=\u00bbdefault\u00bb hover_enabled=\u00bb0&#8243; global_colors_info=\u00bb{}\u00bb column_structure=\u00bb2_5,3_5&#8243; sticky_enabled=\u00bb0&#8243;][et_pb_column type=\u00bb2_5&#8243; _builder_version=\u00bb4.18.0&#8243; _module_preset=\u00bbdefault\u00bb global_colors_info=\u00bb{}\u00bb][et_pb_text _builder_version=\u00bb4.18.0&#8243; _module_preset=\u00bbdefault\u00bb hover_enabled=\u00bb0&#8243; global_colors_info=\u00bb{}\u00bb sticky_enabled=\u00bb0&#8243;]<p>Queridas Familias!!<br \/>El pr\u00f3ximo 8 de octubre iniciamos el curso abriendo el Chiqui con una nueva actividad. El s\u00e1bado por la tarde tendremos una fiesta de bienvenida: \u00abAbrimos Caminos, hacia el futuro\u00bb. La actividad de bienvenida consistir\u00e1 en lo siguiente: cada ni\u00f1o tendr\u00e1 que ir disfrazado de la profesi\u00f3n que quiera ser de mayor\u00a0 y a lo largo de la tarde realizaremos diferentes juegos. Os animamos a realizar la inscripci\u00f3n de socios lo antes posible, ya que recordamos que el horario de recogida de inscripciones ser\u00e1: e<span>l martes 4 y viernes 7 de octubre de 19:30 a 20:00 y el mismo S\u00e1bado que tengamos la primera actividad. Tambi\u00e9n se podr\u00e1 entregar la inscripci\u00f3n por v\u00eda online mandando el documento al correo del centro juvenil:\u00a0<a href=\"mailto:cjmaux@gmail.com\">cjmaux@gmail.com.\u00a0<\/a><\/span><\/p>\n<p><span>Os esperamos a todos all\u00ed!<\/span><\/p>[\/et_pb_text][\/et_pb_column][et_pb_column type=\u00bb3_5&#8243; _builder_version=\u00bb4.18.0&#8243; _module_preset=\u00bbdefault\u00bb global_colors_info=\u00bb{}\u00bb][et_pb_image src=\u00bbhttps:\/\/salesianosmaux.es\/centrojuvenil\/wp-content\/uploads\/sites\/6\/2022\/09\/WhatsApp-Image-2022-09-30-at-1.34.18-PM.jpeg\u00bb _builder_version=\u00bb4.18.0&#8243; _module_preset=\u00bbdefault\u00bb theme_builder_area=\u00bbpost_content\u00bb hover_enabled=\u00bb0&#8243; sticky_enabled=\u00bb0&#8243; min_height=\u00bb992.2px\u00bb custom_padding=\u00bb0px|||||\u00bb][\/et_pb_image][\/et_pb_column][\/et_pb_row][\/et_pb_section][et_pb_section fb_built=\u00bb1&#8243; theme_builder_area=\u00bbpost_content\u00bb _builder_version=\u00bb4.18.0&#8243; _module_preset=\u00bbdefault\u00bb][et_pb_row _builder_version=\u00bb4.18.0&#8243; _module_preset=\u00bbdefault\u00bb theme_builder_area=\u00bbpost_content\u00bb][et_pb_column _builder_version=\u00bb4.18.0&#8243; _module_preset=\u00bbdefault\u00bb type=\u00bb4_4&#8243; theme_builder_area=\u00bbpost_content\u00bb][et_pb_blurb title=\u00bbInscripci\u00f3n de Socios Chiqui 2022-23&#8243; _builder_version=\u00bb4.18.0&#8243; _module_preset=\u00bbdefault\u00bb theme_builder_area=\u00bbpost_content\u00bb use_icon=\u00bbon\u00bb font_icon=\u00bb&#xf1c1;||fa||400&#8243; url=\u00bbhttps:\/\/drive.google.com\/file\/d\/1qnfrne6qJ9YYMI1QD-eMkvW7FgopLHWU\/view?usp=sharing\u00bb hover_enabled=\u00bb0&#8243; sticky_enabled=\u00bb0&#8243; icon_placement=\u00bbleft\u00bb image_icon_width=\u00bb57px\u00bb]<p>Por aqu\u00ed os dejamos nuevamente la inscripci\u00f3n de socios para este curso 2022-23<\/p>[\/et_pb_blurb][\/et_pb_column][\/et_pb_row][\/et_pb_section][et_pb_section fb_built=\u00bb1&#8243; theme_builder_area=\u00bbpost_content\u00bb _builder_version=\u00bb4.18.0&#8243; _module_preset=\u00bbdefault\u00bb][et_pb_row _builder_version=\u00bb4.18.0&#8243; _module_preset=\u00bbdefault\u00bb theme_builder_area=\u00bbpost_content\u00bb width=\u00bb78.6%\u00bb][et_pb_column _builder_version=\u00bb4.18.0&#8243; _module_preset=\u00bbdefault\u00bb theme_builder_area=\u00bbpost_content\u00bb type=\u00bb4_4&#8243;][\/et_pb_column][\/et_pb_row][\/et_pb_section]\n","protected":false},"excerpt":{"rendered":"<p>Queridas Familias, el pr\u00f3ximo 8 de octubre iniciamos el curso abriendo el Chiqui con una nueva actividad. El s\u00e1bado por la tarde tendremos una fiesta de bienvenida: \u00abAbrimos Caminos, hacia el futuro\u00bb. Cada ni\u00f1o tendr\u00e1 que ir disfrazado de la profesi\u00f3n que quiera ser de mayor. <\/p>\n","protected":false},"author":4,"featured_media":0,"comment_status":"open","ping_status":"open","sticky":false,"template":"","format":"standard","meta":{"_et_pb_use_builder":"on","_et_pb_old_content":"","_et_gb_content_width":"","footnotes":""},"categories":[29,1],"tags":[],"class_list":["post-499","post","type-post","status-publish","format-standard","hentry","category-chiquicentro-actividades","category-chiquicentro"],"yoast_head":"<!-- This site is optimized with the Yoast SEO plugin v28.3 - https:\/\/yoast.com\/product\/yoast-seo-wordpress\/ -->\n<title>Fiesta Chiqui &quot;Abrimos Caminos hacia el futuro&quot; - Centro Juvenil Mar\u00eda Auxiliadora<\/title>\n<meta name=\"robots\" content=\"index, follow, max-snippet:-1, max-image-preview:large, max-video-preview:-1\" \/>\n<link rel=\"canonical\" href=\"https:\/\/salesianosmaux.es\/centrojuvenil\/2022\/10\/03\/fiesta-chiqui-abrimos-caminos-hacia-el-futuro\/\" \/>\n<meta property=\"og:locale\" content=\"es_ES\" \/>\n<meta property=\"og:type\" content=\"article\" \/>\n<meta property=\"og:title\" content=\"Fiesta Chiqui &quot;Abrimos Caminos hacia el futuro&quot; - Centro Juvenil Mar\u00eda Auxiliadora\" \/>\n<meta property=\"og:description\" content=\"Queridas Familias, el pr\u00f3ximo 8 de octubre iniciamos el curso abriendo el Chiqui con una nueva actividad. El s\u00e1bado por la tarde tendremos una fiesta de bienvenida: &quot;Abrimos Caminos, hacia el futuro&quot;. Cada ni\u00f1o tendr\u00e1 que ir disfrazado de la profesi\u00f3n que quiera ser de mayor.\" \/>\n<meta property=\"og:url\" content=\"https:\/\/salesianosmaux.es\/centrojuvenil\/2022\/10\/03\/fiesta-chiqui-abrimos-caminos-hacia-el-futuro\/\" \/>\n<meta property=\"og:site_name\" content=\"Centro Juvenil Mar\u00eda Auxiliadora\" \/>\n<meta property=\"article:published_time\" content=\"2022-10-03T21:02:16+00:00\" \/>\n<meta property=\"article:modified_time\" content=\"2022-10-03T21:03:41+00:00\" \/>\n<meta name=\"author\" content=\"centrojuvenil\" \/>\n<meta name=\"twitter:card\" content=\"summary_large_image\" \/>\n<meta name=\"twitter:label1\" content=\"Escrito por\" \/>\n\t<meta name=\"twitter:data1\" content=\"centrojuvenil\" \/>\n\t<meta name=\"twitter:label2\" content=\"Tiempo de lectura\" \/>\n\t<meta name=\"twitter:data2\" content=\"1 minuto\" \/>\n<script type=\"application\/ld+json\" class=\"yoast-schema-graph\">{\"@context\":\"https:\\\/\\\/schema.org\",\"@graph\":[{\"@type\":\"Article\",\"@id\":\"https:\\\/\\\/salesianosmaux.es\\\/centrojuvenil\\\/2022\\\/10\\\/03\\\/fiesta-chiqui-abrimos-caminos-hacia-el-futuro\\\/#article\",\"isPartOf\":{\"@id\":\"https:\\\/\\\/salesianosmaux.es\\\/centrojuvenil\\\/2022\\\/10\\\/03\\\/fiesta-chiqui-abrimos-caminos-hacia-el-futuro\\\/\"},\"author\":{\"name\":\"centrojuvenil\",\"@id\":\"https:\\\/\\\/salesianosmaux.es\\\/centrojuvenil\\\/#\\\/schema\\\/person\\\/2907e7467414eb7c582683323229cfa0\"},\"headline\":\"Fiesta Chiqui \u00abAbrimos Caminos hacia el futuro\u00bb\",\"datePublished\":\"2022-10-03T21:02:16+00:00\",\"dateModified\":\"2022-10-03T21:03:41+00:00\",\"mainEntityOfPage\":{\"@id\":\"https:\\\/\\\/salesianosmaux.es\\\/centrojuvenil\\\/2022\\\/10\\\/03\\\/fiesta-chiqui-abrimos-caminos-hacia-el-futuro\\\/\"},\"wordCount\":441,\"commentCount\":0,\"articleSection\":[\"Chiqui Actividades\",\"Chiquicentro\"],\"inLanguage\":\"es\",\"potentialAction\":[{\"@type\":\"CommentAction\",\"name\":\"Comment\",\"target\":[\"https:\\\/\\\/salesianosmaux.es\\\/centrojuvenil\\\/2022\\\/10\\\/03\\\/fiesta-chiqui-abrimos-caminos-hacia-el-futuro\\\/#respond\"]}]},{\"@type\":\"WebPage\",\"@id\":\"https:\\\/\\\/salesianosmaux.es\\\/centrojuvenil\\\/2022\\\/10\\\/03\\\/fiesta-chiqui-abrimos-caminos-hacia-el-futuro\\\/\",\"url\":\"https:\\\/\\\/salesianosmaux.es\\\/centrojuvenil\\\/2022\\\/10\\\/03\\\/fiesta-chiqui-abrimos-caminos-hacia-el-futuro\\\/\",\"name\":\"Fiesta Chiqui \\\"Abrimos Caminos hacia el futuro\\\" - Centro Juvenil Mar\u00eda Auxiliadora\",\"isPartOf\":{\"@id\":\"https:\\\/\\\/salesianosmaux.es\\\/centrojuvenil\\\/#website\"},\"datePublished\":\"2022-10-03T21:02:16+00:00\",\"dateModified\":\"2022-10-03T21:03:41+00:00\",\"author\":{\"@id\":\"https:\\\/\\\/salesianosmaux.es\\\/centrojuvenil\\\/#\\\/schema\\\/person\\\/2907e7467414eb7c582683323229cfa0\"},\"breadcrumb\":{\"@id\":\"https:\\\/\\\/salesianosmaux.es\\\/centrojuvenil\\\/2022\\\/10\\\/03\\\/fiesta-chiqui-abrimos-caminos-hacia-el-futuro\\\/#breadcrumb\"},\"inLanguage\":\"es\",\"potentialAction\":[{\"@type\":\"ReadAction\",\"target\":[\"https:\\\/\\\/salesianosmaux.es\\\/centrojuvenil\\\/2022\\\/10\\\/03\\\/fiesta-chiqui-abrimos-caminos-hacia-el-futuro\\\/\"]}]},{\"@type\":\"BreadcrumbList\",\"@id\":\"https:\\\/\\\/salesianosmaux.es\\\/centrojuvenil\\\/2022\\\/10\\\/03\\\/fiesta-chiqui-abrimos-caminos-hacia-el-futuro\\\/#breadcrumb\",\"itemListElement\":[{\"@type\":\"ListItem\",\"position\":1,\"name\":\"Portada\",\"item\":\"https:\\\/\\\/salesianosmaux.es\\\/centrojuvenil\\\/\"},{\"@type\":\"ListItem\",\"position\":2,\"name\":\"Fiesta Chiqui \u00abAbrimos Caminos hacia el futuro\u00bb\"}]},{\"@type\":\"WebSite\",\"@id\":\"https:\\\/\\\/salesianosmaux.es\\\/centrojuvenil\\\/#website\",\"url\":\"https:\\\/\\\/salesianosmaux.es\\\/centrojuvenil\\\/\",\"name\":\"Centro Juvenil Mar\u00eda Auxiliadora\",\"description\":\"\",\"potentialAction\":[{\"@type\":\"SearchAction\",\"target\":{\"@type\":\"EntryPoint\",\"urlTemplate\":\"https:\\\/\\\/salesianosmaux.es\\\/centrojuvenil\\\/?s={search_term_string}\"},\"query-input\":{\"@type\":\"PropertyValueSpecification\",\"valueRequired\":true,\"valueName\":\"search_term_string\"}}],\"inLanguage\":\"es\"},{\"@type\":\"Person\",\"@id\":\"https:\\\/\\\/salesianosmaux.es\\\/centrojuvenil\\\/#\\\/schema\\\/person\\\/2907e7467414eb7c582683323229cfa0\",\"name\":\"centrojuvenil\",\"image\":{\"@type\":\"ImageObject\",\"inLanguage\":\"es\",\"@id\":\"https:\\\/\\\/secure.gravatar.com\\\/avatar\\\/0969b94997d48dd955926fff0eedb1687ec9fd00294a727f82de75614d1751d2?s=96&d=mm&r=g\",\"url\":\"https:\\\/\\\/secure.gravatar.com\\\/avatar\\\/0969b94997d48dd955926fff0eedb1687ec9fd00294a727f82de75614d1751d2?s=96&d=mm&r=g\",\"contentUrl\":\"https:\\\/\\\/secure.gravatar.com\\\/avatar\\\/0969b94997d48dd955926fff0eedb1687ec9fd00294a727f82de75614d1751d2?s=96&d=mm&r=g\",\"caption\":\"centrojuvenil\"},\"url\":\"https:\\\/\\\/salesianosmaux.es\\\/centrojuvenil\\\/author\\\/centrojuvenil\\\/\"}]}<\/script>\n<!-- \/ Yoast SEO plugin. -->","yoast_head_json":{"title":"Fiesta Chiqui \"Abrimos Caminos hacia el futuro\" - Centro Juvenil Mar\u00eda Auxiliadora","robots":{"index":"index","follow":"follow","max-snippet":"max-snippet:-1","max-image-preview":"max-image-preview:large","max-video-preview":"max-video-preview:-1"},"canonical":"https:\/\/salesianosmaux.es\/centrojuvenil\/2022\/10\/03\/fiesta-chiqui-abrimos-caminos-hacia-el-futuro\/","og_locale":"es_ES","og_type":"article","og_title":"Fiesta Chiqui \"Abrimos Caminos hacia el futuro\" - Centro Juvenil Mar\u00eda Auxiliadora","og_description":"Queridas Familias, el pr\u00f3ximo 8 de octubre iniciamos el curso abriendo el Chiqui con una nueva actividad. El s\u00e1bado por la tarde tendremos una fiesta de bienvenida: \"Abrimos Caminos, hacia el futuro\". Cada ni\u00f1o tendr\u00e1 que ir disfrazado de la profesi\u00f3n que quiera ser de mayor.","og_url":"https:\/\/salesianosmaux.es\/centrojuvenil\/2022\/10\/03\/fiesta-chiqui-abrimos-caminos-hacia-el-futuro\/","og_site_name":"Centro Juvenil Mar\u00eda Auxiliadora","article_published_time":"2022-10-03T21:02:16+00:00","article_modified_time":"2022-10-03T21:03:41+00:00","author":"centrojuvenil","twitter_card":"summary_large_image","twitter_misc":{"Escrito por":"centrojuvenil","Tiempo de lectura":"1 minuto"},"schema":{"@context":"https:\/\/schema.org","@graph":[{"@type":"Article","@id":"https:\/\/salesianosmaux.es\/centrojuvenil\/2022\/10\/03\/fiesta-chiqui-abrimos-caminos-hacia-el-futuro\/#article","isPartOf":{"@id":"https:\/\/salesianosmaux.es\/centrojuvenil\/2022\/10\/03\/fiesta-chiqui-abrimos-caminos-hacia-el-futuro\/"},"author":{"name":"centrojuvenil","@id":"https:\/\/salesianosmaux.es\/centrojuvenil\/#\/schema\/person\/2907e7467414eb7c582683323229cfa0"},"headline":"Fiesta Chiqui \u00abAbrimos Caminos hacia el futuro\u00bb","datePublished":"2022-10-03T21:02:16+00:00","dateModified":"2022-10-03T21:03:41+00:00","mainEntityOfPage":{"@id":"https:\/\/salesianosmaux.es\/centrojuvenil\/2022\/10\/03\/fiesta-chiqui-abrimos-caminos-hacia-el-futuro\/"},"wordCount":441,"commentCount":0,"articleSection":["Chiqui Actividades","Chiquicentro"],"inLanguage":"es","potentialAction":[{"@type":"CommentAction","name":"Comment","target":["https:\/\/salesianosmaux.es\/centrojuvenil\/2022\/10\/03\/fiesta-chiqui-abrimos-caminos-hacia-el-futuro\/#respond"]}]},{"@type":"WebPage","@id":"https:\/\/salesianosmaux.es\/centrojuvenil\/2022\/10\/03\/fiesta-chiqui-abrimos-caminos-hacia-el-futuro\/","url":"https:\/\/salesianosmaux.es\/centrojuvenil\/2022\/10\/03\/fiesta-chiqui-abrimos-caminos-hacia-el-futuro\/","name":"Fiesta Chiqui \"Abrimos Caminos hacia el futuro\" - Centro Juvenil Mar\u00eda Auxiliadora","isPartOf":{"@id":"https:\/\/salesianosmaux.es\/centrojuvenil\/#website"},"datePublished":"2022-10-03T21:02:16+00:00","dateModified":"2022-10-03T21:03:41+00:00","author":{"@id":"https:\/\/salesianosmaux.es\/centrojuvenil\/#\/schema\/person\/2907e7467414eb7c582683323229cfa0"},"breadcrumb":{"@id":"https:\/\/salesianosmaux.es\/centrojuvenil\/2022\/10\/03\/fiesta-chiqui-abrimos-caminos-hacia-el-futuro\/#breadcrumb"},"inLanguage":"es","potentialAction":[{"@type":"ReadAction","target":["https:\/\/salesianosmaux.es\/centrojuvenil\/2022\/10\/03\/fiesta-chiqui-abrimos-caminos-hacia-el-futuro\/"]}]},{"@type":"BreadcrumbList","@id":"https:\/\/salesianosmaux.es\/centrojuvenil\/2022\/10\/03\/fiesta-chiqui-abrimos-caminos-hacia-el-futuro\/#breadcrumb","itemListElement":[{"@type":"ListItem","position":1,"name":"Portada","item":"https:\/\/salesianosmaux.es\/centrojuvenil\/"},{"@type":"ListItem","position":2,"name":"Fiesta Chiqui \u00abAbrimos Caminos hacia el futuro\u00bb"}]},{"@type":"WebSite","@id":"https:\/\/salesianosmaux.es\/centrojuvenil\/#website","url":"https:\/\/salesianosmaux.es\/centrojuvenil\/","name":"Centro Juvenil Mar\u00eda Auxiliadora","description":"","potentialAction":[{"@type":"SearchAction","target":{"@type":"EntryPoint","urlTemplate":"https:\/\/salesianosmaux.es\/centrojuvenil\/?s={search_term_string}"},"query-input":{"@type":"PropertyValueSpecification","valueRequired":true,"valueName":"search_term_string"}}],"inLanguage":"es"},{"@type":"Person","@id":"https:\/\/salesianosmaux.es\/centrojuvenil\/#\/schema\/person\/2907e7467414eb7c582683323229cfa0","name":"centrojuvenil","image":{"@type":"ImageObject","inLanguage":"es","@id":"https:\/\/secure.gravatar.com\/avatar\/0969b94997d48dd955926fff0eedb1687ec9fd00294a727f82de75614d1751d2?s=96&d=mm&r=g","url":"https:\/\/secure.gravatar.com\/avatar\/0969b94997d48dd955926fff0eedb1687ec9fd00294a727f82de75614d1751d2?s=96&d=mm&r=g","contentUrl":"https:\/\/secure.gravatar.com\/avatar\/0969b94997d48dd955926fff0eedb1687ec9fd00294a727f82de75614d1751d2?s=96&d=mm&r=g","caption":"centrojuvenil"},"url":"https:\/\/salesianosmaux.es\/centrojuvenil\/author\/centrojuvenil\/"}]}},"_links":{"self":[{"href":"https:\/\/salesianosmaux.es\/centrojuvenil\/wp-json\/wp\/v2\/posts\/499","targetHints":{"allow":["GET"]}}],"collection":[{"href":"https:\/\/salesianosmaux.es\/centrojuvenil\/wp-json\/wp\/v2\/posts"}],"about":[{"href":"https:\/\/salesianosmaux.es\/centrojuvenil\/wp-json\/wp\/v2\/types\/post"}],"author":[{"embeddable":true,"href":"https:\/\/salesianosmaux.es\/centrojuvenil\/wp-json\/wp\/v2\/users\/4"}],"replies":[{"embeddable":true,"href":"https:\/\/salesianosmaux.es\/centrojuvenil\/wp-json\/wp\/v2\/comments?post=499"}],"version-history":[{"count":4,"href":"https:\/\/salesianosmaux.es\/centrojuvenil\/wp-json\/wp\/v2\/posts\/499\/revisions"}],"predecessor-version":[{"id":512,"href":"https:\/\/salesianosmaux.es\/centrojuvenil\/wp-json\/wp\/v2\/posts\/499\/revisions\/512"}],"wp:attachment":[{"href":"https:\/\/salesianosmaux.es\/centrojuvenil\/wp-json\/wp\/v2\/media?parent=499"}],"wp:term":[{"taxonomy":"category","embeddable":true,"href":"https:\/\/salesianosmaux.es\/centrojuvenil\/wp-json\/wp\/v2\/categories?post=499"},{"taxonomy":"post_tag","embeddable":true,"href":"https:\/\/salesianosmaux.es\/centrojuvenil\/wp-json\/wp\/v2\/tags?post=499"}],"curies":[{"name":"wp","href":"https:\/\/api.w.org\/{rel}","templated":true}]}}