{"id":577,"date":"2022-10-31T14:29:25","date_gmt":"2022-10-31T14:29:25","guid":{"rendered":"https:\/\/salesianosmaux.es\/centrojuvenil\/?p=577"},"modified":"2022-10-31T19:04:13","modified_gmt":"2022-10-31T19:04:13","slug":"acampada-del-chiqui","status":"publish","type":"post","link":"https:\/\/salesianosmaux.es\/centrojuvenil\/2022\/10\/31\/acampada-del-chiqui\/","title":{"rendered":"Acampada del Chiqui"},"content":{"rendered":"<p>[et_pb_section fb_built=\u00bb1&#8243; _builder_version=\u00bb4.18.0&#8243; _module_preset=\u00bbdefault\u00bb global_colors_info=\u00bb{}\u00bb][et_pb_row column_structure=\u00bb1_2,1_2&#8243; _builder_version=\u00bb4.18.0&#8243; _module_preset=\u00bbdefault\u00bb custom_padding=\u00bb||27px|||\u00bb global_colors_info=\u00bb{}\u00bb][et_pb_column type=\u00bb1_2&#8243; _builder_version=\u00bb4.18.0&#8243; _module_preset=\u00bbdefault\u00bb global_colors_info=\u00bb{}\u00bb][et_pb_text _builder_version=\u00bb4.18.0&#8243; _module_preset=\u00bbdefault\u00bb global_colors_info=\u00bb{}\u00bb]<\/p>\n<p>\u00a0\u00a1Buenos d\u00edas familias!<\/p>\n<p>Nos complace presentaros la primera salida de este gran curso lleno de aventuras: <strong>\u00a1La primera acampada del a\u00f1o del Chiqui!<\/strong><\/p>\n<p>Al ser la primera salida del curso y para que ve\u00e1is como nos lo pasamos a lo grande, hemos optado por hacer una salida de pocos d\u00edas. La acampada ser\u00e1 en el colegio de Ar\u00e9valo, donde nos iremos el s\u00e1bado <strong>19 de noviembre<\/strong> por la ma\u00f1ana a las <strong>09:00<\/strong>\u00a0 y <strong>volveremos el 20 a la hora de comer sobre las 14:15\/14:30<\/strong> donde os informaremos por redes sociales la hora exacta. En cuanto a la comida, <strong>tendr\u00e1 que llevar cada uno la comida del 19<\/strong> (Comida y cena), y nosotros les daremos el desayuno. Adem\u00e1s cada uno deber\u00e1 llevar saco de dormir, no har\u00e1 falta esterilla ya que el colegio de Ar\u00e9valo cuenta con suficientes camas para todos. El colegio cuenta con unas amplias instalaciones, con calefacci\u00f3n, dormitorios, lavabos, duchas&#8230;<\/p>\n<p><strong>El precio de la acampada ser\u00e1 de 25\u20ac solo para socios .\u00a0<\/strong>El material que deber\u00e1n traer los chicos ser\u00e1 el siguiente:\u00a0<\/p>\n<p><em>-Saco de Dormir\u00a0<\/em><\/p>\n<p><em>-Comida y cena del S\u00e1bado (aunque pueden llevar algo m\u00e1s para media ma\u00f1ana o para merendar)<\/em><\/p>\n<p><em>-Pijama y ropa para el d\u00eda siguiente\u00a0<\/em><\/p>\n<p><em>-Ropa de abrigo\u00a0<\/em><\/p>\n<p><em>-\u00datiles de aseo personal (desodorante, cepillo de dientes&#8230;)<\/em><\/p>\n<p><em>-Tarjeta Sanitaria y DNI para entregar a la subida del autob\u00fas.\u00a0<\/em><\/p>\n<p><em>-Linterna y cantimplora\u00a0<\/em><\/p>\n<p><em>-Est\u00e1n prohibidos los m\u00f3viles u otros dispositivos electr\u00f3nicos, incluidos relojes inteligentes.<\/em><\/p>\n<p>Deber\u00e1n entregar la siguiente inscripci\u00f3n en horario de actividad (de 17:00 a 19:00)\u00a0 los d\u00edas 5 y 12 de noviembre solamente de manera presencial, <strong>no se recoger\u00e1 dicha inscripci\u00f3n a trav\u00e9s del correo del centro juvenil ni por redes.\u00a0<\/strong><\/p>\n<p>Os esperamos a todos, estamos muy ilusionados por esta primera acampada, y nos vemos el pr\u00f3ximo finde.\u00a0<\/p>\n<p>&nbsp;<\/p>\n<p><em>El equipo de animadores del Chiqui<\/em><\/p>\n<p>[\/et_pb_text][\/et_pb_column][et_pb_column type=\u00bb1_2&#8243; _builder_version=\u00bb4.18.0&#8243; _module_preset=\u00bbdefault\u00bb global_colors_info=\u00bb{}\u00bb][et_pb_image src=\u00bbhttps:\/\/salesianosmaux.es\/centrojuvenil\/wp-content\/uploads\/sites\/6\/2022\/10\/Captura-de-pantalla-2022-10-30-a-las-21.14.27.png\u00bb title_text=\u00bbCaptura de pantalla 2022-10-30 a las 21.14.27&#8243; _builder_version=\u00bb4.18.0&#8243; _module_preset=\u00bbdefault\u00bb min_height=\u00bb328.5px\u00bb custom_margin=\u00bb||130px|||\u00bb global_colors_info=\u00bb{}\u00bb][\/et_pb_image][\/et_pb_column][\/et_pb_row][\/et_pb_section][et_pb_section fb_built=\u00bb1&#8243; _builder_version=\u00bb4.18.0&#8243; _module_preset=\u00bbdefault\u00bb min_height=\u00bb182px\u00bb global_colors_info=\u00bb{}\u00bb][et_pb_row _builder_version=\u00bb4.18.0&#8243; _module_preset=\u00bbdefault\u00bb custom_margin=\u00bb|auto|-1px|auto||\u00bb custom_padding=\u00bb27px|||||\u00bb global_colors_info=\u00bb{}\u00bb][et_pb_column type=\u00bb4_4&#8243; _builder_version=\u00bb4.18.0&#8243; _module_preset=\u00bbdefault\u00bb global_colors_info=\u00bb{}\u00bb][et_pb_blurb title=\u00bbInscripci\u00f3n Acampada Chiqui 2022&#8243; use_icon=\u00bbon\u00bb font_icon=\u00bb&#xf1c1;||fa||400&#8243; icon_placement=\u00bbleft\u00bb image_icon_width=\u00bb122px\u00bb _builder_version=\u00bb4.18.1&#8243; _module_preset=\u00bbdefault\u00bb min_height=\u00bb53px\u00bb custom_padding=\u00bb0px|277px|1px|||\u00bb link_option_url_new_window=\u00bbon\u00bb hover_enabled=\u00bb0&#8243; global_colors_info=\u00bb{}\u00bb link_option_url=\u00bbhttps:\/\/drive.google.com\/file\/d\/18ZFh4zzax5vkl9xnBSOOvIWCfA9liwje\/view?usp=share_link\u00bb sticky_enabled=\u00bb0&#8243;][\/et_pb_blurb][\/et_pb_column][\/et_pb_row][\/et_pb_section]<\/p>\n","protected":false},"excerpt":{"rendered":"<p>\u00a1Os presentamos la primera acampada del Chiqui de este gran curso!<\/p>\n","protected":false},"author":4,"featured_media":580,"comment_status":"open","ping_status":"open","sticky":false,"template":"","format":"standard","meta":{"_et_pb_use_builder":"on","_et_pb_old_content":"","_et_gb_content_width":"","footnotes":""},"categories":[29,30,1],"tags":[],"class_list":["post-577","post","type-post","status-publish","format-standard","has-post-thumbnail","hentry","category-chiquicentro-actividades","category-chiquicentro-noticias","category-chiquicentro"],"yoast_head":"<!-- This site is optimized with the Yoast SEO plugin v28.3 - https:\/\/yoast.com\/product\/yoast-seo-wordpress\/ -->\n<title>Acampada del Chiqui - Centro Juvenil Mar\u00eda Auxiliadora<\/title>\n<meta name=\"robots\" content=\"index, follow, max-snippet:-1, max-image-preview:large, max-video-preview:-1\" \/>\n<link rel=\"canonical\" href=\"https:\/\/salesianosmaux.es\/centrojuvenil\/2022\/10\/31\/acampada-del-chiqui\/\" \/>\n<meta property=\"og:locale\" content=\"es_ES\" \/>\n<meta property=\"og:type\" content=\"article\" \/>\n<meta property=\"og:title\" content=\"Acampada del Chiqui - Centro Juvenil Mar\u00eda Auxiliadora\" \/>\n<meta property=\"og:description\" content=\"\u00a1Os presentamos la primera acampada del Chiqui de este gran curso!\" \/>\n<meta property=\"og:url\" content=\"https:\/\/salesianosmaux.es\/centrojuvenil\/2022\/10\/31\/acampada-del-chiqui\/\" \/>\n<meta property=\"og:site_name\" content=\"Centro Juvenil Mar\u00eda Auxiliadora\" \/>\n<meta property=\"article:published_time\" content=\"2022-10-31T14:29:25+00:00\" \/>\n<meta property=\"article:modified_time\" content=\"2022-10-31T19:04:13+00:00\" \/>\n<meta property=\"og:image\" content=\"https:\/\/salesianosmaux.es\/centrojuvenil\/wp-content\/uploads\/sites\/6\/2022\/10\/Captura-de-pantalla-2022-10-30-a-las-21.14.27.png\" \/>\n\t<meta property=\"og:image:width\" content=\"570\" \/>\n\t<meta property=\"og:image:height\" content=\"570\" \/>\n\t<meta property=\"og:image:type\" content=\"image\/png\" \/>\n<meta name=\"author\" content=\"centrojuvenil\" \/>\n<meta name=\"twitter:card\" content=\"summary_large_image\" \/>\n<meta name=\"twitter:label1\" content=\"Escrito por\" \/>\n\t<meta name=\"twitter:data1\" content=\"centrojuvenil\" \/>\n\t<meta name=\"twitter:label2\" content=\"Tiempo de lectura\" \/>\n\t<meta name=\"twitter:data2\" content=\"2 minutos\" \/>\n<script type=\"application\/ld+json\" class=\"yoast-schema-graph\">{\"@context\":\"https:\\\/\\\/schema.org\",\"@graph\":[{\"@type\":\"Article\",\"@id\":\"https:\\\/\\\/salesianosmaux.es\\\/centrojuvenil\\\/2022\\\/10\\\/31\\\/acampada-del-chiqui\\\/#article\",\"isPartOf\":{\"@id\":\"https:\\\/\\\/salesianosmaux.es\\\/centrojuvenil\\\/2022\\\/10\\\/31\\\/acampada-del-chiqui\\\/\"},\"author\":{\"name\":\"centrojuvenil\",\"@id\":\"https:\\\/\\\/salesianosmaux.es\\\/centrojuvenil\\\/#\\\/schema\\\/person\\\/2907e7467414eb7c582683323229cfa0\"},\"headline\":\"Acampada del Chiqui\",\"datePublished\":\"2022-10-31T14:29:25+00:00\",\"dateModified\":\"2022-10-31T19:04:13+00:00\",\"mainEntityOfPage\":{\"@id\":\"https:\\\/\\\/salesianosmaux.es\\\/centrojuvenil\\\/2022\\\/10\\\/31\\\/acampada-del-chiqui\\\/\"},\"wordCount\":565,\"commentCount\":0,\"image\":{\"@id\":\"https:\\\/\\\/salesianosmaux.es\\\/centrojuvenil\\\/2022\\\/10\\\/31\\\/acampada-del-chiqui\\\/#primaryimage\"},\"thumbnailUrl\":\"https:\\\/\\\/salesianosmaux.es\\\/centrojuvenil\\\/wp-content\\\/uploads\\\/sites\\\/6\\\/2022\\\/10\\\/Captura-de-pantalla-2022-10-30-a-las-21.14.27.png\",\"articleSection\":[\"Chiqui Actividades\",\"Chiqui Noticias\",\"Chiquicentro\"],\"inLanguage\":\"es\",\"potentialAction\":[{\"@type\":\"CommentAction\",\"name\":\"Comment\",\"target\":[\"https:\\\/\\\/salesianosmaux.es\\\/centrojuvenil\\\/2022\\\/10\\\/31\\\/acampada-del-chiqui\\\/#respond\"]}]},{\"@type\":\"WebPage\",\"@id\":\"https:\\\/\\\/salesianosmaux.es\\\/centrojuvenil\\\/2022\\\/10\\\/31\\\/acampada-del-chiqui\\\/\",\"url\":\"https:\\\/\\\/salesianosmaux.es\\\/centrojuvenil\\\/2022\\\/10\\\/31\\\/acampada-del-chiqui\\\/\",\"name\":\"Acampada del Chiqui - Centro Juvenil Mar\u00eda Auxiliadora\",\"isPartOf\":{\"@id\":\"https:\\\/\\\/salesianosmaux.es\\\/centrojuvenil\\\/#website\"},\"primaryImageOfPage\":{\"@id\":\"https:\\\/\\\/salesianosmaux.es\\\/centrojuvenil\\\/2022\\\/10\\\/31\\\/acampada-del-chiqui\\\/#primaryimage\"},\"image\":{\"@id\":\"https:\\\/\\\/salesianosmaux.es\\\/centrojuvenil\\\/2022\\\/10\\\/31\\\/acampada-del-chiqui\\\/#primaryimage\"},\"thumbnailUrl\":\"https:\\\/\\\/salesianosmaux.es\\\/centrojuvenil\\\/wp-content\\\/uploads\\\/sites\\\/6\\\/2022\\\/10\\\/Captura-de-pantalla-2022-10-30-a-las-21.14.27.png\",\"datePublished\":\"2022-10-31T14:29:25+00:00\",\"dateModified\":\"2022-10-31T19:04:13+00:00\",\"author\":{\"@id\":\"https:\\\/\\\/salesianosmaux.es\\\/centrojuvenil\\\/#\\\/schema\\\/person\\\/2907e7467414eb7c582683323229cfa0\"},\"breadcrumb\":{\"@id\":\"https:\\\/\\\/salesianosmaux.es\\\/centrojuvenil\\\/2022\\\/10\\\/31\\\/acampada-del-chiqui\\\/#breadcrumb\"},\"inLanguage\":\"es\",\"potentialAction\":[{\"@type\":\"ReadAction\",\"target\":[\"https:\\\/\\\/salesianosmaux.es\\\/centrojuvenil\\\/2022\\\/10\\\/31\\\/acampada-del-chiqui\\\/\"]}]},{\"@type\":\"ImageObject\",\"inLanguage\":\"es\",\"@id\":\"https:\\\/\\\/salesianosmaux.es\\\/centrojuvenil\\\/2022\\\/10\\\/31\\\/acampada-del-chiqui\\\/#primaryimage\",\"url\":\"https:\\\/\\\/salesianosmaux.es\\\/centrojuvenil\\\/wp-content\\\/uploads\\\/sites\\\/6\\\/2022\\\/10\\\/Captura-de-pantalla-2022-10-30-a-las-21.14.27.png\",\"contentUrl\":\"https:\\\/\\\/salesianosmaux.es\\\/centrojuvenil\\\/wp-content\\\/uploads\\\/sites\\\/6\\\/2022\\\/10\\\/Captura-de-pantalla-2022-10-30-a-las-21.14.27.png\",\"width\":570,\"height\":570},{\"@type\":\"BreadcrumbList\",\"@id\":\"https:\\\/\\\/salesianosmaux.es\\\/centrojuvenil\\\/2022\\\/10\\\/31\\\/acampada-del-chiqui\\\/#breadcrumb\",\"itemListElement\":[{\"@type\":\"ListItem\",\"position\":1,\"name\":\"Portada\",\"item\":\"https:\\\/\\\/salesianosmaux.es\\\/centrojuvenil\\\/\"},{\"@type\":\"ListItem\",\"position\":2,\"name\":\"Acampada del Chiqui\"}]},{\"@type\":\"WebSite\",\"@id\":\"https:\\\/\\\/salesianosmaux.es\\\/centrojuvenil\\\/#website\",\"url\":\"https:\\\/\\\/salesianosmaux.es\\\/centrojuvenil\\\/\",\"name\":\"Centro Juvenil Mar\u00eda Auxiliadora\",\"description\":\"\",\"potentialAction\":[{\"@type\":\"SearchAction\",\"target\":{\"@type\":\"EntryPoint\",\"urlTemplate\":\"https:\\\/\\\/salesianosmaux.es\\\/centrojuvenil\\\/?s={search_term_string}\"},\"query-input\":{\"@type\":\"PropertyValueSpecification\",\"valueRequired\":true,\"valueName\":\"search_term_string\"}}],\"inLanguage\":\"es\"},{\"@type\":\"Person\",\"@id\":\"https:\\\/\\\/salesianosmaux.es\\\/centrojuvenil\\\/#\\\/schema\\\/person\\\/2907e7467414eb7c582683323229cfa0\",\"name\":\"centrojuvenil\",\"image\":{\"@type\":\"ImageObject\",\"inLanguage\":\"es\",\"@id\":\"https:\\\/\\\/secure.gravatar.com\\\/avatar\\\/0969b94997d48dd955926fff0eedb1687ec9fd00294a727f82de75614d1751d2?s=96&d=mm&r=g\",\"url\":\"https:\\\/\\\/secure.gravatar.com\\\/avatar\\\/0969b94997d48dd955926fff0eedb1687ec9fd00294a727f82de75614d1751d2?s=96&d=mm&r=g\",\"contentUrl\":\"https:\\\/\\\/secure.gravatar.com\\\/avatar\\\/0969b94997d48dd955926fff0eedb1687ec9fd00294a727f82de75614d1751d2?s=96&d=mm&r=g\",\"caption\":\"centrojuvenil\"},\"url\":\"https:\\\/\\\/salesianosmaux.es\\\/centrojuvenil\\\/author\\\/centrojuvenil\\\/\"}]}<\/script>\n<!-- \/ Yoast SEO plugin. -->","yoast_head_json":{"title":"Acampada del Chiqui - Centro Juvenil Mar\u00eda Auxiliadora","robots":{"index":"index","follow":"follow","max-snippet":"max-snippet:-1","max-image-preview":"max-image-preview:large","max-video-preview":"max-video-preview:-1"},"canonical":"https:\/\/salesianosmaux.es\/centrojuvenil\/2022\/10\/31\/acampada-del-chiqui\/","og_locale":"es_ES","og_type":"article","og_title":"Acampada del Chiqui - Centro Juvenil Mar\u00eda Auxiliadora","og_description":"\u00a1Os presentamos la primera acampada del Chiqui de este gran curso!","og_url":"https:\/\/salesianosmaux.es\/centrojuvenil\/2022\/10\/31\/acampada-del-chiqui\/","og_site_name":"Centro Juvenil Mar\u00eda Auxiliadora","article_published_time":"2022-10-31T14:29:25+00:00","article_modified_time":"2022-10-31T19:04:13+00:00","og_image":[{"width":570,"height":570,"url":"https:\/\/salesianosmaux.es\/centrojuvenil\/wp-content\/uploads\/sites\/6\/2022\/10\/Captura-de-pantalla-2022-10-30-a-las-21.14.27.png","type":"image\/png"}],"author":"centrojuvenil","twitter_card":"summary_large_image","twitter_misc":{"Escrito por":"centrojuvenil","Tiempo de lectura":"2 minutos"},"schema":{"@context":"https:\/\/schema.org","@graph":[{"@type":"Article","@id":"https:\/\/salesianosmaux.es\/centrojuvenil\/2022\/10\/31\/acampada-del-chiqui\/#article","isPartOf":{"@id":"https:\/\/salesianosmaux.es\/centrojuvenil\/2022\/10\/31\/acampada-del-chiqui\/"},"author":{"name":"centrojuvenil","@id":"https:\/\/salesianosmaux.es\/centrojuvenil\/#\/schema\/person\/2907e7467414eb7c582683323229cfa0"},"headline":"Acampada del Chiqui","datePublished":"2022-10-31T14:29:25+00:00","dateModified":"2022-10-31T19:04:13+00:00","mainEntityOfPage":{"@id":"https:\/\/salesianosmaux.es\/centrojuvenil\/2022\/10\/31\/acampada-del-chiqui\/"},"wordCount":565,"commentCount":0,"image":{"@id":"https:\/\/salesianosmaux.es\/centrojuvenil\/2022\/10\/31\/acampada-del-chiqui\/#primaryimage"},"thumbnailUrl":"https:\/\/salesianosmaux.es\/centrojuvenil\/wp-content\/uploads\/sites\/6\/2022\/10\/Captura-de-pantalla-2022-10-30-a-las-21.14.27.png","articleSection":["Chiqui Actividades","Chiqui Noticias","Chiquicentro"],"inLanguage":"es","potentialAction":[{"@type":"CommentAction","name":"Comment","target":["https:\/\/salesianosmaux.es\/centrojuvenil\/2022\/10\/31\/acampada-del-chiqui\/#respond"]}]},{"@type":"WebPage","@id":"https:\/\/salesianosmaux.es\/centrojuvenil\/2022\/10\/31\/acampada-del-chiqui\/","url":"https:\/\/salesianosmaux.es\/centrojuvenil\/2022\/10\/31\/acampada-del-chiqui\/","name":"Acampada del Chiqui - Centro Juvenil Mar\u00eda Auxiliadora","isPartOf":{"@id":"https:\/\/salesianosmaux.es\/centrojuvenil\/#website"},"primaryImageOfPage":{"@id":"https:\/\/salesianosmaux.es\/centrojuvenil\/2022\/10\/31\/acampada-del-chiqui\/#primaryimage"},"image":{"@id":"https:\/\/salesianosmaux.es\/centrojuvenil\/2022\/10\/31\/acampada-del-chiqui\/#primaryimage"},"thumbnailUrl":"https:\/\/salesianosmaux.es\/centrojuvenil\/wp-content\/uploads\/sites\/6\/2022\/10\/Captura-de-pantalla-2022-10-30-a-las-21.14.27.png","datePublished":"2022-10-31T14:29:25+00:00","dateModified":"2022-10-31T19:04:13+00:00","author":{"@id":"https:\/\/salesianosmaux.es\/centrojuvenil\/#\/schema\/person\/2907e7467414eb7c582683323229cfa0"},"breadcrumb":{"@id":"https:\/\/salesianosmaux.es\/centrojuvenil\/2022\/10\/31\/acampada-del-chiqui\/#breadcrumb"},"inLanguage":"es","potentialAction":[{"@type":"ReadAction","target":["https:\/\/salesianosmaux.es\/centrojuvenil\/2022\/10\/31\/acampada-del-chiqui\/"]}]},{"@type":"ImageObject","inLanguage":"es","@id":"https:\/\/salesianosmaux.es\/centrojuvenil\/2022\/10\/31\/acampada-del-chiqui\/#primaryimage","url":"https:\/\/salesianosmaux.es\/centrojuvenil\/wp-content\/uploads\/sites\/6\/2022\/10\/Captura-de-pantalla-2022-10-30-a-las-21.14.27.png","contentUrl":"https:\/\/salesianosmaux.es\/centrojuvenil\/wp-content\/uploads\/sites\/6\/2022\/10\/Captura-de-pantalla-2022-10-30-a-las-21.14.27.png","width":570,"height":570},{"@type":"BreadcrumbList","@id":"https:\/\/salesianosmaux.es\/centrojuvenil\/2022\/10\/31\/acampada-del-chiqui\/#breadcrumb","itemListElement":[{"@type":"ListItem","position":1,"name":"Portada","item":"https:\/\/salesianosmaux.es\/centrojuvenil\/"},{"@type":"ListItem","position":2,"name":"Acampada del Chiqui"}]},{"@type":"WebSite","@id":"https:\/\/salesianosmaux.es\/centrojuvenil\/#website","url":"https:\/\/salesianosmaux.es\/centrojuvenil\/","name":"Centro Juvenil Mar\u00eda Auxiliadora","description":"","potentialAction":[{"@type":"SearchAction","target":{"@type":"EntryPoint","urlTemplate":"https:\/\/salesianosmaux.es\/centrojuvenil\/?s={search_term_string}"},"query-input":{"@type":"PropertyValueSpecification","valueRequired":true,"valueName":"search_term_string"}}],"inLanguage":"es"},{"@type":"Person","@id":"https:\/\/salesianosmaux.es\/centrojuvenil\/#\/schema\/person\/2907e7467414eb7c582683323229cfa0","name":"centrojuvenil","image":{"@type":"ImageObject","inLanguage":"es","@id":"https:\/\/secure.gravatar.com\/avatar\/0969b94997d48dd955926fff0eedb1687ec9fd00294a727f82de75614d1751d2?s=96&d=mm&r=g","url":"https:\/\/secure.gravatar.com\/avatar\/0969b94997d48dd955926fff0eedb1687ec9fd00294a727f82de75614d1751d2?s=96&d=mm&r=g","contentUrl":"https:\/\/secure.gravatar.com\/avatar\/0969b94997d48dd955926fff0eedb1687ec9fd00294a727f82de75614d1751d2?s=96&d=mm&r=g","caption":"centrojuvenil"},"url":"https:\/\/salesianosmaux.es\/centrojuvenil\/author\/centrojuvenil\/"}]}},"_links":{"self":[{"href":"https:\/\/salesianosmaux.es\/centrojuvenil\/wp-json\/wp\/v2\/posts\/577","targetHints":{"allow":["GET"]}}],"collection":[{"href":"https:\/\/salesianosmaux.es\/centrojuvenil\/wp-json\/wp\/v2\/posts"}],"about":[{"href":"https:\/\/salesianosmaux.es\/centrojuvenil\/wp-json\/wp\/v2\/types\/post"}],"author":[{"embeddable":true,"href":"https:\/\/salesianosmaux.es\/centrojuvenil\/wp-json\/wp\/v2\/users\/4"}],"replies":[{"embeddable":true,"href":"https:\/\/salesianosmaux.es\/centrojuvenil\/wp-json\/wp\/v2\/comments?post=577"}],"version-history":[{"count":8,"href":"https:\/\/salesianosmaux.es\/centrojuvenil\/wp-json\/wp\/v2\/posts\/577\/revisions"}],"predecessor-version":[{"id":597,"href":"https:\/\/salesianosmaux.es\/centrojuvenil\/wp-json\/wp\/v2\/posts\/577\/revisions\/597"}],"wp:featuredmedia":[{"embeddable":true,"href":"https:\/\/salesianosmaux.es\/centrojuvenil\/wp-json\/wp\/v2\/media\/580"}],"wp:attachment":[{"href":"https:\/\/salesianosmaux.es\/centrojuvenil\/wp-json\/wp\/v2\/media?parent=577"}],"wp:term":[{"taxonomy":"category","embeddable":true,"href":"https:\/\/salesianosmaux.es\/centrojuvenil\/wp-json\/wp\/v2\/categories?post=577"},{"taxonomy":"post_tag","embeddable":true,"href":"https:\/\/salesianosmaux.es\/centrojuvenil\/wp-json\/wp\/v2\/tags?post=577"}],"curies":[{"name":"wp","href":"https:\/\/api.w.org\/{rel}","templated":true}]}}