{"id":640,"date":"2022-11-29T16:01:25","date_gmt":"2022-11-29T16:01:25","guid":{"rendered":"https:\/\/salesianosmaux.es\/centrojuvenil\/?p=640"},"modified":"2022-11-29T16:03:34","modified_gmt":"2022-11-29T16:03:34","slug":"velada-de-la-inmaculada-2022","status":"publish","type":"post","link":"https:\/\/salesianosmaux.es\/centrojuvenil\/2022\/11\/29\/velada-de-la-inmaculada-2022\/","title":{"rendered":"VELADA DE LA INMACULADA 2022"},"content":{"rendered":"<p>[et_pb_section fb_built=\u00bb1&#8243; _builder_version=\u00bb4.19.1&#8243; _module_preset=\u00bbdefault\u00bb global_colors_info=\u00bb{}\u00bb][et_pb_row _builder_version=\u00bb4.19.1&#8243; _module_preset=\u00bbdefault\u00bb][et_pb_column _builder_version=\u00bb4.19.1&#8243; _module_preset=\u00bbdefault\u00bb type=\u00bb4_4&#8243;][et_pb_text _builder_version=\u00bb4.19.1&#8243; _module_preset=\u00bbdefault\u00bb hover_enabled=\u00bb0&#8243; sticky_enabled=\u00bb0&#8243;]<\/p>\n<p>Buenas de nuevo familias. Este s\u00e1bado d\u00eda 3 de Diciembre, tenemos como todos los a\u00f1os, una actividad muy especial. \u00a1La velada de la Inmaculada!<\/p>\n<p>En primer lugar, tendr\u00e1 lugar el d\u00eda 3 de Diciembre en el teatro del colegio. Dentro de la velada contaremos con varias actuaciones por parte de los ni\u00f1os, y tambi\u00e9n por parte de los animadores para que nos los pasaremos \u00a1muy bien!.<\/p>\n<p>Cosas a tener en cuenta:<br \/>&#8211; La entrada de los ni\u00f1os ser\u00e1 a las 17:30, el GA por la Avenida Portugal y chiqui por el port\u00f3n.<br \/>&#8211; La entrada de los padres ser\u00e1 18:30 por el port\u00f3n. <br \/>&#8211; Cada ni\u00f1o podr\u00e1 lleva solo a 2 familiares.<br \/>&#8211; Habr\u00e1 quiosco para todo el mundo.<\/p>\n<p>La velada que tanto ni\u00f1os como animadores llevamos preparando con antelaci\u00f3n ser\u00e1 un gran espect\u00e1culo que acabar\u00e1 sobre las 20:00. Tenemos muchas ganas de que lo disfrut\u00e9is.<\/p>\n<p>Desde el equipo de animadores \u00a1os esperamos a todos!<\/p>\n<p>[\/et_pb_text][\/et_pb_column][\/et_pb_row][\/et_pb_section]<\/p>\n","protected":false},"excerpt":{"rendered":"<p>Buenas de nuevo familias. Este s\u00e1bado d\u00eda 3 de Diciembre, tenemos como todos los a\u00f1os, una actividad muy especial. \u00a1La velada de la Inmaculada!<\/p>\n<p>En primer lugar, tendr\u00e1 lugar el d\u00eda 3 de Diciembre en el teatro del colegio. Dentro de la velada contaremos con varias actuaciones por parte de los ni\u00f1os, y tambi\u00e9n por parte de los animadores para que nos los pasaremos \u00a1muy bien!.<\/p>\n<p>Cosas a tener en cuenta:<br \/>\n&#8211; La entrada de los ni\u00f1os ser\u00e1 a las 17:30, el GA por la Avenida Portugal y chiqui por el port\u00f3n.<br \/>\n&#8211; La entrada de los padres ser\u00e1 18:30 por el port\u00f3n.<br \/>\n&#8211; Cada ni\u00f1o podr\u00e1 lleva solo a 2 familiares.<br \/>\n&#8211; Habr\u00e1 quiosco para todo el mundo. <\/p>\n<p>La velada que tanto ni\u00f1os como animadores llevamos preparando con antelaci\u00f3n ser\u00e1 un gran espect\u00e1culo que acabar\u00e1 sobre las 20:00. Tenemos muchas ganas de que lo disfrut\u00e9is. <\/p>\n<p>Desde el equipo de animadores \u00a1os esperamos a todos! <\/p>\n","protected":false},"author":4,"featured_media":641,"comment_status":"open","ping_status":"open","sticky":false,"template":"","format":"standard","meta":{"_et_pb_use_builder":"on","_et_pb_old_content":"","_et_gb_content_width":"","footnotes":""},"categories":[29,30,1,33,34,10],"tags":[],"class_list":["post-640","post","type-post","status-publish","format-standard","has-post-thumbnail","hentry","category-chiquicentro-actividades","category-chiquicentro-noticias","category-chiquicentro","category-ga-actividades","category-ga-noticias","category-grupo-amigos"],"yoast_head":"<!-- This site is optimized with the Yoast SEO plugin v28.3 - https:\/\/yoast.com\/product\/yoast-seo-wordpress\/ -->\n<title>VELADA DE LA INMACULADA 2022 - Centro Juvenil Mar\u00eda Auxiliadora<\/title>\n<meta name=\"robots\" content=\"index, follow, max-snippet:-1, max-image-preview:large, max-video-preview:-1\" \/>\n<link rel=\"canonical\" href=\"https:\/\/salesianosmaux.es\/centrojuvenil\/2022\/11\/29\/velada-de-la-inmaculada-2022\/\" \/>\n<meta property=\"og:locale\" content=\"es_ES\" \/>\n<meta property=\"og:type\" content=\"article\" \/>\n<meta property=\"og:title\" content=\"VELADA DE LA INMACULADA 2022 - Centro Juvenil Mar\u00eda Auxiliadora\" \/>\n<meta property=\"og:description\" content=\"Buenas de nuevo familias. Este s\u00e1bado d\u00eda 3 de Diciembre, tenemos como todos los a\u00f1os, una actividad muy especial. \u00a1La velada de la Inmaculada! En primer lugar, tendr\u00e1 lugar el d\u00eda 3 de Diciembre en el teatro del colegio. Dentro de la velada contaremos con varias actuaciones por parte de los ni\u00f1os, y tambi\u00e9n por parte de los animadores para que nos los pasaremos \u00a1muy bien!. Cosas a tener en cuenta: - La entrada de los ni\u00f1os ser\u00e1 a las 17:30, el GA por la Avenida Portugal y chiqui por el port\u00f3n. - La entrada de los padres ser\u00e1 18:30 por el port\u00f3n. - Cada ni\u00f1o podr\u00e1 lleva solo a 2 familiares. - Habr\u00e1 quiosco para todo el mundo.  La velada que tanto ni\u00f1os como animadores llevamos preparando con antelaci\u00f3n ser\u00e1 un gran espect\u00e1culo que acabar\u00e1 sobre las 20:00. Tenemos muchas ganas de que lo disfrut\u00e9is.  Desde el equipo de animadores \u00a1os esperamos a todos!\" \/>\n<meta property=\"og:url\" content=\"https:\/\/salesianosmaux.es\/centrojuvenil\/2022\/11\/29\/velada-de-la-inmaculada-2022\/\" \/>\n<meta property=\"og:site_name\" content=\"Centro Juvenil Mar\u00eda Auxiliadora\" \/>\n<meta property=\"article:published_time\" content=\"2022-11-29T16:01:25+00:00\" \/>\n<meta property=\"article:modified_time\" content=\"2022-11-29T16:03:34+00:00\" \/>\n<meta property=\"og:image\" content=\"https:\/\/salesianosmaux.es\/centrojuvenil\/wp-content\/uploads\/sites\/6\/2022\/11\/foto-velada.jpeg\" \/>\n\t<meta property=\"og:image:width\" content=\"568\" \/>\n\t<meta property=\"og:image:height\" content=\"1024\" \/>\n\t<meta property=\"og:image:type\" content=\"image\/jpeg\" \/>\n<meta name=\"author\" content=\"centrojuvenil\" \/>\n<meta name=\"twitter:card\" content=\"summary_large_image\" \/>\n<meta name=\"twitter:label1\" content=\"Escrito por\" \/>\n\t<meta name=\"twitter:data1\" content=\"centrojuvenil\" \/>\n\t<meta name=\"twitter:label2\" content=\"Tiempo de lectura\" \/>\n\t<meta name=\"twitter:data2\" content=\"1 minuto\" \/>\n<script type=\"application\/ld+json\" class=\"yoast-schema-graph\">{\"@context\":\"https:\\\/\\\/schema.org\",\"@graph\":[{\"@type\":\"Article\",\"@id\":\"https:\\\/\\\/salesianosmaux.es\\\/centrojuvenil\\\/2022\\\/11\\\/29\\\/velada-de-la-inmaculada-2022\\\/#article\",\"isPartOf\":{\"@id\":\"https:\\\/\\\/salesianosmaux.es\\\/centrojuvenil\\\/2022\\\/11\\\/29\\\/velada-de-la-inmaculada-2022\\\/\"},\"author\":{\"name\":\"centrojuvenil\",\"@id\":\"https:\\\/\\\/salesianosmaux.es\\\/centrojuvenil\\\/#\\\/schema\\\/person\\\/2907e7467414eb7c582683323229cfa0\"},\"headline\":\"VELADA DE LA INMACULADA 2022\",\"datePublished\":\"2022-11-29T16:01:25+00:00\",\"dateModified\":\"2022-11-29T16:03:34+00:00\",\"mainEntityOfPage\":{\"@id\":\"https:\\\/\\\/salesianosmaux.es\\\/centrojuvenil\\\/2022\\\/11\\\/29\\\/velada-de-la-inmaculada-2022\\\/\"},\"wordCount\":221,\"commentCount\":0,\"image\":{\"@id\":\"https:\\\/\\\/salesianosmaux.es\\\/centrojuvenil\\\/2022\\\/11\\\/29\\\/velada-de-la-inmaculada-2022\\\/#primaryimage\"},\"thumbnailUrl\":\"https:\\\/\\\/salesianosmaux.es\\\/centrojuvenil\\\/wp-content\\\/uploads\\\/sites\\\/6\\\/2022\\\/11\\\/foto-velada.jpeg\",\"articleSection\":[\"Chiqui Actividades\",\"Chiqui Noticias\",\"Chiquicentro\",\"GA Actividades\",\"GA Noticias\",\"Grupo Amigos\"],\"inLanguage\":\"es\",\"potentialAction\":[{\"@type\":\"CommentAction\",\"name\":\"Comment\",\"target\":[\"https:\\\/\\\/salesianosmaux.es\\\/centrojuvenil\\\/2022\\\/11\\\/29\\\/velada-de-la-inmaculada-2022\\\/#respond\"]}]},{\"@type\":\"WebPage\",\"@id\":\"https:\\\/\\\/salesianosmaux.es\\\/centrojuvenil\\\/2022\\\/11\\\/29\\\/velada-de-la-inmaculada-2022\\\/\",\"url\":\"https:\\\/\\\/salesianosmaux.es\\\/centrojuvenil\\\/2022\\\/11\\\/29\\\/velada-de-la-inmaculada-2022\\\/\",\"name\":\"VELADA DE LA INMACULADA 2022 - Centro Juvenil Mar\u00eda Auxiliadora\",\"isPartOf\":{\"@id\":\"https:\\\/\\\/salesianosmaux.es\\\/centrojuvenil\\\/#website\"},\"primaryImageOfPage\":{\"@id\":\"https:\\\/\\\/salesianosmaux.es\\\/centrojuvenil\\\/2022\\\/11\\\/29\\\/velada-de-la-inmaculada-2022\\\/#primaryimage\"},\"image\":{\"@id\":\"https:\\\/\\\/salesianosmaux.es\\\/centrojuvenil\\\/2022\\\/11\\\/29\\\/velada-de-la-inmaculada-2022\\\/#primaryimage\"},\"thumbnailUrl\":\"https:\\\/\\\/salesianosmaux.es\\\/centrojuvenil\\\/wp-content\\\/uploads\\\/sites\\\/6\\\/2022\\\/11\\\/foto-velada.jpeg\",\"datePublished\":\"2022-11-29T16:01:25+00:00\",\"dateModified\":\"2022-11-29T16:03:34+00:00\",\"author\":{\"@id\":\"https:\\\/\\\/salesianosmaux.es\\\/centrojuvenil\\\/#\\\/schema\\\/person\\\/2907e7467414eb7c582683323229cfa0\"},\"breadcrumb\":{\"@id\":\"https:\\\/\\\/salesianosmaux.es\\\/centrojuvenil\\\/2022\\\/11\\\/29\\\/velada-de-la-inmaculada-2022\\\/#breadcrumb\"},\"inLanguage\":\"es\",\"potentialAction\":[{\"@type\":\"ReadAction\",\"target\":[\"https:\\\/\\\/salesianosmaux.es\\\/centrojuvenil\\\/2022\\\/11\\\/29\\\/velada-de-la-inmaculada-2022\\\/\"]}]},{\"@type\":\"ImageObject\",\"inLanguage\":\"es\",\"@id\":\"https:\\\/\\\/salesianosmaux.es\\\/centrojuvenil\\\/2022\\\/11\\\/29\\\/velada-de-la-inmaculada-2022\\\/#primaryimage\",\"url\":\"https:\\\/\\\/salesianosmaux.es\\\/centrojuvenil\\\/wp-content\\\/uploads\\\/sites\\\/6\\\/2022\\\/11\\\/foto-velada.jpeg\",\"contentUrl\":\"https:\\\/\\\/salesianosmaux.es\\\/centrojuvenil\\\/wp-content\\\/uploads\\\/sites\\\/6\\\/2022\\\/11\\\/foto-velada.jpeg\",\"width\":568,\"height\":1024},{\"@type\":\"BreadcrumbList\",\"@id\":\"https:\\\/\\\/salesianosmaux.es\\\/centrojuvenil\\\/2022\\\/11\\\/29\\\/velada-de-la-inmaculada-2022\\\/#breadcrumb\",\"itemListElement\":[{\"@type\":\"ListItem\",\"position\":1,\"name\":\"Portada\",\"item\":\"https:\\\/\\\/salesianosmaux.es\\\/centrojuvenil\\\/\"},{\"@type\":\"ListItem\",\"position\":2,\"name\":\"VELADA DE LA INMACULADA 2022\"}]},{\"@type\":\"WebSite\",\"@id\":\"https:\\\/\\\/salesianosmaux.es\\\/centrojuvenil\\\/#website\",\"url\":\"https:\\\/\\\/salesianosmaux.es\\\/centrojuvenil\\\/\",\"name\":\"Centro Juvenil Mar\u00eda Auxiliadora\",\"description\":\"\",\"potentialAction\":[{\"@type\":\"SearchAction\",\"target\":{\"@type\":\"EntryPoint\",\"urlTemplate\":\"https:\\\/\\\/salesianosmaux.es\\\/centrojuvenil\\\/?s={search_term_string}\"},\"query-input\":{\"@type\":\"PropertyValueSpecification\",\"valueRequired\":true,\"valueName\":\"search_term_string\"}}],\"inLanguage\":\"es\"},{\"@type\":\"Person\",\"@id\":\"https:\\\/\\\/salesianosmaux.es\\\/centrojuvenil\\\/#\\\/schema\\\/person\\\/2907e7467414eb7c582683323229cfa0\",\"name\":\"centrojuvenil\",\"image\":{\"@type\":\"ImageObject\",\"inLanguage\":\"es\",\"@id\":\"https:\\\/\\\/secure.gravatar.com\\\/avatar\\\/0969b94997d48dd955926fff0eedb1687ec9fd00294a727f82de75614d1751d2?s=96&d=mm&r=g\",\"url\":\"https:\\\/\\\/secure.gravatar.com\\\/avatar\\\/0969b94997d48dd955926fff0eedb1687ec9fd00294a727f82de75614d1751d2?s=96&d=mm&r=g\",\"contentUrl\":\"https:\\\/\\\/secure.gravatar.com\\\/avatar\\\/0969b94997d48dd955926fff0eedb1687ec9fd00294a727f82de75614d1751d2?s=96&d=mm&r=g\",\"caption\":\"centrojuvenil\"},\"url\":\"https:\\\/\\\/salesianosmaux.es\\\/centrojuvenil\\\/author\\\/centrojuvenil\\\/\"}]}<\/script>\n<!-- \/ Yoast SEO plugin. -->","yoast_head_json":{"title":"VELADA DE LA INMACULADA 2022 - Centro Juvenil Mar\u00eda Auxiliadora","robots":{"index":"index","follow":"follow","max-snippet":"max-snippet:-1","max-image-preview":"max-image-preview:large","max-video-preview":"max-video-preview:-1"},"canonical":"https:\/\/salesianosmaux.es\/centrojuvenil\/2022\/11\/29\/velada-de-la-inmaculada-2022\/","og_locale":"es_ES","og_type":"article","og_title":"VELADA DE LA INMACULADA 2022 - Centro Juvenil Mar\u00eda Auxiliadora","og_description":"Buenas de nuevo familias. Este s\u00e1bado d\u00eda 3 de Diciembre, tenemos como todos los a\u00f1os, una actividad muy especial. \u00a1La velada de la Inmaculada! En primer lugar, tendr\u00e1 lugar el d\u00eda 3 de Diciembre en el teatro del colegio. Dentro de la velada contaremos con varias actuaciones por parte de los ni\u00f1os, y tambi\u00e9n por parte de los animadores para que nos los pasaremos \u00a1muy bien!. Cosas a tener en cuenta: - La entrada de los ni\u00f1os ser\u00e1 a las 17:30, el GA por la Avenida Portugal y chiqui por el port\u00f3n. - La entrada de los padres ser\u00e1 18:30 por el port\u00f3n. - Cada ni\u00f1o podr\u00e1 lleva solo a 2 familiares. - Habr\u00e1 quiosco para todo el mundo.  La velada que tanto ni\u00f1os como animadores llevamos preparando con antelaci\u00f3n ser\u00e1 un gran espect\u00e1culo que acabar\u00e1 sobre las 20:00. Tenemos muchas ganas de que lo disfrut\u00e9is.  Desde el equipo de animadores \u00a1os esperamos a todos!","og_url":"https:\/\/salesianosmaux.es\/centrojuvenil\/2022\/11\/29\/velada-de-la-inmaculada-2022\/","og_site_name":"Centro Juvenil Mar\u00eda Auxiliadora","article_published_time":"2022-11-29T16:01:25+00:00","article_modified_time":"2022-11-29T16:03:34+00:00","og_image":[{"width":568,"height":1024,"url":"https:\/\/salesianosmaux.es\/centrojuvenil\/wp-content\/uploads\/sites\/6\/2022\/11\/foto-velada.jpeg","type":"image\/jpeg"}],"author":"centrojuvenil","twitter_card":"summary_large_image","twitter_misc":{"Escrito por":"centrojuvenil","Tiempo de lectura":"1 minuto"},"schema":{"@context":"https:\/\/schema.org","@graph":[{"@type":"Article","@id":"https:\/\/salesianosmaux.es\/centrojuvenil\/2022\/11\/29\/velada-de-la-inmaculada-2022\/#article","isPartOf":{"@id":"https:\/\/salesianosmaux.es\/centrojuvenil\/2022\/11\/29\/velada-de-la-inmaculada-2022\/"},"author":{"name":"centrojuvenil","@id":"https:\/\/salesianosmaux.es\/centrojuvenil\/#\/schema\/person\/2907e7467414eb7c582683323229cfa0"},"headline":"VELADA DE LA INMACULADA 2022","datePublished":"2022-11-29T16:01:25+00:00","dateModified":"2022-11-29T16:03:34+00:00","mainEntityOfPage":{"@id":"https:\/\/salesianosmaux.es\/centrojuvenil\/2022\/11\/29\/velada-de-la-inmaculada-2022\/"},"wordCount":221,"commentCount":0,"image":{"@id":"https:\/\/salesianosmaux.es\/centrojuvenil\/2022\/11\/29\/velada-de-la-inmaculada-2022\/#primaryimage"},"thumbnailUrl":"https:\/\/salesianosmaux.es\/centrojuvenil\/wp-content\/uploads\/sites\/6\/2022\/11\/foto-velada.jpeg","articleSection":["Chiqui Actividades","Chiqui Noticias","Chiquicentro","GA Actividades","GA Noticias","Grupo Amigos"],"inLanguage":"es","potentialAction":[{"@type":"CommentAction","name":"Comment","target":["https:\/\/salesianosmaux.es\/centrojuvenil\/2022\/11\/29\/velada-de-la-inmaculada-2022\/#respond"]}]},{"@type":"WebPage","@id":"https:\/\/salesianosmaux.es\/centrojuvenil\/2022\/11\/29\/velada-de-la-inmaculada-2022\/","url":"https:\/\/salesianosmaux.es\/centrojuvenil\/2022\/11\/29\/velada-de-la-inmaculada-2022\/","name":"VELADA DE LA INMACULADA 2022 - Centro Juvenil Mar\u00eda Auxiliadora","isPartOf":{"@id":"https:\/\/salesianosmaux.es\/centrojuvenil\/#website"},"primaryImageOfPage":{"@id":"https:\/\/salesianosmaux.es\/centrojuvenil\/2022\/11\/29\/velada-de-la-inmaculada-2022\/#primaryimage"},"image":{"@id":"https:\/\/salesianosmaux.es\/centrojuvenil\/2022\/11\/29\/velada-de-la-inmaculada-2022\/#primaryimage"},"thumbnailUrl":"https:\/\/salesianosmaux.es\/centrojuvenil\/wp-content\/uploads\/sites\/6\/2022\/11\/foto-velada.jpeg","datePublished":"2022-11-29T16:01:25+00:00","dateModified":"2022-11-29T16:03:34+00:00","author":{"@id":"https:\/\/salesianosmaux.es\/centrojuvenil\/#\/schema\/person\/2907e7467414eb7c582683323229cfa0"},"breadcrumb":{"@id":"https:\/\/salesianosmaux.es\/centrojuvenil\/2022\/11\/29\/velada-de-la-inmaculada-2022\/#breadcrumb"},"inLanguage":"es","potentialAction":[{"@type":"ReadAction","target":["https:\/\/salesianosmaux.es\/centrojuvenil\/2022\/11\/29\/velada-de-la-inmaculada-2022\/"]}]},{"@type":"ImageObject","inLanguage":"es","@id":"https:\/\/salesianosmaux.es\/centrojuvenil\/2022\/11\/29\/velada-de-la-inmaculada-2022\/#primaryimage","url":"https:\/\/salesianosmaux.es\/centrojuvenil\/wp-content\/uploads\/sites\/6\/2022\/11\/foto-velada.jpeg","contentUrl":"https:\/\/salesianosmaux.es\/centrojuvenil\/wp-content\/uploads\/sites\/6\/2022\/11\/foto-velada.jpeg","width":568,"height":1024},{"@type":"BreadcrumbList","@id":"https:\/\/salesianosmaux.es\/centrojuvenil\/2022\/11\/29\/velada-de-la-inmaculada-2022\/#breadcrumb","itemListElement":[{"@type":"ListItem","position":1,"name":"Portada","item":"https:\/\/salesianosmaux.es\/centrojuvenil\/"},{"@type":"ListItem","position":2,"name":"VELADA DE LA INMACULADA 2022"}]},{"@type":"WebSite","@id":"https:\/\/salesianosmaux.es\/centrojuvenil\/#website","url":"https:\/\/salesianosmaux.es\/centrojuvenil\/","name":"Centro Juvenil Mar\u00eda Auxiliadora","description":"","potentialAction":[{"@type":"SearchAction","target":{"@type":"EntryPoint","urlTemplate":"https:\/\/salesianosmaux.es\/centrojuvenil\/?s={search_term_string}"},"query-input":{"@type":"PropertyValueSpecification","valueRequired":true,"valueName":"search_term_string"}}],"inLanguage":"es"},{"@type":"Person","@id":"https:\/\/salesianosmaux.es\/centrojuvenil\/#\/schema\/person\/2907e7467414eb7c582683323229cfa0","name":"centrojuvenil","image":{"@type":"ImageObject","inLanguage":"es","@id":"https:\/\/secure.gravatar.com\/avatar\/0969b94997d48dd955926fff0eedb1687ec9fd00294a727f82de75614d1751d2?s=96&d=mm&r=g","url":"https:\/\/secure.gravatar.com\/avatar\/0969b94997d48dd955926fff0eedb1687ec9fd00294a727f82de75614d1751d2?s=96&d=mm&r=g","contentUrl":"https:\/\/secure.gravatar.com\/avatar\/0969b94997d48dd955926fff0eedb1687ec9fd00294a727f82de75614d1751d2?s=96&d=mm&r=g","caption":"centrojuvenil"},"url":"https:\/\/salesianosmaux.es\/centrojuvenil\/author\/centrojuvenil\/"}]}},"_links":{"self":[{"href":"https:\/\/salesianosmaux.es\/centrojuvenil\/wp-json\/wp\/v2\/posts\/640","targetHints":{"allow":["GET"]}}],"collection":[{"href":"https:\/\/salesianosmaux.es\/centrojuvenil\/wp-json\/wp\/v2\/posts"}],"about":[{"href":"https:\/\/salesianosmaux.es\/centrojuvenil\/wp-json\/wp\/v2\/types\/post"}],"author":[{"embeddable":true,"href":"https:\/\/salesianosmaux.es\/centrojuvenil\/wp-json\/wp\/v2\/users\/4"}],"replies":[{"embeddable":true,"href":"https:\/\/salesianosmaux.es\/centrojuvenil\/wp-json\/wp\/v2\/comments?post=640"}],"version-history":[{"count":4,"href":"https:\/\/salesianosmaux.es\/centrojuvenil\/wp-json\/wp\/v2\/posts\/640\/revisions"}],"predecessor-version":[{"id":645,"href":"https:\/\/salesianosmaux.es\/centrojuvenil\/wp-json\/wp\/v2\/posts\/640\/revisions\/645"}],"wp:featuredmedia":[{"embeddable":true,"href":"https:\/\/salesianosmaux.es\/centrojuvenil\/wp-json\/wp\/v2\/media\/641"}],"wp:attachment":[{"href":"https:\/\/salesianosmaux.es\/centrojuvenil\/wp-json\/wp\/v2\/media?parent=640"}],"wp:term":[{"taxonomy":"category","embeddable":true,"href":"https:\/\/salesianosmaux.es\/centrojuvenil\/wp-json\/wp\/v2\/categories?post=640"},{"taxonomy":"post_tag","embeddable":true,"href":"https:\/\/salesianosmaux.es\/centrojuvenil\/wp-json\/wp\/v2\/tags?post=640"}],"curies":[{"name":"wp","href":"https:\/\/api.w.org\/{rel}","templated":true}]}}