{"id":706,"date":"2023-01-25T16:28:30","date_gmt":"2023-01-25T16:28:30","guid":{"rendered":"https:\/\/salesianosmaux.es\/centrojuvenil\/?p=706"},"modified":"2023-01-25T16:28:32","modified_gmt":"2023-01-25T16:28:32","slug":"nuevas-sudaderas-del-centro-juvenil","status":"publish","type":"post","link":"https:\/\/salesianosmaux.es\/centrojuvenil\/2023\/01\/25\/nuevas-sudaderas-del-centro-juvenil\/","title":{"rendered":"Nuevas Sudaderas del Centro juvenil"},"content":{"rendered":"\n[et_pb_section fb_built=\u00bb1&#8243; _builder_version=\u00bb4.19.4&#8243; _module_preset=\u00bbdefault\u00bb global_colors_info=\u00bb{}\u00bb][\/et_pb_section][et_pb_section fb_built=\u00bb1&#8243; _builder_version=\u00bb4.19.4&#8243; _module_preset=\u00bbdefault\u00bb global_colors_info=\u00bb{}\u00bb][et_pb_row column_structure=\u00bb1_2,1_2&#8243; _builder_version=\u00bb4.19.4&#8243; _module_preset=\u00bbdefault\u00bb global_colors_info=\u00bb{}\u00bb][et_pb_column type=\u00bb1_2&#8243; _builder_version=\u00bb4.19.4&#8243; _module_preset=\u00bbdefault\u00bb global_colors_info=\u00bb{}\u00bb][et_pb_text _builder_version=\u00bb4.19.4&#8243; _module_preset=\u00bbdefault\u00bb global_colors_info=\u00bb{}\u00bb]<p>\u00a1Buena tardes Familias!<\/p>\n<p>Os traemos m\u00e1s informaci\u00f3n sobre las nuevas sudaderas del Centro Juvenil. Hemos ampliado el plazo para poder probar las tallas de la sudadera y para poder encargarlas a trav\u00e9s de los formularios de cada secci\u00f3n. Los nuevos d\u00edas para poder probarse las sudadera durante estas semanas son los siguientes:\u00a0<\/p>\n<p>&#8211;<strong>S\u00e1bado 28 de enero de 19:00 a 20:00<\/strong><\/p>\n<p><strong>&#8211; Martes 31 de enero de 19:00 a 20:00\u00a0<\/strong><\/p>\n<p><strong>-Mi\u00e9rcoles 1 de febrero de 19:00 a 20:00<\/strong><\/p>\n<p><strong>&#8211; Viernes 3 de febrero de 20:00 a 21:00\u00a0<\/strong><\/p>\n<p><strong>-S\u00e1bado 4 de febrero despu\u00e9s de la actividad conjunta del \u00abChocoBosco\u00bb<\/strong><\/p>\n<p><strong>Los formularios para pedir la sudadera se cerrar\u00edan definitivamente el d\u00eda 5 de febrero domingo<\/strong>. A partir de ese d\u00eda no se podr\u00e1n realizar m\u00e1s pedidos de la sudadera.\u00a0<\/p>\n<p>Por \u00faltimo, remarcar que estaremos en el centro juvenil que ser\u00e1 el lugar donde estar\u00e1n las sudaderas de muestra para prob\u00e1rselas, as\u00ed que ser\u00e1 all\u00ed donde tendr\u00e9is que acudir en caso de que quer\u00e1is prob\u00e1roslas.\u00a0<\/p>\n<p>Desde el equipo de animadores os animamos a todos a que aprovech\u00e9is esta oportunidad<\/p>\n<p><span style=\"text-decoration: underline\"><strong>Formulario Sudaderas CHIQUI:<\/strong><\/span> <a href=\"https:\/\/docs.google.com\/forms\/d\/e\/1FAIpQLScEn2a-YsYvbEhxVnCiTrRIJZ2CWL2uFlOWawaJ7Hbqd0FSfw\/viewform\">https:\/\/docs.google.com\/forms\/d\/e\/1FAIpQLScEn2a-YsYvbEhxVnCiTrRIJZ2CWL2uFlOWawaJ7Hbqd0FSfw\/viewform<\/a>\u00a0<\/p>\n<p>&nbsp;<\/p>\n<p><span style=\"text-decoration: underline\"><strong>Formulario Sudaderas GA:<\/strong><\/span> <a href=\"https:\/\/docs.google.com\/forms\/d\/e\/1FAIpQLSe5osYOcWCtwAIKLVV2iOcHsjgpN-36t7PCCwBkoGy_31e63g\/viewform\">https:\/\/docs.google.com\/forms\/d\/e\/1FAIpQLSe5osYOcWCtwAIKLVV2iOcHsjgpN-36t7PCCwBkoGy_31e63g\/viewform<\/a>\u00a0<\/p>\n<p>&nbsp;<\/p>\n<p><span style=\"text-decoration: underline\"><strong>Formulario Sudaderas Secci\u00f3n y Adultos:<\/strong><\/span> <a href=\"https:\/\/docs.google.com\/forms\/d\/1ofeM_2rudUI-aBiN2aXx6IIb3XHJuOlsJEOVeMTH63o\/viewform?hl=ES&amp;hl=ES&amp;edit_requested=true\">https:\/\/docs.google.com\/forms\/d\/1ofeM_2rudUI-aBiN2aXx6IIb3XHJuOlsJEOVeMTH63o\/viewform?hl=ES&amp;hl=ES&amp;edit_requested=true<\/a>\u00a0<\/p>\n<p>Un saludo\u00a0<\/p>\n<p><em>El equipo de animadores del Centro Juvenil\u00a0<\/em><\/p>[\/et_pb_text][\/et_pb_column][et_pb_column type=\u00bb1_2&#8243; _builder_version=\u00bb4.19.4&#8243; _module_preset=\u00bbdefault\u00bb global_colors_info=\u00bb{}\u00bb][et_pb_image src=\u00bbhttps:\/\/salesianosmaux.es\/centrojuvenil\/wp-content\/uploads\/sites\/6\/2022\/12\/Sudadera-Maux.png\u00bb _builder_version=\u00bb4.19.4&#8243; _module_preset=\u00bbdefault\u00bb title_text=\u00bbSudadera Maux\u00bb hover_enabled=\u00bb0&#8243; sticky_enabled=\u00bb0&#8243;][\/et_pb_image][\/et_pb_column][\/et_pb_row][\/et_pb_section]\n","protected":false},"excerpt":{"rendered":"<p>Buenas tardes Familias!<br \/>\nabrimos nuevos plazos para poder probarse la nueva sudadera del Centro Juvenil. Toda la informaci\u00f3n la encontrar\u00e9is en la noticia. <\/p>\n","protected":false},"author":4,"featured_media":676,"comment_status":"open","ping_status":"open","sticky":false,"template":"","format":"standard","meta":{"_et_pb_use_builder":"on","_et_pb_old_content":"","_et_gb_content_width":"","footnotes":""},"categories":[9,38],"tags":[60,45,52,50,47,57,58,56,55,54],"class_list":["post-706","post","type-post","status-publish","format-standard","has-post-thumbnail","hentry","category-centro-juvenil","category-noticias","tag-centro-juvenil","tag-chiqui","tag-enero","tag-ga","tag-ganas","tag-informacion","tag-novedad","tag-nuevo","tag-oportunidad","tag-sudaderas"],"yoast_head":"<!-- This site is optimized with the Yoast SEO plugin v28.3 - https:\/\/yoast.com\/product\/yoast-seo-wordpress\/ -->\n<title>Nuevas Sudaderas del Centro juvenil - Centro Juvenil Mar\u00eda Auxiliadora<\/title>\n<meta name=\"robots\" content=\"index, follow, max-snippet:-1, max-image-preview:large, max-video-preview:-1\" \/>\n<link rel=\"canonical\" href=\"https:\/\/salesianosmaux.es\/centrojuvenil\/2023\/01\/25\/nuevas-sudaderas-del-centro-juvenil\/\" \/>\n<meta property=\"og:locale\" content=\"es_ES\" \/>\n<meta property=\"og:type\" content=\"article\" \/>\n<meta property=\"og:title\" content=\"Nuevas Sudaderas del Centro juvenil - Centro Juvenil Mar\u00eda Auxiliadora\" \/>\n<meta property=\"og:description\" content=\"Buenas tardes Familias! abrimos nuevos plazos para poder probarse la nueva sudadera del Centro Juvenil. Toda la informaci\u00f3n la encontrar\u00e9is en la noticia.\" \/>\n<meta property=\"og:url\" content=\"https:\/\/salesianosmaux.es\/centrojuvenil\/2023\/01\/25\/nuevas-sudaderas-del-centro-juvenil\/\" \/>\n<meta property=\"og:site_name\" content=\"Centro Juvenil Mar\u00eda Auxiliadora\" \/>\n<meta property=\"article:published_time\" content=\"2023-01-25T16:28:30+00:00\" \/>\n<meta property=\"article:modified_time\" content=\"2023-01-25T16:28:32+00:00\" \/>\n<meta property=\"og:image\" content=\"https:\/\/salesianosmaux.es\/centrojuvenil\/wp-content\/uploads\/sites\/6\/2022\/12\/Sudadera-Maux.png\" \/>\n\t<meta property=\"og:image:width\" content=\"1080\" \/>\n\t<meta property=\"og:image:height\" content=\"1920\" \/>\n\t<meta property=\"og:image:type\" content=\"image\/png\" \/>\n<meta name=\"author\" content=\"centrojuvenil\" \/>\n<meta name=\"twitter:card\" content=\"summary_large_image\" \/>\n<meta name=\"twitter:label1\" content=\"Escrito por\" \/>\n\t<meta name=\"twitter:data1\" content=\"centrojuvenil\" \/>\n\t<meta name=\"twitter:label2\" content=\"Tiempo de lectura\" \/>\n\t<meta name=\"twitter:data2\" content=\"2 minutos\" \/>\n<script type=\"application\/ld+json\" class=\"yoast-schema-graph\">{\"@context\":\"https:\\\/\\\/schema.org\",\"@graph\":[{\"@type\":\"Article\",\"@id\":\"https:\\\/\\\/salesianosmaux.es\\\/centrojuvenil\\\/2023\\\/01\\\/25\\\/nuevas-sudaderas-del-centro-juvenil\\\/#article\",\"isPartOf\":{\"@id\":\"https:\\\/\\\/salesianosmaux.es\\\/centrojuvenil\\\/2023\\\/01\\\/25\\\/nuevas-sudaderas-del-centro-juvenil\\\/\"},\"author\":{\"name\":\"centrojuvenil\",\"@id\":\"https:\\\/\\\/salesianosmaux.es\\\/centrojuvenil\\\/#\\\/schema\\\/person\\\/2907e7467414eb7c582683323229cfa0\"},\"headline\":\"Nuevas Sudaderas del Centro juvenil\",\"datePublished\":\"2023-01-25T16:28:30+00:00\",\"dateModified\":\"2023-01-25T16:28:32+00:00\",\"mainEntityOfPage\":{\"@id\":\"https:\\\/\\\/salesianosmaux.es\\\/centrojuvenil\\\/2023\\\/01\\\/25\\\/nuevas-sudaderas-del-centro-juvenil\\\/\"},\"wordCount\":381,\"commentCount\":0,\"image\":{\"@id\":\"https:\\\/\\\/salesianosmaux.es\\\/centrojuvenil\\\/2023\\\/01\\\/25\\\/nuevas-sudaderas-del-centro-juvenil\\\/#primaryimage\"},\"thumbnailUrl\":\"https:\\\/\\\/salesianosmaux.es\\\/centrojuvenil\\\/wp-content\\\/uploads\\\/sites\\\/6\\\/2022\\\/12\\\/Sudadera-Maux.png\",\"keywords\":[\"centro juvenil\",\"Chiqui\",\"Enero\",\"GA\",\"ganas\",\"informaci\u00f3n\",\"novedad\",\"nuevo\",\"oportunidad\",\"sudaderas\"],\"articleSection\":[\"Todas las secciones\",\"Todas Noticias\"],\"inLanguage\":\"es\",\"potentialAction\":[{\"@type\":\"CommentAction\",\"name\":\"Comment\",\"target\":[\"https:\\\/\\\/salesianosmaux.es\\\/centrojuvenil\\\/2023\\\/01\\\/25\\\/nuevas-sudaderas-del-centro-juvenil\\\/#respond\"]}]},{\"@type\":\"WebPage\",\"@id\":\"https:\\\/\\\/salesianosmaux.es\\\/centrojuvenil\\\/2023\\\/01\\\/25\\\/nuevas-sudaderas-del-centro-juvenil\\\/\",\"url\":\"https:\\\/\\\/salesianosmaux.es\\\/centrojuvenil\\\/2023\\\/01\\\/25\\\/nuevas-sudaderas-del-centro-juvenil\\\/\",\"name\":\"Nuevas Sudaderas del Centro juvenil - Centro Juvenil Mar\u00eda Auxiliadora\",\"isPartOf\":{\"@id\":\"https:\\\/\\\/salesianosmaux.es\\\/centrojuvenil\\\/#website\"},\"primaryImageOfPage\":{\"@id\":\"https:\\\/\\\/salesianosmaux.es\\\/centrojuvenil\\\/2023\\\/01\\\/25\\\/nuevas-sudaderas-del-centro-juvenil\\\/#primaryimage\"},\"image\":{\"@id\":\"https:\\\/\\\/salesianosmaux.es\\\/centrojuvenil\\\/2023\\\/01\\\/25\\\/nuevas-sudaderas-del-centro-juvenil\\\/#primaryimage\"},\"thumbnailUrl\":\"https:\\\/\\\/salesianosmaux.es\\\/centrojuvenil\\\/wp-content\\\/uploads\\\/sites\\\/6\\\/2022\\\/12\\\/Sudadera-Maux.png\",\"datePublished\":\"2023-01-25T16:28:30+00:00\",\"dateModified\":\"2023-01-25T16:28:32+00:00\",\"author\":{\"@id\":\"https:\\\/\\\/salesianosmaux.es\\\/centrojuvenil\\\/#\\\/schema\\\/person\\\/2907e7467414eb7c582683323229cfa0\"},\"breadcrumb\":{\"@id\":\"https:\\\/\\\/salesianosmaux.es\\\/centrojuvenil\\\/2023\\\/01\\\/25\\\/nuevas-sudaderas-del-centro-juvenil\\\/#breadcrumb\"},\"inLanguage\":\"es\",\"potentialAction\":[{\"@type\":\"ReadAction\",\"target\":[\"https:\\\/\\\/salesianosmaux.es\\\/centrojuvenil\\\/2023\\\/01\\\/25\\\/nuevas-sudaderas-del-centro-juvenil\\\/\"]}]},{\"@type\":\"ImageObject\",\"inLanguage\":\"es\",\"@id\":\"https:\\\/\\\/salesianosmaux.es\\\/centrojuvenil\\\/2023\\\/01\\\/25\\\/nuevas-sudaderas-del-centro-juvenil\\\/#primaryimage\",\"url\":\"https:\\\/\\\/salesianosmaux.es\\\/centrojuvenil\\\/wp-content\\\/uploads\\\/sites\\\/6\\\/2022\\\/12\\\/Sudadera-Maux.png\",\"contentUrl\":\"https:\\\/\\\/salesianosmaux.es\\\/centrojuvenil\\\/wp-content\\\/uploads\\\/sites\\\/6\\\/2022\\\/12\\\/Sudadera-Maux.png\",\"width\":1080,\"height\":1920},{\"@type\":\"BreadcrumbList\",\"@id\":\"https:\\\/\\\/salesianosmaux.es\\\/centrojuvenil\\\/2023\\\/01\\\/25\\\/nuevas-sudaderas-del-centro-juvenil\\\/#breadcrumb\",\"itemListElement\":[{\"@type\":\"ListItem\",\"position\":1,\"name\":\"Portada\",\"item\":\"https:\\\/\\\/salesianosmaux.es\\\/centrojuvenil\\\/\"},{\"@type\":\"ListItem\",\"position\":2,\"name\":\"Nuevas Sudaderas del Centro juvenil\"}]},{\"@type\":\"WebSite\",\"@id\":\"https:\\\/\\\/salesianosmaux.es\\\/centrojuvenil\\\/#website\",\"url\":\"https:\\\/\\\/salesianosmaux.es\\\/centrojuvenil\\\/\",\"name\":\"Centro Juvenil Mar\u00eda Auxiliadora\",\"description\":\"\",\"potentialAction\":[{\"@type\":\"SearchAction\",\"target\":{\"@type\":\"EntryPoint\",\"urlTemplate\":\"https:\\\/\\\/salesianosmaux.es\\\/centrojuvenil\\\/?s={search_term_string}\"},\"query-input\":{\"@type\":\"PropertyValueSpecification\",\"valueRequired\":true,\"valueName\":\"search_term_string\"}}],\"inLanguage\":\"es\"},{\"@type\":\"Person\",\"@id\":\"https:\\\/\\\/salesianosmaux.es\\\/centrojuvenil\\\/#\\\/schema\\\/person\\\/2907e7467414eb7c582683323229cfa0\",\"name\":\"centrojuvenil\",\"image\":{\"@type\":\"ImageObject\",\"inLanguage\":\"es\",\"@id\":\"https:\\\/\\\/secure.gravatar.com\\\/avatar\\\/0969b94997d48dd955926fff0eedb1687ec9fd00294a727f82de75614d1751d2?s=96&d=mm&r=g\",\"url\":\"https:\\\/\\\/secure.gravatar.com\\\/avatar\\\/0969b94997d48dd955926fff0eedb1687ec9fd00294a727f82de75614d1751d2?s=96&d=mm&r=g\",\"contentUrl\":\"https:\\\/\\\/secure.gravatar.com\\\/avatar\\\/0969b94997d48dd955926fff0eedb1687ec9fd00294a727f82de75614d1751d2?s=96&d=mm&r=g\",\"caption\":\"centrojuvenil\"},\"url\":\"https:\\\/\\\/salesianosmaux.es\\\/centrojuvenil\\\/author\\\/centrojuvenil\\\/\"}]}<\/script>\n<!-- \/ Yoast SEO plugin. -->","yoast_head_json":{"title":"Nuevas Sudaderas del Centro juvenil - Centro Juvenil Mar\u00eda Auxiliadora","robots":{"index":"index","follow":"follow","max-snippet":"max-snippet:-1","max-image-preview":"max-image-preview:large","max-video-preview":"max-video-preview:-1"},"canonical":"https:\/\/salesianosmaux.es\/centrojuvenil\/2023\/01\/25\/nuevas-sudaderas-del-centro-juvenil\/","og_locale":"es_ES","og_type":"article","og_title":"Nuevas Sudaderas del Centro juvenil - Centro Juvenil Mar\u00eda Auxiliadora","og_description":"Buenas tardes Familias! abrimos nuevos plazos para poder probarse la nueva sudadera del Centro Juvenil. Toda la informaci\u00f3n la encontrar\u00e9is en la noticia.","og_url":"https:\/\/salesianosmaux.es\/centrojuvenil\/2023\/01\/25\/nuevas-sudaderas-del-centro-juvenil\/","og_site_name":"Centro Juvenil Mar\u00eda Auxiliadora","article_published_time":"2023-01-25T16:28:30+00:00","article_modified_time":"2023-01-25T16:28:32+00:00","og_image":[{"width":1080,"height":1920,"url":"https:\/\/salesianosmaux.es\/centrojuvenil\/wp-content\/uploads\/sites\/6\/2022\/12\/Sudadera-Maux.png","type":"image\/png"}],"author":"centrojuvenil","twitter_card":"summary_large_image","twitter_misc":{"Escrito por":"centrojuvenil","Tiempo de lectura":"2 minutos"},"schema":{"@context":"https:\/\/schema.org","@graph":[{"@type":"Article","@id":"https:\/\/salesianosmaux.es\/centrojuvenil\/2023\/01\/25\/nuevas-sudaderas-del-centro-juvenil\/#article","isPartOf":{"@id":"https:\/\/salesianosmaux.es\/centrojuvenil\/2023\/01\/25\/nuevas-sudaderas-del-centro-juvenil\/"},"author":{"name":"centrojuvenil","@id":"https:\/\/salesianosmaux.es\/centrojuvenil\/#\/schema\/person\/2907e7467414eb7c582683323229cfa0"},"headline":"Nuevas Sudaderas del Centro juvenil","datePublished":"2023-01-25T16:28:30+00:00","dateModified":"2023-01-25T16:28:32+00:00","mainEntityOfPage":{"@id":"https:\/\/salesianosmaux.es\/centrojuvenil\/2023\/01\/25\/nuevas-sudaderas-del-centro-juvenil\/"},"wordCount":381,"commentCount":0,"image":{"@id":"https:\/\/salesianosmaux.es\/centrojuvenil\/2023\/01\/25\/nuevas-sudaderas-del-centro-juvenil\/#primaryimage"},"thumbnailUrl":"https:\/\/salesianosmaux.es\/centrojuvenil\/wp-content\/uploads\/sites\/6\/2022\/12\/Sudadera-Maux.png","keywords":["centro juvenil","Chiqui","Enero","GA","ganas","informaci\u00f3n","novedad","nuevo","oportunidad","sudaderas"],"articleSection":["Todas las secciones","Todas Noticias"],"inLanguage":"es","potentialAction":[{"@type":"CommentAction","name":"Comment","target":["https:\/\/salesianosmaux.es\/centrojuvenil\/2023\/01\/25\/nuevas-sudaderas-del-centro-juvenil\/#respond"]}]},{"@type":"WebPage","@id":"https:\/\/salesianosmaux.es\/centrojuvenil\/2023\/01\/25\/nuevas-sudaderas-del-centro-juvenil\/","url":"https:\/\/salesianosmaux.es\/centrojuvenil\/2023\/01\/25\/nuevas-sudaderas-del-centro-juvenil\/","name":"Nuevas Sudaderas del Centro juvenil - Centro Juvenil Mar\u00eda Auxiliadora","isPartOf":{"@id":"https:\/\/salesianosmaux.es\/centrojuvenil\/#website"},"primaryImageOfPage":{"@id":"https:\/\/salesianosmaux.es\/centrojuvenil\/2023\/01\/25\/nuevas-sudaderas-del-centro-juvenil\/#primaryimage"},"image":{"@id":"https:\/\/salesianosmaux.es\/centrojuvenil\/2023\/01\/25\/nuevas-sudaderas-del-centro-juvenil\/#primaryimage"},"thumbnailUrl":"https:\/\/salesianosmaux.es\/centrojuvenil\/wp-content\/uploads\/sites\/6\/2022\/12\/Sudadera-Maux.png","datePublished":"2023-01-25T16:28:30+00:00","dateModified":"2023-01-25T16:28:32+00:00","author":{"@id":"https:\/\/salesianosmaux.es\/centrojuvenil\/#\/schema\/person\/2907e7467414eb7c582683323229cfa0"},"breadcrumb":{"@id":"https:\/\/salesianosmaux.es\/centrojuvenil\/2023\/01\/25\/nuevas-sudaderas-del-centro-juvenil\/#breadcrumb"},"inLanguage":"es","potentialAction":[{"@type":"ReadAction","target":["https:\/\/salesianosmaux.es\/centrojuvenil\/2023\/01\/25\/nuevas-sudaderas-del-centro-juvenil\/"]}]},{"@type":"ImageObject","inLanguage":"es","@id":"https:\/\/salesianosmaux.es\/centrojuvenil\/2023\/01\/25\/nuevas-sudaderas-del-centro-juvenil\/#primaryimage","url":"https:\/\/salesianosmaux.es\/centrojuvenil\/wp-content\/uploads\/sites\/6\/2022\/12\/Sudadera-Maux.png","contentUrl":"https:\/\/salesianosmaux.es\/centrojuvenil\/wp-content\/uploads\/sites\/6\/2022\/12\/Sudadera-Maux.png","width":1080,"height":1920},{"@type":"BreadcrumbList","@id":"https:\/\/salesianosmaux.es\/centrojuvenil\/2023\/01\/25\/nuevas-sudaderas-del-centro-juvenil\/#breadcrumb","itemListElement":[{"@type":"ListItem","position":1,"name":"Portada","item":"https:\/\/salesianosmaux.es\/centrojuvenil\/"},{"@type":"ListItem","position":2,"name":"Nuevas Sudaderas del Centro juvenil"}]},{"@type":"WebSite","@id":"https:\/\/salesianosmaux.es\/centrojuvenil\/#website","url":"https:\/\/salesianosmaux.es\/centrojuvenil\/","name":"Centro Juvenil Mar\u00eda Auxiliadora","description":"","potentialAction":[{"@type":"SearchAction","target":{"@type":"EntryPoint","urlTemplate":"https:\/\/salesianosmaux.es\/centrojuvenil\/?s={search_term_string}"},"query-input":{"@type":"PropertyValueSpecification","valueRequired":true,"valueName":"search_term_string"}}],"inLanguage":"es"},{"@type":"Person","@id":"https:\/\/salesianosmaux.es\/centrojuvenil\/#\/schema\/person\/2907e7467414eb7c582683323229cfa0","name":"centrojuvenil","image":{"@type":"ImageObject","inLanguage":"es","@id":"https:\/\/secure.gravatar.com\/avatar\/0969b94997d48dd955926fff0eedb1687ec9fd00294a727f82de75614d1751d2?s=96&d=mm&r=g","url":"https:\/\/secure.gravatar.com\/avatar\/0969b94997d48dd955926fff0eedb1687ec9fd00294a727f82de75614d1751d2?s=96&d=mm&r=g","contentUrl":"https:\/\/secure.gravatar.com\/avatar\/0969b94997d48dd955926fff0eedb1687ec9fd00294a727f82de75614d1751d2?s=96&d=mm&r=g","caption":"centrojuvenil"},"url":"https:\/\/salesianosmaux.es\/centrojuvenil\/author\/centrojuvenil\/"}]}},"_links":{"self":[{"href":"https:\/\/salesianosmaux.es\/centrojuvenil\/wp-json\/wp\/v2\/posts\/706","targetHints":{"allow":["GET"]}}],"collection":[{"href":"https:\/\/salesianosmaux.es\/centrojuvenil\/wp-json\/wp\/v2\/posts"}],"about":[{"href":"https:\/\/salesianosmaux.es\/centrojuvenil\/wp-json\/wp\/v2\/types\/post"}],"author":[{"embeddable":true,"href":"https:\/\/salesianosmaux.es\/centrojuvenil\/wp-json\/wp\/v2\/users\/4"}],"replies":[{"embeddable":true,"href":"https:\/\/salesianosmaux.es\/centrojuvenil\/wp-json\/wp\/v2\/comments?post=706"}],"version-history":[{"count":4,"href":"https:\/\/salesianosmaux.es\/centrojuvenil\/wp-json\/wp\/v2\/posts\/706\/revisions"}],"predecessor-version":[{"id":723,"href":"https:\/\/salesianosmaux.es\/centrojuvenil\/wp-json\/wp\/v2\/posts\/706\/revisions\/723"}],"wp:featuredmedia":[{"embeddable":true,"href":"https:\/\/salesianosmaux.es\/centrojuvenil\/wp-json\/wp\/v2\/media\/676"}],"wp:attachment":[{"href":"https:\/\/salesianosmaux.es\/centrojuvenil\/wp-json\/wp\/v2\/media?parent=706"}],"wp:term":[{"taxonomy":"category","embeddable":true,"href":"https:\/\/salesianosmaux.es\/centrojuvenil\/wp-json\/wp\/v2\/categories?post=706"},{"taxonomy":"post_tag","embeddable":true,"href":"https:\/\/salesianosmaux.es\/centrojuvenil\/wp-json\/wp\/v2\/tags?post=706"}],"curies":[{"name":"wp","href":"https:\/\/api.w.org\/{rel}","templated":true}]}}