{"id":811,"date":"2023-03-10T12:38:34","date_gmt":"2023-03-10T12:38:34","guid":{"rendered":"https:\/\/salesianosmaux.es\/centrojuvenil\/?p=811"},"modified":"2023-03-10T12:38:43","modified_gmt":"2023-03-10T12:38:43","slug":"acampada-23-ga","status":"publish","type":"post","link":"https:\/\/salesianosmaux.es\/centrojuvenil\/2023\/03\/10\/acampada-23-ga\/","title":{"rendered":"ACAMPADA \u00b423 GA"},"content":{"rendered":"<p>[et_pb_section fb_built=\u00bb1&#8243; theme_builder_area=\u00bbpost_content\u00bb _builder_version=\u00bb4.20.2&#8243; _module_preset=\u00bbdefault\u00bb][et_pb_row _builder_version=\u00bb4.20.2&#8243; _module_preset=\u00bbdefault\u00bb theme_builder_area=\u00bbpost_content\u00bb][et_pb_column _builder_version=\u00bb4.20.2&#8243; _module_preset=\u00bbdefault\u00bb type=\u00bb4_4&#8243; theme_builder_area=\u00bbpost_content\u00bb][et_pb_text _builder_version=\u00bb4.20.2&#8243; _module_preset=\u00bbdefault\u00bb theme_builder_area=\u00bbpost_content\u00bb hover_enabled=\u00bb0&#8243; sticky_enabled=\u00bb0&#8243;]<\/p>\n<p>Queridas Familias:\u00a0\u00a0<\/p>\n<p>Nos ponemos en contacto con ustedes para presentarles la acampada del Grupo Amigos de este curso. Como siempre\u00a0 queremos ofrecer a nuestros chicos una alternativa divertida, sana y educativa. El lugar donde se realizar\u00e1 la acampada\u00a0 ser\u00e1 en el Colegio Salesiano de Ar\u00e9valo (\u00c1vila) (A 1 hora aprox. de Salamanca).\u00a0\u00a0<\/p>\n<p>Esta actividad tendr\u00e1 lugar los d\u00edas s\u00e1bado 25 de Marzo hasta el domingo 26 de Marzo. En la acampada\u00a0 haremos distintas actividades que se realizar\u00e1n en el propio Colegio de los Salesianos o en la propia ciudad en funci\u00f3n\u00a0 del tiempo. El colegio cuenta con dormitorios, aseos, duchas, ba\u00f1os, comedor, calefacci\u00f3n\u2026\u00a0<\/p>\n<p>Llegada: domingo 26 de Marzo a las 14:30 aproximadamente\u00a0<\/p>\n<p>Esta acampada es una actividad exclusiva para SOCIOS del Grupo Amigos\u00a0<\/p>\n<p>Datos de inter\u00e9s:\u00a0\u00a0<\/p>\n<p>\u00de SALIDA: S\u00e1bado 25 de Marzo a las 09:00h desde la Avda. Portugal (Puerta del CJ)\u00a0\u00a0<\/p>\n<p>\u00de LLEGADA: Llegada: domingo 26 de Marzo a las 14:30 aproximadamente a la Avda. Portugal.\u00a0 Informaremos de la hora de llegada exacta por redes sociales.\u00a0\u00a0<\/p>\n<p>\u00de PRECIO: SOCIOS: 25 \u20ac (Solamente se aceptar\u00e1 el pago en met\u00e1lico a la vez que se entrega la\u00a0 inscripci\u00f3n)\u00a0\u00a0<\/p>\n<p>\u00de IMPORTANTE: En la inscripci\u00f3n es muy importante que nos pongan toda la informaci\u00f3n relevante que debamos saber de sus hijos; como problemas alimenticios (intolerancia a la leche o cualquier\u00a0 otro alimento, alergias, \u2026) problemas relacionados con el sue\u00f1o (como insomnio, sonambulismo,\u00a0 enuresis,\u2026) enfermedades, medicamentos (que deban tomar esos d\u00edas) etc\u2026\u00a0\u00a0<\/p>\n<p>El horario de recogida de inscripciones es el siguiente:\u00a0\u00a0<\/p>\n<p>\u00de S\u00e1bado 18 de Marzo en el horario del GA (18:00 a 20:15).<br \/>\u00de Lunes 20 y martes 21 en el centro juvenil de 19:30 a 20:30h.<\/p>\n<p>\u00de Martes 14 y mi\u00e9rcoles 15 en el centro juvenil de 19:30 a 20:00h.<\/p>\n<p>Toda la dem\u00e1s informaci\u00f3n est\u00e1 en la inscripci\u00f3n\u00a0<\/p>\n<p>\u00a1Os esperamos a todos!<\/p>\n<p>[\/et_pb_text][\/et_pb_column][\/et_pb_row][et_pb_row _builder_version=\u00bb4.20.2&#8243; _module_preset=\u00bbdefault\u00bb theme_builder_area=\u00bbpost_content\u00bb][et_pb_column _builder_version=\u00bb4.20.2&#8243; _module_preset=\u00bbdefault\u00bb type=\u00bb4_4&#8243; theme_builder_area=\u00bbpost_content\u00bb][et_pb_blurb title=\u00bbINSCRIPCI\u00d3N ACAMPADA\u00b423 GA \u00bb _builder_version=\u00bb4.20.2&#8243; _module_preset=\u00bbdefault\u00bb theme_builder_area=\u00bbpost_content\u00bb use_icon=\u00bbon\u00bb font_icon=\u00bb&#xf1c1;||fa||900&#8243; image_icon_width=\u00bb45px\u00bb icon_placement=\u00bbleft\u00bb url=\u00bbhttps:\/\/drive.google.com\/file\/d\/1oS9LO8oU1LsmZktKl2zPQOyQvI4trJ6H\/view?usp=share_link\u00bb url_new_window=\u00bbon\u00bb hover_enabled=\u00bb0&#8243; sticky_enabled=\u00bb0&#8243;][\/et_pb_blurb][\/et_pb_column][\/et_pb_row][\/et_pb_section]<\/p>\n","protected":false},"excerpt":{"rendered":"<p>Queridas Familias:\u00a0\u00a0<\/p>\n<p>Nos ponemos en contacto con ustedes para presentarles la acampada del Grupo Amigos de este curso. Como siempre\u00a0 queremos ofrecer a nuestros chicos una alternativa divertida, sana y educativa. El lugar donde se realizar\u00e1 la acampada\u00a0 ser\u00e1 en el Colegio Salesiano de Ar\u00e9valo (\u00c1vila) (A 1 hora aprox. de Salamanca).\u00a0\u00a0<\/p>\n","protected":false},"author":4,"featured_media":808,"comment_status":"open","ping_status":"open","sticky":false,"template":"","format":"standard","meta":{"_et_pb_use_builder":"on","_et_pb_old_content":"","_et_gb_content_width":"","footnotes":""},"categories":[33,34,10],"tags":[],"class_list":["post-811","post","type-post","status-publish","format-standard","has-post-thumbnail","hentry","category-ga-actividades","category-ga-noticias","category-grupo-amigos"],"yoast_head":"<!-- This site is optimized with the Yoast SEO plugin v28.3 - https:\/\/yoast.com\/product\/yoast-seo-wordpress\/ -->\n<title>ACAMPADA \u00b423 GA - Centro Juvenil Mar\u00eda Auxiliadora<\/title>\n<meta name=\"robots\" content=\"index, follow, max-snippet:-1, max-image-preview:large, max-video-preview:-1\" \/>\n<link rel=\"canonical\" href=\"https:\/\/salesianosmaux.es\/centrojuvenil\/2023\/03\/10\/acampada-23-ga\/\" \/>\n<meta property=\"og:locale\" content=\"es_ES\" \/>\n<meta property=\"og:type\" content=\"article\" \/>\n<meta property=\"og:title\" content=\"ACAMPADA \u00b423 GA - Centro Juvenil Mar\u00eda Auxiliadora\" \/>\n<meta property=\"og:description\" content=\"Queridas Familias:\u00a0\u00a0 Nos ponemos en contacto con ustedes para presentarles la acampada del Grupo Amigos de este curso. Como siempre\u00a0 queremos ofrecer a nuestros chicos una alternativa divertida, sana y educativa. El lugar donde se realizar\u00e1 la acampada\u00a0 ser\u00e1 en el Colegio Salesiano de Ar\u00e9valo (\u00c1vila) (A 1 hora aprox. de Salamanca).\u00a0\u00a0\" \/>\n<meta property=\"og:url\" content=\"https:\/\/salesianosmaux.es\/centrojuvenil\/2023\/03\/10\/acampada-23-ga\/\" \/>\n<meta property=\"og:site_name\" content=\"Centro Juvenil Mar\u00eda Auxiliadora\" \/>\n<meta property=\"article:published_time\" content=\"2023-03-10T12:38:34+00:00\" \/>\n<meta property=\"article:modified_time\" content=\"2023-03-10T12:38:43+00:00\" \/>\n<meta property=\"og:image\" content=\"https:\/\/salesianosmaux.es\/centrojuvenil\/wp-content\/uploads\/sites\/6\/2023\/03\/imagen-acampada-GA.jpeg\" \/>\n\t<meta property=\"og:image:width\" content=\"1654\" \/>\n\t<meta property=\"og:image:height\" content=\"1654\" \/>\n\t<meta property=\"og:image:type\" content=\"image\/jpeg\" \/>\n<meta name=\"author\" content=\"centrojuvenil\" \/>\n<meta name=\"twitter:card\" content=\"summary_large_image\" \/>\n<meta name=\"twitter:label1\" content=\"Escrito por\" \/>\n\t<meta name=\"twitter:data1\" content=\"centrojuvenil\" \/>\n<script type=\"application\/ld+json\" class=\"yoast-schema-graph\">{\"@context\":\"https:\\\/\\\/schema.org\",\"@graph\":[{\"@type\":\"Article\",\"@id\":\"https:\\\/\\\/salesianosmaux.es\\\/centrojuvenil\\\/2023\\\/03\\\/10\\\/acampada-23-ga\\\/#article\",\"isPartOf\":{\"@id\":\"https:\\\/\\\/salesianosmaux.es\\\/centrojuvenil\\\/2023\\\/03\\\/10\\\/acampada-23-ga\\\/\"},\"author\":{\"name\":\"centrojuvenil\",\"@id\":\"https:\\\/\\\/salesianosmaux.es\\\/centrojuvenil\\\/#\\\/schema\\\/person\\\/2907e7467414eb7c582683323229cfa0\"},\"headline\":\"ACAMPADA \u00b423 GA\",\"datePublished\":\"2023-03-10T12:38:34+00:00\",\"dateModified\":\"2023-03-10T12:38:43+00:00\",\"mainEntityOfPage\":{\"@id\":\"https:\\\/\\\/salesianosmaux.es\\\/centrojuvenil\\\/2023\\\/03\\\/10\\\/acampada-23-ga\\\/\"},\"wordCount\":461,\"commentCount\":0,\"image\":{\"@id\":\"https:\\\/\\\/salesianosmaux.es\\\/centrojuvenil\\\/2023\\\/03\\\/10\\\/acampada-23-ga\\\/#primaryimage\"},\"thumbnailUrl\":\"https:\\\/\\\/salesianosmaux.es\\\/centrojuvenil\\\/wp-content\\\/uploads\\\/sites\\\/6\\\/2023\\\/03\\\/imagen-acampada-GA.jpeg\",\"articleSection\":[\"GA Actividades\",\"GA Noticias\",\"Grupo Amigos\"],\"inLanguage\":\"es\",\"potentialAction\":[{\"@type\":\"CommentAction\",\"name\":\"Comment\",\"target\":[\"https:\\\/\\\/salesianosmaux.es\\\/centrojuvenil\\\/2023\\\/03\\\/10\\\/acampada-23-ga\\\/#respond\"]}]},{\"@type\":\"WebPage\",\"@id\":\"https:\\\/\\\/salesianosmaux.es\\\/centrojuvenil\\\/2023\\\/03\\\/10\\\/acampada-23-ga\\\/\",\"url\":\"https:\\\/\\\/salesianosmaux.es\\\/centrojuvenil\\\/2023\\\/03\\\/10\\\/acampada-23-ga\\\/\",\"name\":\"ACAMPADA \u00b423 GA - Centro Juvenil Mar\u00eda Auxiliadora\",\"isPartOf\":{\"@id\":\"https:\\\/\\\/salesianosmaux.es\\\/centrojuvenil\\\/#website\"},\"primaryImageOfPage\":{\"@id\":\"https:\\\/\\\/salesianosmaux.es\\\/centrojuvenil\\\/2023\\\/03\\\/10\\\/acampada-23-ga\\\/#primaryimage\"},\"image\":{\"@id\":\"https:\\\/\\\/salesianosmaux.es\\\/centrojuvenil\\\/2023\\\/03\\\/10\\\/acampada-23-ga\\\/#primaryimage\"},\"thumbnailUrl\":\"https:\\\/\\\/salesianosmaux.es\\\/centrojuvenil\\\/wp-content\\\/uploads\\\/sites\\\/6\\\/2023\\\/03\\\/imagen-acampada-GA.jpeg\",\"datePublished\":\"2023-03-10T12:38:34+00:00\",\"dateModified\":\"2023-03-10T12:38:43+00:00\",\"author\":{\"@id\":\"https:\\\/\\\/salesianosmaux.es\\\/centrojuvenil\\\/#\\\/schema\\\/person\\\/2907e7467414eb7c582683323229cfa0\"},\"breadcrumb\":{\"@id\":\"https:\\\/\\\/salesianosmaux.es\\\/centrojuvenil\\\/2023\\\/03\\\/10\\\/acampada-23-ga\\\/#breadcrumb\"},\"inLanguage\":\"es\",\"potentialAction\":[{\"@type\":\"ReadAction\",\"target\":[\"https:\\\/\\\/salesianosmaux.es\\\/centrojuvenil\\\/2023\\\/03\\\/10\\\/acampada-23-ga\\\/\"]}]},{\"@type\":\"ImageObject\",\"inLanguage\":\"es\",\"@id\":\"https:\\\/\\\/salesianosmaux.es\\\/centrojuvenil\\\/2023\\\/03\\\/10\\\/acampada-23-ga\\\/#primaryimage\",\"url\":\"https:\\\/\\\/salesianosmaux.es\\\/centrojuvenil\\\/wp-content\\\/uploads\\\/sites\\\/6\\\/2023\\\/03\\\/imagen-acampada-GA.jpeg\",\"contentUrl\":\"https:\\\/\\\/salesianosmaux.es\\\/centrojuvenil\\\/wp-content\\\/uploads\\\/sites\\\/6\\\/2023\\\/03\\\/imagen-acampada-GA.jpeg\",\"width\":1654,\"height\":1654},{\"@type\":\"BreadcrumbList\",\"@id\":\"https:\\\/\\\/salesianosmaux.es\\\/centrojuvenil\\\/2023\\\/03\\\/10\\\/acampada-23-ga\\\/#breadcrumb\",\"itemListElement\":[{\"@type\":\"ListItem\",\"position\":1,\"name\":\"Portada\",\"item\":\"https:\\\/\\\/salesianosmaux.es\\\/centrojuvenil\\\/\"},{\"@type\":\"ListItem\",\"position\":2,\"name\":\"ACAMPADA \u00b423 GA\"}]},{\"@type\":\"WebSite\",\"@id\":\"https:\\\/\\\/salesianosmaux.es\\\/centrojuvenil\\\/#website\",\"url\":\"https:\\\/\\\/salesianosmaux.es\\\/centrojuvenil\\\/\",\"name\":\"Centro Juvenil Mar\u00eda Auxiliadora\",\"description\":\"\",\"potentialAction\":[{\"@type\":\"SearchAction\",\"target\":{\"@type\":\"EntryPoint\",\"urlTemplate\":\"https:\\\/\\\/salesianosmaux.es\\\/centrojuvenil\\\/?s={search_term_string}\"},\"query-input\":{\"@type\":\"PropertyValueSpecification\",\"valueRequired\":true,\"valueName\":\"search_term_string\"}}],\"inLanguage\":\"es\"},{\"@type\":\"Person\",\"@id\":\"https:\\\/\\\/salesianosmaux.es\\\/centrojuvenil\\\/#\\\/schema\\\/person\\\/2907e7467414eb7c582683323229cfa0\",\"name\":\"centrojuvenil\",\"image\":{\"@type\":\"ImageObject\",\"inLanguage\":\"es\",\"@id\":\"https:\\\/\\\/secure.gravatar.com\\\/avatar\\\/0969b94997d48dd955926fff0eedb1687ec9fd00294a727f82de75614d1751d2?s=96&d=mm&r=g\",\"url\":\"https:\\\/\\\/secure.gravatar.com\\\/avatar\\\/0969b94997d48dd955926fff0eedb1687ec9fd00294a727f82de75614d1751d2?s=96&d=mm&r=g\",\"contentUrl\":\"https:\\\/\\\/secure.gravatar.com\\\/avatar\\\/0969b94997d48dd955926fff0eedb1687ec9fd00294a727f82de75614d1751d2?s=96&d=mm&r=g\",\"caption\":\"centrojuvenil\"},\"url\":\"https:\\\/\\\/salesianosmaux.es\\\/centrojuvenil\\\/author\\\/centrojuvenil\\\/\"}]}<\/script>\n<!-- \/ Yoast SEO plugin. -->","yoast_head_json":{"title":"ACAMPADA \u00b423 GA - Centro Juvenil Mar\u00eda Auxiliadora","robots":{"index":"index","follow":"follow","max-snippet":"max-snippet:-1","max-image-preview":"max-image-preview:large","max-video-preview":"max-video-preview:-1"},"canonical":"https:\/\/salesianosmaux.es\/centrojuvenil\/2023\/03\/10\/acampada-23-ga\/","og_locale":"es_ES","og_type":"article","og_title":"ACAMPADA \u00b423 GA - Centro Juvenil Mar\u00eda Auxiliadora","og_description":"Queridas Familias:\u00a0\u00a0 Nos ponemos en contacto con ustedes para presentarles la acampada del Grupo Amigos de este curso. Como siempre\u00a0 queremos ofrecer a nuestros chicos una alternativa divertida, sana y educativa. El lugar donde se realizar\u00e1 la acampada\u00a0 ser\u00e1 en el Colegio Salesiano de Ar\u00e9valo (\u00c1vila) (A 1 hora aprox. de Salamanca).\u00a0\u00a0","og_url":"https:\/\/salesianosmaux.es\/centrojuvenil\/2023\/03\/10\/acampada-23-ga\/","og_site_name":"Centro Juvenil Mar\u00eda Auxiliadora","article_published_time":"2023-03-10T12:38:34+00:00","article_modified_time":"2023-03-10T12:38:43+00:00","og_image":[{"width":1654,"height":1654,"url":"https:\/\/salesianosmaux.es\/centrojuvenil\/wp-content\/uploads\/sites\/6\/2023\/03\/imagen-acampada-GA.jpeg","type":"image\/jpeg"}],"author":"centrojuvenil","twitter_card":"summary_large_image","twitter_misc":{"Escrito por":"centrojuvenil"},"schema":{"@context":"https:\/\/schema.org","@graph":[{"@type":"Article","@id":"https:\/\/salesianosmaux.es\/centrojuvenil\/2023\/03\/10\/acampada-23-ga\/#article","isPartOf":{"@id":"https:\/\/salesianosmaux.es\/centrojuvenil\/2023\/03\/10\/acampada-23-ga\/"},"author":{"name":"centrojuvenil","@id":"https:\/\/salesianosmaux.es\/centrojuvenil\/#\/schema\/person\/2907e7467414eb7c582683323229cfa0"},"headline":"ACAMPADA \u00b423 GA","datePublished":"2023-03-10T12:38:34+00:00","dateModified":"2023-03-10T12:38:43+00:00","mainEntityOfPage":{"@id":"https:\/\/salesianosmaux.es\/centrojuvenil\/2023\/03\/10\/acampada-23-ga\/"},"wordCount":461,"commentCount":0,"image":{"@id":"https:\/\/salesianosmaux.es\/centrojuvenil\/2023\/03\/10\/acampada-23-ga\/#primaryimage"},"thumbnailUrl":"https:\/\/salesianosmaux.es\/centrojuvenil\/wp-content\/uploads\/sites\/6\/2023\/03\/imagen-acampada-GA.jpeg","articleSection":["GA Actividades","GA Noticias","Grupo Amigos"],"inLanguage":"es","potentialAction":[{"@type":"CommentAction","name":"Comment","target":["https:\/\/salesianosmaux.es\/centrojuvenil\/2023\/03\/10\/acampada-23-ga\/#respond"]}]},{"@type":"WebPage","@id":"https:\/\/salesianosmaux.es\/centrojuvenil\/2023\/03\/10\/acampada-23-ga\/","url":"https:\/\/salesianosmaux.es\/centrojuvenil\/2023\/03\/10\/acampada-23-ga\/","name":"ACAMPADA \u00b423 GA - Centro Juvenil Mar\u00eda Auxiliadora","isPartOf":{"@id":"https:\/\/salesianosmaux.es\/centrojuvenil\/#website"},"primaryImageOfPage":{"@id":"https:\/\/salesianosmaux.es\/centrojuvenil\/2023\/03\/10\/acampada-23-ga\/#primaryimage"},"image":{"@id":"https:\/\/salesianosmaux.es\/centrojuvenil\/2023\/03\/10\/acampada-23-ga\/#primaryimage"},"thumbnailUrl":"https:\/\/salesianosmaux.es\/centrojuvenil\/wp-content\/uploads\/sites\/6\/2023\/03\/imagen-acampada-GA.jpeg","datePublished":"2023-03-10T12:38:34+00:00","dateModified":"2023-03-10T12:38:43+00:00","author":{"@id":"https:\/\/salesianosmaux.es\/centrojuvenil\/#\/schema\/person\/2907e7467414eb7c582683323229cfa0"},"breadcrumb":{"@id":"https:\/\/salesianosmaux.es\/centrojuvenil\/2023\/03\/10\/acampada-23-ga\/#breadcrumb"},"inLanguage":"es","potentialAction":[{"@type":"ReadAction","target":["https:\/\/salesianosmaux.es\/centrojuvenil\/2023\/03\/10\/acampada-23-ga\/"]}]},{"@type":"ImageObject","inLanguage":"es","@id":"https:\/\/salesianosmaux.es\/centrojuvenil\/2023\/03\/10\/acampada-23-ga\/#primaryimage","url":"https:\/\/salesianosmaux.es\/centrojuvenil\/wp-content\/uploads\/sites\/6\/2023\/03\/imagen-acampada-GA.jpeg","contentUrl":"https:\/\/salesianosmaux.es\/centrojuvenil\/wp-content\/uploads\/sites\/6\/2023\/03\/imagen-acampada-GA.jpeg","width":1654,"height":1654},{"@type":"BreadcrumbList","@id":"https:\/\/salesianosmaux.es\/centrojuvenil\/2023\/03\/10\/acampada-23-ga\/#breadcrumb","itemListElement":[{"@type":"ListItem","position":1,"name":"Portada","item":"https:\/\/salesianosmaux.es\/centrojuvenil\/"},{"@type":"ListItem","position":2,"name":"ACAMPADA \u00b423 GA"}]},{"@type":"WebSite","@id":"https:\/\/salesianosmaux.es\/centrojuvenil\/#website","url":"https:\/\/salesianosmaux.es\/centrojuvenil\/","name":"Centro Juvenil Mar\u00eda Auxiliadora","description":"","potentialAction":[{"@type":"SearchAction","target":{"@type":"EntryPoint","urlTemplate":"https:\/\/salesianosmaux.es\/centrojuvenil\/?s={search_term_string}"},"query-input":{"@type":"PropertyValueSpecification","valueRequired":true,"valueName":"search_term_string"}}],"inLanguage":"es"},{"@type":"Person","@id":"https:\/\/salesianosmaux.es\/centrojuvenil\/#\/schema\/person\/2907e7467414eb7c582683323229cfa0","name":"centrojuvenil","image":{"@type":"ImageObject","inLanguage":"es","@id":"https:\/\/secure.gravatar.com\/avatar\/0969b94997d48dd955926fff0eedb1687ec9fd00294a727f82de75614d1751d2?s=96&d=mm&r=g","url":"https:\/\/secure.gravatar.com\/avatar\/0969b94997d48dd955926fff0eedb1687ec9fd00294a727f82de75614d1751d2?s=96&d=mm&r=g","contentUrl":"https:\/\/secure.gravatar.com\/avatar\/0969b94997d48dd955926fff0eedb1687ec9fd00294a727f82de75614d1751d2?s=96&d=mm&r=g","caption":"centrojuvenil"},"url":"https:\/\/salesianosmaux.es\/centrojuvenil\/author\/centrojuvenil\/"}]}},"_links":{"self":[{"href":"https:\/\/salesianosmaux.es\/centrojuvenil\/wp-json\/wp\/v2\/posts\/811","targetHints":{"allow":["GET"]}}],"collection":[{"href":"https:\/\/salesianosmaux.es\/centrojuvenil\/wp-json\/wp\/v2\/posts"}],"about":[{"href":"https:\/\/salesianosmaux.es\/centrojuvenil\/wp-json\/wp\/v2\/types\/post"}],"author":[{"embeddable":true,"href":"https:\/\/salesianosmaux.es\/centrojuvenil\/wp-json\/wp\/v2\/users\/4"}],"replies":[{"embeddable":true,"href":"https:\/\/salesianosmaux.es\/centrojuvenil\/wp-json\/wp\/v2\/comments?post=811"}],"version-history":[{"count":2,"href":"https:\/\/salesianosmaux.es\/centrojuvenil\/wp-json\/wp\/v2\/posts\/811\/revisions"}],"predecessor-version":[{"id":813,"href":"https:\/\/salesianosmaux.es\/centrojuvenil\/wp-json\/wp\/v2\/posts\/811\/revisions\/813"}],"wp:featuredmedia":[{"embeddable":true,"href":"https:\/\/salesianosmaux.es\/centrojuvenil\/wp-json\/wp\/v2\/media\/808"}],"wp:attachment":[{"href":"https:\/\/salesianosmaux.es\/centrojuvenil\/wp-json\/wp\/v2\/media?parent=811"}],"wp:term":[{"taxonomy":"category","embeddable":true,"href":"https:\/\/salesianosmaux.es\/centrojuvenil\/wp-json\/wp\/v2\/categories?post=811"},{"taxonomy":"post_tag","embeddable":true,"href":"https:\/\/salesianosmaux.es\/centrojuvenil\/wp-json\/wp\/v2\/tags?post=811"}],"curies":[{"name":"wp","href":"https:\/\/api.w.org\/{rel}","templated":true}]}}