{"id":864,"date":"2023-04-16T18:19:02","date_gmt":"2023-04-16T18:19:02","guid":{"rendered":"https:\/\/salesianosmaux.es\/centrojuvenil\/?p=864"},"modified":"2023-04-16T18:19:04","modified_gmt":"2023-04-16T18:19:04","slug":"informacion-campamento-sj","status":"publish","type":"post","link":"https:\/\/salesianosmaux.es\/centrojuvenil\/2023\/04\/16\/informacion-campamento-sj\/","title":{"rendered":"Informaci\u00f3n CAMPAMENTO SJ"},"content":{"rendered":"\n[et_pb_section fb_built=\u00bb1&#8243; _builder_version=\u00bb4.20.2&#8243; _module_preset=\u00bbdefault\u00bb global_colors_info=\u00bb{}\u00bb][et_pb_row _builder_version=\u00bb4.20.2&#8243; _module_preset=\u00bbdefault\u00bb global_colors_info=\u00bb{}\u00bb][et_pb_column type=\u00bb4_4&#8243; _builder_version=\u00bb4.20.2&#8243; _module_preset=\u00bbdefault\u00bb global_colors_info=\u00bb{}\u00bb][et_pb_text _builder_version=\u00bb4.20.2&#8243; _module_preset=\u00bbdefault\u00bb global_colors_info=\u00bb{}\u00bb]<p>Queridas familias de la Secci\u00f3n Juvenil:<\/p>\n<p>Ya podemos decir que la actividad m\u00e1s especial de la Secci\u00f3n Juvenil, est\u00e1 de vuelta: <strong>CAMPAMENTO DE VERANO<\/strong>.<\/p>\n<p>Las <span style=\"text-decoration: underline\">fechas<\/span> del campamento ser\u00e1n: del <strong>15 al 28 de julio de 2023<\/strong>.<\/p>\n<p><span style=\"text-decoration: underline\">Lugar<\/span>: <strong>Navasfr\u00edas<\/strong> (Salamanca)<\/p>\n<p><span style=\"text-decoration: underline\">Participantes<\/span>: de <strong>3\u00baESO hasta 2\u00baBACH<\/strong><\/p>\n<p><span style=\"text-decoration: underline\">Precio<\/span>:<\/p>\n<p><strong>&#8211; Socios<\/strong>: 325\u20ac<br \/><strong>&#8211; No socios<\/strong>: 350\u20ac<\/p>\n<p>Ahora bien, queremos detallaros muy bien la forma de inscribirse:<\/p>\n<p><strong>1\u00ba<\/strong> Rellena la inscripci\u00f3n y la ficha m\u00e9dica (<strong>DEBE ESTAR OBLIGATORIAMENTE IMPRESA A DOBLE CARA<\/strong>)<br \/><strong>2\u00ba<\/strong> <em>La inscripci\u00f3n se finaliza en cuanto efectu\u00e9is el pago<\/em> de 325\u20ac socios y 350\u20ac no socios, en la cuenta de <strong>Banco Santander del CJ Maux<\/strong>, indicando <span style=\"text-decoration: underline\">Nombre del participante + Campamento Verano Secci\u00f3n Juvenil<\/span>: <strong>ES13 0075 5756 1706 0500 5322<\/strong><\/p>\n<p>(Tambi\u00e9n existe la posibilidad de pagarlo de forma fraccionada, como pod\u00e9is ver en el Power Point que encontrar\u00e9is abajo del todo de esta misma noticia)<\/p>\n<p><strong>Muy importante<\/strong>: Preferencia <em>SOCIOS<\/em> a <em>NO SOCIOS<\/em>.<\/p>\n<p>Se recoger\u00e1n las inscripciones <strong>\u00fanicamente <\/strong>en HORARIO DE SECCI\u00d3N JUVENIL los fines de semana del <span style=\"text-decoration: underline\">21-22 de abril<\/span>, <span style=\"text-decoration: underline\">5-6 de mayo<\/span> y <span style=\"text-decoration: underline\">12 y 13 de mayo<\/span>. Unicamente se recoger\u00e1n en mano <strong>FECHA L\u00cdMITE DE INSCRIPCI\u00d3N 13 MAYO DE 2023<\/strong><br \/>El campamento de verano, es una de las mejores experiencias que los chicos y chicas pueden llevar a cabo en el Centro Juvenil, no solo por la todas las actividades que se realizan, sino por todos los valores que se aprenden.<\/p>\n<p>Adem\u00e1s, el campamento de la Secci\u00f3n Juvenil se junta con otros Centros Juveniles para potenciar la experiencia al m\u00e1ximo: <strong>Piza<\/strong> (Salamanca), <strong>PuertoBosco<\/strong> (Puertollano) y Paseo de Extremadura (Madrid).<\/p>\n<p><strong>Muy importante leer atentamente la inscripci\u00f3n, y rellenar todos los datos\u00a0que\u00a0se\u00a0piden.<\/strong><\/p>\n<p>Por nuestra parte, esto es todo. Esperamos haberles sido de ayuda, y cualquier duda que les puedan ir surgiendo, estamos disponibles por el correo de la Secci\u00f3n Juvenil y RR.SS.<\/p>\n<p>El equipo de animadores de la Secci\u00f3n Juvenil.<\/p>[\/et_pb_text][et_pb_blurb title=\u00bbDOCUMENTACI\u00d3N NECESARIA\u00bb _builder_version=\u00bb4.20.2&#8243; _module_preset=\u00bbdefault\u00bb use_icon=\u00bbon\u00bb font_icon=\u00bb&#xf15c;||fa||900&#8243; url=\u00bbhttps:\/\/drive.google.com\/drive\/u\/0\/folders\/1Eof4eBI-vFvzOZjoLI8JGY22KWwx5kMA\u00bb url_new_window=\u00bbon\u00bb hover_enabled=\u00bb0&#8243; sticky_enabled=\u00bb0&#8243;][\/et_pb_blurb][\/et_pb_column][\/et_pb_row][\/et_pb_section]\n","protected":false},"excerpt":{"rendered":"<p>Queridas familias de la Secci\u00f3n Juvenil:<br \/>\nYa podemos decir que la actividad m\u00e1s especial de la Secci\u00f3n Juvenil, est\u00e1 de vuelta: CAMPAMENTO DE VERANO.<br \/>\nLas fechas del campamento ser\u00e1n: del 15 al 28 de julio de 2023&#8230;<\/p>\n","protected":false},"author":4,"featured_media":865,"comment_status":"open","ping_status":"open","sticky":false,"template":"","format":"standard","meta":{"_et_pb_use_builder":"on","_et_pb_old_content":"","_et_gb_content_width":"","footnotes":""},"categories":[41,11,35,36],"tags":[],"class_list":["post-864","post","type-post","status-publish","format-standard","has-post-thumbnail","hentry","category-centro-juvenil-2","category-seccion-juvenil","category-sj-actividades","category-sj-noticias"],"yoast_head":"<!-- This site is optimized with the Yoast SEO plugin v27.4 - https:\/\/yoast.com\/product\/yoast-seo-wordpress\/ -->\n<title>Informaci\u00f3n CAMPAMENTO SJ - Centro Juvenil Mar\u00eda Auxiliadora<\/title>\n<meta name=\"robots\" content=\"index, follow, max-snippet:-1, max-image-preview:large, max-video-preview:-1\" \/>\n<link rel=\"canonical\" href=\"https:\/\/salesianosmaux.es\/centrojuvenil\/2023\/04\/16\/informacion-campamento-sj\/\" \/>\n<meta property=\"og:locale\" content=\"es_ES\" \/>\n<meta property=\"og:type\" content=\"article\" \/>\n<meta property=\"og:title\" content=\"Informaci\u00f3n CAMPAMENTO SJ - Centro Juvenil Mar\u00eda Auxiliadora\" \/>\n<meta property=\"og:description\" content=\"Queridas familias de la Secci\u00f3n Juvenil: Ya podemos decir que la actividad m\u00e1s especial de la Secci\u00f3n Juvenil, est\u00e1 de vuelta: CAMPAMENTO DE VERANO. Las fechas del campamento ser\u00e1n: del 15 al 28 de julio de 2023...\" \/>\n<meta property=\"og:url\" content=\"https:\/\/salesianosmaux.es\/centrojuvenil\/2023\/04\/16\/informacion-campamento-sj\/\" \/>\n<meta property=\"og:site_name\" content=\"Centro Juvenil Mar\u00eda Auxiliadora\" \/>\n<meta property=\"article:published_time\" content=\"2023-04-16T18:19:02+00:00\" \/>\n<meta property=\"article:modified_time\" content=\"2023-04-16T18:19:04+00:00\" \/>\n<meta property=\"og:image\" content=\"https:\/\/salesianosmaux.es\/centrojuvenil\/wp-content\/uploads\/sites\/6\/2023\/04\/campamento.jpg\" \/>\n\t<meta property=\"og:image:width\" content=\"1080\" \/>\n\t<meta property=\"og:image:height\" content=\"1080\" \/>\n\t<meta property=\"og:image:type\" content=\"image\/jpeg\" \/>\n<meta name=\"author\" content=\"centrojuvenil\" \/>\n<meta name=\"twitter:card\" content=\"summary_large_image\" \/>\n<meta name=\"twitter:label1\" content=\"Escrito por\" \/>\n\t<meta name=\"twitter:data1\" content=\"centrojuvenil\" \/>\n\t<meta name=\"twitter:label2\" content=\"Tiempo de lectura\" \/>\n\t<meta name=\"twitter:data2\" content=\"2 minutos\" \/>\n<script type=\"application\/ld+json\" class=\"yoast-schema-graph\">{\"@context\":\"https:\\\/\\\/schema.org\",\"@graph\":[{\"@type\":\"Article\",\"@id\":\"https:\\\/\\\/salesianosmaux.es\\\/centrojuvenil\\\/2023\\\/04\\\/16\\\/informacion-campamento-sj\\\/#article\",\"isPartOf\":{\"@id\":\"https:\\\/\\\/salesianosmaux.es\\\/centrojuvenil\\\/2023\\\/04\\\/16\\\/informacion-campamento-sj\\\/\"},\"author\":{\"name\":\"centrojuvenil\",\"@id\":\"https:\\\/\\\/salesianosmaux.es\\\/centrojuvenil\\\/#\\\/schema\\\/person\\\/2907e7467414eb7c582683323229cfa0\"},\"headline\":\"Informaci\u00f3n CAMPAMENTO SJ\",\"datePublished\":\"2023-04-16T18:19:02+00:00\",\"dateModified\":\"2023-04-16T18:19:04+00:00\",\"mainEntityOfPage\":{\"@id\":\"https:\\\/\\\/salesianosmaux.es\\\/centrojuvenil\\\/2023\\\/04\\\/16\\\/informacion-campamento-sj\\\/\"},\"wordCount\":425,\"commentCount\":0,\"image\":{\"@id\":\"https:\\\/\\\/salesianosmaux.es\\\/centrojuvenil\\\/2023\\\/04\\\/16\\\/informacion-campamento-sj\\\/#primaryimage\"},\"thumbnailUrl\":\"https:\\\/\\\/salesianosmaux.es\\\/centrojuvenil\\\/wp-content\\\/uploads\\\/sites\\\/6\\\/2023\\\/04\\\/campamento.jpg\",\"articleSection\":[\"Centro Juvenil\",\"Secci\u00f3n Juvenil\",\"SJ Actividades\",\"SJ Noticias\"],\"inLanguage\":\"es\",\"potentialAction\":[{\"@type\":\"CommentAction\",\"name\":\"Comment\",\"target\":[\"https:\\\/\\\/salesianosmaux.es\\\/centrojuvenil\\\/2023\\\/04\\\/16\\\/informacion-campamento-sj\\\/#respond\"]}]},{\"@type\":\"WebPage\",\"@id\":\"https:\\\/\\\/salesianosmaux.es\\\/centrojuvenil\\\/2023\\\/04\\\/16\\\/informacion-campamento-sj\\\/\",\"url\":\"https:\\\/\\\/salesianosmaux.es\\\/centrojuvenil\\\/2023\\\/04\\\/16\\\/informacion-campamento-sj\\\/\",\"name\":\"Informaci\u00f3n CAMPAMENTO SJ - Centro Juvenil Mar\u00eda Auxiliadora\",\"isPartOf\":{\"@id\":\"https:\\\/\\\/salesianosmaux.es\\\/centrojuvenil\\\/#website\"},\"primaryImageOfPage\":{\"@id\":\"https:\\\/\\\/salesianosmaux.es\\\/centrojuvenil\\\/2023\\\/04\\\/16\\\/informacion-campamento-sj\\\/#primaryimage\"},\"image\":{\"@id\":\"https:\\\/\\\/salesianosmaux.es\\\/centrojuvenil\\\/2023\\\/04\\\/16\\\/informacion-campamento-sj\\\/#primaryimage\"},\"thumbnailUrl\":\"https:\\\/\\\/salesianosmaux.es\\\/centrojuvenil\\\/wp-content\\\/uploads\\\/sites\\\/6\\\/2023\\\/04\\\/campamento.jpg\",\"datePublished\":\"2023-04-16T18:19:02+00:00\",\"dateModified\":\"2023-04-16T18:19:04+00:00\",\"author\":{\"@id\":\"https:\\\/\\\/salesianosmaux.es\\\/centrojuvenil\\\/#\\\/schema\\\/person\\\/2907e7467414eb7c582683323229cfa0\"},\"breadcrumb\":{\"@id\":\"https:\\\/\\\/salesianosmaux.es\\\/centrojuvenil\\\/2023\\\/04\\\/16\\\/informacion-campamento-sj\\\/#breadcrumb\"},\"inLanguage\":\"es\",\"potentialAction\":[{\"@type\":\"ReadAction\",\"target\":[\"https:\\\/\\\/salesianosmaux.es\\\/centrojuvenil\\\/2023\\\/04\\\/16\\\/informacion-campamento-sj\\\/\"]}]},{\"@type\":\"ImageObject\",\"inLanguage\":\"es\",\"@id\":\"https:\\\/\\\/salesianosmaux.es\\\/centrojuvenil\\\/2023\\\/04\\\/16\\\/informacion-campamento-sj\\\/#primaryimage\",\"url\":\"https:\\\/\\\/salesianosmaux.es\\\/centrojuvenil\\\/wp-content\\\/uploads\\\/sites\\\/6\\\/2023\\\/04\\\/campamento.jpg\",\"contentUrl\":\"https:\\\/\\\/salesianosmaux.es\\\/centrojuvenil\\\/wp-content\\\/uploads\\\/sites\\\/6\\\/2023\\\/04\\\/campamento.jpg\",\"width\":1080,\"height\":1080,\"caption\":\"Cualquier monta\u00f1a puede ser especial, lo importante es saber apreciarla como tal con nuestras vivencias. Ja\u00e9n, 2017, mi primera acampada de verano, mi pa\u00f1oleta al cuello iba recordandome todo aquello que soy capaz de ver y vivir junto a mis compa\u00f1eros, solo por el mero hecho de ser scout. Siempre mir\u00e1bamos al frente para saber que nos deparar\u00eda el futuro en unas pisadas m\u00e1s, nunca mir\u00e1bamos atr\u00e1s, donde solo el pasado nos recordaba cuantos km hab\u00edamos hecho. Todo aquello experimentado con risas, llantos y sonrisas... y todo aquello experimentado fue simple y sencillamente por una monta\u00f1a cualquiera... As\u00ed que monta\u00f1a cualquiera dime, \u00bfpor qu\u00e9 solo por la simple raz\u00f3n de estar all\u00ed en contacto contigo durante varios d\u00edas, has podido convertirte en algo tan especial para m\u00ed?\u00bfPor qu\u00e9 siempre quedar\u00e1s en mi mente aunque solo seas una monta\u00f1a cualquiera? Seras una monta\u00f1a cualquiera para otros pero para m\u00ed eres mi monta\u00f1a cualquiera... SLPS ------- Esta foto est\u00e1 hecha con mi anterior grupo, ahora estoy en uno nuevo. A\u00fan as\u00ed quiero agradecerles todo lo que he aprendido con ellos y por todos aquellos buenos momentos...Gracias Grupo: Grupo Scout Oromana 712 Nombre: Sara #mimonta\u00f1ascout #discovercolumbus\"},{\"@type\":\"BreadcrumbList\",\"@id\":\"https:\\\/\\\/salesianosmaux.es\\\/centrojuvenil\\\/2023\\\/04\\\/16\\\/informacion-campamento-sj\\\/#breadcrumb\",\"itemListElement\":[{\"@type\":\"ListItem\",\"position\":1,\"name\":\"Portada\",\"item\":\"https:\\\/\\\/salesianosmaux.es\\\/centrojuvenil\\\/\"},{\"@type\":\"ListItem\",\"position\":2,\"name\":\"Informaci\u00f3n CAMPAMENTO SJ\"}]},{\"@type\":\"WebSite\",\"@id\":\"https:\\\/\\\/salesianosmaux.es\\\/centrojuvenil\\\/#website\",\"url\":\"https:\\\/\\\/salesianosmaux.es\\\/centrojuvenil\\\/\",\"name\":\"Centro Juvenil Mar\u00eda Auxiliadora\",\"description\":\"\",\"potentialAction\":[{\"@type\":\"SearchAction\",\"target\":{\"@type\":\"EntryPoint\",\"urlTemplate\":\"https:\\\/\\\/salesianosmaux.es\\\/centrojuvenil\\\/?s={search_term_string}\"},\"query-input\":{\"@type\":\"PropertyValueSpecification\",\"valueRequired\":true,\"valueName\":\"search_term_string\"}}],\"inLanguage\":\"es\"},{\"@type\":\"Person\",\"@id\":\"https:\\\/\\\/salesianosmaux.es\\\/centrojuvenil\\\/#\\\/schema\\\/person\\\/2907e7467414eb7c582683323229cfa0\",\"name\":\"centrojuvenil\",\"image\":{\"@type\":\"ImageObject\",\"inLanguage\":\"es\",\"@id\":\"https:\\\/\\\/secure.gravatar.com\\\/avatar\\\/0969b94997d48dd955926fff0eedb1687ec9fd00294a727f82de75614d1751d2?s=96&d=mm&r=g\",\"url\":\"https:\\\/\\\/secure.gravatar.com\\\/avatar\\\/0969b94997d48dd955926fff0eedb1687ec9fd00294a727f82de75614d1751d2?s=96&d=mm&r=g\",\"contentUrl\":\"https:\\\/\\\/secure.gravatar.com\\\/avatar\\\/0969b94997d48dd955926fff0eedb1687ec9fd00294a727f82de75614d1751d2?s=96&d=mm&r=g\",\"caption\":\"centrojuvenil\"},\"url\":\"https:\\\/\\\/salesianosmaux.es\\\/centrojuvenil\\\/author\\\/centrojuvenil\\\/\"}]}<\/script>\n<!-- \/ Yoast SEO plugin. -->","yoast_head_json":{"title":"Informaci\u00f3n CAMPAMENTO SJ - Centro Juvenil Mar\u00eda Auxiliadora","robots":{"index":"index","follow":"follow","max-snippet":"max-snippet:-1","max-image-preview":"max-image-preview:large","max-video-preview":"max-video-preview:-1"},"canonical":"https:\/\/salesianosmaux.es\/centrojuvenil\/2023\/04\/16\/informacion-campamento-sj\/","og_locale":"es_ES","og_type":"article","og_title":"Informaci\u00f3n CAMPAMENTO SJ - Centro Juvenil Mar\u00eda Auxiliadora","og_description":"Queridas familias de la Secci\u00f3n Juvenil: Ya podemos decir que la actividad m\u00e1s especial de la Secci\u00f3n Juvenil, est\u00e1 de vuelta: CAMPAMENTO DE VERANO. Las fechas del campamento ser\u00e1n: del 15 al 28 de julio de 2023...","og_url":"https:\/\/salesianosmaux.es\/centrojuvenil\/2023\/04\/16\/informacion-campamento-sj\/","og_site_name":"Centro Juvenil Mar\u00eda Auxiliadora","article_published_time":"2023-04-16T18:19:02+00:00","article_modified_time":"2023-04-16T18:19:04+00:00","og_image":[{"width":1080,"height":1080,"url":"https:\/\/salesianosmaux.es\/centrojuvenil\/wp-content\/uploads\/sites\/6\/2023\/04\/campamento.jpg","type":"image\/jpeg"}],"author":"centrojuvenil","twitter_card":"summary_large_image","twitter_misc":{"Escrito por":"centrojuvenil","Tiempo de lectura":"2 minutos"},"schema":{"@context":"https:\/\/schema.org","@graph":[{"@type":"Article","@id":"https:\/\/salesianosmaux.es\/centrojuvenil\/2023\/04\/16\/informacion-campamento-sj\/#article","isPartOf":{"@id":"https:\/\/salesianosmaux.es\/centrojuvenil\/2023\/04\/16\/informacion-campamento-sj\/"},"author":{"name":"centrojuvenil","@id":"https:\/\/salesianosmaux.es\/centrojuvenil\/#\/schema\/person\/2907e7467414eb7c582683323229cfa0"},"headline":"Informaci\u00f3n CAMPAMENTO SJ","datePublished":"2023-04-16T18:19:02+00:00","dateModified":"2023-04-16T18:19:04+00:00","mainEntityOfPage":{"@id":"https:\/\/salesianosmaux.es\/centrojuvenil\/2023\/04\/16\/informacion-campamento-sj\/"},"wordCount":425,"commentCount":0,"image":{"@id":"https:\/\/salesianosmaux.es\/centrojuvenil\/2023\/04\/16\/informacion-campamento-sj\/#primaryimage"},"thumbnailUrl":"https:\/\/salesianosmaux.es\/centrojuvenil\/wp-content\/uploads\/sites\/6\/2023\/04\/campamento.jpg","articleSection":["Centro Juvenil","Secci\u00f3n Juvenil","SJ Actividades","SJ Noticias"],"inLanguage":"es","potentialAction":[{"@type":"CommentAction","name":"Comment","target":["https:\/\/salesianosmaux.es\/centrojuvenil\/2023\/04\/16\/informacion-campamento-sj\/#respond"]}]},{"@type":"WebPage","@id":"https:\/\/salesianosmaux.es\/centrojuvenil\/2023\/04\/16\/informacion-campamento-sj\/","url":"https:\/\/salesianosmaux.es\/centrojuvenil\/2023\/04\/16\/informacion-campamento-sj\/","name":"Informaci\u00f3n CAMPAMENTO SJ - Centro Juvenil Mar\u00eda Auxiliadora","isPartOf":{"@id":"https:\/\/salesianosmaux.es\/centrojuvenil\/#website"},"primaryImageOfPage":{"@id":"https:\/\/salesianosmaux.es\/centrojuvenil\/2023\/04\/16\/informacion-campamento-sj\/#primaryimage"},"image":{"@id":"https:\/\/salesianosmaux.es\/centrojuvenil\/2023\/04\/16\/informacion-campamento-sj\/#primaryimage"},"thumbnailUrl":"https:\/\/salesianosmaux.es\/centrojuvenil\/wp-content\/uploads\/sites\/6\/2023\/04\/campamento.jpg","datePublished":"2023-04-16T18:19:02+00:00","dateModified":"2023-04-16T18:19:04+00:00","author":{"@id":"https:\/\/salesianosmaux.es\/centrojuvenil\/#\/schema\/person\/2907e7467414eb7c582683323229cfa0"},"breadcrumb":{"@id":"https:\/\/salesianosmaux.es\/centrojuvenil\/2023\/04\/16\/informacion-campamento-sj\/#breadcrumb"},"inLanguage":"es","potentialAction":[{"@type":"ReadAction","target":["https:\/\/salesianosmaux.es\/centrojuvenil\/2023\/04\/16\/informacion-campamento-sj\/"]}]},{"@type":"ImageObject","inLanguage":"es","@id":"https:\/\/salesianosmaux.es\/centrojuvenil\/2023\/04\/16\/informacion-campamento-sj\/#primaryimage","url":"https:\/\/salesianosmaux.es\/centrojuvenil\/wp-content\/uploads\/sites\/6\/2023\/04\/campamento.jpg","contentUrl":"https:\/\/salesianosmaux.es\/centrojuvenil\/wp-content\/uploads\/sites\/6\/2023\/04\/campamento.jpg","width":1080,"height":1080,"caption":"Cualquier monta\u00f1a puede ser especial, lo importante es saber apreciarla como tal con nuestras vivencias. Ja\u00e9n, 2017, mi primera acampada de verano, mi pa\u00f1oleta al cuello iba recordandome todo aquello que soy capaz de ver y vivir junto a mis compa\u00f1eros, solo por el mero hecho de ser scout. Siempre mir\u00e1bamos al frente para saber que nos deparar\u00eda el futuro en unas pisadas m\u00e1s, nunca mir\u00e1bamos atr\u00e1s, donde solo el pasado nos recordaba cuantos km hab\u00edamos hecho. Todo aquello experimentado con risas, llantos y sonrisas... y todo aquello experimentado fue simple y sencillamente por una monta\u00f1a cualquiera... As\u00ed que monta\u00f1a cualquiera dime, \u00bfpor qu\u00e9 solo por la simple raz\u00f3n de estar all\u00ed en contacto contigo durante varios d\u00edas, has podido convertirte en algo tan especial para m\u00ed?\u00bfPor qu\u00e9 siempre quedar\u00e1s en mi mente aunque solo seas una monta\u00f1a cualquiera? Seras una monta\u00f1a cualquiera para otros pero para m\u00ed eres mi monta\u00f1a cualquiera... SLPS ------- Esta foto est\u00e1 hecha con mi anterior grupo, ahora estoy en uno nuevo. A\u00fan as\u00ed quiero agradecerles todo lo que he aprendido con ellos y por todos aquellos buenos momentos...Gracias Grupo: Grupo Scout Oromana 712 Nombre: Sara #mimonta\u00f1ascout #discovercolumbus"},{"@type":"BreadcrumbList","@id":"https:\/\/salesianosmaux.es\/centrojuvenil\/2023\/04\/16\/informacion-campamento-sj\/#breadcrumb","itemListElement":[{"@type":"ListItem","position":1,"name":"Portada","item":"https:\/\/salesianosmaux.es\/centrojuvenil\/"},{"@type":"ListItem","position":2,"name":"Informaci\u00f3n CAMPAMENTO SJ"}]},{"@type":"WebSite","@id":"https:\/\/salesianosmaux.es\/centrojuvenil\/#website","url":"https:\/\/salesianosmaux.es\/centrojuvenil\/","name":"Centro Juvenil Mar\u00eda Auxiliadora","description":"","potentialAction":[{"@type":"SearchAction","target":{"@type":"EntryPoint","urlTemplate":"https:\/\/salesianosmaux.es\/centrojuvenil\/?s={search_term_string}"},"query-input":{"@type":"PropertyValueSpecification","valueRequired":true,"valueName":"search_term_string"}}],"inLanguage":"es"},{"@type":"Person","@id":"https:\/\/salesianosmaux.es\/centrojuvenil\/#\/schema\/person\/2907e7467414eb7c582683323229cfa0","name":"centrojuvenil","image":{"@type":"ImageObject","inLanguage":"es","@id":"https:\/\/secure.gravatar.com\/avatar\/0969b94997d48dd955926fff0eedb1687ec9fd00294a727f82de75614d1751d2?s=96&d=mm&r=g","url":"https:\/\/secure.gravatar.com\/avatar\/0969b94997d48dd955926fff0eedb1687ec9fd00294a727f82de75614d1751d2?s=96&d=mm&r=g","contentUrl":"https:\/\/secure.gravatar.com\/avatar\/0969b94997d48dd955926fff0eedb1687ec9fd00294a727f82de75614d1751d2?s=96&d=mm&r=g","caption":"centrojuvenil"},"url":"https:\/\/salesianosmaux.es\/centrojuvenil\/author\/centrojuvenil\/"}]}},"_links":{"self":[{"href":"https:\/\/salesianosmaux.es\/centrojuvenil\/wp-json\/wp\/v2\/posts\/864","targetHints":{"allow":["GET"]}}],"collection":[{"href":"https:\/\/salesianosmaux.es\/centrojuvenil\/wp-json\/wp\/v2\/posts"}],"about":[{"href":"https:\/\/salesianosmaux.es\/centrojuvenil\/wp-json\/wp\/v2\/types\/post"}],"author":[{"embeddable":true,"href":"https:\/\/salesianosmaux.es\/centrojuvenil\/wp-json\/wp\/v2\/users\/4"}],"replies":[{"embeddable":true,"href":"https:\/\/salesianosmaux.es\/centrojuvenil\/wp-json\/wp\/v2\/comments?post=864"}],"version-history":[{"count":8,"href":"https:\/\/salesianosmaux.es\/centrojuvenil\/wp-json\/wp\/v2\/posts\/864\/revisions"}],"predecessor-version":[{"id":875,"href":"https:\/\/salesianosmaux.es\/centrojuvenil\/wp-json\/wp\/v2\/posts\/864\/revisions\/875"}],"wp:featuredmedia":[{"embeddable":true,"href":"https:\/\/salesianosmaux.es\/centrojuvenil\/wp-json\/wp\/v2\/media\/865"}],"wp:attachment":[{"href":"https:\/\/salesianosmaux.es\/centrojuvenil\/wp-json\/wp\/v2\/media?parent=864"}],"wp:term":[{"taxonomy":"category","embeddable":true,"href":"https:\/\/salesianosmaux.es\/centrojuvenil\/wp-json\/wp\/v2\/categories?post=864"},{"taxonomy":"post_tag","embeddable":true,"href":"https:\/\/salesianosmaux.es\/centrojuvenil\/wp-json\/wp\/v2\/tags?post=864"}],"curies":[{"name":"wp","href":"https:\/\/api.w.org\/{rel}","templated":true}]}}