{"id":253,"date":"2022-09-17T19:28:49","date_gmt":"2022-09-17T19:28:49","guid":{"rendered":"https:\/\/salesianosmaux.es\/clubdeportivo\/?p=253"},"modified":"2022-09-17T19:28:49","modified_gmt":"2022-09-17T19:28:49","slug":"el-deporte-educativo-salesiano-abre-caminos","status":"publish","type":"post","link":"https:\/\/salesianosmaux.es\/clubdeportivo\/2022\/09\/17\/el-deporte-educativo-salesiano-abre-caminos\/","title":{"rendered":"El deporte educativo salesiano abre caminos"},"content":{"rendered":"<p>[et_pb_section fb_built=\u00bb1&#8243; theme_builder_area=\u00bbpost_content\u00bb _builder_version=\u00bb4.18.0&#8243; _module_preset=\u00bbdefault\u00bb][et_pb_row _builder_version=\u00bb4.18.0&#8243; _module_preset=\u00bbdefault\u00bb theme_builder_area=\u00bbpost_content\u00bb][et_pb_column _builder_version=\u00bb4.18.0&#8243; _module_preset=\u00bbdefault\u00bb type=\u00bb4_4&#8243; theme_builder_area=\u00bbpost_content\u00bb][et_pb_text _builder_version=\u00bb4.18.0&#8243; _module_preset=\u00bbdefault\u00bb theme_builder_area=\u00bbpost_content\u00bb hover_enabled=\u00bb0&#8243; sticky_enabled=\u00bb0&#8243;]<\/p>\n<p class=\"p1\">El s\u00e1bado 10 de septiembre se daban cita los coordinadores de 13 casas de la Inspector\u00eda para preparar el arranque de este nuevo curso.\u00a0 El lugar de encuentro fue la Casa Inspectorial, en donde transcurri\u00f3 la jornada desde las 10:30h hasta la comida.<\/p>\n<p class=\"p1\">Durante el encuentro, <strong>Xabier Camino<\/strong> (Delegado Inspectorial de Pastoral Juvenil), adem\u00e1s de saludar y desear un buen curso, record\u00f3 a los asistentes la necesidad de lograr una buena coordinaci\u00f3n del deporte dentro de la Casa salesiana. De este modo se pretende situar al deporte como un \u00e1mbito educativo fundamental dentro de la estructura pastoral de cada Obra. El Coordinador Inspectorial para este \u00e1mbito, <strong>Txetxu Villota<\/strong>, record\u00f3 algunos documentos referentes que deben ayudar a situar el papel de los coordinadores en el trabajo que les compete, muy vinculados al Equipo de pastoral y director de cada Casa. Tambi\u00e9n intervino <strong>Samuel Segura <\/strong>(Vicario Inspectorial), fomentando esa sensibilidad especial por hacer del Deporte un ambiente seguro para los menores. Record\u00f3 los principios del C\u00f3digo de Conducta y la manera de velar y prevenir en este campo tan delicado.<\/p>\n<p class=\"p1\">Tras un descanso, la jornada continu\u00f3 con el programa de acci\u00f3n para el nuevo curso, estableciendo compromisos y compartiendo tareas. Se plantearon los elementos prioritarios para este curso: Elaborar un plan b\u00e1sico de formaci\u00f3n para entrenadores, activar un canal de comunicaci\u00f3n para dar a conocer aquello que se hace, y establecer sinergias entre casas pr\u00f3ximas entre s\u00ed. En este sentido, empez\u00f3 a sonar con fuerza la posibilidad de plantear una jornada deportiva en la zona norte-noroeste de la inspector\u00eda, como complemento al encuentro de \u00abJ\u00f3venes deportistas\u00bb, que se celebra anualmente en Ar\u00e9valo. La jornada concluy\u00f3 con una fraternal comida y con la impresi\u00f3n de que el trabajo coordinado crece y genera ilusi\u00f3n creciente entre los participantes.<\/p>\n<p>[\/et_pb_text][\/et_pb_column][\/et_pb_row][\/et_pb_section]<\/p>\n","protected":false},"excerpt":{"rendered":"<p>El s\u00e1bado 10 de septiembre se daban cita los coordinadores de 13 casas de la Inspector\u00eda para preparar el arranque de este nuevo curso.\u00a0 El lugar de encuentro fue la Casa Inspectorial, en donde transcurri\u00f3 la jornada desde las 10:30h hasta la comida. Durante el encuentro, Xabier Camino (Delegado Inspectorial de Pastoral Juvenil), adem\u00e1s de [&hellip;]<\/p>\n","protected":false},"author":1,"featured_media":254,"comment_status":"open","ping_status":"open","sticky":false,"template":"","format":"standard","meta":{"_et_pb_use_builder":"on","_et_pb_old_content":"","_et_gb_content_width":"","footnotes":""},"categories":[11],"tags":[],"class_list":["post-253","post","type-post","status-publish","format-standard","has-post-thumbnail","hentry","category-club-deportivo"],"yoast_head":"<!-- This site is optimized with the Yoast SEO plugin v28.3 - https:\/\/yoast.com\/product\/yoast-seo-wordpress\/ -->\n<title>El deporte educativo salesiano abre caminos - Club Deportivo<\/title>\n<meta name=\"robots\" content=\"index, follow, max-snippet:-1, max-image-preview:large, max-video-preview:-1\" \/>\n<link rel=\"canonical\" href=\"https:\/\/salesianosmaux.es\/clubdeportivo\/2022\/09\/17\/el-deporte-educativo-salesiano-abre-caminos\/\" \/>\n<meta property=\"og:locale\" content=\"es_ES\" \/>\n<meta property=\"og:type\" content=\"article\" \/>\n<meta property=\"og:title\" content=\"El deporte educativo salesiano abre caminos - Club Deportivo\" \/>\n<meta property=\"og:description\" content=\"Que se convierte en servicio social al que todos tienen derecho y posibilidad de acceder. Un deporte no elitista, concebido como actividad para todos, con independencia de las posibilidades econo\u0301micas y de las cualidades fi\u0301sicas del que lo practica. Una adecuada conciencia de deporte educativo debe ser capaz de ofrecer filtros cri\u0301ticos a los jo\u0301venes [&hellip;]\" \/>\n<meta property=\"og:url\" content=\"https:\/\/salesianosmaux.es\/clubdeportivo\/2022\/09\/17\/el-deporte-educativo-salesiano-abre-caminos\/\" \/>\n<meta property=\"og:site_name\" content=\"Club Deportivo\" \/>\n<meta property=\"article:published_time\" content=\"2022-09-17T19:28:49+00:00\" \/>\n<meta property=\"og:image\" content=\"https:\/\/salesianosmaux.es\/clubdeportivo\/wp-content\/uploads\/sites\/9\/2022\/09\/22DeporteInsp.jpeg\" \/>\n\t<meta property=\"og:image:width\" content=\"1024\" \/>\n\t<meta property=\"og:image:height\" content=\"768\" \/>\n\t<meta property=\"og:image:type\" content=\"image\/jpeg\" \/>\n<meta name=\"author\" content=\"admin\" \/>\n<meta name=\"twitter:card\" content=\"summary_large_image\" \/>\n<meta name=\"twitter:label1\" content=\"Escrito por\" \/>\n\t<meta name=\"twitter:data1\" content=\"admin\" \/>\n<script type=\"application\/ld+json\" class=\"yoast-schema-graph\">{\"@context\":\"https:\\\/\\\/schema.org\",\"@graph\":[{\"@type\":\"Article\",\"@id\":\"https:\\\/\\\/salesianosmaux.es\\\/clubdeportivo\\\/2022\\\/09\\\/17\\\/el-deporte-educativo-salesiano-abre-caminos\\\/#article\",\"isPartOf\":{\"@id\":\"https:\\\/\\\/salesianosmaux.es\\\/clubdeportivo\\\/2022\\\/09\\\/17\\\/el-deporte-educativo-salesiano-abre-caminos\\\/\"},\"author\":{\"name\":\"admin\",\"@id\":\"https:\\\/\\\/salesianosmaux.es\\\/clubdeportivo\\\/#\\\/schema\\\/person\\\/9bd111fcfb5210d0fa466bfc8154b2f8\"},\"headline\":\"El deporte educativo salesiano abre caminos\",\"datePublished\":\"2022-09-17T19:28:49+00:00\",\"mainEntityOfPage\":{\"@id\":\"https:\\\/\\\/salesianosmaux.es\\\/clubdeportivo\\\/2022\\\/09\\\/17\\\/el-deporte-educativo-salesiano-abre-caminos\\\/\"},\"wordCount\":385,\"commentCount\":0,\"image\":{\"@id\":\"https:\\\/\\\/salesianosmaux.es\\\/clubdeportivo\\\/2022\\\/09\\\/17\\\/el-deporte-educativo-salesiano-abre-caminos\\\/#primaryimage\"},\"thumbnailUrl\":\"https:\\\/\\\/salesianosmaux.es\\\/clubdeportivo\\\/wp-content\\\/uploads\\\/sites\\\/9\\\/2022\\\/09\\\/22DeporteInsp.jpeg\",\"articleSection\":[\"Club Deportivo\"],\"inLanguage\":\"es\",\"potentialAction\":[{\"@type\":\"CommentAction\",\"name\":\"Comment\",\"target\":[\"https:\\\/\\\/salesianosmaux.es\\\/clubdeportivo\\\/2022\\\/09\\\/17\\\/el-deporte-educativo-salesiano-abre-caminos\\\/#respond\"]}]},{\"@type\":\"WebPage\",\"@id\":\"https:\\\/\\\/salesianosmaux.es\\\/clubdeportivo\\\/2022\\\/09\\\/17\\\/el-deporte-educativo-salesiano-abre-caminos\\\/\",\"url\":\"https:\\\/\\\/salesianosmaux.es\\\/clubdeportivo\\\/2022\\\/09\\\/17\\\/el-deporte-educativo-salesiano-abre-caminos\\\/\",\"name\":\"El deporte educativo salesiano abre caminos - Club Deportivo\",\"isPartOf\":{\"@id\":\"https:\\\/\\\/salesianosmaux.es\\\/clubdeportivo\\\/#website\"},\"primaryImageOfPage\":{\"@id\":\"https:\\\/\\\/salesianosmaux.es\\\/clubdeportivo\\\/2022\\\/09\\\/17\\\/el-deporte-educativo-salesiano-abre-caminos\\\/#primaryimage\"},\"image\":{\"@id\":\"https:\\\/\\\/salesianosmaux.es\\\/clubdeportivo\\\/2022\\\/09\\\/17\\\/el-deporte-educativo-salesiano-abre-caminos\\\/#primaryimage\"},\"thumbnailUrl\":\"https:\\\/\\\/salesianosmaux.es\\\/clubdeportivo\\\/wp-content\\\/uploads\\\/sites\\\/9\\\/2022\\\/09\\\/22DeporteInsp.jpeg\",\"datePublished\":\"2022-09-17T19:28:49+00:00\",\"author\":{\"@id\":\"https:\\\/\\\/salesianosmaux.es\\\/clubdeportivo\\\/#\\\/schema\\\/person\\\/9bd111fcfb5210d0fa466bfc8154b2f8\"},\"breadcrumb\":{\"@id\":\"https:\\\/\\\/salesianosmaux.es\\\/clubdeportivo\\\/2022\\\/09\\\/17\\\/el-deporte-educativo-salesiano-abre-caminos\\\/#breadcrumb\"},\"inLanguage\":\"es\",\"potentialAction\":[{\"@type\":\"ReadAction\",\"target\":[\"https:\\\/\\\/salesianosmaux.es\\\/clubdeportivo\\\/2022\\\/09\\\/17\\\/el-deporte-educativo-salesiano-abre-caminos\\\/\"]}]},{\"@type\":\"ImageObject\",\"inLanguage\":\"es\",\"@id\":\"https:\\\/\\\/salesianosmaux.es\\\/clubdeportivo\\\/2022\\\/09\\\/17\\\/el-deporte-educativo-salesiano-abre-caminos\\\/#primaryimage\",\"url\":\"https:\\\/\\\/salesianosmaux.es\\\/clubdeportivo\\\/wp-content\\\/uploads\\\/sites\\\/9\\\/2022\\\/09\\\/22DeporteInsp.jpeg\",\"contentUrl\":\"https:\\\/\\\/salesianosmaux.es\\\/clubdeportivo\\\/wp-content\\\/uploads\\\/sites\\\/9\\\/2022\\\/09\\\/22DeporteInsp.jpeg\",\"width\":1024,\"height\":768},{\"@type\":\"BreadcrumbList\",\"@id\":\"https:\\\/\\\/salesianosmaux.es\\\/clubdeportivo\\\/2022\\\/09\\\/17\\\/el-deporte-educativo-salesiano-abre-caminos\\\/#breadcrumb\",\"itemListElement\":[{\"@type\":\"ListItem\",\"position\":1,\"name\":\"Portada\",\"item\":\"https:\\\/\\\/salesianosmaux.es\\\/clubdeportivo\\\/\"},{\"@type\":\"ListItem\",\"position\":2,\"name\":\"El deporte educativo salesiano abre caminos\"}]},{\"@type\":\"WebSite\",\"@id\":\"https:\\\/\\\/salesianosmaux.es\\\/clubdeportivo\\\/#website\",\"url\":\"https:\\\/\\\/salesianosmaux.es\\\/clubdeportivo\\\/\",\"name\":\"Club Deportivo\",\"description\":\"\",\"potentialAction\":[{\"@type\":\"SearchAction\",\"target\":{\"@type\":\"EntryPoint\",\"urlTemplate\":\"https:\\\/\\\/salesianosmaux.es\\\/clubdeportivo\\\/?s={search_term_string}\"},\"query-input\":{\"@type\":\"PropertyValueSpecification\",\"valueRequired\":true,\"valueName\":\"search_term_string\"}}],\"inLanguage\":\"es\"},{\"@type\":\"Person\",\"@id\":\"https:\\\/\\\/salesianosmaux.es\\\/clubdeportivo\\\/#\\\/schema\\\/person\\\/9bd111fcfb5210d0fa466bfc8154b2f8\",\"name\":\"admin\",\"image\":{\"@type\":\"ImageObject\",\"inLanguage\":\"es\",\"@id\":\"https:\\\/\\\/secure.gravatar.com\\\/avatar\\\/09550e5c75cc821753a661f1c7f497ea1bbe9e394289f33e436a29a7df762242?s=96&d=mm&r=g\",\"url\":\"https:\\\/\\\/secure.gravatar.com\\\/avatar\\\/09550e5c75cc821753a661f1c7f497ea1bbe9e394289f33e436a29a7df762242?s=96&d=mm&r=g\",\"contentUrl\":\"https:\\\/\\\/secure.gravatar.com\\\/avatar\\\/09550e5c75cc821753a661f1c7f497ea1bbe9e394289f33e436a29a7df762242?s=96&d=mm&r=g\",\"caption\":\"admin\"},\"sameAs\":[\"https:\\\/\\\/salesianosmaux.es\"],\"url\":\"https:\\\/\\\/salesianosmaux.es\\\/clubdeportivo\\\/author\\\/salamanca_95jmwv72\\\/\"}]}<\/script>\n<!-- \/ Yoast SEO plugin. -->","yoast_head_json":{"title":"El deporte educativo salesiano abre caminos - Club Deportivo","robots":{"index":"index","follow":"follow","max-snippet":"max-snippet:-1","max-image-preview":"max-image-preview:large","max-video-preview":"max-video-preview:-1"},"canonical":"https:\/\/salesianosmaux.es\/clubdeportivo\/2022\/09\/17\/el-deporte-educativo-salesiano-abre-caminos\/","og_locale":"es_ES","og_type":"article","og_title":"El deporte educativo salesiano abre caminos - Club Deportivo","og_description":"Que se convierte en servicio social al que todos tienen derecho y posibilidad de acceder. Un deporte no elitista, concebido como actividad para todos, con independencia de las posibilidades econo\u0301micas y de las cualidades fi\u0301sicas del que lo practica. Una adecuada conciencia de deporte educativo debe ser capaz de ofrecer filtros cri\u0301ticos a los jo\u0301venes [&hellip;]","og_url":"https:\/\/salesianosmaux.es\/clubdeportivo\/2022\/09\/17\/el-deporte-educativo-salesiano-abre-caminos\/","og_site_name":"Club Deportivo","article_published_time":"2022-09-17T19:28:49+00:00","og_image":[{"width":1024,"height":768,"url":"https:\/\/salesianosmaux.es\/clubdeportivo\/wp-content\/uploads\/sites\/9\/2022\/09\/22DeporteInsp.jpeg","type":"image\/jpeg"}],"author":"admin","twitter_card":"summary_large_image","twitter_misc":{"Escrito por":"admin"},"schema":{"@context":"https:\/\/schema.org","@graph":[{"@type":"Article","@id":"https:\/\/salesianosmaux.es\/clubdeportivo\/2022\/09\/17\/el-deporte-educativo-salesiano-abre-caminos\/#article","isPartOf":{"@id":"https:\/\/salesianosmaux.es\/clubdeportivo\/2022\/09\/17\/el-deporte-educativo-salesiano-abre-caminos\/"},"author":{"name":"admin","@id":"https:\/\/salesianosmaux.es\/clubdeportivo\/#\/schema\/person\/9bd111fcfb5210d0fa466bfc8154b2f8"},"headline":"El deporte educativo salesiano abre caminos","datePublished":"2022-09-17T19:28:49+00:00","mainEntityOfPage":{"@id":"https:\/\/salesianosmaux.es\/clubdeportivo\/2022\/09\/17\/el-deporte-educativo-salesiano-abre-caminos\/"},"wordCount":385,"commentCount":0,"image":{"@id":"https:\/\/salesianosmaux.es\/clubdeportivo\/2022\/09\/17\/el-deporte-educativo-salesiano-abre-caminos\/#primaryimage"},"thumbnailUrl":"https:\/\/salesianosmaux.es\/clubdeportivo\/wp-content\/uploads\/sites\/9\/2022\/09\/22DeporteInsp.jpeg","articleSection":["Club Deportivo"],"inLanguage":"es","potentialAction":[{"@type":"CommentAction","name":"Comment","target":["https:\/\/salesianosmaux.es\/clubdeportivo\/2022\/09\/17\/el-deporte-educativo-salesiano-abre-caminos\/#respond"]}]},{"@type":"WebPage","@id":"https:\/\/salesianosmaux.es\/clubdeportivo\/2022\/09\/17\/el-deporte-educativo-salesiano-abre-caminos\/","url":"https:\/\/salesianosmaux.es\/clubdeportivo\/2022\/09\/17\/el-deporte-educativo-salesiano-abre-caminos\/","name":"El deporte educativo salesiano abre caminos - Club Deportivo","isPartOf":{"@id":"https:\/\/salesianosmaux.es\/clubdeportivo\/#website"},"primaryImageOfPage":{"@id":"https:\/\/salesianosmaux.es\/clubdeportivo\/2022\/09\/17\/el-deporte-educativo-salesiano-abre-caminos\/#primaryimage"},"image":{"@id":"https:\/\/salesianosmaux.es\/clubdeportivo\/2022\/09\/17\/el-deporte-educativo-salesiano-abre-caminos\/#primaryimage"},"thumbnailUrl":"https:\/\/salesianosmaux.es\/clubdeportivo\/wp-content\/uploads\/sites\/9\/2022\/09\/22DeporteInsp.jpeg","datePublished":"2022-09-17T19:28:49+00:00","author":{"@id":"https:\/\/salesianosmaux.es\/clubdeportivo\/#\/schema\/person\/9bd111fcfb5210d0fa466bfc8154b2f8"},"breadcrumb":{"@id":"https:\/\/salesianosmaux.es\/clubdeportivo\/2022\/09\/17\/el-deporte-educativo-salesiano-abre-caminos\/#breadcrumb"},"inLanguage":"es","potentialAction":[{"@type":"ReadAction","target":["https:\/\/salesianosmaux.es\/clubdeportivo\/2022\/09\/17\/el-deporte-educativo-salesiano-abre-caminos\/"]}]},{"@type":"ImageObject","inLanguage":"es","@id":"https:\/\/salesianosmaux.es\/clubdeportivo\/2022\/09\/17\/el-deporte-educativo-salesiano-abre-caminos\/#primaryimage","url":"https:\/\/salesianosmaux.es\/clubdeportivo\/wp-content\/uploads\/sites\/9\/2022\/09\/22DeporteInsp.jpeg","contentUrl":"https:\/\/salesianosmaux.es\/clubdeportivo\/wp-content\/uploads\/sites\/9\/2022\/09\/22DeporteInsp.jpeg","width":1024,"height":768},{"@type":"BreadcrumbList","@id":"https:\/\/salesianosmaux.es\/clubdeportivo\/2022\/09\/17\/el-deporte-educativo-salesiano-abre-caminos\/#breadcrumb","itemListElement":[{"@type":"ListItem","position":1,"name":"Portada","item":"https:\/\/salesianosmaux.es\/clubdeportivo\/"},{"@type":"ListItem","position":2,"name":"El deporte educativo salesiano abre caminos"}]},{"@type":"WebSite","@id":"https:\/\/salesianosmaux.es\/clubdeportivo\/#website","url":"https:\/\/salesianosmaux.es\/clubdeportivo\/","name":"Club Deportivo","description":"","potentialAction":[{"@type":"SearchAction","target":{"@type":"EntryPoint","urlTemplate":"https:\/\/salesianosmaux.es\/clubdeportivo\/?s={search_term_string}"},"query-input":{"@type":"PropertyValueSpecification","valueRequired":true,"valueName":"search_term_string"}}],"inLanguage":"es"},{"@type":"Person","@id":"https:\/\/salesianosmaux.es\/clubdeportivo\/#\/schema\/person\/9bd111fcfb5210d0fa466bfc8154b2f8","name":"admin","image":{"@type":"ImageObject","inLanguage":"es","@id":"https:\/\/secure.gravatar.com\/avatar\/09550e5c75cc821753a661f1c7f497ea1bbe9e394289f33e436a29a7df762242?s=96&d=mm&r=g","url":"https:\/\/secure.gravatar.com\/avatar\/09550e5c75cc821753a661f1c7f497ea1bbe9e394289f33e436a29a7df762242?s=96&d=mm&r=g","contentUrl":"https:\/\/secure.gravatar.com\/avatar\/09550e5c75cc821753a661f1c7f497ea1bbe9e394289f33e436a29a7df762242?s=96&d=mm&r=g","caption":"admin"},"sameAs":["https:\/\/salesianosmaux.es"],"url":"https:\/\/salesianosmaux.es\/clubdeportivo\/author\/salamanca_95jmwv72\/"}]}},"_links":{"self":[{"href":"https:\/\/salesianosmaux.es\/clubdeportivo\/wp-json\/wp\/v2\/posts\/253","targetHints":{"allow":["GET"]}}],"collection":[{"href":"https:\/\/salesianosmaux.es\/clubdeportivo\/wp-json\/wp\/v2\/posts"}],"about":[{"href":"https:\/\/salesianosmaux.es\/clubdeportivo\/wp-json\/wp\/v2\/types\/post"}],"author":[{"embeddable":true,"href":"https:\/\/salesianosmaux.es\/clubdeportivo\/wp-json\/wp\/v2\/users\/1"}],"replies":[{"embeddable":true,"href":"https:\/\/salesianosmaux.es\/clubdeportivo\/wp-json\/wp\/v2\/comments?post=253"}],"version-history":[{"count":2,"href":"https:\/\/salesianosmaux.es\/clubdeportivo\/wp-json\/wp\/v2\/posts\/253\/revisions"}],"predecessor-version":[{"id":257,"href":"https:\/\/salesianosmaux.es\/clubdeportivo\/wp-json\/wp\/v2\/posts\/253\/revisions\/257"}],"wp:featuredmedia":[{"embeddable":true,"href":"https:\/\/salesianosmaux.es\/clubdeportivo\/wp-json\/wp\/v2\/media\/254"}],"wp:attachment":[{"href":"https:\/\/salesianosmaux.es\/clubdeportivo\/wp-json\/wp\/v2\/media?parent=253"}],"wp:term":[{"taxonomy":"category","embeddable":true,"href":"https:\/\/salesianosmaux.es\/clubdeportivo\/wp-json\/wp\/v2\/categories?post=253"},{"taxonomy":"post_tag","embeddable":true,"href":"https:\/\/salesianosmaux.es\/clubdeportivo\/wp-json\/wp\/v2\/tags?post=253"}],"curies":[{"name":"wp","href":"https:\/\/api.w.org\/{rel}","templated":true}]}}