{"id":10664,"date":"2025-05-14T19:38:26","date_gmt":"2025-05-14T19:38:26","guid":{"rendered":"https:\/\/salesianosmaux.es\/colegio\/?p=10664"},"modified":"2026-08-31T07:43:08","modified_gmt":"2026-08-31T07:43:08","slug":"programa-de-fiestas-de-maria-auxiliadora-2025","status":"publish","type":"post","link":"https:\/\/salesianosmaux.es\/colegio\/2025\/05\/14\/programa-de-fiestas-de-maria-auxiliadora-2025\/","title":{"rendered":"\ud83c\udf89 Programa de Fiestas de Mar\u00eda Auxiliadora 2025"},"content":{"rendered":"<p>[et_pb_section fb_built=\u00bb1&#8243; theme_builder_area=\u00bbpost_content\u00bb _builder_version=\u00bb4.27.4&#8243; _module_preset=\u00bbdefault\u00bb][et_pb_row _builder_version=\u00bb4.27.4&#8243; _module_preset=\u00bbdefault\u00bb theme_builder_area=\u00bbpost_content\u00bb][et_pb_column _builder_version=\u00bb4.27.4&#8243; _module_preset=\u00bbdefault\u00bb type=\u00bb4_4&#8243; theme_builder_area=\u00bbpost_content\u00bb][et_pb_text _builder_version=\u00bb4.27.4&#8243; _module_preset=\u00bbdefault\u00bb theme_builder_area=\u00bbpost_content\u00bb hover_enabled=\u00bb0&#8243; sticky_enabled=\u00bb0&#8243;]<\/p>\n<p data-start=\"195\" data-end=\"418\">El mes de mayo llega a nuestra Casa Salesiana con uno de los momentos m\u00e1s esperados del curso: la celebraci\u00f3n en honor a <strong data-start=\"316\" data-end=\"337\">Mar\u00eda Auxiliadora<\/strong>, Madre de todos los que formamos parte de la familia salesiana.<\/p>\n<p data-start=\"420\" data-end=\"635\">Este a\u00f1o,\u00a0disfrutaremos de un programa repleto de actividades para todas las etapas educativas, en un ambiente de alegr\u00eda, fe y convivencia que nos une como comunidad educativa.<\/p>\n<p data-start=\"637\" data-end=\"955\">A lo largo de estas semanas tendremos:<br data-start=\"675\" data-end=\"678\" \/>\ud83c\udfc3\u200d\u2642\ufe0f <strong data-start=\"684\" data-end=\"712\">Competiciones deportivas<\/strong><br data-start=\"712\" data-end=\"715\" \/>\ud83c\udfa8 <strong data-start=\"718\" data-end=\"756\">Juegos oratorianos y tradicionales<\/strong><br data-start=\"756\" data-end=\"759\" \/>\ud83c\udfa4 <strong data-start=\"762\" data-end=\"807\">Concursos de poes\u00eda y expresi\u00f3n art\u00edstica<\/strong><br data-start=\"807\" data-end=\"810\" \/>\ud83d\udedd <strong data-start=\"813\" data-end=\"871\">Hinchables y actividades l\u00fadicas para los m\u00e1s peque\u00f1os<\/strong><br data-start=\"871\" data-end=\"874\" \/>\ud83c\udf4b <strong data-start=\"877\" data-end=\"953\">Meriendas compartidas, empanada, limonada, t\u00f3mbola solidaria y mucho m\u00e1s<\/strong><\/p>\n<p data-start=\"957\" data-end=\"1388\">\ud83d\udccc El <strong data-start=\"963\" data-end=\"985\">viernes 23 de mayo<\/strong> celebraremos nuestra <strong data-start=\"1007\" data-end=\"1031\">gran fiesta colegial<\/strong>, con actividades por la ma\u00f1ana y una tarde llena de ambiente festivo en el patio, que culminar\u00e1 con la tradicional <strong data-start=\"1147\" data-end=\"1181\">procesi\u00f3n de Mar\u00eda Auxiliadora<\/strong>.<br data-start=\"1182\" data-end=\"1185\" \/>\ud83d\udccc El <strong data-start=\"1191\" data-end=\"1204\">s\u00e1bado 24<\/strong>, d\u00eda grande, viviremos juntos la <strong data-start=\"1238\" data-end=\"1258\">fiesta lit\u00fargica<\/strong> con Eucarist\u00edas a lo largo del d\u00eda, actividades para toda la familia y un cierre festivo con <strong data-start=\"1352\" data-end=\"1385\">verbena y fuegos artificiales<\/strong>.<\/p>\n<p data-start=\"1390\" data-end=\"1511\">\ud83d\udcc4 En el cartel adjunto pod\u00e9is consultar el <strong data-start=\"1434\" data-end=\"1455\">programa completo<\/strong> con los horarios y eventos para cada nivel educativo.<\/p>\n<p data-start=\"1513\" data-end=\"1694\"><strong data-start=\"1513\" data-end=\"1694\">Invitamos a toda la comunidad educativa a participar y a vivir intensamente estos d\u00edas tan significativos. \u00a1Contamos con todos vosotros para celebrar juntos a Mar\u00eda Auxiliadora!<\/strong><\/p>\n<p>[\/et_pb_text][\/et_pb_column][\/et_pb_row][\/et_pb_section]<\/p>\n","protected":false},"excerpt":{"rendered":"<p>El mes de mayo llega a nuestra Casa Salesiana con uno de los momentos m\u00e1s esperados del curso: la celebraci\u00f3n en honor a Mar\u00eda Auxiliadora, Madre de todos los que formamos parte de la familia salesiana. Este a\u00f1o,\u00a0disfrutaremos de un programa repleto de actividades para todas las etapas educativas, en un ambiente de alegr\u00eda, fe [&hellip;]<\/p>\n","protected":false},"author":1,"featured_media":10666,"comment_status":"open","ping_status":"open","sticky":false,"template":"","format":"standard","meta":{"_et_pb_use_builder":"on","_et_pb_old_content":"","_et_gb_content_width":"","_joinchat":[],"footnotes":""},"categories":[82],"tags":[],"class_list":["post-10664","post","type-post","status-publish","format-standard","has-post-thumbnail","hentry","category-vida-escolar"],"yoast_head":"<!-- This site is optimized with the Yoast SEO plugin v28.4 - https:\/\/yoast.com\/product\/yoast-seo-wordpress\/ -->\n<title>\ud83c\udf89 Programa de Fiestas de Mar\u00eda Auxiliadora 2025 - Colegio Mar\u00eda Auxiliadora<\/title>\n<meta name=\"robots\" content=\"index, follow, max-snippet:-1, max-image-preview:large, max-video-preview:-1\" \/>\n<link rel=\"canonical\" href=\"https:\/\/salesianosmaux.es\/colegio\/2025\/05\/14\/programa-de-fiestas-de-maria-auxiliadora-2025\/\" \/>\n<meta property=\"og:locale\" content=\"es_ES\" \/>\n<meta property=\"og:type\" content=\"article\" \/>\n<meta property=\"og:title\" content=\"\ud83c\udf89 Programa de Fiestas de Mar\u00eda Auxiliadora 2025 - Colegio Mar\u00eda Auxiliadora\" \/>\n<meta property=\"og:description\" content=\"Te puede interesar...\" \/>\n<meta property=\"og:url\" content=\"https:\/\/salesianosmaux.es\/colegio\/2025\/05\/14\/programa-de-fiestas-de-maria-auxiliadora-2025\/\" \/>\n<meta property=\"og:site_name\" content=\"Colegio Mar\u00eda Auxiliadora\" \/>\n<meta property=\"article:published_time\" content=\"2025-05-14T19:38:26+00:00\" \/>\n<meta property=\"article:modified_time\" content=\"2026-08-31T07:43:08+00:00\" \/>\n<meta property=\"og:image\" content=\"https:\/\/salesianosmaux.es\/colegio\/wp-content\/uploads\/sites\/5\/2025\/05\/Horizontal-Cartel-Fiestas-Maria-Auxiliadora-25-.jpg\" \/>\n\t<meta property=\"og:image:width\" content=\"1920\" \/>\n\t<meta property=\"og:image:height\" content=\"1080\" \/>\n\t<meta property=\"og:image:type\" content=\"image\/jpeg\" \/>\n<meta name=\"author\" content=\"admin\" \/>\n<meta name=\"twitter:card\" content=\"summary_large_image\" \/>\n<meta name=\"twitter:label1\" content=\"Escrito por\" \/>\n\t<meta name=\"twitter:data1\" content=\"admin\" \/>\n\t<meta name=\"twitter:label2\" content=\"Tiempo de lectura\" \/>\n\t<meta name=\"twitter:data2\" content=\"1 minuto\" \/>\n<script type=\"application\/ld+json\" class=\"yoast-schema-graph\">{\"@context\":\"https:\\\/\\\/schema.org\",\"@graph\":[{\"@type\":\"Article\",\"@id\":\"https:\\\/\\\/salesianosmaux.es\\\/colegio\\\/2025\\\/05\\\/14\\\/programa-de-fiestas-de-maria-auxiliadora-2025\\\/#article\",\"isPartOf\":{\"@id\":\"https:\\\/\\\/salesianosmaux.es\\\/colegio\\\/2025\\\/05\\\/14\\\/programa-de-fiestas-de-maria-auxiliadora-2025\\\/\"},\"author\":{\"name\":\"admin\",\"@id\":\"https:\\\/\\\/salesianosmaux.es\\\/colegio\\\/#\\\/schema\\\/person\\\/9bd111fcfb5210d0fa466bfc8154b2f8\"},\"headline\":\"\ud83c\udf89 Programa de Fiestas de Mar\u00eda Auxiliadora 2025\",\"datePublished\":\"2025-05-14T19:38:26+00:00\",\"dateModified\":\"2026-08-31T07:43:08+00:00\",\"mainEntityOfPage\":{\"@id\":\"https:\\\/\\\/salesianosmaux.es\\\/colegio\\\/2025\\\/05\\\/14\\\/programa-de-fiestas-de-maria-auxiliadora-2025\\\/\"},\"wordCount\":309,\"commentCount\":0,\"image\":{\"@id\":\"https:\\\/\\\/salesianosmaux.es\\\/colegio\\\/2025\\\/05\\\/14\\\/programa-de-fiestas-de-maria-auxiliadora-2025\\\/#primaryimage\"},\"thumbnailUrl\":\"https:\\\/\\\/salesianosmaux.es\\\/colegio\\\/wp-content\\\/uploads\\\/sites\\\/5\\\/2025\\\/05\\\/Horizontal-Cartel-Fiestas-Maria-Auxiliadora-25-.jpg\",\"articleSection\":[\"Vida Escolar\"],\"inLanguage\":\"es\",\"potentialAction\":[{\"@type\":\"CommentAction\",\"name\":\"Comment\",\"target\":[\"https:\\\/\\\/salesianosmaux.es\\\/colegio\\\/2025\\\/05\\\/14\\\/programa-de-fiestas-de-maria-auxiliadora-2025\\\/#respond\"]}]},{\"@type\":\"WebPage\",\"@id\":\"https:\\\/\\\/salesianosmaux.es\\\/colegio\\\/2025\\\/05\\\/14\\\/programa-de-fiestas-de-maria-auxiliadora-2025\\\/\",\"url\":\"https:\\\/\\\/salesianosmaux.es\\\/colegio\\\/2025\\\/05\\\/14\\\/programa-de-fiestas-de-maria-auxiliadora-2025\\\/\",\"name\":\"\ud83c\udf89 Programa de Fiestas de Mar\u00eda Auxiliadora 2025 - Colegio Mar\u00eda Auxiliadora\",\"isPartOf\":{\"@id\":\"https:\\\/\\\/salesianosmaux.es\\\/colegio\\\/#website\"},\"primaryImageOfPage\":{\"@id\":\"https:\\\/\\\/salesianosmaux.es\\\/colegio\\\/2025\\\/05\\\/14\\\/programa-de-fiestas-de-maria-auxiliadora-2025\\\/#primaryimage\"},\"image\":{\"@id\":\"https:\\\/\\\/salesianosmaux.es\\\/colegio\\\/2025\\\/05\\\/14\\\/programa-de-fiestas-de-maria-auxiliadora-2025\\\/#primaryimage\"},\"thumbnailUrl\":\"https:\\\/\\\/salesianosmaux.es\\\/colegio\\\/wp-content\\\/uploads\\\/sites\\\/5\\\/2025\\\/05\\\/Horizontal-Cartel-Fiestas-Maria-Auxiliadora-25-.jpg\",\"datePublished\":\"2025-05-14T19:38:26+00:00\",\"dateModified\":\"2026-08-31T07:43:08+00:00\",\"author\":{\"@id\":\"https:\\\/\\\/salesianosmaux.es\\\/colegio\\\/#\\\/schema\\\/person\\\/9bd111fcfb5210d0fa466bfc8154b2f8\"},\"breadcrumb\":{\"@id\":\"https:\\\/\\\/salesianosmaux.es\\\/colegio\\\/2025\\\/05\\\/14\\\/programa-de-fiestas-de-maria-auxiliadora-2025\\\/#breadcrumb\"},\"inLanguage\":\"es\",\"potentialAction\":[{\"@type\":\"ReadAction\",\"target\":[\"https:\\\/\\\/salesianosmaux.es\\\/colegio\\\/2025\\\/05\\\/14\\\/programa-de-fiestas-de-maria-auxiliadora-2025\\\/\"]}]},{\"@type\":\"ImageObject\",\"inLanguage\":\"es\",\"@id\":\"https:\\\/\\\/salesianosmaux.es\\\/colegio\\\/2025\\\/05\\\/14\\\/programa-de-fiestas-de-maria-auxiliadora-2025\\\/#primaryimage\",\"url\":\"https:\\\/\\\/salesianosmaux.es\\\/colegio\\\/wp-content\\\/uploads\\\/sites\\\/5\\\/2025\\\/05\\\/Horizontal-Cartel-Fiestas-Maria-Auxiliadora-25-.jpg\",\"contentUrl\":\"https:\\\/\\\/salesianosmaux.es\\\/colegio\\\/wp-content\\\/uploads\\\/sites\\\/5\\\/2025\\\/05\\\/Horizontal-Cartel-Fiestas-Maria-Auxiliadora-25-.jpg\",\"width\":1920,\"height\":1080},{\"@type\":\"BreadcrumbList\",\"@id\":\"https:\\\/\\\/salesianosmaux.es\\\/colegio\\\/2025\\\/05\\\/14\\\/programa-de-fiestas-de-maria-auxiliadora-2025\\\/#breadcrumb\",\"itemListElement\":[{\"@type\":\"ListItem\",\"position\":1,\"name\":\"Portada\",\"item\":\"https:\\\/\\\/salesianosmaux.es\\\/colegio\\\/\"},{\"@type\":\"ListItem\",\"position\":2,\"name\":\"\ud83c\udf89 Programa de Fiestas de Mar\u00eda Auxiliadora 2025\"}]},{\"@type\":\"WebSite\",\"@id\":\"https:\\\/\\\/salesianosmaux.es\\\/colegio\\\/#website\",\"url\":\"https:\\\/\\\/salesianosmaux.es\\\/colegio\\\/\",\"name\":\"Colegio Mar\u00eda Auxiliadora\",\"description\":\"Colegio Mar\u00eda Auxiliadora\",\"potentialAction\":[{\"@type\":\"SearchAction\",\"target\":{\"@type\":\"EntryPoint\",\"urlTemplate\":\"https:\\\/\\\/salesianosmaux.es\\\/colegio\\\/?s={search_term_string}\"},\"query-input\":{\"@type\":\"PropertyValueSpecification\",\"valueRequired\":true,\"valueName\":\"search_term_string\"}}],\"inLanguage\":\"es\"},{\"@type\":\"Person\",\"@id\":\"https:\\\/\\\/salesianosmaux.es\\\/colegio\\\/#\\\/schema\\\/person\\\/9bd111fcfb5210d0fa466bfc8154b2f8\",\"name\":\"admin\",\"image\":{\"@type\":\"ImageObject\",\"inLanguage\":\"es\",\"@id\":\"https:\\\/\\\/secure.gravatar.com\\\/avatar\\\/09550e5c75cc821753a661f1c7f497ea1bbe9e394289f33e436a29a7df762242?s=96&d=mm&r=g\",\"url\":\"https:\\\/\\\/secure.gravatar.com\\\/avatar\\\/09550e5c75cc821753a661f1c7f497ea1bbe9e394289f33e436a29a7df762242?s=96&d=mm&r=g\",\"contentUrl\":\"https:\\\/\\\/secure.gravatar.com\\\/avatar\\\/09550e5c75cc821753a661f1c7f497ea1bbe9e394289f33e436a29a7df762242?s=96&d=mm&r=g\",\"caption\":\"admin\"},\"sameAs\":[\"https:\\\/\\\/salesianosmaux.es\"],\"url\":\"https:\\\/\\\/salesianosmaux.es\\\/colegio\\\/author\\\/salamanca_95jmwv72\\\/\"}]}<\/script>\n<!-- \/ Yoast SEO plugin. -->","yoast_head_json":{"title":"\ud83c\udf89 Programa de Fiestas de Mar\u00eda Auxiliadora 2025 - Colegio Mar\u00eda Auxiliadora","robots":{"index":"index","follow":"follow","max-snippet":"max-snippet:-1","max-image-preview":"max-image-preview:large","max-video-preview":"max-video-preview:-1"},"canonical":"https:\/\/salesianosmaux.es\/colegio\/2025\/05\/14\/programa-de-fiestas-de-maria-auxiliadora-2025\/","og_locale":"es_ES","og_type":"article","og_title":"\ud83c\udf89 Programa de Fiestas de Mar\u00eda Auxiliadora 2025 - Colegio Mar\u00eda Auxiliadora","og_description":"Te puede interesar...","og_url":"https:\/\/salesianosmaux.es\/colegio\/2025\/05\/14\/programa-de-fiestas-de-maria-auxiliadora-2025\/","og_site_name":"Colegio Mar\u00eda Auxiliadora","article_published_time":"2025-05-14T19:38:26+00:00","article_modified_time":"2026-08-31T07:43:08+00:00","og_image":[{"width":1920,"height":1080,"url":"https:\/\/salesianosmaux.es\/colegio\/wp-content\/uploads\/sites\/5\/2025\/05\/Horizontal-Cartel-Fiestas-Maria-Auxiliadora-25-.jpg","type":"image\/jpeg"}],"author":"admin","twitter_card":"summary_large_image","twitter_misc":{"Escrito por":"admin","Tiempo de lectura":"1 minuto"},"schema":{"@context":"https:\/\/schema.org","@graph":[{"@type":"Article","@id":"https:\/\/salesianosmaux.es\/colegio\/2025\/05\/14\/programa-de-fiestas-de-maria-auxiliadora-2025\/#article","isPartOf":{"@id":"https:\/\/salesianosmaux.es\/colegio\/2025\/05\/14\/programa-de-fiestas-de-maria-auxiliadora-2025\/"},"author":{"name":"admin","@id":"https:\/\/salesianosmaux.es\/colegio\/#\/schema\/person\/9bd111fcfb5210d0fa466bfc8154b2f8"},"headline":"\ud83c\udf89 Programa de Fiestas de Mar\u00eda Auxiliadora 2025","datePublished":"2025-05-14T19:38:26+00:00","dateModified":"2026-08-31T07:43:08+00:00","mainEntityOfPage":{"@id":"https:\/\/salesianosmaux.es\/colegio\/2025\/05\/14\/programa-de-fiestas-de-maria-auxiliadora-2025\/"},"wordCount":309,"commentCount":0,"image":{"@id":"https:\/\/salesianosmaux.es\/colegio\/2025\/05\/14\/programa-de-fiestas-de-maria-auxiliadora-2025\/#primaryimage"},"thumbnailUrl":"https:\/\/salesianosmaux.es\/colegio\/wp-content\/uploads\/sites\/5\/2025\/05\/Horizontal-Cartel-Fiestas-Maria-Auxiliadora-25-.jpg","articleSection":["Vida Escolar"],"inLanguage":"es","potentialAction":[{"@type":"CommentAction","name":"Comment","target":["https:\/\/salesianosmaux.es\/colegio\/2025\/05\/14\/programa-de-fiestas-de-maria-auxiliadora-2025\/#respond"]}]},{"@type":"WebPage","@id":"https:\/\/salesianosmaux.es\/colegio\/2025\/05\/14\/programa-de-fiestas-de-maria-auxiliadora-2025\/","url":"https:\/\/salesianosmaux.es\/colegio\/2025\/05\/14\/programa-de-fiestas-de-maria-auxiliadora-2025\/","name":"\ud83c\udf89 Programa de Fiestas de Mar\u00eda Auxiliadora 2025 - Colegio Mar\u00eda Auxiliadora","isPartOf":{"@id":"https:\/\/salesianosmaux.es\/colegio\/#website"},"primaryImageOfPage":{"@id":"https:\/\/salesianosmaux.es\/colegio\/2025\/05\/14\/programa-de-fiestas-de-maria-auxiliadora-2025\/#primaryimage"},"image":{"@id":"https:\/\/salesianosmaux.es\/colegio\/2025\/05\/14\/programa-de-fiestas-de-maria-auxiliadora-2025\/#primaryimage"},"thumbnailUrl":"https:\/\/salesianosmaux.es\/colegio\/wp-content\/uploads\/sites\/5\/2025\/05\/Horizontal-Cartel-Fiestas-Maria-Auxiliadora-25-.jpg","datePublished":"2025-05-14T19:38:26+00:00","dateModified":"2026-08-31T07:43:08+00:00","author":{"@id":"https:\/\/salesianosmaux.es\/colegio\/#\/schema\/person\/9bd111fcfb5210d0fa466bfc8154b2f8"},"breadcrumb":{"@id":"https:\/\/salesianosmaux.es\/colegio\/2025\/05\/14\/programa-de-fiestas-de-maria-auxiliadora-2025\/#breadcrumb"},"inLanguage":"es","potentialAction":[{"@type":"ReadAction","target":["https:\/\/salesianosmaux.es\/colegio\/2025\/05\/14\/programa-de-fiestas-de-maria-auxiliadora-2025\/"]}]},{"@type":"ImageObject","inLanguage":"es","@id":"https:\/\/salesianosmaux.es\/colegio\/2025\/05\/14\/programa-de-fiestas-de-maria-auxiliadora-2025\/#primaryimage","url":"https:\/\/salesianosmaux.es\/colegio\/wp-content\/uploads\/sites\/5\/2025\/05\/Horizontal-Cartel-Fiestas-Maria-Auxiliadora-25-.jpg","contentUrl":"https:\/\/salesianosmaux.es\/colegio\/wp-content\/uploads\/sites\/5\/2025\/05\/Horizontal-Cartel-Fiestas-Maria-Auxiliadora-25-.jpg","width":1920,"height":1080},{"@type":"BreadcrumbList","@id":"https:\/\/salesianosmaux.es\/colegio\/2025\/05\/14\/programa-de-fiestas-de-maria-auxiliadora-2025\/#breadcrumb","itemListElement":[{"@type":"ListItem","position":1,"name":"Portada","item":"https:\/\/salesianosmaux.es\/colegio\/"},{"@type":"ListItem","position":2,"name":"\ud83c\udf89 Programa de Fiestas de Mar\u00eda Auxiliadora 2025"}]},{"@type":"WebSite","@id":"https:\/\/salesianosmaux.es\/colegio\/#website","url":"https:\/\/salesianosmaux.es\/colegio\/","name":"Colegio Mar\u00eda Auxiliadora","description":"Colegio Mar\u00eda Auxiliadora","potentialAction":[{"@type":"SearchAction","target":{"@type":"EntryPoint","urlTemplate":"https:\/\/salesianosmaux.es\/colegio\/?s={search_term_string}"},"query-input":{"@type":"PropertyValueSpecification","valueRequired":true,"valueName":"search_term_string"}}],"inLanguage":"es"},{"@type":"Person","@id":"https:\/\/salesianosmaux.es\/colegio\/#\/schema\/person\/9bd111fcfb5210d0fa466bfc8154b2f8","name":"admin","image":{"@type":"ImageObject","inLanguage":"es","@id":"https:\/\/secure.gravatar.com\/avatar\/09550e5c75cc821753a661f1c7f497ea1bbe9e394289f33e436a29a7df762242?s=96&d=mm&r=g","url":"https:\/\/secure.gravatar.com\/avatar\/09550e5c75cc821753a661f1c7f497ea1bbe9e394289f33e436a29a7df762242?s=96&d=mm&r=g","contentUrl":"https:\/\/secure.gravatar.com\/avatar\/09550e5c75cc821753a661f1c7f497ea1bbe9e394289f33e436a29a7df762242?s=96&d=mm&r=g","caption":"admin"},"sameAs":["https:\/\/salesianosmaux.es"],"url":"https:\/\/salesianosmaux.es\/colegio\/author\/salamanca_95jmwv72\/"}]}},"_links":{"self":[{"href":"https:\/\/salesianosmaux.es\/colegio\/wp-json\/wp\/v2\/posts\/10664","targetHints":{"allow":["GET"]}}],"collection":[{"href":"https:\/\/salesianosmaux.es\/colegio\/wp-json\/wp\/v2\/posts"}],"about":[{"href":"https:\/\/salesianosmaux.es\/colegio\/wp-json\/wp\/v2\/types\/post"}],"author":[{"embeddable":true,"href":"https:\/\/salesianosmaux.es\/colegio\/wp-json\/wp\/v2\/users\/1"}],"replies":[{"embeddable":true,"href":"https:\/\/salesianosmaux.es\/colegio\/wp-json\/wp\/v2\/comments?post=10664"}],"version-history":[{"count":2,"href":"https:\/\/salesianosmaux.es\/colegio\/wp-json\/wp\/v2\/posts\/10664\/revisions"}],"predecessor-version":[{"id":10668,"href":"https:\/\/salesianosmaux.es\/colegio\/wp-json\/wp\/v2\/posts\/10664\/revisions\/10668"}],"wp:featuredmedia":[{"embeddable":true,"href":"https:\/\/salesianosmaux.es\/colegio\/wp-json\/wp\/v2\/media\/10666"}],"wp:attachment":[{"href":"https:\/\/salesianosmaux.es\/colegio\/wp-json\/wp\/v2\/media?parent=10664"}],"wp:term":[{"taxonomy":"category","embeddable":true,"href":"https:\/\/salesianosmaux.es\/colegio\/wp-json\/wp\/v2\/categories?post=10664"},{"taxonomy":"post_tag","embeddable":true,"href":"https:\/\/salesianosmaux.es\/colegio\/wp-json\/wp\/v2\/tags?post=10664"}],"curies":[{"name":"wp","href":"https:\/\/api.w.org\/{rel}","templated":true}]}}