{"id":11431,"date":"2025-06-30T07:53:29","date_gmt":"2025-06-30T07:53:29","guid":{"rendered":"https:\/\/salesianosmaux.es\/colegio\/?p=11431"},"modified":"2026-08-31T07:40:01","modified_gmt":"2026-08-31T07:40:01","slug":"cuatro-de-nuestros-alumnos-reciben-los-premios-de-acceso-2025-de-la-universidad-de-salamanca","status":"publish","type":"post","link":"https:\/\/salesianosmaux.es\/colegio\/2025\/06\/30\/cuatro-de-nuestros-alumnos-reciben-los-premios-de-acceso-2025-de-la-universidad-de-salamanca\/","title":{"rendered":"Cuatro de nuestros alumnos reciben los Premios de Acceso 2025 de la Universidad de Salamanca"},"content":{"rendered":"\n[et_pb_section fb_built=\u00bb1&#8243; theme_builder_area=\u00bbpost_content\u00bb _builder_version=\u00bb4.27.4&#8243; _module_preset=\u00bbdefault\u00bb][et_pb_row _builder_version=\u00bb4.27.4&#8243; _module_preset=\u00bbdefault\u00bb theme_builder_area=\u00bbpost_content\u00bb][et_pb_column _builder_version=\u00bb4.27.4&#8243; _module_preset=\u00bbdefault\u00bb type=\u00bb4_4&#8243; theme_builder_area=\u00bbpost_content\u00bb][et_pb_text _builder_version=\u00bb4.27.4&#8243; _module_preset=\u00bbdefault\u00bb theme_builder_area=\u00bbpost_content\u00bb hover_enabled=\u00bb0&#8243; sticky_enabled=\u00bb0&#8243;]<p data-start=\"214\" data-end=\"519\">La Universidad de Salamanca ha dado a conocer los estudiantes con mejores calificaciones en la Prueba de Acceso a la Universidad (PAU) de este curso 2025, y entre ellos se encuentran <strong data-start=\"397\" data-end=\"458\">cuatro alumnos del Colegio Mar\u00eda Auxiliadora de Salamanca<\/strong>, un motivo de orgullo para toda nuestra comunidad educativa.<\/p>\n<p data-start=\"521\" data-end=\"842\">Los alumnos <strong data-start=\"533\" data-end=\"613\">Jos\u00e9 Antonio Tapia, Alejandro Bajo, Alejandra Alonso y Paula Gonz\u00e1lez Majano<\/strong>, de 2\u00ba de Bachillerato, han sido galardonados con los prestigiosos <strong data-start=\"681\" data-end=\"733\">Premios de Acceso de la Universidad de Salamanca<\/strong> gracias a sus brillantes expedientes y al esfuerzo constante que han demostrado a lo largo de todo el curso.<\/p>\n<h3 data-start=\"844\" data-end=\"894\"><strong data-start=\"848\" data-end=\"894\">Reconocimiento al esfuerzo y la excelencia<\/strong><\/h3>\n<p data-start=\"895\" data-end=\"1172\">Este logro es un reconocimiento al trabajo, la constancia y la dedicaci\u00f3n de estos estudiantes, que han representado a la <strong data-start=\"1017\" data-end=\"1035\">promoci\u00f3n 2025<\/strong> con un nivel de excelencia que es ejemplo para sus compa\u00f1eros y para todos los que se preparan para afrontar estas pruebas en el futuro.<\/p>\n<h3 data-start=\"1174\" data-end=\"1220\"><strong data-start=\"1178\" data-end=\"1220\">Un orgullo para la comunidad educativa<\/strong><\/h3>\n<p data-start=\"1221\" data-end=\"1437\">Desde el Colegio Mar\u00eda Auxiliadora queremos felicitar a Jos\u00e9 Antonio, Alejandro, Alejandra y Paula por este gran \u00e9xito, as\u00ed como a sus familias y al equipo de profesores que ha acompa\u00f1ado su proceso de aprendizaje.<\/p>\n<p data-start=\"1439\" data-end=\"1591\">Su triunfo refleja no solo su talento acad\u00e9mico, sino tambi\u00e9n los valores de esfuerzo, superaci\u00f3n y compromiso que promovemos en nuestra Casa Salesiana.<\/p>\n<p data-start=\"1593\" data-end=\"1647\"><strong data-start=\"1593\" data-end=\"1647\">\u00a1Enhorabuena por este reconocimiento tan merecido!<\/strong><\/p>[\/et_pb_text][\/et_pb_column][\/et_pb_row][\/et_pb_section]\n","protected":false},"excerpt":{"rendered":"<p>La Universidad de Salamanca ha dado a conocer los estudiantes con mejores calificaciones en la Prueba de Acceso a la Universidad (PAU) de este curso 2025, y entre ellos se encuentran cuatro alumnos del Colegio Mar\u00eda Auxiliadora de Salamanca, un motivo de orgullo para toda nuestra comunidad educativa. Los alumnos Jos\u00e9 Antonio Tapia, Alejandro Bajo, [&hellip;]<\/p>\n","protected":false},"author":1,"featured_media":11433,"comment_status":"open","ping_status":"open","sticky":false,"template":"","format":"standard","meta":{"_et_pb_use_builder":"on","_et_pb_old_content":"","_et_gb_content_width":"","_joinchat":[],"footnotes":""},"categories":[56],"tags":[],"class_list":["post-11431","post","type-post","status-publish","format-standard","has-post-thumbnail","hentry","category-premios-y-reconocimientos"],"yoast_head":"<!-- This site is optimized with the Yoast SEO plugin v28.4 - https:\/\/yoast.com\/product\/yoast-seo-wordpress\/ -->\n<title>Cuatro de nuestros alumnos reciben los Premios de Acceso 2025 de la Universidad de Salamanca - Colegio Mar\u00eda Auxiliadora<\/title>\n<meta name=\"robots\" content=\"index, follow, max-snippet:-1, max-image-preview:large, max-video-preview:-1\" \/>\n<link rel=\"canonical\" href=\"https:\/\/salesianosmaux.es\/colegio\/2025\/06\/30\/cuatro-de-nuestros-alumnos-reciben-los-premios-de-acceso-2025-de-la-universidad-de-salamanca\/\" \/>\n<meta property=\"og:locale\" content=\"es_ES\" \/>\n<meta property=\"og:type\" content=\"article\" \/>\n<meta property=\"og:title\" content=\"Cuatro de nuestros alumnos reciben los Premios de Acceso 2025 de la Universidad de Salamanca - Colegio Mar\u00eda Auxiliadora\" \/>\n<meta property=\"og:description\" content=\"Te puede interesar...\" \/>\n<meta property=\"og:url\" content=\"https:\/\/salesianosmaux.es\/colegio\/2025\/06\/30\/cuatro-de-nuestros-alumnos-reciben-los-premios-de-acceso-2025-de-la-universidad-de-salamanca\/\" \/>\n<meta property=\"og:site_name\" content=\"Colegio Mar\u00eda Auxiliadora\" \/>\n<meta property=\"article:published_time\" content=\"2025-06-30T07:53:29+00:00\" \/>\n<meta property=\"article:modified_time\" content=\"2026-08-31T07:40:01+00:00\" \/>\n<meta property=\"og:image\" content=\"https:\/\/salesianosmaux.es\/colegio\/wp-content\/uploads\/sites\/5\/2025\/07\/Salesianos_premio-extraordinario-PAU.jpg\" \/>\n\t<meta property=\"og:image:width\" content=\"1080\" \/>\n\t<meta property=\"og:image:height\" content=\"1350\" \/>\n\t<meta property=\"og:image:type\" content=\"image\/jpeg\" \/>\n<meta name=\"author\" content=\"admin\" \/>\n<meta name=\"twitter:card\" content=\"summary_large_image\" \/>\n<meta name=\"twitter:label1\" content=\"Escrito por\" \/>\n\t<meta name=\"twitter:data1\" content=\"admin\" \/>\n\t<meta name=\"twitter:label2\" content=\"Tiempo de lectura\" \/>\n\t<meta name=\"twitter:data2\" content=\"2 minutos\" \/>\n<script type=\"application\/ld+json\" class=\"yoast-schema-graph\">{\"@context\":\"https:\\\/\\\/schema.org\",\"@graph\":[{\"@type\":\"Article\",\"@id\":\"https:\\\/\\\/salesianosmaux.es\\\/colegio\\\/2025\\\/06\\\/30\\\/cuatro-de-nuestros-alumnos-reciben-los-premios-de-acceso-2025-de-la-universidad-de-salamanca\\\/#article\",\"isPartOf\":{\"@id\":\"https:\\\/\\\/salesianosmaux.es\\\/colegio\\\/2025\\\/06\\\/30\\\/cuatro-de-nuestros-alumnos-reciben-los-premios-de-acceso-2025-de-la-universidad-de-salamanca\\\/\"},\"author\":{\"name\":\"admin\",\"@id\":\"https:\\\/\\\/salesianosmaux.es\\\/colegio\\\/#\\\/schema\\\/person\\\/9bd111fcfb5210d0fa466bfc8154b2f8\"},\"headline\":\"Cuatro de nuestros alumnos reciben los Premios de Acceso 2025 de la Universidad de Salamanca\",\"datePublished\":\"2025-06-30T07:53:29+00:00\",\"dateModified\":\"2026-08-31T07:40:01+00:00\",\"mainEntityOfPage\":{\"@id\":\"https:\\\/\\\/salesianosmaux.es\\\/colegio\\\/2025\\\/06\\\/30\\\/cuatro-de-nuestros-alumnos-reciben-los-premios-de-acceso-2025-de-la-universidad-de-salamanca\\\/\"},\"wordCount\":313,\"commentCount\":0,\"image\":{\"@id\":\"https:\\\/\\\/salesianosmaux.es\\\/colegio\\\/2025\\\/06\\\/30\\\/cuatro-de-nuestros-alumnos-reciben-los-premios-de-acceso-2025-de-la-universidad-de-salamanca\\\/#primaryimage\"},\"thumbnailUrl\":\"https:\\\/\\\/salesianosmaux.es\\\/colegio\\\/wp-content\\\/uploads\\\/sites\\\/5\\\/2025\\\/07\\\/Salesianos_premio-extraordinario-PAU.jpg\",\"articleSection\":[\"Premios y reconocimientos\"],\"inLanguage\":\"es\",\"potentialAction\":[{\"@type\":\"CommentAction\",\"name\":\"Comment\",\"target\":[\"https:\\\/\\\/salesianosmaux.es\\\/colegio\\\/2025\\\/06\\\/30\\\/cuatro-de-nuestros-alumnos-reciben-los-premios-de-acceso-2025-de-la-universidad-de-salamanca\\\/#respond\"]}]},{\"@type\":\"WebPage\",\"@id\":\"https:\\\/\\\/salesianosmaux.es\\\/colegio\\\/2025\\\/06\\\/30\\\/cuatro-de-nuestros-alumnos-reciben-los-premios-de-acceso-2025-de-la-universidad-de-salamanca\\\/\",\"url\":\"https:\\\/\\\/salesianosmaux.es\\\/colegio\\\/2025\\\/06\\\/30\\\/cuatro-de-nuestros-alumnos-reciben-los-premios-de-acceso-2025-de-la-universidad-de-salamanca\\\/\",\"name\":\"Cuatro de nuestros alumnos reciben los Premios de Acceso 2025 de la Universidad de Salamanca - Colegio Mar\u00eda Auxiliadora\",\"isPartOf\":{\"@id\":\"https:\\\/\\\/salesianosmaux.es\\\/colegio\\\/#website\"},\"primaryImageOfPage\":{\"@id\":\"https:\\\/\\\/salesianosmaux.es\\\/colegio\\\/2025\\\/06\\\/30\\\/cuatro-de-nuestros-alumnos-reciben-los-premios-de-acceso-2025-de-la-universidad-de-salamanca\\\/#primaryimage\"},\"image\":{\"@id\":\"https:\\\/\\\/salesianosmaux.es\\\/colegio\\\/2025\\\/06\\\/30\\\/cuatro-de-nuestros-alumnos-reciben-los-premios-de-acceso-2025-de-la-universidad-de-salamanca\\\/#primaryimage\"},\"thumbnailUrl\":\"https:\\\/\\\/salesianosmaux.es\\\/colegio\\\/wp-content\\\/uploads\\\/sites\\\/5\\\/2025\\\/07\\\/Salesianos_premio-extraordinario-PAU.jpg\",\"datePublished\":\"2025-06-30T07:53:29+00:00\",\"dateModified\":\"2026-08-31T07:40:01+00:00\",\"author\":{\"@id\":\"https:\\\/\\\/salesianosmaux.es\\\/colegio\\\/#\\\/schema\\\/person\\\/9bd111fcfb5210d0fa466bfc8154b2f8\"},\"breadcrumb\":{\"@id\":\"https:\\\/\\\/salesianosmaux.es\\\/colegio\\\/2025\\\/06\\\/30\\\/cuatro-de-nuestros-alumnos-reciben-los-premios-de-acceso-2025-de-la-universidad-de-salamanca\\\/#breadcrumb\"},\"inLanguage\":\"es\",\"potentialAction\":[{\"@type\":\"ReadAction\",\"target\":[\"https:\\\/\\\/salesianosmaux.es\\\/colegio\\\/2025\\\/06\\\/30\\\/cuatro-de-nuestros-alumnos-reciben-los-premios-de-acceso-2025-de-la-universidad-de-salamanca\\\/\"]}]},{\"@type\":\"ImageObject\",\"inLanguage\":\"es\",\"@id\":\"https:\\\/\\\/salesianosmaux.es\\\/colegio\\\/2025\\\/06\\\/30\\\/cuatro-de-nuestros-alumnos-reciben-los-premios-de-acceso-2025-de-la-universidad-de-salamanca\\\/#primaryimage\",\"url\":\"https:\\\/\\\/salesianosmaux.es\\\/colegio\\\/wp-content\\\/uploads\\\/sites\\\/5\\\/2025\\\/07\\\/Salesianos_premio-extraordinario-PAU.jpg\",\"contentUrl\":\"https:\\\/\\\/salesianosmaux.es\\\/colegio\\\/wp-content\\\/uploads\\\/sites\\\/5\\\/2025\\\/07\\\/Salesianos_premio-extraordinario-PAU.jpg\",\"width\":1080,\"height\":1350},{\"@type\":\"BreadcrumbList\",\"@id\":\"https:\\\/\\\/salesianosmaux.es\\\/colegio\\\/2025\\\/06\\\/30\\\/cuatro-de-nuestros-alumnos-reciben-los-premios-de-acceso-2025-de-la-universidad-de-salamanca\\\/#breadcrumb\",\"itemListElement\":[{\"@type\":\"ListItem\",\"position\":1,\"name\":\"Portada\",\"item\":\"https:\\\/\\\/salesianosmaux.es\\\/colegio\\\/\"},{\"@type\":\"ListItem\",\"position\":2,\"name\":\"Cuatro de nuestros alumnos reciben los Premios de Acceso 2025 de la Universidad de Salamanca\"}]},{\"@type\":\"WebSite\",\"@id\":\"https:\\\/\\\/salesianosmaux.es\\\/colegio\\\/#website\",\"url\":\"https:\\\/\\\/salesianosmaux.es\\\/colegio\\\/\",\"name\":\"Colegio Mar\u00eda Auxiliadora\",\"description\":\"Colegio Mar\u00eda Auxiliadora\",\"potentialAction\":[{\"@type\":\"SearchAction\",\"target\":{\"@type\":\"EntryPoint\",\"urlTemplate\":\"https:\\\/\\\/salesianosmaux.es\\\/colegio\\\/?s={search_term_string}\"},\"query-input\":{\"@type\":\"PropertyValueSpecification\",\"valueRequired\":true,\"valueName\":\"search_term_string\"}}],\"inLanguage\":\"es\"},{\"@type\":\"Person\",\"@id\":\"https:\\\/\\\/salesianosmaux.es\\\/colegio\\\/#\\\/schema\\\/person\\\/9bd111fcfb5210d0fa466bfc8154b2f8\",\"name\":\"admin\",\"image\":{\"@type\":\"ImageObject\",\"inLanguage\":\"es\",\"@id\":\"https:\\\/\\\/secure.gravatar.com\\\/avatar\\\/09550e5c75cc821753a661f1c7f497ea1bbe9e394289f33e436a29a7df762242?s=96&d=mm&r=g\",\"url\":\"https:\\\/\\\/secure.gravatar.com\\\/avatar\\\/09550e5c75cc821753a661f1c7f497ea1bbe9e394289f33e436a29a7df762242?s=96&d=mm&r=g\",\"contentUrl\":\"https:\\\/\\\/secure.gravatar.com\\\/avatar\\\/09550e5c75cc821753a661f1c7f497ea1bbe9e394289f33e436a29a7df762242?s=96&d=mm&r=g\",\"caption\":\"admin\"},\"sameAs\":[\"https:\\\/\\\/salesianosmaux.es\"],\"url\":\"https:\\\/\\\/salesianosmaux.es\\\/colegio\\\/author\\\/salamanca_95jmwv72\\\/\"}]}<\/script>\n<!-- \/ Yoast SEO plugin. -->","yoast_head_json":{"title":"Cuatro de nuestros alumnos reciben los Premios de Acceso 2025 de la Universidad de Salamanca - Colegio Mar\u00eda Auxiliadora","robots":{"index":"index","follow":"follow","max-snippet":"max-snippet:-1","max-image-preview":"max-image-preview:large","max-video-preview":"max-video-preview:-1"},"canonical":"https:\/\/salesianosmaux.es\/colegio\/2025\/06\/30\/cuatro-de-nuestros-alumnos-reciben-los-premios-de-acceso-2025-de-la-universidad-de-salamanca\/","og_locale":"es_ES","og_type":"article","og_title":"Cuatro de nuestros alumnos reciben los Premios de Acceso 2025 de la Universidad de Salamanca - Colegio Mar\u00eda Auxiliadora","og_description":"Te puede interesar...","og_url":"https:\/\/salesianosmaux.es\/colegio\/2025\/06\/30\/cuatro-de-nuestros-alumnos-reciben-los-premios-de-acceso-2025-de-la-universidad-de-salamanca\/","og_site_name":"Colegio Mar\u00eda Auxiliadora","article_published_time":"2025-06-30T07:53:29+00:00","article_modified_time":"2026-08-31T07:40:01+00:00","og_image":[{"width":1080,"height":1350,"url":"https:\/\/salesianosmaux.es\/colegio\/wp-content\/uploads\/sites\/5\/2025\/07\/Salesianos_premio-extraordinario-PAU.jpg","type":"image\/jpeg"}],"author":"admin","twitter_card":"summary_large_image","twitter_misc":{"Escrito por":"admin","Tiempo de lectura":"2 minutos"},"schema":{"@context":"https:\/\/schema.org","@graph":[{"@type":"Article","@id":"https:\/\/salesianosmaux.es\/colegio\/2025\/06\/30\/cuatro-de-nuestros-alumnos-reciben-los-premios-de-acceso-2025-de-la-universidad-de-salamanca\/#article","isPartOf":{"@id":"https:\/\/salesianosmaux.es\/colegio\/2025\/06\/30\/cuatro-de-nuestros-alumnos-reciben-los-premios-de-acceso-2025-de-la-universidad-de-salamanca\/"},"author":{"name":"admin","@id":"https:\/\/salesianosmaux.es\/colegio\/#\/schema\/person\/9bd111fcfb5210d0fa466bfc8154b2f8"},"headline":"Cuatro de nuestros alumnos reciben los Premios de Acceso 2025 de la Universidad de Salamanca","datePublished":"2025-06-30T07:53:29+00:00","dateModified":"2026-08-31T07:40:01+00:00","mainEntityOfPage":{"@id":"https:\/\/salesianosmaux.es\/colegio\/2025\/06\/30\/cuatro-de-nuestros-alumnos-reciben-los-premios-de-acceso-2025-de-la-universidad-de-salamanca\/"},"wordCount":313,"commentCount":0,"image":{"@id":"https:\/\/salesianosmaux.es\/colegio\/2025\/06\/30\/cuatro-de-nuestros-alumnos-reciben-los-premios-de-acceso-2025-de-la-universidad-de-salamanca\/#primaryimage"},"thumbnailUrl":"https:\/\/salesianosmaux.es\/colegio\/wp-content\/uploads\/sites\/5\/2025\/07\/Salesianos_premio-extraordinario-PAU.jpg","articleSection":["Premios y reconocimientos"],"inLanguage":"es","potentialAction":[{"@type":"CommentAction","name":"Comment","target":["https:\/\/salesianosmaux.es\/colegio\/2025\/06\/30\/cuatro-de-nuestros-alumnos-reciben-los-premios-de-acceso-2025-de-la-universidad-de-salamanca\/#respond"]}]},{"@type":"WebPage","@id":"https:\/\/salesianosmaux.es\/colegio\/2025\/06\/30\/cuatro-de-nuestros-alumnos-reciben-los-premios-de-acceso-2025-de-la-universidad-de-salamanca\/","url":"https:\/\/salesianosmaux.es\/colegio\/2025\/06\/30\/cuatro-de-nuestros-alumnos-reciben-los-premios-de-acceso-2025-de-la-universidad-de-salamanca\/","name":"Cuatro de nuestros alumnos reciben los Premios de Acceso 2025 de la Universidad de Salamanca - Colegio Mar\u00eda Auxiliadora","isPartOf":{"@id":"https:\/\/salesianosmaux.es\/colegio\/#website"},"primaryImageOfPage":{"@id":"https:\/\/salesianosmaux.es\/colegio\/2025\/06\/30\/cuatro-de-nuestros-alumnos-reciben-los-premios-de-acceso-2025-de-la-universidad-de-salamanca\/#primaryimage"},"image":{"@id":"https:\/\/salesianosmaux.es\/colegio\/2025\/06\/30\/cuatro-de-nuestros-alumnos-reciben-los-premios-de-acceso-2025-de-la-universidad-de-salamanca\/#primaryimage"},"thumbnailUrl":"https:\/\/salesianosmaux.es\/colegio\/wp-content\/uploads\/sites\/5\/2025\/07\/Salesianos_premio-extraordinario-PAU.jpg","datePublished":"2025-06-30T07:53:29+00:00","dateModified":"2026-08-31T07:40:01+00:00","author":{"@id":"https:\/\/salesianosmaux.es\/colegio\/#\/schema\/person\/9bd111fcfb5210d0fa466bfc8154b2f8"},"breadcrumb":{"@id":"https:\/\/salesianosmaux.es\/colegio\/2025\/06\/30\/cuatro-de-nuestros-alumnos-reciben-los-premios-de-acceso-2025-de-la-universidad-de-salamanca\/#breadcrumb"},"inLanguage":"es","potentialAction":[{"@type":"ReadAction","target":["https:\/\/salesianosmaux.es\/colegio\/2025\/06\/30\/cuatro-de-nuestros-alumnos-reciben-los-premios-de-acceso-2025-de-la-universidad-de-salamanca\/"]}]},{"@type":"ImageObject","inLanguage":"es","@id":"https:\/\/salesianosmaux.es\/colegio\/2025\/06\/30\/cuatro-de-nuestros-alumnos-reciben-los-premios-de-acceso-2025-de-la-universidad-de-salamanca\/#primaryimage","url":"https:\/\/salesianosmaux.es\/colegio\/wp-content\/uploads\/sites\/5\/2025\/07\/Salesianos_premio-extraordinario-PAU.jpg","contentUrl":"https:\/\/salesianosmaux.es\/colegio\/wp-content\/uploads\/sites\/5\/2025\/07\/Salesianos_premio-extraordinario-PAU.jpg","width":1080,"height":1350},{"@type":"BreadcrumbList","@id":"https:\/\/salesianosmaux.es\/colegio\/2025\/06\/30\/cuatro-de-nuestros-alumnos-reciben-los-premios-de-acceso-2025-de-la-universidad-de-salamanca\/#breadcrumb","itemListElement":[{"@type":"ListItem","position":1,"name":"Portada","item":"https:\/\/salesianosmaux.es\/colegio\/"},{"@type":"ListItem","position":2,"name":"Cuatro de nuestros alumnos reciben los Premios de Acceso 2025 de la Universidad de Salamanca"}]},{"@type":"WebSite","@id":"https:\/\/salesianosmaux.es\/colegio\/#website","url":"https:\/\/salesianosmaux.es\/colegio\/","name":"Colegio Mar\u00eda Auxiliadora","description":"Colegio Mar\u00eda Auxiliadora","potentialAction":[{"@type":"SearchAction","target":{"@type":"EntryPoint","urlTemplate":"https:\/\/salesianosmaux.es\/colegio\/?s={search_term_string}"},"query-input":{"@type":"PropertyValueSpecification","valueRequired":true,"valueName":"search_term_string"}}],"inLanguage":"es"},{"@type":"Person","@id":"https:\/\/salesianosmaux.es\/colegio\/#\/schema\/person\/9bd111fcfb5210d0fa466bfc8154b2f8","name":"admin","image":{"@type":"ImageObject","inLanguage":"es","@id":"https:\/\/secure.gravatar.com\/avatar\/09550e5c75cc821753a661f1c7f497ea1bbe9e394289f33e436a29a7df762242?s=96&d=mm&r=g","url":"https:\/\/secure.gravatar.com\/avatar\/09550e5c75cc821753a661f1c7f497ea1bbe9e394289f33e436a29a7df762242?s=96&d=mm&r=g","contentUrl":"https:\/\/secure.gravatar.com\/avatar\/09550e5c75cc821753a661f1c7f497ea1bbe9e394289f33e436a29a7df762242?s=96&d=mm&r=g","caption":"admin"},"sameAs":["https:\/\/salesianosmaux.es"],"url":"https:\/\/salesianosmaux.es\/colegio\/author\/salamanca_95jmwv72\/"}]}},"_links":{"self":[{"href":"https:\/\/salesianosmaux.es\/colegio\/wp-json\/wp\/v2\/posts\/11431","targetHints":{"allow":["GET"]}}],"collection":[{"href":"https:\/\/salesianosmaux.es\/colegio\/wp-json\/wp\/v2\/posts"}],"about":[{"href":"https:\/\/salesianosmaux.es\/colegio\/wp-json\/wp\/v2\/types\/post"}],"author":[{"embeddable":true,"href":"https:\/\/salesianosmaux.es\/colegio\/wp-json\/wp\/v2\/users\/1"}],"replies":[{"embeddable":true,"href":"https:\/\/salesianosmaux.es\/colegio\/wp-json\/wp\/v2\/comments?post=11431"}],"version-history":[{"count":3,"href":"https:\/\/salesianosmaux.es\/colegio\/wp-json\/wp\/v2\/posts\/11431\/revisions"}],"predecessor-version":[{"id":11436,"href":"https:\/\/salesianosmaux.es\/colegio\/wp-json\/wp\/v2\/posts\/11431\/revisions\/11436"}],"wp:featuredmedia":[{"embeddable":true,"href":"https:\/\/salesianosmaux.es\/colegio\/wp-json\/wp\/v2\/media\/11433"}],"wp:attachment":[{"href":"https:\/\/salesianosmaux.es\/colegio\/wp-json\/wp\/v2\/media?parent=11431"}],"wp:term":[{"taxonomy":"category","embeddable":true,"href":"https:\/\/salesianosmaux.es\/colegio\/wp-json\/wp\/v2\/categories?post=11431"},{"taxonomy":"post_tag","embeddable":true,"href":"https:\/\/salesianosmaux.es\/colegio\/wp-json\/wp\/v2\/tags?post=11431"}],"curies":[{"name":"wp","href":"https:\/\/api.w.org\/{rel}","templated":true}]}}