{"id":11985,"date":"2025-12-09T21:12:19","date_gmt":"2025-12-09T21:12:19","guid":{"rendered":"https:\/\/salesianosmaux.es\/colegio\/?p=11985"},"modified":"2025-12-09T21:12:46","modified_gmt":"2025-12-09T21:12:46","slug":"dos-capacitados-llena-de-humor-emocion-y-esperanza-el-colegio","status":"publish","type":"post","link":"https:\/\/salesianosmaux.es\/colegio\/2025\/12\/09\/dos-capacitados-llena-de-humor-emocion-y-esperanza-el-colegio\/","title":{"rendered":"\u201cDos Capacitados\u201d llena de humor, emoci\u00f3n y esperanza el Colegio"},"content":{"rendered":"<p>[et_pb_section fb_built=\u00bb1&#8243; theme_builder_area=\u00bbpost_content\u00bb _builder_version=\u00bb4.27.4&#8243; _module_preset=\u00bbdefault\u00bb][et_pb_row _builder_version=\u00bb4.27.4&#8243; _module_preset=\u00bbdefault\u00bb theme_builder_area=\u00bbpost_content\u00bb][et_pb_column _builder_version=\u00bb4.27.4&#8243; _module_preset=\u00bbdefault\u00bb type=\u00bb4_4&#8243; theme_builder_area=\u00bbpost_content\u00bb][et_pb_text _builder_version=\u00bb4.27.4&#8243; _module_preset=\u00bbdefault\u00bb theme_builder_area=\u00bbpost_content\u00bb hover_enabled=\u00bb0&#8243; sticky_enabled=\u00bb0&#8243;]<\/p>\n<p data-start=\"459\" data-end=\"799\">Esta ma\u00f1ana, los alumnos desde 5.\u00ba de Primaria hasta 4.\u00ba de ESO del <strong data-start=\"527\" data-end=\"579\">Colegio Salesiano Mar\u00eda Auxiliadora de Salamanca<\/strong> han disfrutado del espect\u00e1culo motivacional <strong data-start=\"624\" data-end=\"645\">\u201cDos Capacitados\u201d<\/strong>, protagonizado por el humorista <strong data-start=\"678\" data-end=\"690\">Edu Luky<\/strong>y el actor <strong data-start=\"702\" data-end=\"727\">Jos\u00e9 de Luna \u201cJosete\u201d<\/strong>, conocido por sus papeles en las pel\u00edculas <em data-start=\"771\" data-end=\"782\">Campeones<\/em> y <em data-start=\"785\" data-end=\"796\">CampeoneX<\/em>.<\/p>\n<p data-start=\"801\" data-end=\"1025\">La actividad, impulsada dentro de nuestro compromiso por acompa\u00f1ar a los j\u00f3venes en su crecimiento personal y emocional, ha ofrecido un espacio de reflexi\u00f3n, humor y valores muy en sinton\u00eda con el estilo educativo salesiano.<\/p>\n<h2 data-start=\"1032\" data-end=\"1109\"><strong data-start=\"1035\" data-end=\"1109\">Un show que transforma miradas: de \u201cdiscapacitados\u201d a \u201cdoscapacitados\u201d<\/strong><\/h2>\n<p data-start=\"1111\" data-end=\"1527\">Edu y Josete han presentado un espect\u00e1culo valiente y lleno de vida en el que invitan a aceptarnos tal y como somos, a re\u00edrnos de nuestras propias dificultades y a afrontar la vida con esperanza.<br data-start=\"1306\" data-end=\"1309\" \/>Su t\u00e1ndem, cargado de energ\u00eda positiva, ha logrado conectar con nuestros j\u00f3venes a trav\u00e9s de an\u00e9cdotas reales, humor inteligente y un testimonio personal que anima a descubrir las capacidades que todos llevamos dentro.<\/p>\n<p data-start=\"1529\" data-end=\"1862\">Durante la actuaci\u00f3n, los artistas recordaron que, a menudo, somos \u201cdemasiado quejicas\u201d en un mundo lleno de oportunidades para mejorar y aportar cosas buenas. Su propuesta, llena de cercan\u00eda y sencillez, transmiti\u00f3 una \u201creceta\u201d fundamental para la vida: <strong data-start=\"1785\" data-end=\"1861\">humor, trabajo, esfuerzo y actitud positiva para alcanzar nuestras metas<\/strong>.<\/p>\n<h2 data-start=\"1869\" data-end=\"1926\"><strong data-start=\"1872\" data-end=\"1926\">Risas, emociones y un mensaje que llega al coraz\u00f3n<\/strong><\/h2>\n<p data-start=\"1928\" data-end=\"2211\">El espect\u00e1culo dej\u00f3 momentos muy especiales. Entre risas y alguna l\u00e1grima emocionada, nuestros alumnos se sintieron acompa\u00f1ados por un mensaje que les animaba a levantarse ante los fracasos, valorar la vida como un regalo y confiar en que cada uno tiene un papel \u00fanico en este mundo.<\/p>\n<p data-start=\"2213\" data-end=\"2443\">La actitud entra\u00f1able de Jos\u00e9 de Luna y la naturalidad de Edu Luky hicieron de esta cita una experiencia educativa de gran valor, profundamente alineada con el estilo salesiano de educar desde la alegr\u00eda, la cercan\u00eda y el coraz\u00f3n.<\/p>\n<h2 data-start=\"2450\" data-end=\"2492\"><strong data-start=\"2453\" data-end=\"2492\">Gracias al AMPA por su colaboraci\u00f3n<\/strong><\/h2>\n<p data-start=\"2494\" data-end=\"2828\">Desde el Colegio Salesiano Mar\u00eda Auxiliadora queremos expresar un <strong data-start=\"2560\" data-end=\"2602\">agradecimiento especial a nuestro AMPA<\/strong>, cuya colaboraci\u00f3n ha hecho posible esta actividad.<br data-start=\"2654\" data-end=\"2657\" \/>Su apoyo constante contribuye a enriquecer la vida escolar y a ofrecer a nuestros alumnos experiencias que les ayudan a crecer en valores, resiliencia y esp\u00edritu positivo.<\/p>\n<h2 data-start=\"2835\" data-end=\"2867\"><strong data-start=\"2838\" data-end=\"2867\">Una jornada para recordar<\/strong><\/h2>\n<p data-start=\"2869\" data-end=\"3219\">\u201cDos Capacitados\u201d no fue solo un espect\u00e1culo de humor: fue una lecci\u00f3n de vida, un impulso de motivaci\u00f3n y un recordatorio de que cada joven tiene capacidades que pueden transformar su futuro.<br data-start=\"3061\" data-end=\"3064\" \/>Agradecemos sinceramente a Edu Luky y a Jos\u00e9 de Luna su cercan\u00eda, su entrega y su testimonio, que dejan una huella positiva en nuestros alumnos.<\/p>\n<p>[\/et_pb_text][\/et_pb_column][\/et_pb_row][\/et_pb_section]<\/p>\n","protected":false},"excerpt":{"rendered":"<p>Esta ma\u00f1ana, los alumnos desde 5.\u00ba de Primaria hasta 4.\u00ba de ESO del Colegio Salesiano Mar\u00eda Auxiliadora de Salamanca han disfrutado del espect\u00e1culo motivacional \u201cDos Capacitados\u201d, protagonizado por el humorista Edu Lukyy el actor Jos\u00e9 de Luna \u201cJosete\u201d, conocido por sus papeles en las pel\u00edculas Campeones y CampeoneX. La actividad, impulsada dentro de nuestro compromiso [&hellip;]<\/p>\n","protected":false},"author":1,"featured_media":11986,"comment_status":"closed","ping_status":"closed","sticky":false,"template":"","format":"standard","meta":{"_et_pb_use_builder":"on","_et_pb_old_content":"","_et_gb_content_width":"","_joinchat":[],"footnotes":""},"categories":[13,45,53],"tags":[],"class_list":["post-11985","post","type-post","status-publish","format-standard","has-post-thumbnail","hentry","category-colegio","category-primaria-colegio","category-secundaria"],"yoast_head":"<!-- This site is optimized with the Yoast SEO plugin v27.4 - https:\/\/yoast.com\/product\/yoast-seo-wordpress\/ -->\n<title>\u201cDos Capacitados\u201d llena de humor, emoci\u00f3n y esperanza el Colegio - Colegio Mar\u00eda Auxiliadora<\/title>\n<meta name=\"robots\" content=\"index, follow, max-snippet:-1, max-image-preview:large, max-video-preview:-1\" \/>\n<link rel=\"canonical\" href=\"https:\/\/salesianosmaux.es\/colegio\/2025\/12\/09\/dos-capacitados-llena-de-humor-emocion-y-esperanza-el-colegio\/\" \/>\n<meta property=\"og:locale\" content=\"es_ES\" \/>\n<meta property=\"og:type\" content=\"article\" \/>\n<meta property=\"og:title\" content=\"\u201cDos Capacitados\u201d llena de humor, emoci\u00f3n y esperanza el Colegio - Colegio Mar\u00eda Auxiliadora\" \/>\n<meta property=\"og:description\" content=\"Te puede interesar...\" \/>\n<meta property=\"og:url\" content=\"https:\/\/salesianosmaux.es\/colegio\/2025\/12\/09\/dos-capacitados-llena-de-humor-emocion-y-esperanza-el-colegio\/\" \/>\n<meta property=\"og:site_name\" content=\"Colegio Mar\u00eda Auxiliadora\" \/>\n<meta property=\"article:published_time\" content=\"2025-12-09T21:12:19+00:00\" \/>\n<meta property=\"article:modified_time\" content=\"2025-12-09T21:12:46+00:00\" \/>\n<meta property=\"og:image\" content=\"https:\/\/salesianosmaux.es\/colegio\/wp-content\/uploads\/sites\/5\/2025\/12\/Salesianos_DosCapacitados.jpg\" \/>\n\t<meta property=\"og:image:width\" content=\"1600\" \/>\n\t<meta property=\"og:image:height\" content=\"1200\" \/>\n\t<meta property=\"og:image:type\" content=\"image\/jpeg\" \/>\n<meta name=\"author\" content=\"admin\" \/>\n<meta name=\"twitter:card\" content=\"summary_large_image\" \/>\n<meta name=\"twitter:label1\" content=\"Escrito por\" \/>\n\t<meta name=\"twitter:data1\" content=\"admin\" \/>\n\t<meta name=\"twitter:label2\" content=\"Tiempo de lectura\" \/>\n\t<meta name=\"twitter:data2\" content=\"1 minuto\" \/>\n<script type=\"application\/ld+json\" class=\"yoast-schema-graph\">{\"@context\":\"https:\\\/\\\/schema.org\",\"@graph\":[{\"@type\":\"Article\",\"@id\":\"https:\\\/\\\/salesianosmaux.es\\\/colegio\\\/2025\\\/12\\\/09\\\/dos-capacitados-llena-de-humor-emocion-y-esperanza-el-colegio\\\/#article\",\"isPartOf\":{\"@id\":\"https:\\\/\\\/salesianosmaux.es\\\/colegio\\\/2025\\\/12\\\/09\\\/dos-capacitados-llena-de-humor-emocion-y-esperanza-el-colegio\\\/\"},\"author\":{\"name\":\"admin\",\"@id\":\"https:\\\/\\\/salesianosmaux.es\\\/colegio\\\/#\\\/schema\\\/person\\\/9bd111fcfb5210d0fa466bfc8154b2f8\"},\"headline\":\"\u201cDos Capacitados\u201d llena de humor, emoci\u00f3n y esperanza el Colegio\",\"datePublished\":\"2025-12-09T21:12:19+00:00\",\"dateModified\":\"2025-12-09T21:12:46+00:00\",\"mainEntityOfPage\":{\"@id\":\"https:\\\/\\\/salesianosmaux.es\\\/colegio\\\/2025\\\/12\\\/09\\\/dos-capacitados-llena-de-humor-emocion-y-esperanza-el-colegio\\\/\"},\"wordCount\":531,\"image\":{\"@id\":\"https:\\\/\\\/salesianosmaux.es\\\/colegio\\\/2025\\\/12\\\/09\\\/dos-capacitados-llena-de-humor-emocion-y-esperanza-el-colegio\\\/#primaryimage\"},\"thumbnailUrl\":\"https:\\\/\\\/salesianosmaux.es\\\/colegio\\\/wp-content\\\/uploads\\\/sites\\\/5\\\/2025\\\/12\\\/Salesianos_DosCapacitados.jpg\",\"articleSection\":[\"Colegio\",\"Primaria\",\"Secundaria\"],\"inLanguage\":\"es\"},{\"@type\":\"WebPage\",\"@id\":\"https:\\\/\\\/salesianosmaux.es\\\/colegio\\\/2025\\\/12\\\/09\\\/dos-capacitados-llena-de-humor-emocion-y-esperanza-el-colegio\\\/\",\"url\":\"https:\\\/\\\/salesianosmaux.es\\\/colegio\\\/2025\\\/12\\\/09\\\/dos-capacitados-llena-de-humor-emocion-y-esperanza-el-colegio\\\/\",\"name\":\"\u201cDos Capacitados\u201d llena de humor, emoci\u00f3n y esperanza el Colegio - Colegio Mar\u00eda Auxiliadora\",\"isPartOf\":{\"@id\":\"https:\\\/\\\/salesianosmaux.es\\\/colegio\\\/#website\"},\"primaryImageOfPage\":{\"@id\":\"https:\\\/\\\/salesianosmaux.es\\\/colegio\\\/2025\\\/12\\\/09\\\/dos-capacitados-llena-de-humor-emocion-y-esperanza-el-colegio\\\/#primaryimage\"},\"image\":{\"@id\":\"https:\\\/\\\/salesianosmaux.es\\\/colegio\\\/2025\\\/12\\\/09\\\/dos-capacitados-llena-de-humor-emocion-y-esperanza-el-colegio\\\/#primaryimage\"},\"thumbnailUrl\":\"https:\\\/\\\/salesianosmaux.es\\\/colegio\\\/wp-content\\\/uploads\\\/sites\\\/5\\\/2025\\\/12\\\/Salesianos_DosCapacitados.jpg\",\"datePublished\":\"2025-12-09T21:12:19+00:00\",\"dateModified\":\"2025-12-09T21:12:46+00:00\",\"author\":{\"@id\":\"https:\\\/\\\/salesianosmaux.es\\\/colegio\\\/#\\\/schema\\\/person\\\/9bd111fcfb5210d0fa466bfc8154b2f8\"},\"breadcrumb\":{\"@id\":\"https:\\\/\\\/salesianosmaux.es\\\/colegio\\\/2025\\\/12\\\/09\\\/dos-capacitados-llena-de-humor-emocion-y-esperanza-el-colegio\\\/#breadcrumb\"},\"inLanguage\":\"es\",\"potentialAction\":[{\"@type\":\"ReadAction\",\"target\":[\"https:\\\/\\\/salesianosmaux.es\\\/colegio\\\/2025\\\/12\\\/09\\\/dos-capacitados-llena-de-humor-emocion-y-esperanza-el-colegio\\\/\"]}]},{\"@type\":\"ImageObject\",\"inLanguage\":\"es\",\"@id\":\"https:\\\/\\\/salesianosmaux.es\\\/colegio\\\/2025\\\/12\\\/09\\\/dos-capacitados-llena-de-humor-emocion-y-esperanza-el-colegio\\\/#primaryimage\",\"url\":\"https:\\\/\\\/salesianosmaux.es\\\/colegio\\\/wp-content\\\/uploads\\\/sites\\\/5\\\/2025\\\/12\\\/Salesianos_DosCapacitados.jpg\",\"contentUrl\":\"https:\\\/\\\/salesianosmaux.es\\\/colegio\\\/wp-content\\\/uploads\\\/sites\\\/5\\\/2025\\\/12\\\/Salesianos_DosCapacitados.jpg\",\"width\":1600,\"height\":1200},{\"@type\":\"BreadcrumbList\",\"@id\":\"https:\\\/\\\/salesianosmaux.es\\\/colegio\\\/2025\\\/12\\\/09\\\/dos-capacitados-llena-de-humor-emocion-y-esperanza-el-colegio\\\/#breadcrumb\",\"itemListElement\":[{\"@type\":\"ListItem\",\"position\":1,\"name\":\"Portada\",\"item\":\"https:\\\/\\\/salesianosmaux.es\\\/colegio\\\/\"},{\"@type\":\"ListItem\",\"position\":2,\"name\":\"\u201cDos Capacitados\u201d llena de humor, emoci\u00f3n y esperanza el Colegio\"}]},{\"@type\":\"WebSite\",\"@id\":\"https:\\\/\\\/salesianosmaux.es\\\/colegio\\\/#website\",\"url\":\"https:\\\/\\\/salesianosmaux.es\\\/colegio\\\/\",\"name\":\"Colegio Mar\u00eda Auxiliadora\",\"description\":\"Colegio Mar\u00eda Auxiliadora\",\"potentialAction\":[{\"@type\":\"SearchAction\",\"target\":{\"@type\":\"EntryPoint\",\"urlTemplate\":\"https:\\\/\\\/salesianosmaux.es\\\/colegio\\\/?s={search_term_string}\"},\"query-input\":{\"@type\":\"PropertyValueSpecification\",\"valueRequired\":true,\"valueName\":\"search_term_string\"}}],\"inLanguage\":\"es\"},{\"@type\":\"Person\",\"@id\":\"https:\\\/\\\/salesianosmaux.es\\\/colegio\\\/#\\\/schema\\\/person\\\/9bd111fcfb5210d0fa466bfc8154b2f8\",\"name\":\"admin\",\"image\":{\"@type\":\"ImageObject\",\"inLanguage\":\"es\",\"@id\":\"https:\\\/\\\/secure.gravatar.com\\\/avatar\\\/09550e5c75cc821753a661f1c7f497ea1bbe9e394289f33e436a29a7df762242?s=96&d=mm&r=g\",\"url\":\"https:\\\/\\\/secure.gravatar.com\\\/avatar\\\/09550e5c75cc821753a661f1c7f497ea1bbe9e394289f33e436a29a7df762242?s=96&d=mm&r=g\",\"contentUrl\":\"https:\\\/\\\/secure.gravatar.com\\\/avatar\\\/09550e5c75cc821753a661f1c7f497ea1bbe9e394289f33e436a29a7df762242?s=96&d=mm&r=g\",\"caption\":\"admin\"},\"sameAs\":[\"https:\\\/\\\/salesianosmaux.es\"],\"url\":\"https:\\\/\\\/salesianosmaux.es\\\/colegio\\\/author\\\/salamanca_95jmwv72\\\/\"}]}<\/script>\n<!-- \/ Yoast SEO plugin. -->","yoast_head_json":{"title":"\u201cDos Capacitados\u201d llena de humor, emoci\u00f3n y esperanza el Colegio - Colegio Mar\u00eda Auxiliadora","robots":{"index":"index","follow":"follow","max-snippet":"max-snippet:-1","max-image-preview":"max-image-preview:large","max-video-preview":"max-video-preview:-1"},"canonical":"https:\/\/salesianosmaux.es\/colegio\/2025\/12\/09\/dos-capacitados-llena-de-humor-emocion-y-esperanza-el-colegio\/","og_locale":"es_ES","og_type":"article","og_title":"\u201cDos Capacitados\u201d llena de humor, emoci\u00f3n y esperanza el Colegio - Colegio Mar\u00eda Auxiliadora","og_description":"Te puede interesar...","og_url":"https:\/\/salesianosmaux.es\/colegio\/2025\/12\/09\/dos-capacitados-llena-de-humor-emocion-y-esperanza-el-colegio\/","og_site_name":"Colegio Mar\u00eda Auxiliadora","article_published_time":"2025-12-09T21:12:19+00:00","article_modified_time":"2025-12-09T21:12:46+00:00","og_image":[{"width":1600,"height":1200,"url":"https:\/\/salesianosmaux.es\/colegio\/wp-content\/uploads\/sites\/5\/2025\/12\/Salesianos_DosCapacitados.jpg","type":"image\/jpeg"}],"author":"admin","twitter_card":"summary_large_image","twitter_misc":{"Escrito por":"admin","Tiempo de lectura":"1 minuto"},"schema":{"@context":"https:\/\/schema.org","@graph":[{"@type":"Article","@id":"https:\/\/salesianosmaux.es\/colegio\/2025\/12\/09\/dos-capacitados-llena-de-humor-emocion-y-esperanza-el-colegio\/#article","isPartOf":{"@id":"https:\/\/salesianosmaux.es\/colegio\/2025\/12\/09\/dos-capacitados-llena-de-humor-emocion-y-esperanza-el-colegio\/"},"author":{"name":"admin","@id":"https:\/\/salesianosmaux.es\/colegio\/#\/schema\/person\/9bd111fcfb5210d0fa466bfc8154b2f8"},"headline":"\u201cDos Capacitados\u201d llena de humor, emoci\u00f3n y esperanza el Colegio","datePublished":"2025-12-09T21:12:19+00:00","dateModified":"2025-12-09T21:12:46+00:00","mainEntityOfPage":{"@id":"https:\/\/salesianosmaux.es\/colegio\/2025\/12\/09\/dos-capacitados-llena-de-humor-emocion-y-esperanza-el-colegio\/"},"wordCount":531,"image":{"@id":"https:\/\/salesianosmaux.es\/colegio\/2025\/12\/09\/dos-capacitados-llena-de-humor-emocion-y-esperanza-el-colegio\/#primaryimage"},"thumbnailUrl":"https:\/\/salesianosmaux.es\/colegio\/wp-content\/uploads\/sites\/5\/2025\/12\/Salesianos_DosCapacitados.jpg","articleSection":["Colegio","Primaria","Secundaria"],"inLanguage":"es"},{"@type":"WebPage","@id":"https:\/\/salesianosmaux.es\/colegio\/2025\/12\/09\/dos-capacitados-llena-de-humor-emocion-y-esperanza-el-colegio\/","url":"https:\/\/salesianosmaux.es\/colegio\/2025\/12\/09\/dos-capacitados-llena-de-humor-emocion-y-esperanza-el-colegio\/","name":"\u201cDos Capacitados\u201d llena de humor, emoci\u00f3n y esperanza el Colegio - Colegio Mar\u00eda Auxiliadora","isPartOf":{"@id":"https:\/\/salesianosmaux.es\/colegio\/#website"},"primaryImageOfPage":{"@id":"https:\/\/salesianosmaux.es\/colegio\/2025\/12\/09\/dos-capacitados-llena-de-humor-emocion-y-esperanza-el-colegio\/#primaryimage"},"image":{"@id":"https:\/\/salesianosmaux.es\/colegio\/2025\/12\/09\/dos-capacitados-llena-de-humor-emocion-y-esperanza-el-colegio\/#primaryimage"},"thumbnailUrl":"https:\/\/salesianosmaux.es\/colegio\/wp-content\/uploads\/sites\/5\/2025\/12\/Salesianos_DosCapacitados.jpg","datePublished":"2025-12-09T21:12:19+00:00","dateModified":"2025-12-09T21:12:46+00:00","author":{"@id":"https:\/\/salesianosmaux.es\/colegio\/#\/schema\/person\/9bd111fcfb5210d0fa466bfc8154b2f8"},"breadcrumb":{"@id":"https:\/\/salesianosmaux.es\/colegio\/2025\/12\/09\/dos-capacitados-llena-de-humor-emocion-y-esperanza-el-colegio\/#breadcrumb"},"inLanguage":"es","potentialAction":[{"@type":"ReadAction","target":["https:\/\/salesianosmaux.es\/colegio\/2025\/12\/09\/dos-capacitados-llena-de-humor-emocion-y-esperanza-el-colegio\/"]}]},{"@type":"ImageObject","inLanguage":"es","@id":"https:\/\/salesianosmaux.es\/colegio\/2025\/12\/09\/dos-capacitados-llena-de-humor-emocion-y-esperanza-el-colegio\/#primaryimage","url":"https:\/\/salesianosmaux.es\/colegio\/wp-content\/uploads\/sites\/5\/2025\/12\/Salesianos_DosCapacitados.jpg","contentUrl":"https:\/\/salesianosmaux.es\/colegio\/wp-content\/uploads\/sites\/5\/2025\/12\/Salesianos_DosCapacitados.jpg","width":1600,"height":1200},{"@type":"BreadcrumbList","@id":"https:\/\/salesianosmaux.es\/colegio\/2025\/12\/09\/dos-capacitados-llena-de-humor-emocion-y-esperanza-el-colegio\/#breadcrumb","itemListElement":[{"@type":"ListItem","position":1,"name":"Portada","item":"https:\/\/salesianosmaux.es\/colegio\/"},{"@type":"ListItem","position":2,"name":"\u201cDos Capacitados\u201d llena de humor, emoci\u00f3n y esperanza el Colegio"}]},{"@type":"WebSite","@id":"https:\/\/salesianosmaux.es\/colegio\/#website","url":"https:\/\/salesianosmaux.es\/colegio\/","name":"Colegio Mar\u00eda Auxiliadora","description":"Colegio Mar\u00eda Auxiliadora","potentialAction":[{"@type":"SearchAction","target":{"@type":"EntryPoint","urlTemplate":"https:\/\/salesianosmaux.es\/colegio\/?s={search_term_string}"},"query-input":{"@type":"PropertyValueSpecification","valueRequired":true,"valueName":"search_term_string"}}],"inLanguage":"es"},{"@type":"Person","@id":"https:\/\/salesianosmaux.es\/colegio\/#\/schema\/person\/9bd111fcfb5210d0fa466bfc8154b2f8","name":"admin","image":{"@type":"ImageObject","inLanguage":"es","@id":"https:\/\/secure.gravatar.com\/avatar\/09550e5c75cc821753a661f1c7f497ea1bbe9e394289f33e436a29a7df762242?s=96&d=mm&r=g","url":"https:\/\/secure.gravatar.com\/avatar\/09550e5c75cc821753a661f1c7f497ea1bbe9e394289f33e436a29a7df762242?s=96&d=mm&r=g","contentUrl":"https:\/\/secure.gravatar.com\/avatar\/09550e5c75cc821753a661f1c7f497ea1bbe9e394289f33e436a29a7df762242?s=96&d=mm&r=g","caption":"admin"},"sameAs":["https:\/\/salesianosmaux.es"],"url":"https:\/\/salesianosmaux.es\/colegio\/author\/salamanca_95jmwv72\/"}]}},"_links":{"self":[{"href":"https:\/\/salesianosmaux.es\/colegio\/wp-json\/wp\/v2\/posts\/11985","targetHints":{"allow":["GET"]}}],"collection":[{"href":"https:\/\/salesianosmaux.es\/colegio\/wp-json\/wp\/v2\/posts"}],"about":[{"href":"https:\/\/salesianosmaux.es\/colegio\/wp-json\/wp\/v2\/types\/post"}],"author":[{"embeddable":true,"href":"https:\/\/salesianosmaux.es\/colegio\/wp-json\/wp\/v2\/users\/1"}],"replies":[{"embeddable":true,"href":"https:\/\/salesianosmaux.es\/colegio\/wp-json\/wp\/v2\/comments?post=11985"}],"version-history":[{"count":2,"href":"https:\/\/salesianosmaux.es\/colegio\/wp-json\/wp\/v2\/posts\/11985\/revisions"}],"predecessor-version":[{"id":11989,"href":"https:\/\/salesianosmaux.es\/colegio\/wp-json\/wp\/v2\/posts\/11985\/revisions\/11989"}],"wp:featuredmedia":[{"embeddable":true,"href":"https:\/\/salesianosmaux.es\/colegio\/wp-json\/wp\/v2\/media\/11986"}],"wp:attachment":[{"href":"https:\/\/salesianosmaux.es\/colegio\/wp-json\/wp\/v2\/media?parent=11985"}],"wp:term":[{"taxonomy":"category","embeddable":true,"href":"https:\/\/salesianosmaux.es\/colegio\/wp-json\/wp\/v2\/categories?post=11985"},{"taxonomy":"post_tag","embeddable":true,"href":"https:\/\/salesianosmaux.es\/colegio\/wp-json\/wp\/v2\/tags?post=11985"}],"curies":[{"name":"wp","href":"https:\/\/api.w.org\/{rel}","templated":true}]}}