{"id":12044,"date":"2026-01-22T18:56:37","date_gmt":"2026-01-22T18:56:37","guid":{"rendered":"https:\/\/salesianosmaux.es\/colegio\/?p=12044"},"modified":"2026-01-22T18:57:22","modified_gmt":"2026-01-22T18:57:22","slug":"don-bosco-2026-programa","status":"publish","type":"post","link":"https:\/\/salesianosmaux.es\/colegio\/2026\/01\/22\/don-bosco-2026-programa\/","title":{"rendered":"Don Bosco 2026 &#8211; Programa"},"content":{"rendered":"<p>[et_pb_section fb_built=\u00bb1&#8243; theme_builder_area=\u00bbpost_content\u00bb _builder_version=\u00bb4.27.5&#8243; _module_preset=\u00bbdefault\u00bb][et_pb_row _builder_version=\u00bb4.27.5&#8243; _module_preset=\u00bbdefault\u00bb theme_builder_area=\u00bbpost_content\u00bb][et_pb_column _builder_version=\u00bb4.27.5&#8243; _module_preset=\u00bbdefault\u00bb type=\u00bb4_4&#8243; theme_builder_area=\u00bbpost_content\u00bb][et_pb_text _builder_version=\u00bb4.27.5&#8243; _module_preset=\u00bbdefault\u00bb theme_builder_area=\u00bbpost_content\u00bb hover_enabled=\u00bb0&#8243; sticky_enabled=\u00bb0&#8243;]<\/p>\n<p class=\"p2\">El pr\u00f3ximo <span class=\"s1\"><b>30 de enero de 2026<\/b><\/span> celebraremos en nuestro colegio la <span class=\"s1\"><b>fiesta colegial de San Juan Bosco<\/b><\/span>, una jornada muy especial para toda la comunidad educativo pastoral, marcada por la convivencia y la alegr\u00eda.<\/p>\n<p class=\"p2\">A lo largo del d\u00eda, el alumnado de todas las etapas participar\u00e1 en actividades adaptadas a su edad: juegos, celebraciones, gestos conjuntos y momentos compartidos que nos ayudar\u00e1n a recordar y vivir el legado educativo de Don Bosco.<\/p>\n<h2><b>Actividades durante el mes de enero<\/b><\/h2>\n<p class=\"p2\">Adem\u00e1s del d\u00eda central de la fiesta, durante el mes de enero se desarrollar\u00e1n varias propuestas en el colegio:<span class=\"s2\"><\/span><\/p>\n<p class=\"p1\"><span class=\"s1\"><b>Buenos d\u00edas<\/b><\/span> dedicados a la figura de Don Bosco.<\/p>\n<p class=\"p1\"><span class=\"s1\"><b>26, 27 y 28 de enero<\/b><\/span>: <i>Recreando el oratorio<\/i> (Educaci\u00f3n Infantil).<\/p>\n<p class=\"p1\"><span class=\"s1\"><b>Los cuentos de Don Bosco<\/b><\/span>, preparados por alumnado de 4.\u00ba de ESO para Infantil.<\/p>\n<p class=\"p1\"><span class=\"s1\"><b>Juegos oratorianos<\/b><\/span> en Educaci\u00f3n Primaria.<\/p>\n<h2><b>Programa del viernes 30 de enero<\/b><span class=\"s2\"><\/span><\/h2>\n<h3><b>Educaci\u00f3n Infantil<\/b><span class=\"s2\"><\/span><\/h3>\n<p class=\"p1\"><span class=\"s1\"><b>9:00\u20139:30 h.<\/b><\/span> Entrada 1.\u00ba Ciclo.<\/p>\n<p class=\"p1\"><span class=\"s1\"><b>9:15 h.<\/b><\/span> Entrada 2.\u00ba Ciclo (quien lo necesite podr\u00e1 entrar a las 8:45 h).<\/p>\n<p class=\"p1\"><span class=\"s1\"><b>10:00 h.<\/b><\/span> Cuentacuentos con Teresa Corchete (1.\u00ba).<\/p>\n<p class=\"p1\"><span class=\"s1\"><b>10:00 h.<\/b><\/span> <i>\u201cProtagonista del Hechizo\u201d<\/i> con Toni Rivero (2.\u00ba).<\/p>\n<p class=\"p1\"><span class=\"s1\"><b>11:00 h.<\/b><\/span> Merienda: pan con crema de chocolate y galletas (AMPA).<\/p>\n<p class=\"p1\"><span class=\"s1\"><b>11:45 h.<\/b><\/span> \u00a1Superestrella! Gesto conjunto.<\/p>\n<p class=\"p1\"><span class=\"s1\"><b>12:30 h.<\/b><\/span> Juegos en las aulas.<\/p>\n<h3><b>Educaci\u00f3n Primaria<\/b><\/h3>\n<p class=\"p1\"><span class=\"s1\"><b>9:15 h.<\/b><\/span> Entrada (quien lo necesite podr\u00e1 entrar a las 8:45 h).<\/p>\n<p class=\"p1\"><span class=\"s1\"><b>9:15 h.<\/b><\/span> Juegos en las aulas.<\/p>\n<p class=\"p1\"><span class=\"s1\"><b>9:45 h.<\/b><\/span> Celebraci\u00f3n en la iglesia.<\/p>\n<p class=\"p1\"><span class=\"s1\"><b>11:00 h.<\/b><\/span> Merienda: pan con chocolate (AMPA).<\/p>\n<p class=\"p1\"><span class=\"s1\"><b>11:45 h.<\/b><\/span> \u00a1Superestrella! Gesto conjunto.<\/p>\n<p class=\"p1\"><span class=\"s1\"><b>12:00 h.<\/b><\/span> <i>\u201cProtagonista del Hechizo\u201d<\/i> con Toni Rivero para 1.\u00ba, 2.\u00ba y 3.\u00ba de Primaria.<\/p>\n<p class=\"p1\"><span class=\"s1\"><b>13:00 h.<\/b><\/span> <i>\u201cProtagonista del Hechizo\u201d<\/i> con Toni Rivero para 4.\u00ba, 5.\u00ba y 6.\u00ba de Primaria.<\/p>\n<h3><b>ESO y Bachillerato<\/b><\/h3>\n<p class=\"p1\"><span class=\"s1\"><b>8:15 h.<\/b><\/span> Entrada.<\/p>\n<p class=\"p1\"><span class=\"s1\"><b>8:15 h.<\/b><\/span> Buenos d\u00edas en las aulas.<\/p>\n<p class=\"p1\"><b>8:30 h. <\/b><b><\/b>Juegos en las aulas para 1.\u00ba, 2.\u00ba y 3.\u00ba ESO y Velada \u00a0para 4.\u00ba ESO y Bachillerato.<\/p>\n<p><b>10:15 h. <\/b><b><\/b>Velada para 1.\u00ba, 2.\u00ba y 3.\u00ba ESO y juegos en las aulas para 4.\u00ba ESO y Bachillerato.<\/p>\n<p><span class=\"s1\"><b>11:30 h.<\/b><\/span> Merienda: pan con chocolate (AMPA).<\/p>\n<p class=\"p1\"><span class=\"s1\"><b>11:45 h.<\/b><\/span> \u00a1Superestrella! Gesto conjunto.<\/p>\n<p class=\"p1\"><span class=\"s1\"><b>12:30 h.<\/b><\/span> Celebraci\u00f3n en la iglesia.<\/p>\n<p>\u00a0<span class=\"s2\"><\/span><\/p>\n<p class=\"p2\">La fiesta de Don Bosco es uno de los momentos m\u00e1s significativos del curso: un d\u00eda para <span class=\"s1\"><b>celebrar, compartir y reforzar el sentimiento de familia salesiana<\/b><\/span>.<\/p>\n<p class=\"p2\">\u00a1Os esperamos para vivir juntos esta gran jornada!<\/p>\n<p>[\/et_pb_text][\/et_pb_column][\/et_pb_row][\/et_pb_section]<\/p>\n","protected":false},"excerpt":{"rendered":"<p>El pr\u00f3ximo 30 de enero de 2026 celebraremos en nuestro colegio la fiesta colegial de San Juan Bosco, una jornada muy especial para toda la comunidad educativo pastoral, marcada por la convivencia y la alegr\u00eda. A lo largo del d\u00eda, el alumnado de todas las etapas participar\u00e1 en actividades adaptadas a su edad: juegos, celebraciones, [&hellip;]<\/p>\n","protected":false},"author":1,"featured_media":12047,"comment_status":"closed","ping_status":"closed","sticky":false,"template":"","format":"standard","meta":{"_et_pb_use_builder":"on","_et_pb_old_content":"","_et_gb_content_width":"","_joinchat":[],"footnotes":""},"categories":[13,58,39,45,53],"tags":[],"class_list":["post-12044","post","type-post","status-publish","format-standard","has-post-thumbnail","hentry","category-colegio","category-fiestas","category-infantil","category-primaria-colegio","category-secundaria"],"yoast_head":"<!-- This site is optimized with the Yoast SEO plugin v27.4 - https:\/\/yoast.com\/product\/yoast-seo-wordpress\/ -->\n<title>Don Bosco 2026 - Programa - Colegio Mar\u00eda Auxiliadora<\/title>\n<meta name=\"robots\" content=\"index, follow, max-snippet:-1, max-image-preview:large, max-video-preview:-1\" \/>\n<link rel=\"canonical\" href=\"https:\/\/salesianosmaux.es\/colegio\/2026\/01\/22\/don-bosco-2026-programa\/\" \/>\n<meta property=\"og:locale\" content=\"es_ES\" \/>\n<meta property=\"og:type\" content=\"article\" \/>\n<meta property=\"og:title\" content=\"Don Bosco 2026 - Programa - Colegio Mar\u00eda Auxiliadora\" \/>\n<meta property=\"og:description\" content=\"Te puede interesar...\" \/>\n<meta property=\"og:url\" content=\"https:\/\/salesianosmaux.es\/colegio\/2026\/01\/22\/don-bosco-2026-programa\/\" \/>\n<meta property=\"og:site_name\" content=\"Colegio Mar\u00eda Auxiliadora\" \/>\n<meta property=\"article:published_time\" content=\"2026-01-22T18:56:37+00:00\" \/>\n<meta property=\"article:modified_time\" content=\"2026-01-22T18:57:22+00:00\" \/>\n<meta property=\"og:image\" content=\"https:\/\/salesianosmaux.es\/colegio\/wp-content\/uploads\/sites\/5\/2026\/01\/2.jpg\" \/>\n\t<meta property=\"og:image:width\" content=\"2000\" \/>\n\t<meta property=\"og:image:height\" content=\"1414\" \/>\n\t<meta property=\"og:image:type\" content=\"image\/jpeg\" \/>\n<meta name=\"author\" content=\"admin\" \/>\n<meta name=\"twitter:card\" content=\"summary_large_image\" \/>\n<meta name=\"twitter:label1\" content=\"Escrito por\" \/>\n\t<meta name=\"twitter:data1\" content=\"admin\" \/>\n\t<meta name=\"twitter:label2\" content=\"Tiempo de lectura\" \/>\n\t<meta name=\"twitter:data2\" content=\"1 minuto\" \/>\n<script type=\"application\/ld+json\" class=\"yoast-schema-graph\">{\"@context\":\"https:\\\/\\\/schema.org\",\"@graph\":[{\"@type\":\"Article\",\"@id\":\"https:\\\/\\\/salesianosmaux.es\\\/colegio\\\/2026\\\/01\\\/22\\\/don-bosco-2026-programa\\\/#article\",\"isPartOf\":{\"@id\":\"https:\\\/\\\/salesianosmaux.es\\\/colegio\\\/2026\\\/01\\\/22\\\/don-bosco-2026-programa\\\/\"},\"author\":{\"name\":\"admin\",\"@id\":\"https:\\\/\\\/salesianosmaux.es\\\/colegio\\\/#\\\/schema\\\/person\\\/9bd111fcfb5210d0fa466bfc8154b2f8\"},\"headline\":\"Don Bosco 2026 &#8211; Programa\",\"datePublished\":\"2026-01-22T18:56:37+00:00\",\"dateModified\":\"2026-01-22T18:57:22+00:00\",\"mainEntityOfPage\":{\"@id\":\"https:\\\/\\\/salesianosmaux.es\\\/colegio\\\/2026\\\/01\\\/22\\\/don-bosco-2026-programa\\\/\"},\"wordCount\":417,\"image\":{\"@id\":\"https:\\\/\\\/salesianosmaux.es\\\/colegio\\\/2026\\\/01\\\/22\\\/don-bosco-2026-programa\\\/#primaryimage\"},\"thumbnailUrl\":\"https:\\\/\\\/salesianosmaux.es\\\/colegio\\\/wp-content\\\/uploads\\\/sites\\\/5\\\/2026\\\/01\\\/2.jpg\",\"articleSection\":[\"Colegio\",\"Fiestas\",\"Infantil\",\"Primaria\",\"Secundaria\"],\"inLanguage\":\"es\"},{\"@type\":\"WebPage\",\"@id\":\"https:\\\/\\\/salesianosmaux.es\\\/colegio\\\/2026\\\/01\\\/22\\\/don-bosco-2026-programa\\\/\",\"url\":\"https:\\\/\\\/salesianosmaux.es\\\/colegio\\\/2026\\\/01\\\/22\\\/don-bosco-2026-programa\\\/\",\"name\":\"Don Bosco 2026 - Programa - Colegio Mar\u00eda Auxiliadora\",\"isPartOf\":{\"@id\":\"https:\\\/\\\/salesianosmaux.es\\\/colegio\\\/#website\"},\"primaryImageOfPage\":{\"@id\":\"https:\\\/\\\/salesianosmaux.es\\\/colegio\\\/2026\\\/01\\\/22\\\/don-bosco-2026-programa\\\/#primaryimage\"},\"image\":{\"@id\":\"https:\\\/\\\/salesianosmaux.es\\\/colegio\\\/2026\\\/01\\\/22\\\/don-bosco-2026-programa\\\/#primaryimage\"},\"thumbnailUrl\":\"https:\\\/\\\/salesianosmaux.es\\\/colegio\\\/wp-content\\\/uploads\\\/sites\\\/5\\\/2026\\\/01\\\/2.jpg\",\"datePublished\":\"2026-01-22T18:56:37+00:00\",\"dateModified\":\"2026-01-22T18:57:22+00:00\",\"author\":{\"@id\":\"https:\\\/\\\/salesianosmaux.es\\\/colegio\\\/#\\\/schema\\\/person\\\/9bd111fcfb5210d0fa466bfc8154b2f8\"},\"breadcrumb\":{\"@id\":\"https:\\\/\\\/salesianosmaux.es\\\/colegio\\\/2026\\\/01\\\/22\\\/don-bosco-2026-programa\\\/#breadcrumb\"},\"inLanguage\":\"es\",\"potentialAction\":[{\"@type\":\"ReadAction\",\"target\":[\"https:\\\/\\\/salesianosmaux.es\\\/colegio\\\/2026\\\/01\\\/22\\\/don-bosco-2026-programa\\\/\"]}]},{\"@type\":\"ImageObject\",\"inLanguage\":\"es\",\"@id\":\"https:\\\/\\\/salesianosmaux.es\\\/colegio\\\/2026\\\/01\\\/22\\\/don-bosco-2026-programa\\\/#primaryimage\",\"url\":\"https:\\\/\\\/salesianosmaux.es\\\/colegio\\\/wp-content\\\/uploads\\\/sites\\\/5\\\/2026\\\/01\\\/2.jpg\",\"contentUrl\":\"https:\\\/\\\/salesianosmaux.es\\\/colegio\\\/wp-content\\\/uploads\\\/sites\\\/5\\\/2026\\\/01\\\/2.jpg\",\"width\":2000,\"height\":1414},{\"@type\":\"BreadcrumbList\",\"@id\":\"https:\\\/\\\/salesianosmaux.es\\\/colegio\\\/2026\\\/01\\\/22\\\/don-bosco-2026-programa\\\/#breadcrumb\",\"itemListElement\":[{\"@type\":\"ListItem\",\"position\":1,\"name\":\"Portada\",\"item\":\"https:\\\/\\\/salesianosmaux.es\\\/colegio\\\/\"},{\"@type\":\"ListItem\",\"position\":2,\"name\":\"Don Bosco 2026 &#8211; Programa\"}]},{\"@type\":\"WebSite\",\"@id\":\"https:\\\/\\\/salesianosmaux.es\\\/colegio\\\/#website\",\"url\":\"https:\\\/\\\/salesianosmaux.es\\\/colegio\\\/\",\"name\":\"Colegio Mar\u00eda Auxiliadora\",\"description\":\"Colegio Mar\u00eda Auxiliadora\",\"potentialAction\":[{\"@type\":\"SearchAction\",\"target\":{\"@type\":\"EntryPoint\",\"urlTemplate\":\"https:\\\/\\\/salesianosmaux.es\\\/colegio\\\/?s={search_term_string}\"},\"query-input\":{\"@type\":\"PropertyValueSpecification\",\"valueRequired\":true,\"valueName\":\"search_term_string\"}}],\"inLanguage\":\"es\"},{\"@type\":\"Person\",\"@id\":\"https:\\\/\\\/salesianosmaux.es\\\/colegio\\\/#\\\/schema\\\/person\\\/9bd111fcfb5210d0fa466bfc8154b2f8\",\"name\":\"admin\",\"image\":{\"@type\":\"ImageObject\",\"inLanguage\":\"es\",\"@id\":\"https:\\\/\\\/secure.gravatar.com\\\/avatar\\\/09550e5c75cc821753a661f1c7f497ea1bbe9e394289f33e436a29a7df762242?s=96&d=mm&r=g\",\"url\":\"https:\\\/\\\/secure.gravatar.com\\\/avatar\\\/09550e5c75cc821753a661f1c7f497ea1bbe9e394289f33e436a29a7df762242?s=96&d=mm&r=g\",\"contentUrl\":\"https:\\\/\\\/secure.gravatar.com\\\/avatar\\\/09550e5c75cc821753a661f1c7f497ea1bbe9e394289f33e436a29a7df762242?s=96&d=mm&r=g\",\"caption\":\"admin\"},\"sameAs\":[\"https:\\\/\\\/salesianosmaux.es\"],\"url\":\"https:\\\/\\\/salesianosmaux.es\\\/colegio\\\/author\\\/salamanca_95jmwv72\\\/\"}]}<\/script>\n<!-- \/ Yoast SEO plugin. -->","yoast_head_json":{"title":"Don Bosco 2026 - Programa - Colegio Mar\u00eda Auxiliadora","robots":{"index":"index","follow":"follow","max-snippet":"max-snippet:-1","max-image-preview":"max-image-preview:large","max-video-preview":"max-video-preview:-1"},"canonical":"https:\/\/salesianosmaux.es\/colegio\/2026\/01\/22\/don-bosco-2026-programa\/","og_locale":"es_ES","og_type":"article","og_title":"Don Bosco 2026 - Programa - Colegio Mar\u00eda Auxiliadora","og_description":"Te puede interesar...","og_url":"https:\/\/salesianosmaux.es\/colegio\/2026\/01\/22\/don-bosco-2026-programa\/","og_site_name":"Colegio Mar\u00eda Auxiliadora","article_published_time":"2026-01-22T18:56:37+00:00","article_modified_time":"2026-01-22T18:57:22+00:00","og_image":[{"width":2000,"height":1414,"url":"https:\/\/salesianosmaux.es\/colegio\/wp-content\/uploads\/sites\/5\/2026\/01\/2.jpg","type":"image\/jpeg"}],"author":"admin","twitter_card":"summary_large_image","twitter_misc":{"Escrito por":"admin","Tiempo de lectura":"1 minuto"},"schema":{"@context":"https:\/\/schema.org","@graph":[{"@type":"Article","@id":"https:\/\/salesianosmaux.es\/colegio\/2026\/01\/22\/don-bosco-2026-programa\/#article","isPartOf":{"@id":"https:\/\/salesianosmaux.es\/colegio\/2026\/01\/22\/don-bosco-2026-programa\/"},"author":{"name":"admin","@id":"https:\/\/salesianosmaux.es\/colegio\/#\/schema\/person\/9bd111fcfb5210d0fa466bfc8154b2f8"},"headline":"Don Bosco 2026 &#8211; Programa","datePublished":"2026-01-22T18:56:37+00:00","dateModified":"2026-01-22T18:57:22+00:00","mainEntityOfPage":{"@id":"https:\/\/salesianosmaux.es\/colegio\/2026\/01\/22\/don-bosco-2026-programa\/"},"wordCount":417,"image":{"@id":"https:\/\/salesianosmaux.es\/colegio\/2026\/01\/22\/don-bosco-2026-programa\/#primaryimage"},"thumbnailUrl":"https:\/\/salesianosmaux.es\/colegio\/wp-content\/uploads\/sites\/5\/2026\/01\/2.jpg","articleSection":["Colegio","Fiestas","Infantil","Primaria","Secundaria"],"inLanguage":"es"},{"@type":"WebPage","@id":"https:\/\/salesianosmaux.es\/colegio\/2026\/01\/22\/don-bosco-2026-programa\/","url":"https:\/\/salesianosmaux.es\/colegio\/2026\/01\/22\/don-bosco-2026-programa\/","name":"Don Bosco 2026 - Programa - Colegio Mar\u00eda Auxiliadora","isPartOf":{"@id":"https:\/\/salesianosmaux.es\/colegio\/#website"},"primaryImageOfPage":{"@id":"https:\/\/salesianosmaux.es\/colegio\/2026\/01\/22\/don-bosco-2026-programa\/#primaryimage"},"image":{"@id":"https:\/\/salesianosmaux.es\/colegio\/2026\/01\/22\/don-bosco-2026-programa\/#primaryimage"},"thumbnailUrl":"https:\/\/salesianosmaux.es\/colegio\/wp-content\/uploads\/sites\/5\/2026\/01\/2.jpg","datePublished":"2026-01-22T18:56:37+00:00","dateModified":"2026-01-22T18:57:22+00:00","author":{"@id":"https:\/\/salesianosmaux.es\/colegio\/#\/schema\/person\/9bd111fcfb5210d0fa466bfc8154b2f8"},"breadcrumb":{"@id":"https:\/\/salesianosmaux.es\/colegio\/2026\/01\/22\/don-bosco-2026-programa\/#breadcrumb"},"inLanguage":"es","potentialAction":[{"@type":"ReadAction","target":["https:\/\/salesianosmaux.es\/colegio\/2026\/01\/22\/don-bosco-2026-programa\/"]}]},{"@type":"ImageObject","inLanguage":"es","@id":"https:\/\/salesianosmaux.es\/colegio\/2026\/01\/22\/don-bosco-2026-programa\/#primaryimage","url":"https:\/\/salesianosmaux.es\/colegio\/wp-content\/uploads\/sites\/5\/2026\/01\/2.jpg","contentUrl":"https:\/\/salesianosmaux.es\/colegio\/wp-content\/uploads\/sites\/5\/2026\/01\/2.jpg","width":2000,"height":1414},{"@type":"BreadcrumbList","@id":"https:\/\/salesianosmaux.es\/colegio\/2026\/01\/22\/don-bosco-2026-programa\/#breadcrumb","itemListElement":[{"@type":"ListItem","position":1,"name":"Portada","item":"https:\/\/salesianosmaux.es\/colegio\/"},{"@type":"ListItem","position":2,"name":"Don Bosco 2026 &#8211; Programa"}]},{"@type":"WebSite","@id":"https:\/\/salesianosmaux.es\/colegio\/#website","url":"https:\/\/salesianosmaux.es\/colegio\/","name":"Colegio Mar\u00eda Auxiliadora","description":"Colegio Mar\u00eda Auxiliadora","potentialAction":[{"@type":"SearchAction","target":{"@type":"EntryPoint","urlTemplate":"https:\/\/salesianosmaux.es\/colegio\/?s={search_term_string}"},"query-input":{"@type":"PropertyValueSpecification","valueRequired":true,"valueName":"search_term_string"}}],"inLanguage":"es"},{"@type":"Person","@id":"https:\/\/salesianosmaux.es\/colegio\/#\/schema\/person\/9bd111fcfb5210d0fa466bfc8154b2f8","name":"admin","image":{"@type":"ImageObject","inLanguage":"es","@id":"https:\/\/secure.gravatar.com\/avatar\/09550e5c75cc821753a661f1c7f497ea1bbe9e394289f33e436a29a7df762242?s=96&d=mm&r=g","url":"https:\/\/secure.gravatar.com\/avatar\/09550e5c75cc821753a661f1c7f497ea1bbe9e394289f33e436a29a7df762242?s=96&d=mm&r=g","contentUrl":"https:\/\/secure.gravatar.com\/avatar\/09550e5c75cc821753a661f1c7f497ea1bbe9e394289f33e436a29a7df762242?s=96&d=mm&r=g","caption":"admin"},"sameAs":["https:\/\/salesianosmaux.es"],"url":"https:\/\/salesianosmaux.es\/colegio\/author\/salamanca_95jmwv72\/"}]}},"_links":{"self":[{"href":"https:\/\/salesianosmaux.es\/colegio\/wp-json\/wp\/v2\/posts\/12044","targetHints":{"allow":["GET"]}}],"collection":[{"href":"https:\/\/salesianosmaux.es\/colegio\/wp-json\/wp\/v2\/posts"}],"about":[{"href":"https:\/\/salesianosmaux.es\/colegio\/wp-json\/wp\/v2\/types\/post"}],"author":[{"embeddable":true,"href":"https:\/\/salesianosmaux.es\/colegio\/wp-json\/wp\/v2\/users\/1"}],"replies":[{"embeddable":true,"href":"https:\/\/salesianosmaux.es\/colegio\/wp-json\/wp\/v2\/comments?post=12044"}],"version-history":[{"count":2,"href":"https:\/\/salesianosmaux.es\/colegio\/wp-json\/wp\/v2\/posts\/12044\/revisions"}],"predecessor-version":[{"id":12050,"href":"https:\/\/salesianosmaux.es\/colegio\/wp-json\/wp\/v2\/posts\/12044\/revisions\/12050"}],"wp:featuredmedia":[{"embeddable":true,"href":"https:\/\/salesianosmaux.es\/colegio\/wp-json\/wp\/v2\/media\/12047"}],"wp:attachment":[{"href":"https:\/\/salesianosmaux.es\/colegio\/wp-json\/wp\/v2\/media?parent=12044"}],"wp:term":[{"taxonomy":"category","embeddable":true,"href":"https:\/\/salesianosmaux.es\/colegio\/wp-json\/wp\/v2\/categories?post=12044"},{"taxonomy":"post_tag","embeddable":true,"href":"https:\/\/salesianosmaux.es\/colegio\/wp-json\/wp\/v2\/tags?post=12044"}],"curies":[{"name":"wp","href":"https:\/\/api.w.org\/{rel}","templated":true}]}}