{"id":12148,"date":"2026-02-09T14:45:15","date_gmt":"2026-02-09T14:45:15","guid":{"rendered":"https:\/\/salesianosmaux.es\/colegio\/?p=12148"},"modified":"2026-08-31T08:00:32","modified_gmt":"2026-08-31T08:00:32","slug":"los-alumnos-de-6o-de-primaria-concluyen-el-curso-de-ciberexperto","status":"publish","type":"post","link":"https:\/\/salesianosmaux.es\/colegio\/2026\/02\/09\/los-alumnos-de-6o-de-primaria-concluyen-el-curso-de-ciberexperto\/","title":{"rendered":"Los alumnos de 6\u00ba de Primaria concluyen el curso de Ciberexperto"},"content":{"rendered":"<p>[et_pb_section fb_built=\u00bb1&#8243; _builder_version=\u00bb4.27.5&#8243; _module_preset=\u00bbdefault\u00bb global_colors_info=\u00bb{}\u00bb][et_pb_row _builder_version=\u00bb4.27.5&#8243; _module_preset=\u00bbdefault\u00bb global_colors_info=\u00bb{}\u00bb][et_pb_column type=\u00bb4_4&#8243; _builder_version=\u00bb4.27.5&#8243; _module_preset=\u00bbdefault\u00bb global_colors_info=\u00bb{}\u00bb][et_pb_text _builder_version=\u00bb4.27.5&#8243; _module_preset=\u00bbdefault\u00bb global_colors_info=\u00bb{}\u00bb]<\/p>\n<p>Los alumnos de 6\u00ba de Primaria de nuestro centro han participado recientemente en el curso CIBEREXPERTO. una iniciativa formativa impartida por la Polic\u00eda Nacional con el objetivo de promover un uso seguro, responsable y respetuoso de las nuevas tecnolog\u00edas.<\/p>\n<p>Tras finalizar el curso, hemos tenido el honor de recibir en el colegio la visita de la Subdelegada de Gobierno, El Comisario de Polic\u00eda y El Inspector de la Polic\u00eda Nacional Rafael Luis Santero, quienes hicieron entrega de los carn\u00e9s que acreditan a nuestros alumnos y alumnas como CIBEREXPERTOS.<\/p>\n<p>Durante el acto, se destac\u00f3 la importancia de la educaci\u00f3n digital desde edades tempranas, as\u00ed como el compromiso y la implicaci\u00f3n del alumnado a lo largo de la formaci\u00f3n. Los alumnos aprendieron a identificar riesgos en Internet, proteger su privacidad y actuar de manera responsable en el entorno digital.<\/p>\n<p>Desde el colegio queremos felicitar a todos nuestro alumnos de 6\u00ba de Primaria por su excelente trabajo y agradecer a la Polic\u00eda Nacional su cercan\u00eda y colaboraci\u00f3n en esta iniciativa tan valiosa para nuestra comunidad educativa.<\/p>\n<p>[\/et_pb_text][\/et_pb_column][\/et_pb_row][et_pb_row _builder_version=\u00bb4.27.5&#8243; _module_preset=\u00bbdefault\u00bb][et_pb_column _builder_version=\u00bb4.27.5&#8243; _module_preset=\u00bbdefault\u00bb type=\u00bb4_4&#8243;][wpcp_useyourdrive _builder_version=\u00bb4.27.5&#8243; _module_preset=\u00bbdefault\u00bb shortcode=\u00bb%91useyourdrive module=%2212154%22%93&#8243; hover_enabled=\u00bb0&#8243; sticky_enabled=\u00bb0&#8243;][\/wpcp_useyourdrive][\/et_pb_column][\/et_pb_row][\/et_pb_section]<\/p>\n","protected":false},"excerpt":{"rendered":"<p>Los alumnos de 6\u00ba de Primaria de nuestro centro han participado recientemente en el curso CIBEREXPERTO. una iniciativa formativa impartida por la Polic\u00eda Nacional con el objetivo de promover un uso seguro, responsable y respetuoso de las nuevas tecnolog\u00edas. Tras finalizar el curso, hemos tenido el honor de recibir en el colegio la visita de [&hellip;]<\/p>\n","protected":false},"author":1,"featured_media":12149,"comment_status":"closed","ping_status":"closed","sticky":false,"template":"","format":"standard","meta":{"_et_pb_use_builder":"on","_et_pb_old_content":"","_et_gb_content_width":"","_joinchat":[],"footnotes":""},"categories":[59,56,45],"tags":[],"class_list":["post-12148","post","type-post","status-publish","format-standard","has-post-thumbnail","hentry","category-digitalizacion-tic","category-premios-y-reconocimientos","category-primaria"],"yoast_head":"<!-- This site is optimized with the Yoast SEO plugin v28.4 - https:\/\/yoast.com\/product\/yoast-seo-wordpress\/ -->\n<title>Los alumnos de 6\u00ba de Primaria concluyen el curso de Ciberexperto - Colegio Mar\u00eda Auxiliadora<\/title>\n<meta name=\"robots\" content=\"index, follow, max-snippet:-1, max-image-preview:large, max-video-preview:-1\" \/>\n<link rel=\"canonical\" href=\"https:\/\/salesianosmaux.es\/colegio\/2026\/02\/09\/los-alumnos-de-6o-de-primaria-concluyen-el-curso-de-ciberexperto\/\" \/>\n<meta property=\"og:locale\" content=\"es_ES\" \/>\n<meta property=\"og:type\" content=\"article\" \/>\n<meta property=\"og:title\" content=\"Los alumnos de 6\u00ba de Primaria concluyen el curso de Ciberexperto - Colegio Mar\u00eda Auxiliadora\" \/>\n<meta property=\"og:description\" content=\"Te puede interesar...\" \/>\n<meta property=\"og:url\" content=\"https:\/\/salesianosmaux.es\/colegio\/2026\/02\/09\/los-alumnos-de-6o-de-primaria-concluyen-el-curso-de-ciberexperto\/\" \/>\n<meta property=\"og:site_name\" content=\"Colegio Mar\u00eda Auxiliadora\" \/>\n<meta property=\"article:published_time\" content=\"2026-02-09T14:45:15+00:00\" \/>\n<meta property=\"article:modified_time\" content=\"2026-08-31T08:00:32+00:00\" \/>\n<meta property=\"og:image\" content=\"https:\/\/salesianosmaux.es\/colegio\/wp-content\/uploads\/sites\/5\/2026\/02\/SalesianosMaux_ciberexperto_grupo-scaled.jpeg\" \/>\n\t<meta property=\"og:image:width\" content=\"2560\" \/>\n\t<meta property=\"og:image:height\" content=\"1267\" \/>\n\t<meta property=\"og:image:type\" content=\"image\/jpeg\" \/>\n<meta name=\"author\" content=\"admin\" \/>\n<meta name=\"twitter:card\" content=\"summary_large_image\" \/>\n<meta name=\"twitter:label1\" content=\"Escrito por\" \/>\n\t<meta name=\"twitter:data1\" content=\"admin\" \/>\n\t<meta name=\"twitter:label2\" content=\"Tiempo de lectura\" \/>\n\t<meta name=\"twitter:data2\" content=\"1 minuto\" \/>\n<script type=\"application\/ld+json\" class=\"yoast-schema-graph\">{\"@context\":\"https:\\\/\\\/schema.org\",\"@graph\":[{\"@type\":\"Article\",\"@id\":\"https:\\\/\\\/salesianosmaux.es\\\/colegio\\\/2026\\\/02\\\/09\\\/los-alumnos-de-6o-de-primaria-concluyen-el-curso-de-ciberexperto\\\/#article\",\"isPartOf\":{\"@id\":\"https:\\\/\\\/salesianosmaux.es\\\/colegio\\\/2026\\\/02\\\/09\\\/los-alumnos-de-6o-de-primaria-concluyen-el-curso-de-ciberexperto\\\/\"},\"author\":{\"name\":\"admin\",\"@id\":\"https:\\\/\\\/salesianosmaux.es\\\/colegio\\\/#\\\/schema\\\/person\\\/9bd111fcfb5210d0fa466bfc8154b2f8\"},\"headline\":\"Los alumnos de 6\u00ba de Primaria concluyen el curso de Ciberexperto\",\"datePublished\":\"2026-02-09T14:45:15+00:00\",\"dateModified\":\"2026-08-31T08:00:32+00:00\",\"mainEntityOfPage\":{\"@id\":\"https:\\\/\\\/salesianosmaux.es\\\/colegio\\\/2026\\\/02\\\/09\\\/los-alumnos-de-6o-de-primaria-concluyen-el-curso-de-ciberexperto\\\/\"},\"wordCount\":290,\"image\":{\"@id\":\"https:\\\/\\\/salesianosmaux.es\\\/colegio\\\/2026\\\/02\\\/09\\\/los-alumnos-de-6o-de-primaria-concluyen-el-curso-de-ciberexperto\\\/#primaryimage\"},\"thumbnailUrl\":\"https:\\\/\\\/salesianosmaux.es\\\/colegio\\\/wp-content\\\/uploads\\\/sites\\\/5\\\/2026\\\/02\\\/SalesianosMaux_ciberexperto_grupo-scaled.jpeg\",\"articleSection\":[\"Digitalizaci\u00f3n y TIC\",\"Premios y reconocimientos\",\"Primaria\"],\"inLanguage\":\"es\"},{\"@type\":\"WebPage\",\"@id\":\"https:\\\/\\\/salesianosmaux.es\\\/colegio\\\/2026\\\/02\\\/09\\\/los-alumnos-de-6o-de-primaria-concluyen-el-curso-de-ciberexperto\\\/\",\"url\":\"https:\\\/\\\/salesianosmaux.es\\\/colegio\\\/2026\\\/02\\\/09\\\/los-alumnos-de-6o-de-primaria-concluyen-el-curso-de-ciberexperto\\\/\",\"name\":\"Los alumnos de 6\u00ba de Primaria concluyen el curso de Ciberexperto - Colegio Mar\u00eda Auxiliadora\",\"isPartOf\":{\"@id\":\"https:\\\/\\\/salesianosmaux.es\\\/colegio\\\/#website\"},\"primaryImageOfPage\":{\"@id\":\"https:\\\/\\\/salesianosmaux.es\\\/colegio\\\/2026\\\/02\\\/09\\\/los-alumnos-de-6o-de-primaria-concluyen-el-curso-de-ciberexperto\\\/#primaryimage\"},\"image\":{\"@id\":\"https:\\\/\\\/salesianosmaux.es\\\/colegio\\\/2026\\\/02\\\/09\\\/los-alumnos-de-6o-de-primaria-concluyen-el-curso-de-ciberexperto\\\/#primaryimage\"},\"thumbnailUrl\":\"https:\\\/\\\/salesianosmaux.es\\\/colegio\\\/wp-content\\\/uploads\\\/sites\\\/5\\\/2026\\\/02\\\/SalesianosMaux_ciberexperto_grupo-scaled.jpeg\",\"datePublished\":\"2026-02-09T14:45:15+00:00\",\"dateModified\":\"2026-08-31T08:00:32+00:00\",\"author\":{\"@id\":\"https:\\\/\\\/salesianosmaux.es\\\/colegio\\\/#\\\/schema\\\/person\\\/9bd111fcfb5210d0fa466bfc8154b2f8\"},\"breadcrumb\":{\"@id\":\"https:\\\/\\\/salesianosmaux.es\\\/colegio\\\/2026\\\/02\\\/09\\\/los-alumnos-de-6o-de-primaria-concluyen-el-curso-de-ciberexperto\\\/#breadcrumb\"},\"inLanguage\":\"es\",\"potentialAction\":[{\"@type\":\"ReadAction\",\"target\":[\"https:\\\/\\\/salesianosmaux.es\\\/colegio\\\/2026\\\/02\\\/09\\\/los-alumnos-de-6o-de-primaria-concluyen-el-curso-de-ciberexperto\\\/\"]}]},{\"@type\":\"ImageObject\",\"inLanguage\":\"es\",\"@id\":\"https:\\\/\\\/salesianosmaux.es\\\/colegio\\\/2026\\\/02\\\/09\\\/los-alumnos-de-6o-de-primaria-concluyen-el-curso-de-ciberexperto\\\/#primaryimage\",\"url\":\"https:\\\/\\\/salesianosmaux.es\\\/colegio\\\/wp-content\\\/uploads\\\/sites\\\/5\\\/2026\\\/02\\\/SalesianosMaux_ciberexperto_grupo-scaled.jpeg\",\"contentUrl\":\"https:\\\/\\\/salesianosmaux.es\\\/colegio\\\/wp-content\\\/uploads\\\/sites\\\/5\\\/2026\\\/02\\\/SalesianosMaux_ciberexperto_grupo-scaled.jpeg\",\"width\":2560,\"height\":1267,\"caption\":\"Ciberexperto Salesianos Maux\"},{\"@type\":\"BreadcrumbList\",\"@id\":\"https:\\\/\\\/salesianosmaux.es\\\/colegio\\\/2026\\\/02\\\/09\\\/los-alumnos-de-6o-de-primaria-concluyen-el-curso-de-ciberexperto\\\/#breadcrumb\",\"itemListElement\":[{\"@type\":\"ListItem\",\"position\":1,\"name\":\"Portada\",\"item\":\"https:\\\/\\\/salesianosmaux.es\\\/colegio\\\/\"},{\"@type\":\"ListItem\",\"position\":2,\"name\":\"Los alumnos de 6\u00ba de Primaria concluyen el curso de Ciberexperto\"}]},{\"@type\":\"WebSite\",\"@id\":\"https:\\\/\\\/salesianosmaux.es\\\/colegio\\\/#website\",\"url\":\"https:\\\/\\\/salesianosmaux.es\\\/colegio\\\/\",\"name\":\"Colegio Mar\u00eda Auxiliadora\",\"description\":\"Colegio Mar\u00eda Auxiliadora\",\"potentialAction\":[{\"@type\":\"SearchAction\",\"target\":{\"@type\":\"EntryPoint\",\"urlTemplate\":\"https:\\\/\\\/salesianosmaux.es\\\/colegio\\\/?s={search_term_string}\"},\"query-input\":{\"@type\":\"PropertyValueSpecification\",\"valueRequired\":true,\"valueName\":\"search_term_string\"}}],\"inLanguage\":\"es\"},{\"@type\":\"Person\",\"@id\":\"https:\\\/\\\/salesianosmaux.es\\\/colegio\\\/#\\\/schema\\\/person\\\/9bd111fcfb5210d0fa466bfc8154b2f8\",\"name\":\"admin\",\"image\":{\"@type\":\"ImageObject\",\"inLanguage\":\"es\",\"@id\":\"https:\\\/\\\/secure.gravatar.com\\\/avatar\\\/09550e5c75cc821753a661f1c7f497ea1bbe9e394289f33e436a29a7df762242?s=96&d=mm&r=g\",\"url\":\"https:\\\/\\\/secure.gravatar.com\\\/avatar\\\/09550e5c75cc821753a661f1c7f497ea1bbe9e394289f33e436a29a7df762242?s=96&d=mm&r=g\",\"contentUrl\":\"https:\\\/\\\/secure.gravatar.com\\\/avatar\\\/09550e5c75cc821753a661f1c7f497ea1bbe9e394289f33e436a29a7df762242?s=96&d=mm&r=g\",\"caption\":\"admin\"},\"sameAs\":[\"https:\\\/\\\/salesianosmaux.es\"],\"url\":\"https:\\\/\\\/salesianosmaux.es\\\/colegio\\\/author\\\/salamanca_95jmwv72\\\/\"}]}<\/script>\n<!-- \/ Yoast SEO plugin. -->","yoast_head_json":{"title":"Los alumnos de 6\u00ba de Primaria concluyen el curso de Ciberexperto - Colegio Mar\u00eda Auxiliadora","robots":{"index":"index","follow":"follow","max-snippet":"max-snippet:-1","max-image-preview":"max-image-preview:large","max-video-preview":"max-video-preview:-1"},"canonical":"https:\/\/salesianosmaux.es\/colegio\/2026\/02\/09\/los-alumnos-de-6o-de-primaria-concluyen-el-curso-de-ciberexperto\/","og_locale":"es_ES","og_type":"article","og_title":"Los alumnos de 6\u00ba de Primaria concluyen el curso de Ciberexperto - Colegio Mar\u00eda Auxiliadora","og_description":"Te puede interesar...","og_url":"https:\/\/salesianosmaux.es\/colegio\/2026\/02\/09\/los-alumnos-de-6o-de-primaria-concluyen-el-curso-de-ciberexperto\/","og_site_name":"Colegio Mar\u00eda Auxiliadora","article_published_time":"2026-02-09T14:45:15+00:00","article_modified_time":"2026-08-31T08:00:32+00:00","og_image":[{"width":2560,"height":1267,"url":"https:\/\/salesianosmaux.es\/colegio\/wp-content\/uploads\/sites\/5\/2026\/02\/SalesianosMaux_ciberexperto_grupo-scaled.jpeg","type":"image\/jpeg"}],"author":"admin","twitter_card":"summary_large_image","twitter_misc":{"Escrito por":"admin","Tiempo de lectura":"1 minuto"},"schema":{"@context":"https:\/\/schema.org","@graph":[{"@type":"Article","@id":"https:\/\/salesianosmaux.es\/colegio\/2026\/02\/09\/los-alumnos-de-6o-de-primaria-concluyen-el-curso-de-ciberexperto\/#article","isPartOf":{"@id":"https:\/\/salesianosmaux.es\/colegio\/2026\/02\/09\/los-alumnos-de-6o-de-primaria-concluyen-el-curso-de-ciberexperto\/"},"author":{"name":"admin","@id":"https:\/\/salesianosmaux.es\/colegio\/#\/schema\/person\/9bd111fcfb5210d0fa466bfc8154b2f8"},"headline":"Los alumnos de 6\u00ba de Primaria concluyen el curso de Ciberexperto","datePublished":"2026-02-09T14:45:15+00:00","dateModified":"2026-08-31T08:00:32+00:00","mainEntityOfPage":{"@id":"https:\/\/salesianosmaux.es\/colegio\/2026\/02\/09\/los-alumnos-de-6o-de-primaria-concluyen-el-curso-de-ciberexperto\/"},"wordCount":290,"image":{"@id":"https:\/\/salesianosmaux.es\/colegio\/2026\/02\/09\/los-alumnos-de-6o-de-primaria-concluyen-el-curso-de-ciberexperto\/#primaryimage"},"thumbnailUrl":"https:\/\/salesianosmaux.es\/colegio\/wp-content\/uploads\/sites\/5\/2026\/02\/SalesianosMaux_ciberexperto_grupo-scaled.jpeg","articleSection":["Digitalizaci\u00f3n y TIC","Premios y reconocimientos","Primaria"],"inLanguage":"es"},{"@type":"WebPage","@id":"https:\/\/salesianosmaux.es\/colegio\/2026\/02\/09\/los-alumnos-de-6o-de-primaria-concluyen-el-curso-de-ciberexperto\/","url":"https:\/\/salesianosmaux.es\/colegio\/2026\/02\/09\/los-alumnos-de-6o-de-primaria-concluyen-el-curso-de-ciberexperto\/","name":"Los alumnos de 6\u00ba de Primaria concluyen el curso de Ciberexperto - Colegio Mar\u00eda Auxiliadora","isPartOf":{"@id":"https:\/\/salesianosmaux.es\/colegio\/#website"},"primaryImageOfPage":{"@id":"https:\/\/salesianosmaux.es\/colegio\/2026\/02\/09\/los-alumnos-de-6o-de-primaria-concluyen-el-curso-de-ciberexperto\/#primaryimage"},"image":{"@id":"https:\/\/salesianosmaux.es\/colegio\/2026\/02\/09\/los-alumnos-de-6o-de-primaria-concluyen-el-curso-de-ciberexperto\/#primaryimage"},"thumbnailUrl":"https:\/\/salesianosmaux.es\/colegio\/wp-content\/uploads\/sites\/5\/2026\/02\/SalesianosMaux_ciberexperto_grupo-scaled.jpeg","datePublished":"2026-02-09T14:45:15+00:00","dateModified":"2026-08-31T08:00:32+00:00","author":{"@id":"https:\/\/salesianosmaux.es\/colegio\/#\/schema\/person\/9bd111fcfb5210d0fa466bfc8154b2f8"},"breadcrumb":{"@id":"https:\/\/salesianosmaux.es\/colegio\/2026\/02\/09\/los-alumnos-de-6o-de-primaria-concluyen-el-curso-de-ciberexperto\/#breadcrumb"},"inLanguage":"es","potentialAction":[{"@type":"ReadAction","target":["https:\/\/salesianosmaux.es\/colegio\/2026\/02\/09\/los-alumnos-de-6o-de-primaria-concluyen-el-curso-de-ciberexperto\/"]}]},{"@type":"ImageObject","inLanguage":"es","@id":"https:\/\/salesianosmaux.es\/colegio\/2026\/02\/09\/los-alumnos-de-6o-de-primaria-concluyen-el-curso-de-ciberexperto\/#primaryimage","url":"https:\/\/salesianosmaux.es\/colegio\/wp-content\/uploads\/sites\/5\/2026\/02\/SalesianosMaux_ciberexperto_grupo-scaled.jpeg","contentUrl":"https:\/\/salesianosmaux.es\/colegio\/wp-content\/uploads\/sites\/5\/2026\/02\/SalesianosMaux_ciberexperto_grupo-scaled.jpeg","width":2560,"height":1267,"caption":"Ciberexperto Salesianos Maux"},{"@type":"BreadcrumbList","@id":"https:\/\/salesianosmaux.es\/colegio\/2026\/02\/09\/los-alumnos-de-6o-de-primaria-concluyen-el-curso-de-ciberexperto\/#breadcrumb","itemListElement":[{"@type":"ListItem","position":1,"name":"Portada","item":"https:\/\/salesianosmaux.es\/colegio\/"},{"@type":"ListItem","position":2,"name":"Los alumnos de 6\u00ba de Primaria concluyen el curso de Ciberexperto"}]},{"@type":"WebSite","@id":"https:\/\/salesianosmaux.es\/colegio\/#website","url":"https:\/\/salesianosmaux.es\/colegio\/","name":"Colegio Mar\u00eda Auxiliadora","description":"Colegio Mar\u00eda Auxiliadora","potentialAction":[{"@type":"SearchAction","target":{"@type":"EntryPoint","urlTemplate":"https:\/\/salesianosmaux.es\/colegio\/?s={search_term_string}"},"query-input":{"@type":"PropertyValueSpecification","valueRequired":true,"valueName":"search_term_string"}}],"inLanguage":"es"},{"@type":"Person","@id":"https:\/\/salesianosmaux.es\/colegio\/#\/schema\/person\/9bd111fcfb5210d0fa466bfc8154b2f8","name":"admin","image":{"@type":"ImageObject","inLanguage":"es","@id":"https:\/\/secure.gravatar.com\/avatar\/09550e5c75cc821753a661f1c7f497ea1bbe9e394289f33e436a29a7df762242?s=96&d=mm&r=g","url":"https:\/\/secure.gravatar.com\/avatar\/09550e5c75cc821753a661f1c7f497ea1bbe9e394289f33e436a29a7df762242?s=96&d=mm&r=g","contentUrl":"https:\/\/secure.gravatar.com\/avatar\/09550e5c75cc821753a661f1c7f497ea1bbe9e394289f33e436a29a7df762242?s=96&d=mm&r=g","caption":"admin"},"sameAs":["https:\/\/salesianosmaux.es"],"url":"https:\/\/salesianosmaux.es\/colegio\/author\/salamanca_95jmwv72\/"}]}},"_links":{"self":[{"href":"https:\/\/salesianosmaux.es\/colegio\/wp-json\/wp\/v2\/posts\/12148","targetHints":{"allow":["GET"]}}],"collection":[{"href":"https:\/\/salesianosmaux.es\/colegio\/wp-json\/wp\/v2\/posts"}],"about":[{"href":"https:\/\/salesianosmaux.es\/colegio\/wp-json\/wp\/v2\/types\/post"}],"author":[{"embeddable":true,"href":"https:\/\/salesianosmaux.es\/colegio\/wp-json\/wp\/v2\/users\/1"}],"replies":[{"embeddable":true,"href":"https:\/\/salesianosmaux.es\/colegio\/wp-json\/wp\/v2\/comments?post=12148"}],"version-history":[{"count":3,"href":"https:\/\/salesianosmaux.es\/colegio\/wp-json\/wp\/v2\/posts\/12148\/revisions"}],"predecessor-version":[{"id":12156,"href":"https:\/\/salesianosmaux.es\/colegio\/wp-json\/wp\/v2\/posts\/12148\/revisions\/12156"}],"wp:featuredmedia":[{"embeddable":true,"href":"https:\/\/salesianosmaux.es\/colegio\/wp-json\/wp\/v2\/media\/12149"}],"wp:attachment":[{"href":"https:\/\/salesianosmaux.es\/colegio\/wp-json\/wp\/v2\/media?parent=12148"}],"wp:term":[{"taxonomy":"category","embeddable":true,"href":"https:\/\/salesianosmaux.es\/colegio\/wp-json\/wp\/v2\/categories?post=12148"},{"taxonomy":"post_tag","embeddable":true,"href":"https:\/\/salesianosmaux.es\/colegio\/wp-json\/wp\/v2\/tags?post=12148"}],"curies":[{"name":"wp","href":"https:\/\/api.w.org\/{rel}","templated":true}]}}