{"id":12297,"date":"2026-05-05T19:57:44","date_gmt":"2026-05-05T19:57:44","guid":{"rendered":"https:\/\/salesianosmaux.es\/colegio\/?p=12297"},"modified":"2026-08-31T07:40:00","modified_gmt":"2026-08-31T07:40:00","slug":"el-alumnado-de-4o-de-eso-presenta-sus-trabajos-sobre-la-escuela-de-salamanca-en-la-universidad-de-salamanca","status":"publish","type":"post","link":"https:\/\/salesianosmaux.es\/colegio\/2026\/05\/05\/el-alumnado-de-4o-de-eso-presenta-sus-trabajos-sobre-la-escuela-de-salamanca-en-la-universidad-de-salamanca\/","title":{"rendered":"El alumnado de 4\u00ba de ESO presenta sus trabajos sobre la Escuela de Salamanca en la Universidad de Salamanca"},"content":{"rendered":"<p>[et_pb_section fb_built=\u00bb1&#8243; theme_builder_area=\u00bbpost_content\u00bb _builder_version=\u00bb4.27.5&#8243; _module_preset=\u00bbdefault\u00bb][et_pb_row _builder_version=\u00bb4.27.5&#8243; _module_preset=\u00bbdefault\u00bb theme_builder_area=\u00bbpost_content\u00bb][et_pb_column _builder_version=\u00bb4.27.5&#8243; _module_preset=\u00bbdefault\u00bb type=\u00bb4_4&#8243; theme_builder_area=\u00bbpost_content\u00bb][et_pb_text _builder_version=\u00bb4.27.5&#8243; _module_preset=\u00bbdefault\u00bb theme_builder_area=\u00bbpost_content\u00bb hover_enabled=\u00bb0&#8243; sticky_enabled=\u00bb0&#8243;]<\/p>\n<p class=\"p1\">El alumnado de <span class=\"s1\"><b>4\u00ba de ESO del \u00e1mbito de Ciencias Sociales<\/b><\/span> del colegio <span class=\"s1\"><b>Salesianos Mar\u00eda Auxiliadora de Salamanca<\/b><\/span>ha vivido hoy una jornada muy especial al presentar sus trabajos en el <span class=\"s1\"><b>Edificio Hist\u00f3rico de la Universidad de Salamanca<\/b><\/span>, dentro de un proyecto educativo desarrollado en colaboraci\u00f3n con la <span class=\"s1\"><b>Facultad de Filosof\u00eda<\/b><\/span>.<\/p>\n<p class=\"p2\">Esta actividad ha supuesto el cierre de una experiencia de aprendizaje enmarcada en la conmemoraci\u00f3n del <span class=\"s1\"><b>V Centenario de la Escuela de Salamanca<\/b><\/span>, acercando al alumnado a uno de los movimientos intelectuales m\u00e1s influyentes de la historia del pensamiento espa\u00f1ol y europeo.<\/p>\n<h2><span class=\"s1\"><b>Un proyecto para comprender el presente desde el pasado<\/b><\/span><\/h2>\n<p class=\"p1\">A lo largo de este proyecto, los estudiantes han profundizado en conceptos fundamentales como la <span class=\"s1\"><b>justicia, el derecho natural o la econom\u00eda moral<\/b><\/span>, tomando como referencia a los grandes pensadores de la Escuela de Salamanca.<\/p>\n<p class=\"p2\">Las exposiciones realizadas reflejan no solo el trabajo de investigaci\u00f3n llevado a cabo, sino tambi\u00e9n la capacidad del alumnado para <span class=\"s1\"><b>analizar, interpretar y conectar estas ideas con la realidad actual<\/b><\/span>, aportando una mirada cr\u00edtica y reflexiva.<\/p>\n<h2><span class=\"s1\"><b>Aprender m\u00e1s all\u00e1 del aula<\/b><\/span><\/h2>\n<p class=\"p1\">El proyecto ha combinado sesiones te\u00f3ricas con propuestas pr\u00e1cticas, favoreciendo el desarrollo del <span class=\"s1\"><b>pensamiento cr\u00edtico, la reflexi\u00f3n \u00e9tica y el an\u00e1lisis de problemas contempor\u00e1neos desde una perspectiva hist\u00f3rica<\/b><\/span>.<\/p>\n<p class=\"p2\">Adem\u00e1s, la oportunidad de exponer en un entorno universitario ha supuesto una experiencia especialmente enriquecedora, acercando al alumnado a la realidad acad\u00e9mica y despertando su inter\u00e9s por futuras opciones formativas.<\/p>\n<h2><span class=\"s1\"><b>Educaci\u00f3n en valores con identidad salesiana<\/b><\/span><\/h2>\n<p class=\"p2\">En l\u00ednea con el car\u00e1cter educativo del centro, esta experiencia ha contribuido al desarrollo integral del alumnado, trabajando valores como la <span class=\"s1\"><b>responsabilidad, el compromiso social, la vocaci\u00f3n personal, la capacidad de argumentaci\u00f3n y el trabajo en equipo<\/b><\/span>.<\/p>\n<h2><span class=\"s1\"><b>Una educaci\u00f3n conectada con Salamanca<\/b><\/span><\/h2>\n<p class=\"p1\">Esta iniciativa forma parte del compromiso del colegio por ofrecer <span class=\"s1\"><b>experiencias educativas significativas y vinculadas al entorno cultural e hist\u00f3rico de la ciudad<\/b><\/span>, promoviendo una educaci\u00f3n que une conocimiento, valores y vocaci\u00f3n.<\/p>\n<p class=\"p3\">\ud83d\udcf8 <span class=\"s1\"><b>Puedes ver algunas im\u00e1genes de la jornada a continuaci\u00f3n.<\/b><\/span><\/p>\n<p>[\/et_pb_text][\/et_pb_column][\/et_pb_row][et_pb_row _builder_version=\u00bb4.27.5&#8243; _module_preset=\u00bbdefault\u00bb theme_builder_area=\u00bbpost_content\u00bb][et_pb_column _builder_version=\u00bb4.27.5&#8243; _module_preset=\u00bbdefault\u00bb type=\u00bb4_4&#8243; theme_builder_area=\u00bbpost_content\u00bb][wpcp_useyourdrive _builder_version=\u00bb4.27.5&#8243; _module_preset=\u00bbdefault\u00bb theme_builder_area=\u00bbpost_content\u00bb hover_enabled=\u00bb0&#8243; sticky_enabled=\u00bb0&#8243; shortcode=\u00bb%91useyourdrive module=%2212301%22%93&#8243;][\/wpcp_useyourdrive][\/et_pb_column][\/et_pb_row][\/et_pb_section]<\/p>\n","protected":false},"excerpt":{"rendered":"<p>El alumnado de 4\u00ba de ESO del \u00e1mbito de Ciencias Sociales del colegio Salesianos Mar\u00eda Auxiliadora de Salamancaha vivido hoy una jornada muy especial al presentar sus trabajos en el Edificio Hist\u00f3rico de la Universidad de Salamanca, dentro de un proyecto educativo desarrollado en colaboraci\u00f3n con la Facultad de Filosof\u00eda. Esta actividad ha supuesto el [&hellip;]<\/p>\n","protected":false},"author":1,"featured_media":12298,"comment_status":"closed","ping_status":"closed","sticky":false,"template":"","format":"standard","meta":{"_et_pb_use_builder":"on","_et_pb_old_content":"","_et_gb_content_width":"","_joinchat":[],"footnotes":""},"categories":[53],"tags":[63,64,62],"class_list":["post-12297","post","type-post","status-publish","format-standard","has-post-thumbnail","hentry","category-eso","tag-escueladesalamanca","tag-proyectos","tag-vcentanario"],"yoast_head":"<!-- This site is optimized with the Yoast SEO plugin v28.4 - https:\/\/yoast.com\/product\/yoast-seo-wordpress\/ -->\n<title>El alumnado de 4\u00ba de ESO presenta sus trabajos sobre la Escuela de Salamanca en la Universidad de Salamanca - Colegio Mar\u00eda Auxiliadora<\/title>\n<meta name=\"robots\" content=\"index, follow, max-snippet:-1, max-image-preview:large, max-video-preview:-1\" \/>\n<link rel=\"canonical\" href=\"https:\/\/salesianosmaux.es\/colegio\/2026\/05\/05\/el-alumnado-de-4o-de-eso-presenta-sus-trabajos-sobre-la-escuela-de-salamanca-en-la-universidad-de-salamanca\/\" \/>\n<meta property=\"og:locale\" content=\"es_ES\" \/>\n<meta property=\"og:type\" content=\"article\" \/>\n<meta property=\"og:title\" content=\"El alumnado de 4\u00ba de ESO presenta sus trabajos sobre la Escuela de Salamanca en la Universidad de Salamanca - Colegio Mar\u00eda Auxiliadora\" \/>\n<meta property=\"og:description\" content=\"Te puede interesar...\" \/>\n<meta property=\"og:url\" content=\"https:\/\/salesianosmaux.es\/colegio\/2026\/05\/05\/el-alumnado-de-4o-de-eso-presenta-sus-trabajos-sobre-la-escuela-de-salamanca-en-la-universidad-de-salamanca\/\" \/>\n<meta property=\"og:site_name\" content=\"Colegio Mar\u00eda Auxiliadora\" \/>\n<meta property=\"article:published_time\" content=\"2026-05-05T19:57:44+00:00\" \/>\n<meta property=\"article:modified_time\" content=\"2026-08-31T07:40:00+00:00\" \/>\n<meta property=\"og:image\" content=\"https:\/\/salesianosmaux.es\/colegio\/wp-content\/uploads\/sites\/5\/2026\/05\/GRUPO1-scaled.jpg\" \/>\n\t<meta property=\"og:image:width\" content=\"2560\" \/>\n\t<meta property=\"og:image:height\" content=\"1920\" \/>\n\t<meta property=\"og:image:type\" content=\"image\/jpeg\" \/>\n<meta name=\"author\" content=\"admin\" \/>\n<meta name=\"twitter:card\" content=\"summary_large_image\" \/>\n<meta name=\"twitter:label1\" content=\"Escrito por\" \/>\n\t<meta name=\"twitter:data1\" content=\"admin\" \/>\n<script type=\"application\/ld+json\" class=\"yoast-schema-graph\">{\"@context\":\"https:\\\/\\\/schema.org\",\"@graph\":[{\"@type\":\"Article\",\"@id\":\"https:\\\/\\\/salesianosmaux.es\\\/colegio\\\/2026\\\/05\\\/05\\\/el-alumnado-de-4o-de-eso-presenta-sus-trabajos-sobre-la-escuela-de-salamanca-en-la-universidad-de-salamanca\\\/#article\",\"isPartOf\":{\"@id\":\"https:\\\/\\\/salesianosmaux.es\\\/colegio\\\/2026\\\/05\\\/05\\\/el-alumnado-de-4o-de-eso-presenta-sus-trabajos-sobre-la-escuela-de-salamanca-en-la-universidad-de-salamanca\\\/\"},\"author\":{\"name\":\"admin\",\"@id\":\"https:\\\/\\\/salesianosmaux.es\\\/colegio\\\/#\\\/schema\\\/person\\\/9bd111fcfb5210d0fa466bfc8154b2f8\"},\"headline\":\"El alumnado de 4\u00ba de ESO presenta sus trabajos sobre la Escuela de Salamanca en la Universidad de Salamanca\",\"datePublished\":\"2026-05-05T19:57:44+00:00\",\"dateModified\":\"2026-08-31T07:40:00+00:00\",\"mainEntityOfPage\":{\"@id\":\"https:\\\/\\\/salesianosmaux.es\\\/colegio\\\/2026\\\/05\\\/05\\\/el-alumnado-de-4o-de-eso-presenta-sus-trabajos-sobre-la-escuela-de-salamanca-en-la-universidad-de-salamanca\\\/\"},\"wordCount\":500,\"image\":{\"@id\":\"https:\\\/\\\/salesianosmaux.es\\\/colegio\\\/2026\\\/05\\\/05\\\/el-alumnado-de-4o-de-eso-presenta-sus-trabajos-sobre-la-escuela-de-salamanca-en-la-universidad-de-salamanca\\\/#primaryimage\"},\"thumbnailUrl\":\"https:\\\/\\\/salesianosmaux.es\\\/colegio\\\/wp-content\\\/uploads\\\/sites\\\/5\\\/2026\\\/05\\\/GRUPO1-scaled.jpg\",\"keywords\":[\"EscuelaDeSalamanca\",\"proyectos\",\"VCentanario\"],\"articleSection\":[\"ESO\"],\"inLanguage\":\"es\"},{\"@type\":\"WebPage\",\"@id\":\"https:\\\/\\\/salesianosmaux.es\\\/colegio\\\/2026\\\/05\\\/05\\\/el-alumnado-de-4o-de-eso-presenta-sus-trabajos-sobre-la-escuela-de-salamanca-en-la-universidad-de-salamanca\\\/\",\"url\":\"https:\\\/\\\/salesianosmaux.es\\\/colegio\\\/2026\\\/05\\\/05\\\/el-alumnado-de-4o-de-eso-presenta-sus-trabajos-sobre-la-escuela-de-salamanca-en-la-universidad-de-salamanca\\\/\",\"name\":\"El alumnado de 4\u00ba de ESO presenta sus trabajos sobre la Escuela de Salamanca en la Universidad de Salamanca - Colegio Mar\u00eda Auxiliadora\",\"isPartOf\":{\"@id\":\"https:\\\/\\\/salesianosmaux.es\\\/colegio\\\/#website\"},\"primaryImageOfPage\":{\"@id\":\"https:\\\/\\\/salesianosmaux.es\\\/colegio\\\/2026\\\/05\\\/05\\\/el-alumnado-de-4o-de-eso-presenta-sus-trabajos-sobre-la-escuela-de-salamanca-en-la-universidad-de-salamanca\\\/#primaryimage\"},\"image\":{\"@id\":\"https:\\\/\\\/salesianosmaux.es\\\/colegio\\\/2026\\\/05\\\/05\\\/el-alumnado-de-4o-de-eso-presenta-sus-trabajos-sobre-la-escuela-de-salamanca-en-la-universidad-de-salamanca\\\/#primaryimage\"},\"thumbnailUrl\":\"https:\\\/\\\/salesianosmaux.es\\\/colegio\\\/wp-content\\\/uploads\\\/sites\\\/5\\\/2026\\\/05\\\/GRUPO1-scaled.jpg\",\"datePublished\":\"2026-05-05T19:57:44+00:00\",\"dateModified\":\"2026-08-31T07:40:00+00:00\",\"author\":{\"@id\":\"https:\\\/\\\/salesianosmaux.es\\\/colegio\\\/#\\\/schema\\\/person\\\/9bd111fcfb5210d0fa466bfc8154b2f8\"},\"breadcrumb\":{\"@id\":\"https:\\\/\\\/salesianosmaux.es\\\/colegio\\\/2026\\\/05\\\/05\\\/el-alumnado-de-4o-de-eso-presenta-sus-trabajos-sobre-la-escuela-de-salamanca-en-la-universidad-de-salamanca\\\/#breadcrumb\"},\"inLanguage\":\"es\",\"potentialAction\":[{\"@type\":\"ReadAction\",\"target\":[\"https:\\\/\\\/salesianosmaux.es\\\/colegio\\\/2026\\\/05\\\/05\\\/el-alumnado-de-4o-de-eso-presenta-sus-trabajos-sobre-la-escuela-de-salamanca-en-la-universidad-de-salamanca\\\/\"]}]},{\"@type\":\"ImageObject\",\"inLanguage\":\"es\",\"@id\":\"https:\\\/\\\/salesianosmaux.es\\\/colegio\\\/2026\\\/05\\\/05\\\/el-alumnado-de-4o-de-eso-presenta-sus-trabajos-sobre-la-escuela-de-salamanca-en-la-universidad-de-salamanca\\\/#primaryimage\",\"url\":\"https:\\\/\\\/salesianosmaux.es\\\/colegio\\\/wp-content\\\/uploads\\\/sites\\\/5\\\/2026\\\/05\\\/GRUPO1-scaled.jpg\",\"contentUrl\":\"https:\\\/\\\/salesianosmaux.es\\\/colegio\\\/wp-content\\\/uploads\\\/sites\\\/5\\\/2026\\\/05\\\/GRUPO1-scaled.jpg\",\"width\":2560,\"height\":1920},{\"@type\":\"BreadcrumbList\",\"@id\":\"https:\\\/\\\/salesianosmaux.es\\\/colegio\\\/2026\\\/05\\\/05\\\/el-alumnado-de-4o-de-eso-presenta-sus-trabajos-sobre-la-escuela-de-salamanca-en-la-universidad-de-salamanca\\\/#breadcrumb\",\"itemListElement\":[{\"@type\":\"ListItem\",\"position\":1,\"name\":\"Portada\",\"item\":\"https:\\\/\\\/salesianosmaux.es\\\/colegio\\\/\"},{\"@type\":\"ListItem\",\"position\":2,\"name\":\"El alumnado de 4\u00ba de ESO presenta sus trabajos sobre la Escuela de Salamanca en la Universidad de Salamanca\"}]},{\"@type\":\"WebSite\",\"@id\":\"https:\\\/\\\/salesianosmaux.es\\\/colegio\\\/#website\",\"url\":\"https:\\\/\\\/salesianosmaux.es\\\/colegio\\\/\",\"name\":\"Colegio Mar\u00eda Auxiliadora\",\"description\":\"Colegio Mar\u00eda Auxiliadora\",\"potentialAction\":[{\"@type\":\"SearchAction\",\"target\":{\"@type\":\"EntryPoint\",\"urlTemplate\":\"https:\\\/\\\/salesianosmaux.es\\\/colegio\\\/?s={search_term_string}\"},\"query-input\":{\"@type\":\"PropertyValueSpecification\",\"valueRequired\":true,\"valueName\":\"search_term_string\"}}],\"inLanguage\":\"es\"},{\"@type\":\"Person\",\"@id\":\"https:\\\/\\\/salesianosmaux.es\\\/colegio\\\/#\\\/schema\\\/person\\\/9bd111fcfb5210d0fa466bfc8154b2f8\",\"name\":\"admin\",\"image\":{\"@type\":\"ImageObject\",\"inLanguage\":\"es\",\"@id\":\"https:\\\/\\\/secure.gravatar.com\\\/avatar\\\/09550e5c75cc821753a661f1c7f497ea1bbe9e394289f33e436a29a7df762242?s=96&d=mm&r=g\",\"url\":\"https:\\\/\\\/secure.gravatar.com\\\/avatar\\\/09550e5c75cc821753a661f1c7f497ea1bbe9e394289f33e436a29a7df762242?s=96&d=mm&r=g\",\"contentUrl\":\"https:\\\/\\\/secure.gravatar.com\\\/avatar\\\/09550e5c75cc821753a661f1c7f497ea1bbe9e394289f33e436a29a7df762242?s=96&d=mm&r=g\",\"caption\":\"admin\"},\"sameAs\":[\"https:\\\/\\\/salesianosmaux.es\"],\"url\":\"https:\\\/\\\/salesianosmaux.es\\\/colegio\\\/author\\\/salamanca_95jmwv72\\\/\"}]}<\/script>\n<!-- \/ Yoast SEO plugin. -->","yoast_head_json":{"title":"El alumnado de 4\u00ba de ESO presenta sus trabajos sobre la Escuela de Salamanca en la Universidad de Salamanca - Colegio Mar\u00eda Auxiliadora","robots":{"index":"index","follow":"follow","max-snippet":"max-snippet:-1","max-image-preview":"max-image-preview:large","max-video-preview":"max-video-preview:-1"},"canonical":"https:\/\/salesianosmaux.es\/colegio\/2026\/05\/05\/el-alumnado-de-4o-de-eso-presenta-sus-trabajos-sobre-la-escuela-de-salamanca-en-la-universidad-de-salamanca\/","og_locale":"es_ES","og_type":"article","og_title":"El alumnado de 4\u00ba de ESO presenta sus trabajos sobre la Escuela de Salamanca en la Universidad de Salamanca - Colegio Mar\u00eda Auxiliadora","og_description":"Te puede interesar...","og_url":"https:\/\/salesianosmaux.es\/colegio\/2026\/05\/05\/el-alumnado-de-4o-de-eso-presenta-sus-trabajos-sobre-la-escuela-de-salamanca-en-la-universidad-de-salamanca\/","og_site_name":"Colegio Mar\u00eda Auxiliadora","article_published_time":"2026-05-05T19:57:44+00:00","article_modified_time":"2026-08-31T07:40:00+00:00","og_image":[{"width":2560,"height":1920,"url":"https:\/\/salesianosmaux.es\/colegio\/wp-content\/uploads\/sites\/5\/2026\/05\/GRUPO1-scaled.jpg","type":"image\/jpeg"}],"author":"admin","twitter_card":"summary_large_image","twitter_misc":{"Escrito por":"admin"},"schema":{"@context":"https:\/\/schema.org","@graph":[{"@type":"Article","@id":"https:\/\/salesianosmaux.es\/colegio\/2026\/05\/05\/el-alumnado-de-4o-de-eso-presenta-sus-trabajos-sobre-la-escuela-de-salamanca-en-la-universidad-de-salamanca\/#article","isPartOf":{"@id":"https:\/\/salesianosmaux.es\/colegio\/2026\/05\/05\/el-alumnado-de-4o-de-eso-presenta-sus-trabajos-sobre-la-escuela-de-salamanca-en-la-universidad-de-salamanca\/"},"author":{"name":"admin","@id":"https:\/\/salesianosmaux.es\/colegio\/#\/schema\/person\/9bd111fcfb5210d0fa466bfc8154b2f8"},"headline":"El alumnado de 4\u00ba de ESO presenta sus trabajos sobre la Escuela de Salamanca en la Universidad de Salamanca","datePublished":"2026-05-05T19:57:44+00:00","dateModified":"2026-08-31T07:40:00+00:00","mainEntityOfPage":{"@id":"https:\/\/salesianosmaux.es\/colegio\/2026\/05\/05\/el-alumnado-de-4o-de-eso-presenta-sus-trabajos-sobre-la-escuela-de-salamanca-en-la-universidad-de-salamanca\/"},"wordCount":500,"image":{"@id":"https:\/\/salesianosmaux.es\/colegio\/2026\/05\/05\/el-alumnado-de-4o-de-eso-presenta-sus-trabajos-sobre-la-escuela-de-salamanca-en-la-universidad-de-salamanca\/#primaryimage"},"thumbnailUrl":"https:\/\/salesianosmaux.es\/colegio\/wp-content\/uploads\/sites\/5\/2026\/05\/GRUPO1-scaled.jpg","keywords":["EscuelaDeSalamanca","proyectos","VCentanario"],"articleSection":["ESO"],"inLanguage":"es"},{"@type":"WebPage","@id":"https:\/\/salesianosmaux.es\/colegio\/2026\/05\/05\/el-alumnado-de-4o-de-eso-presenta-sus-trabajos-sobre-la-escuela-de-salamanca-en-la-universidad-de-salamanca\/","url":"https:\/\/salesianosmaux.es\/colegio\/2026\/05\/05\/el-alumnado-de-4o-de-eso-presenta-sus-trabajos-sobre-la-escuela-de-salamanca-en-la-universidad-de-salamanca\/","name":"El alumnado de 4\u00ba de ESO presenta sus trabajos sobre la Escuela de Salamanca en la Universidad de Salamanca - Colegio Mar\u00eda Auxiliadora","isPartOf":{"@id":"https:\/\/salesianosmaux.es\/colegio\/#website"},"primaryImageOfPage":{"@id":"https:\/\/salesianosmaux.es\/colegio\/2026\/05\/05\/el-alumnado-de-4o-de-eso-presenta-sus-trabajos-sobre-la-escuela-de-salamanca-en-la-universidad-de-salamanca\/#primaryimage"},"image":{"@id":"https:\/\/salesianosmaux.es\/colegio\/2026\/05\/05\/el-alumnado-de-4o-de-eso-presenta-sus-trabajos-sobre-la-escuela-de-salamanca-en-la-universidad-de-salamanca\/#primaryimage"},"thumbnailUrl":"https:\/\/salesianosmaux.es\/colegio\/wp-content\/uploads\/sites\/5\/2026\/05\/GRUPO1-scaled.jpg","datePublished":"2026-05-05T19:57:44+00:00","dateModified":"2026-08-31T07:40:00+00:00","author":{"@id":"https:\/\/salesianosmaux.es\/colegio\/#\/schema\/person\/9bd111fcfb5210d0fa466bfc8154b2f8"},"breadcrumb":{"@id":"https:\/\/salesianosmaux.es\/colegio\/2026\/05\/05\/el-alumnado-de-4o-de-eso-presenta-sus-trabajos-sobre-la-escuela-de-salamanca-en-la-universidad-de-salamanca\/#breadcrumb"},"inLanguage":"es","potentialAction":[{"@type":"ReadAction","target":["https:\/\/salesianosmaux.es\/colegio\/2026\/05\/05\/el-alumnado-de-4o-de-eso-presenta-sus-trabajos-sobre-la-escuela-de-salamanca-en-la-universidad-de-salamanca\/"]}]},{"@type":"ImageObject","inLanguage":"es","@id":"https:\/\/salesianosmaux.es\/colegio\/2026\/05\/05\/el-alumnado-de-4o-de-eso-presenta-sus-trabajos-sobre-la-escuela-de-salamanca-en-la-universidad-de-salamanca\/#primaryimage","url":"https:\/\/salesianosmaux.es\/colegio\/wp-content\/uploads\/sites\/5\/2026\/05\/GRUPO1-scaled.jpg","contentUrl":"https:\/\/salesianosmaux.es\/colegio\/wp-content\/uploads\/sites\/5\/2026\/05\/GRUPO1-scaled.jpg","width":2560,"height":1920},{"@type":"BreadcrumbList","@id":"https:\/\/salesianosmaux.es\/colegio\/2026\/05\/05\/el-alumnado-de-4o-de-eso-presenta-sus-trabajos-sobre-la-escuela-de-salamanca-en-la-universidad-de-salamanca\/#breadcrumb","itemListElement":[{"@type":"ListItem","position":1,"name":"Portada","item":"https:\/\/salesianosmaux.es\/colegio\/"},{"@type":"ListItem","position":2,"name":"El alumnado de 4\u00ba de ESO presenta sus trabajos sobre la Escuela de Salamanca en la Universidad de Salamanca"}]},{"@type":"WebSite","@id":"https:\/\/salesianosmaux.es\/colegio\/#website","url":"https:\/\/salesianosmaux.es\/colegio\/","name":"Colegio Mar\u00eda Auxiliadora","description":"Colegio Mar\u00eda Auxiliadora","potentialAction":[{"@type":"SearchAction","target":{"@type":"EntryPoint","urlTemplate":"https:\/\/salesianosmaux.es\/colegio\/?s={search_term_string}"},"query-input":{"@type":"PropertyValueSpecification","valueRequired":true,"valueName":"search_term_string"}}],"inLanguage":"es"},{"@type":"Person","@id":"https:\/\/salesianosmaux.es\/colegio\/#\/schema\/person\/9bd111fcfb5210d0fa466bfc8154b2f8","name":"admin","image":{"@type":"ImageObject","inLanguage":"es","@id":"https:\/\/secure.gravatar.com\/avatar\/09550e5c75cc821753a661f1c7f497ea1bbe9e394289f33e436a29a7df762242?s=96&d=mm&r=g","url":"https:\/\/secure.gravatar.com\/avatar\/09550e5c75cc821753a661f1c7f497ea1bbe9e394289f33e436a29a7df762242?s=96&d=mm&r=g","contentUrl":"https:\/\/secure.gravatar.com\/avatar\/09550e5c75cc821753a661f1c7f497ea1bbe9e394289f33e436a29a7df762242?s=96&d=mm&r=g","caption":"admin"},"sameAs":["https:\/\/salesianosmaux.es"],"url":"https:\/\/salesianosmaux.es\/colegio\/author\/salamanca_95jmwv72\/"}]}},"_links":{"self":[{"href":"https:\/\/salesianosmaux.es\/colegio\/wp-json\/wp\/v2\/posts\/12297","targetHints":{"allow":["GET"]}}],"collection":[{"href":"https:\/\/salesianosmaux.es\/colegio\/wp-json\/wp\/v2\/posts"}],"about":[{"href":"https:\/\/salesianosmaux.es\/colegio\/wp-json\/wp\/v2\/types\/post"}],"author":[{"embeddable":true,"href":"https:\/\/salesianosmaux.es\/colegio\/wp-json\/wp\/v2\/users\/1"}],"replies":[{"embeddable":true,"href":"https:\/\/salesianosmaux.es\/colegio\/wp-json\/wp\/v2\/comments?post=12297"}],"version-history":[{"count":2,"href":"https:\/\/salesianosmaux.es\/colegio\/wp-json\/wp\/v2\/posts\/12297\/revisions"}],"predecessor-version":[{"id":12302,"href":"https:\/\/salesianosmaux.es\/colegio\/wp-json\/wp\/v2\/posts\/12297\/revisions\/12302"}],"wp:featuredmedia":[{"embeddable":true,"href":"https:\/\/salesianosmaux.es\/colegio\/wp-json\/wp\/v2\/media\/12298"}],"wp:attachment":[{"href":"https:\/\/salesianosmaux.es\/colegio\/wp-json\/wp\/v2\/media?parent=12297"}],"wp:term":[{"taxonomy":"category","embeddable":true,"href":"https:\/\/salesianosmaux.es\/colegio\/wp-json\/wp\/v2\/categories?post=12297"},{"taxonomy":"post_tag","embeddable":true,"href":"https:\/\/salesianosmaux.es\/colegio\/wp-json\/wp\/v2\/tags?post=12297"}],"curies":[{"name":"wp","href":"https:\/\/api.w.org\/{rel}","templated":true}]}}