{"id":12314,"date":"2026-05-12T19:51:19","date_gmt":"2026-05-12T19:51:19","guid":{"rendered":"https:\/\/salesianosmaux.es\/colegio\/?p=12314"},"modified":"2026-08-31T07:48:16","modified_gmt":"2026-08-31T07:48:16","slug":"exito-rotundo-en-valladolid-nuestros-alumnos-en-lo-mas-alto-de-la-fase-regional-de-entrerredescampeones-del-concurso-entrerredes","status":"publish","type":"post","link":"https:\/\/salesianosmaux.es\/colegio\/2026\/05\/12\/exito-rotundo-en-valladolid-nuestros-alumnos-en-lo-mas-alto-de-la-fase-regional-de-entrerredescampeones-del-concurso-entrerredes\/","title":{"rendered":"\u00a1\u00c9xito rotundo en Valladolid! Nuestros alumnos, en lo m\u00e1s alto de la fase regional de EntrerredesCampeones del concurso Entrerredes"},"content":{"rendered":"<p>[et_pb_section fb_built=\u00bb1&#8243; theme_builder_area=\u00bbpost_content\u00bb _builder_version=\u00bb4.27.5&#8243; _module_preset=\u00bbdefault\u00bb][et_pb_row _builder_version=\u00bb4.27.5&#8243; _module_preset=\u00bbdefault\u00bb theme_builder_area=\u00bbpost_content\u00bb][et_pb_column _builder_version=\u00bb4.27.5&#8243; _module_preset=\u00bbdefault\u00bb type=\u00bb4_4&#8243; theme_builder_area=\u00bbpost_content\u00bb][et_pb_text _builder_version=\u00bb4.27.5&#8243; _module_preset=\u00bbdefault\u00bb theme_builder_area=\u00bbpost_content\u00bb hover_enabled=\u00bb0&#8243; sticky_enabled=\u00bb0&#8243;]<\/p>\n<p data-path-to-node=\"4\">El Monasterio de Nuestra Se\u00f1ora de Prado en Valladolid ha sido hoy, 12 de mayo, el escenario de una jornada inolvidable para nuestro centro. Tras la intensa Final Provincial, nuestros equipos de 1\u00ba y 2\u00ba de la ESO se desplazaron a la capital regional para medir sus conocimientos en el juego <b data-path-to-node=\"4\" data-index-in-node=\"291\">Entrerredes<\/b> (Red El\u00e9ctrica de Espa\u00f1a), \u00a1y los resultados no han podido ser mejores!<\/p>\n<h3 data-path-to-node=\"5\">\ud83c\udfc6 Un palmar\u00e9s envidiable<\/h3>\n<p data-path-to-node=\"6\">La delegaci\u00f3n de alumnos ha demostrado una vez m\u00e1s su dominio sobre los contenidos curriculares, el sistema el\u00e9ctrico y la transici\u00f3n energ\u00e9tica:<\/p>\n<ul data-path-to-node=\"7\">\n<li>\n<p data-path-to-node=\"7,0,0\"><b data-path-to-node=\"7,0,0\" data-index-in-node=\"0\">2\u00ba de la ESO: \u00a1CAMPEONES REGIONALES!<\/b> Tras una competici\u00f3n impecable, el equipo se ha alzado con el primer puesto en su categor\u00eda.<\/p>\n<\/li>\n<li>\n<p data-path-to-node=\"7,1,0\"><b data-path-to-node=\"7,1,0\" data-index-in-node=\"0\">1\u00ba de la ESO: SUBCAMPEONES.<\/b> Un merecid\u00edsimo segundo puesto que refleja el esfuerzo y la preparaci\u00f3n de los m\u00e1s j\u00f3venes.<\/p>\n<\/li>\n<\/ul>\n<h3 data-path-to-node=\"8\">\ud83c\uddea\ud83c\uddf8 Pr\u00f3ximo objetivo: La Final Nacional<\/h3>\n<p data-path-to-node=\"9\">Gracias a este triunfo, los alumnos de segundo de la ESO han obtenido el pase directo a la gran <b data-path-to-node=\"9\" data-index-in-node=\"96\">Final de Espa\u00f1a<\/b>, que se celebrar\u00e1 de forma online el pr\u00f3ximo <b data-path-to-node=\"9\" data-index-in-node=\"157\">2 de junio<\/b>.<\/p>\n<p data-path-to-node=\"10\">Desde el centro queremos felicitar a todos los participantes por su deportividad y excelencia acad\u00e9mica. \u00a1Estamos muy orgullosos de vuestro camino!<\/p>\n<p>[\/et_pb_text][\/et_pb_column][\/et_pb_row][\/et_pb_section]<\/p>\n","protected":false},"excerpt":{"rendered":"<p>El Monasterio de Nuestra Se\u00f1ora de Prado en Valladolid ha sido hoy, 12 de mayo, el escenario de una jornada inolvidable para nuestro centro. Tras la intensa Final Provincial, nuestros equipos de 1\u00ba y 2\u00ba de la ESO se desplazaron a la capital regional para medir sus conocimientos en el juego Entrerredes (Red El\u00e9ctrica de [&hellip;]<\/p>\n","protected":false},"author":1,"featured_media":12315,"comment_status":"closed","ping_status":"closed","sticky":false,"template":"","format":"standard","meta":{"_et_pb_use_builder":"on","_et_pb_old_content":"","_et_gb_content_width":"","_joinchat":[],"footnotes":""},"categories":[59,53,56],"tags":[],"class_list":["post-12314","post","type-post","status-publish","format-standard","has-post-thumbnail","hentry","category-digitalizacion-tic","category-eso","category-premios-y-reconocimientos"],"yoast_head":"<!-- This site is optimized with the Yoast SEO plugin v28.4 - https:\/\/yoast.com\/product\/yoast-seo-wordpress\/ -->\n<title>\u00a1\u00c9xito rotundo en Valladolid! Nuestros alumnos, en lo m\u00e1s alto de la fase regional de EntrerredesCampeones del concurso Entrerredes - Colegio Mar\u00eda Auxiliadora<\/title>\n<meta name=\"robots\" content=\"index, follow, max-snippet:-1, max-image-preview:large, max-video-preview:-1\" \/>\n<link rel=\"canonical\" href=\"https:\/\/salesianosmaux.es\/colegio\/2026\/05\/12\/exito-rotundo-en-valladolid-nuestros-alumnos-en-lo-mas-alto-de-la-fase-regional-de-entrerredescampeones-del-concurso-entrerredes\/\" \/>\n<meta property=\"og:locale\" content=\"es_ES\" \/>\n<meta property=\"og:type\" content=\"article\" \/>\n<meta property=\"og:title\" content=\"\u00a1\u00c9xito rotundo en Valladolid! Nuestros alumnos, en lo m\u00e1s alto de la fase regional de EntrerredesCampeones del concurso Entrerredes - Colegio Mar\u00eda Auxiliadora\" \/>\n<meta property=\"og:description\" content=\"Te puede interesar...\" \/>\n<meta property=\"og:url\" content=\"https:\/\/salesianosmaux.es\/colegio\/2026\/05\/12\/exito-rotundo-en-valladolid-nuestros-alumnos-en-lo-mas-alto-de-la-fase-regional-de-entrerredescampeones-del-concurso-entrerredes\/\" \/>\n<meta property=\"og:site_name\" content=\"Colegio Mar\u00eda Auxiliadora\" \/>\n<meta property=\"article:published_time\" content=\"2026-05-12T19:51:19+00:00\" \/>\n<meta property=\"article:modified_time\" content=\"2026-08-31T07:48:16+00:00\" \/>\n<meta property=\"og:image\" content=\"https:\/\/salesianosmaux.es\/colegio\/wp-content\/uploads\/sites\/5\/2026\/05\/Entrerredes_Salesianos.jpg\" \/>\n\t<meta property=\"og:image:width\" content=\"1600\" \/>\n\t<meta property=\"og:image:height\" content=\"1200\" \/>\n\t<meta property=\"og:image:type\" content=\"image\/jpeg\" \/>\n<meta name=\"author\" content=\"admin\" \/>\n<meta name=\"twitter:card\" content=\"summary_large_image\" \/>\n<meta name=\"twitter:label1\" content=\"Escrito por\" \/>\n\t<meta name=\"twitter:data1\" content=\"admin\" \/>\n\t<meta name=\"twitter:label2\" content=\"Tiempo de lectura\" \/>\n\t<meta name=\"twitter:data2\" content=\"1 minuto\" \/>\n<script type=\"application\/ld+json\" class=\"yoast-schema-graph\">{\"@context\":\"https:\\\/\\\/schema.org\",\"@graph\":[{\"@type\":\"Article\",\"@id\":\"https:\\\/\\\/salesianosmaux.es\\\/colegio\\\/2026\\\/05\\\/12\\\/exito-rotundo-en-valladolid-nuestros-alumnos-en-lo-mas-alto-de-la-fase-regional-de-entrerredescampeones-del-concurso-entrerredes\\\/#article\",\"isPartOf\":{\"@id\":\"https:\\\/\\\/salesianosmaux.es\\\/colegio\\\/2026\\\/05\\\/12\\\/exito-rotundo-en-valladolid-nuestros-alumnos-en-lo-mas-alto-de-la-fase-regional-de-entrerredescampeones-del-concurso-entrerredes\\\/\"},\"author\":{\"name\":\"admin\",\"@id\":\"https:\\\/\\\/salesianosmaux.es\\\/colegio\\\/#\\\/schema\\\/person\\\/9bd111fcfb5210d0fa466bfc8154b2f8\"},\"headline\":\"\u00a1\u00c9xito rotundo en Valladolid! Nuestros alumnos, en lo m\u00e1s alto de la fase regional de EntrerredesCampeones del concurso Entrerredes\",\"datePublished\":\"2026-05-12T19:51:19+00:00\",\"dateModified\":\"2026-08-31T07:48:16+00:00\",\"mainEntityOfPage\":{\"@id\":\"https:\\\/\\\/salesianosmaux.es\\\/colegio\\\/2026\\\/05\\\/12\\\/exito-rotundo-en-valladolid-nuestros-alumnos-en-lo-mas-alto-de-la-fase-regional-de-entrerredescampeones-del-concurso-entrerredes\\\/\"},\"wordCount\":294,\"image\":{\"@id\":\"https:\\\/\\\/salesianosmaux.es\\\/colegio\\\/2026\\\/05\\\/12\\\/exito-rotundo-en-valladolid-nuestros-alumnos-en-lo-mas-alto-de-la-fase-regional-de-entrerredescampeones-del-concurso-entrerredes\\\/#primaryimage\"},\"thumbnailUrl\":\"https:\\\/\\\/salesianosmaux.es\\\/colegio\\\/wp-content\\\/uploads\\\/sites\\\/5\\\/2026\\\/05\\\/Entrerredes_Salesianos.jpg\",\"articleSection\":[\"Digitalizaci\u00f3n y TIC\",\"ESO\",\"Premios y reconocimientos\"],\"inLanguage\":\"es\"},{\"@type\":\"WebPage\",\"@id\":\"https:\\\/\\\/salesianosmaux.es\\\/colegio\\\/2026\\\/05\\\/12\\\/exito-rotundo-en-valladolid-nuestros-alumnos-en-lo-mas-alto-de-la-fase-regional-de-entrerredescampeones-del-concurso-entrerredes\\\/\",\"url\":\"https:\\\/\\\/salesianosmaux.es\\\/colegio\\\/2026\\\/05\\\/12\\\/exito-rotundo-en-valladolid-nuestros-alumnos-en-lo-mas-alto-de-la-fase-regional-de-entrerredescampeones-del-concurso-entrerredes\\\/\",\"name\":\"\u00a1\u00c9xito rotundo en Valladolid! Nuestros alumnos, en lo m\u00e1s alto de la fase regional de EntrerredesCampeones del concurso Entrerredes - Colegio Mar\u00eda Auxiliadora\",\"isPartOf\":{\"@id\":\"https:\\\/\\\/salesianosmaux.es\\\/colegio\\\/#website\"},\"primaryImageOfPage\":{\"@id\":\"https:\\\/\\\/salesianosmaux.es\\\/colegio\\\/2026\\\/05\\\/12\\\/exito-rotundo-en-valladolid-nuestros-alumnos-en-lo-mas-alto-de-la-fase-regional-de-entrerredescampeones-del-concurso-entrerredes\\\/#primaryimage\"},\"image\":{\"@id\":\"https:\\\/\\\/salesianosmaux.es\\\/colegio\\\/2026\\\/05\\\/12\\\/exito-rotundo-en-valladolid-nuestros-alumnos-en-lo-mas-alto-de-la-fase-regional-de-entrerredescampeones-del-concurso-entrerredes\\\/#primaryimage\"},\"thumbnailUrl\":\"https:\\\/\\\/salesianosmaux.es\\\/colegio\\\/wp-content\\\/uploads\\\/sites\\\/5\\\/2026\\\/05\\\/Entrerredes_Salesianos.jpg\",\"datePublished\":\"2026-05-12T19:51:19+00:00\",\"dateModified\":\"2026-08-31T07:48:16+00:00\",\"author\":{\"@id\":\"https:\\\/\\\/salesianosmaux.es\\\/colegio\\\/#\\\/schema\\\/person\\\/9bd111fcfb5210d0fa466bfc8154b2f8\"},\"breadcrumb\":{\"@id\":\"https:\\\/\\\/salesianosmaux.es\\\/colegio\\\/2026\\\/05\\\/12\\\/exito-rotundo-en-valladolid-nuestros-alumnos-en-lo-mas-alto-de-la-fase-regional-de-entrerredescampeones-del-concurso-entrerredes\\\/#breadcrumb\"},\"inLanguage\":\"es\",\"potentialAction\":[{\"@type\":\"ReadAction\",\"target\":[\"https:\\\/\\\/salesianosmaux.es\\\/colegio\\\/2026\\\/05\\\/12\\\/exito-rotundo-en-valladolid-nuestros-alumnos-en-lo-mas-alto-de-la-fase-regional-de-entrerredescampeones-del-concurso-entrerredes\\\/\"]}]},{\"@type\":\"ImageObject\",\"inLanguage\":\"es\",\"@id\":\"https:\\\/\\\/salesianosmaux.es\\\/colegio\\\/2026\\\/05\\\/12\\\/exito-rotundo-en-valladolid-nuestros-alumnos-en-lo-mas-alto-de-la-fase-regional-de-entrerredescampeones-del-concurso-entrerredes\\\/#primaryimage\",\"url\":\"https:\\\/\\\/salesianosmaux.es\\\/colegio\\\/wp-content\\\/uploads\\\/sites\\\/5\\\/2026\\\/05\\\/Entrerredes_Salesianos.jpg\",\"contentUrl\":\"https:\\\/\\\/salesianosmaux.es\\\/colegio\\\/wp-content\\\/uploads\\\/sites\\\/5\\\/2026\\\/05\\\/Entrerredes_Salesianos.jpg\",\"width\":1600,\"height\":1200},{\"@type\":\"BreadcrumbList\",\"@id\":\"https:\\\/\\\/salesianosmaux.es\\\/colegio\\\/2026\\\/05\\\/12\\\/exito-rotundo-en-valladolid-nuestros-alumnos-en-lo-mas-alto-de-la-fase-regional-de-entrerredescampeones-del-concurso-entrerredes\\\/#breadcrumb\",\"itemListElement\":[{\"@type\":\"ListItem\",\"position\":1,\"name\":\"Portada\",\"item\":\"https:\\\/\\\/salesianosmaux.es\\\/colegio\\\/\"},{\"@type\":\"ListItem\",\"position\":2,\"name\":\"\u00a1\u00c9xito rotundo en Valladolid! Nuestros alumnos, en lo m\u00e1s alto de la fase regional de EntrerredesCampeones del concurso Entrerredes\"}]},{\"@type\":\"WebSite\",\"@id\":\"https:\\\/\\\/salesianosmaux.es\\\/colegio\\\/#website\",\"url\":\"https:\\\/\\\/salesianosmaux.es\\\/colegio\\\/\",\"name\":\"Colegio Mar\u00eda Auxiliadora\",\"description\":\"Colegio Mar\u00eda Auxiliadora\",\"potentialAction\":[{\"@type\":\"SearchAction\",\"target\":{\"@type\":\"EntryPoint\",\"urlTemplate\":\"https:\\\/\\\/salesianosmaux.es\\\/colegio\\\/?s={search_term_string}\"},\"query-input\":{\"@type\":\"PropertyValueSpecification\",\"valueRequired\":true,\"valueName\":\"search_term_string\"}}],\"inLanguage\":\"es\"},{\"@type\":\"Person\",\"@id\":\"https:\\\/\\\/salesianosmaux.es\\\/colegio\\\/#\\\/schema\\\/person\\\/9bd111fcfb5210d0fa466bfc8154b2f8\",\"name\":\"admin\",\"image\":{\"@type\":\"ImageObject\",\"inLanguage\":\"es\",\"@id\":\"https:\\\/\\\/secure.gravatar.com\\\/avatar\\\/09550e5c75cc821753a661f1c7f497ea1bbe9e394289f33e436a29a7df762242?s=96&d=mm&r=g\",\"url\":\"https:\\\/\\\/secure.gravatar.com\\\/avatar\\\/09550e5c75cc821753a661f1c7f497ea1bbe9e394289f33e436a29a7df762242?s=96&d=mm&r=g\",\"contentUrl\":\"https:\\\/\\\/secure.gravatar.com\\\/avatar\\\/09550e5c75cc821753a661f1c7f497ea1bbe9e394289f33e436a29a7df762242?s=96&d=mm&r=g\",\"caption\":\"admin\"},\"sameAs\":[\"https:\\\/\\\/salesianosmaux.es\"],\"url\":\"https:\\\/\\\/salesianosmaux.es\\\/colegio\\\/author\\\/salamanca_95jmwv72\\\/\"}]}<\/script>\n<!-- \/ Yoast SEO plugin. -->","yoast_head_json":{"title":"\u00a1\u00c9xito rotundo en Valladolid! Nuestros alumnos, en lo m\u00e1s alto de la fase regional de EntrerredesCampeones del concurso Entrerredes - Colegio Mar\u00eda Auxiliadora","robots":{"index":"index","follow":"follow","max-snippet":"max-snippet:-1","max-image-preview":"max-image-preview:large","max-video-preview":"max-video-preview:-1"},"canonical":"https:\/\/salesianosmaux.es\/colegio\/2026\/05\/12\/exito-rotundo-en-valladolid-nuestros-alumnos-en-lo-mas-alto-de-la-fase-regional-de-entrerredescampeones-del-concurso-entrerredes\/","og_locale":"es_ES","og_type":"article","og_title":"\u00a1\u00c9xito rotundo en Valladolid! Nuestros alumnos, en lo m\u00e1s alto de la fase regional de EntrerredesCampeones del concurso Entrerredes - Colegio Mar\u00eda Auxiliadora","og_description":"Te puede interesar...","og_url":"https:\/\/salesianosmaux.es\/colegio\/2026\/05\/12\/exito-rotundo-en-valladolid-nuestros-alumnos-en-lo-mas-alto-de-la-fase-regional-de-entrerredescampeones-del-concurso-entrerredes\/","og_site_name":"Colegio Mar\u00eda Auxiliadora","article_published_time":"2026-05-12T19:51:19+00:00","article_modified_time":"2026-08-31T07:48:16+00:00","og_image":[{"width":1600,"height":1200,"url":"https:\/\/salesianosmaux.es\/colegio\/wp-content\/uploads\/sites\/5\/2026\/05\/Entrerredes_Salesianos.jpg","type":"image\/jpeg"}],"author":"admin","twitter_card":"summary_large_image","twitter_misc":{"Escrito por":"admin","Tiempo de lectura":"1 minuto"},"schema":{"@context":"https:\/\/schema.org","@graph":[{"@type":"Article","@id":"https:\/\/salesianosmaux.es\/colegio\/2026\/05\/12\/exito-rotundo-en-valladolid-nuestros-alumnos-en-lo-mas-alto-de-la-fase-regional-de-entrerredescampeones-del-concurso-entrerredes\/#article","isPartOf":{"@id":"https:\/\/salesianosmaux.es\/colegio\/2026\/05\/12\/exito-rotundo-en-valladolid-nuestros-alumnos-en-lo-mas-alto-de-la-fase-regional-de-entrerredescampeones-del-concurso-entrerredes\/"},"author":{"name":"admin","@id":"https:\/\/salesianosmaux.es\/colegio\/#\/schema\/person\/9bd111fcfb5210d0fa466bfc8154b2f8"},"headline":"\u00a1\u00c9xito rotundo en Valladolid! Nuestros alumnos, en lo m\u00e1s alto de la fase regional de EntrerredesCampeones del concurso Entrerredes","datePublished":"2026-05-12T19:51:19+00:00","dateModified":"2026-08-31T07:48:16+00:00","mainEntityOfPage":{"@id":"https:\/\/salesianosmaux.es\/colegio\/2026\/05\/12\/exito-rotundo-en-valladolid-nuestros-alumnos-en-lo-mas-alto-de-la-fase-regional-de-entrerredescampeones-del-concurso-entrerredes\/"},"wordCount":294,"image":{"@id":"https:\/\/salesianosmaux.es\/colegio\/2026\/05\/12\/exito-rotundo-en-valladolid-nuestros-alumnos-en-lo-mas-alto-de-la-fase-regional-de-entrerredescampeones-del-concurso-entrerredes\/#primaryimage"},"thumbnailUrl":"https:\/\/salesianosmaux.es\/colegio\/wp-content\/uploads\/sites\/5\/2026\/05\/Entrerredes_Salesianos.jpg","articleSection":["Digitalizaci\u00f3n y TIC","ESO","Premios y reconocimientos"],"inLanguage":"es"},{"@type":"WebPage","@id":"https:\/\/salesianosmaux.es\/colegio\/2026\/05\/12\/exito-rotundo-en-valladolid-nuestros-alumnos-en-lo-mas-alto-de-la-fase-regional-de-entrerredescampeones-del-concurso-entrerredes\/","url":"https:\/\/salesianosmaux.es\/colegio\/2026\/05\/12\/exito-rotundo-en-valladolid-nuestros-alumnos-en-lo-mas-alto-de-la-fase-regional-de-entrerredescampeones-del-concurso-entrerredes\/","name":"\u00a1\u00c9xito rotundo en Valladolid! Nuestros alumnos, en lo m\u00e1s alto de la fase regional de EntrerredesCampeones del concurso Entrerredes - Colegio Mar\u00eda Auxiliadora","isPartOf":{"@id":"https:\/\/salesianosmaux.es\/colegio\/#website"},"primaryImageOfPage":{"@id":"https:\/\/salesianosmaux.es\/colegio\/2026\/05\/12\/exito-rotundo-en-valladolid-nuestros-alumnos-en-lo-mas-alto-de-la-fase-regional-de-entrerredescampeones-del-concurso-entrerredes\/#primaryimage"},"image":{"@id":"https:\/\/salesianosmaux.es\/colegio\/2026\/05\/12\/exito-rotundo-en-valladolid-nuestros-alumnos-en-lo-mas-alto-de-la-fase-regional-de-entrerredescampeones-del-concurso-entrerredes\/#primaryimage"},"thumbnailUrl":"https:\/\/salesianosmaux.es\/colegio\/wp-content\/uploads\/sites\/5\/2026\/05\/Entrerredes_Salesianos.jpg","datePublished":"2026-05-12T19:51:19+00:00","dateModified":"2026-08-31T07:48:16+00:00","author":{"@id":"https:\/\/salesianosmaux.es\/colegio\/#\/schema\/person\/9bd111fcfb5210d0fa466bfc8154b2f8"},"breadcrumb":{"@id":"https:\/\/salesianosmaux.es\/colegio\/2026\/05\/12\/exito-rotundo-en-valladolid-nuestros-alumnos-en-lo-mas-alto-de-la-fase-regional-de-entrerredescampeones-del-concurso-entrerredes\/#breadcrumb"},"inLanguage":"es","potentialAction":[{"@type":"ReadAction","target":["https:\/\/salesianosmaux.es\/colegio\/2026\/05\/12\/exito-rotundo-en-valladolid-nuestros-alumnos-en-lo-mas-alto-de-la-fase-regional-de-entrerredescampeones-del-concurso-entrerredes\/"]}]},{"@type":"ImageObject","inLanguage":"es","@id":"https:\/\/salesianosmaux.es\/colegio\/2026\/05\/12\/exito-rotundo-en-valladolid-nuestros-alumnos-en-lo-mas-alto-de-la-fase-regional-de-entrerredescampeones-del-concurso-entrerredes\/#primaryimage","url":"https:\/\/salesianosmaux.es\/colegio\/wp-content\/uploads\/sites\/5\/2026\/05\/Entrerredes_Salesianos.jpg","contentUrl":"https:\/\/salesianosmaux.es\/colegio\/wp-content\/uploads\/sites\/5\/2026\/05\/Entrerredes_Salesianos.jpg","width":1600,"height":1200},{"@type":"BreadcrumbList","@id":"https:\/\/salesianosmaux.es\/colegio\/2026\/05\/12\/exito-rotundo-en-valladolid-nuestros-alumnos-en-lo-mas-alto-de-la-fase-regional-de-entrerredescampeones-del-concurso-entrerredes\/#breadcrumb","itemListElement":[{"@type":"ListItem","position":1,"name":"Portada","item":"https:\/\/salesianosmaux.es\/colegio\/"},{"@type":"ListItem","position":2,"name":"\u00a1\u00c9xito rotundo en Valladolid! Nuestros alumnos, en lo m\u00e1s alto de la fase regional de EntrerredesCampeones del concurso Entrerredes"}]},{"@type":"WebSite","@id":"https:\/\/salesianosmaux.es\/colegio\/#website","url":"https:\/\/salesianosmaux.es\/colegio\/","name":"Colegio Mar\u00eda Auxiliadora","description":"Colegio Mar\u00eda Auxiliadora","potentialAction":[{"@type":"SearchAction","target":{"@type":"EntryPoint","urlTemplate":"https:\/\/salesianosmaux.es\/colegio\/?s={search_term_string}"},"query-input":{"@type":"PropertyValueSpecification","valueRequired":true,"valueName":"search_term_string"}}],"inLanguage":"es"},{"@type":"Person","@id":"https:\/\/salesianosmaux.es\/colegio\/#\/schema\/person\/9bd111fcfb5210d0fa466bfc8154b2f8","name":"admin","image":{"@type":"ImageObject","inLanguage":"es","@id":"https:\/\/secure.gravatar.com\/avatar\/09550e5c75cc821753a661f1c7f497ea1bbe9e394289f33e436a29a7df762242?s=96&d=mm&r=g","url":"https:\/\/secure.gravatar.com\/avatar\/09550e5c75cc821753a661f1c7f497ea1bbe9e394289f33e436a29a7df762242?s=96&d=mm&r=g","contentUrl":"https:\/\/secure.gravatar.com\/avatar\/09550e5c75cc821753a661f1c7f497ea1bbe9e394289f33e436a29a7df762242?s=96&d=mm&r=g","caption":"admin"},"sameAs":["https:\/\/salesianosmaux.es"],"url":"https:\/\/salesianosmaux.es\/colegio\/author\/salamanca_95jmwv72\/"}]}},"_links":{"self":[{"href":"https:\/\/salesianosmaux.es\/colegio\/wp-json\/wp\/v2\/posts\/12314","targetHints":{"allow":["GET"]}}],"collection":[{"href":"https:\/\/salesianosmaux.es\/colegio\/wp-json\/wp\/v2\/posts"}],"about":[{"href":"https:\/\/salesianosmaux.es\/colegio\/wp-json\/wp\/v2\/types\/post"}],"author":[{"embeddable":true,"href":"https:\/\/salesianosmaux.es\/colegio\/wp-json\/wp\/v2\/users\/1"}],"replies":[{"embeddable":true,"href":"https:\/\/salesianosmaux.es\/colegio\/wp-json\/wp\/v2\/comments?post=12314"}],"version-history":[{"count":3,"href":"https:\/\/salesianosmaux.es\/colegio\/wp-json\/wp\/v2\/posts\/12314\/revisions"}],"predecessor-version":[{"id":12318,"href":"https:\/\/salesianosmaux.es\/colegio\/wp-json\/wp\/v2\/posts\/12314\/revisions\/12318"}],"wp:featuredmedia":[{"embeddable":true,"href":"https:\/\/salesianosmaux.es\/colegio\/wp-json\/wp\/v2\/media\/12315"}],"wp:attachment":[{"href":"https:\/\/salesianosmaux.es\/colegio\/wp-json\/wp\/v2\/media?parent=12314"}],"wp:term":[{"taxonomy":"category","embeddable":true,"href":"https:\/\/salesianosmaux.es\/colegio\/wp-json\/wp\/v2\/categories?post=12314"},{"taxonomy":"post_tag","embeddable":true,"href":"https:\/\/salesianosmaux.es\/colegio\/wp-json\/wp\/v2\/tags?post=12314"}],"curies":[{"name":"wp","href":"https:\/\/api.w.org\/{rel}","templated":true}]}}