{"id":12372,"date":"2026-06-30T12:24:39","date_gmt":"2026-06-30T12:24:39","guid":{"rendered":"https:\/\/salesianosmaux.es\/colegio\/?p=12372"},"modified":"2026-08-31T07:48:52","modified_gmt":"2026-08-31T07:48:52","slug":"gracias-por-toda-una-vida-de-servicio-homenaje-escolar-a-jose-l-salinero-y-eloy-con-motivo-de-su-jubilacion","status":"publish","type":"post","link":"https:\/\/salesianosmaux.es\/colegio\/2026\/06\/30\/gracias-por-toda-una-vida-de-servicio-homenaje-escolar-a-jose-l-salinero-y-eloy-con-motivo-de-su-jubilacion\/","title":{"rendered":"Gracias por toda una vida de servicio. Homenaje escolar a Jos\u00e9 L. Salinero y Eloy con motivo de su jubilaci\u00f3n"},"content":{"rendered":"<p>[et_pb_section fb_built=\u00bb1&#8243; theme_builder_area=\u00bbpost_content\u00bb _builder_version=\u00bb4.27.6&#8243; _module_preset=\u00bbdefault\u00bb][et_pb_row _builder_version=\u00bb4.27.6&#8243; _module_preset=\u00bbdefault\u00bb theme_builder_area=\u00bbpost_content\u00bb column_structure=\u00bb3_5,2_5&#8243;][et_pb_column _builder_version=\u00bb4.27.6&#8243; _module_preset=\u00bbdefault\u00bb type=\u00bb3_5&#8243; theme_builder_area=\u00bbpost_content\u00bb][et_pb_text _builder_version=\u00bb4.27.6&#8243; _module_preset=\u00bbdefault\u00bb theme_builder_area=\u00bbpost_content\u00bb hover_enabled=\u00bb0&#8243; sticky_enabled=\u00bb0&#8243;]<\/p>\n<p class=\"p3\">Hay personas cuya labor va mucho m\u00e1s all\u00e1 de la funci\u00f3n que desempe\u00f1an. Personas que, con su trabajo diario, su cercan\u00eda y su entrega silenciosa, contribuyen a hacer del colegio un aut\u00e9ntico hogar.<\/p>\n<p class=\"p3\">Este curso despedimos con enorme gratitud a dos miembros muy queridos de nuestra comunidad educativa: <span class=\"s1\"><b>Jos\u00e9 L. Salinero<\/b><\/span>, encargado de mantenimiento, y <span class=\"s1\"><b>Eloy<\/b><\/span>, portero del colegio, quienes comienzan una nueva etapa tras dedicar tantos a\u00f1os de su vida al servicio de Salesianos Mar\u00eda Auxiliadora.<\/p>\n<p>[\/et_pb_text][\/et_pb_column][et_pb_column _builder_version=\u00bb4.27.6&#8243; _module_preset=\u00bbdefault\u00bb type=\u00bb2_5&#8243; theme_builder_area=\u00bbpost_content\u00bb][et_pb_image src=\u00bbhttps:\/\/salesianosmaux.es\/colegio\/wp-content\/uploads\/sites\/5\/2026\/06\/foto-despedida-Jose.jpg\u00bb _builder_version=\u00bb4.27.6&#8243; _module_preset=\u00bbdefault\u00bb theme_builder_area=\u00bbpost_content\u00bb title_text=\u00bbfoto despedida Jose\u00bb hover_enabled=\u00bb0&#8243; sticky_enabled=\u00bb0&#8243;][\/et_pb_image][\/et_pb_column][\/et_pb_row][et_pb_row _builder_version=\u00bb4.27.6&#8243; _module_preset=\u00bbdefault\u00bb theme_builder_area=\u00bbpost_content\u00bb][et_pb_column _builder_version=\u00bb4.27.6&#8243; _module_preset=\u00bbdefault\u00bb type=\u00bb4_4&#8243; theme_builder_area=\u00bbpost_content\u00bb][et_pb_text _builder_version=\u00bb4.27.6&#8243; _module_preset=\u00bbdefault\u00bb theme_builder_area=\u00bbpost_content\u00bb hover_enabled=\u00bb0&#8243; sticky_enabled=\u00bb0&#8243;]<\/p>\n<h2><span class=\"s1\"><b>Jos\u00e9 L. Salinero, cuidar cada rinc\u00f3n de nuestra casa<\/b><\/span><\/h2>\n<p class=\"p3\">Durante a\u00f1os, Jos\u00e9 ha trabajado con profesionalidad, dedicaci\u00f3n y una disponibilidad constante para que nuestro colegio estuviera siempre preparado para acoger a alumnos, familias y educadores.<\/p>\n<p class=\"p3\">Su labor ha ido mucho m\u00e1s all\u00e1 del mantenimiento de las instalaciones. Cada reparaci\u00f3n, cada mejora y cada detalle cuidado han contribuido a crear un entorno seguro, acogedor y agradable para toda la comunidad educativa.<\/p>\n<p class=\"p3\">Su discreci\u00f3n, su capacidad para encontrar siempre una soluci\u00f3n y su compromiso diario han dejado una huella imborrable en todos los que hemos compartido con \u00e9l esta etapa.<\/p>\n<p>[\/et_pb_text][et_pb_video src=\u00bbhttps:\/\/youtu.be\/RlHlUn6-TOc\u00bb _builder_version=\u00bb4.27.6&#8243; _module_preset=\u00bbdefault\u00bb theme_builder_area=\u00bbpost_content\u00bb hover_enabled=\u00bb0&#8243; sticky_enabled=\u00bb0&#8243;][\/et_pb_video][et_pb_text _builder_version=\u00bb4.27.6&#8243; _module_preset=\u00bbdefault\u00bb theme_builder_area=\u00bbpost_content\u00bb hover_enabled=\u00bb0&#8243; sticky_enabled=\u00bb0&#8243;]<\/p>\n<h2><span class=\"s1\"><b>Eloy, la sonrisa que nos recib\u00eda cada ma\u00f1ana<\/b><\/span><\/h2>\n<p class=\"p3\">Para miles de alumnos y familias, la jornada escolar comenzaba con un saludo de Eloy.<\/p>\n<p class=\"p3\">Como portero del colegio, ha sido durante muchos a\u00f1os una presencia cercana, amable y siempre dispuesta a ayudar. Su trabajo ha consistido en mucho m\u00e1s que abrir y cerrar puertas: ha sabido acoger, orientar, escuchar y cuidar de las personas que cada d\u00eda cruzaban la entrada del colegio.<\/p>\n<p class=\"p3\">Con su trato cercano y su disponibilidad permanente, Eloy se ha convertido en una figura muy querida por varias generaciones de alumnos, familias, antiguos alumnos y compa\u00f1eros.<\/p>\n<p class=\"p3\">Su recuerdo permanecer\u00e1 ligado a la vida cotidiana de nuestro colegio y al cari\u00f1o con el que siempre desempe\u00f1\u00f3 su labor.<\/p>\n<p>[\/et_pb_text][et_pb_video src=\u00bbhttps:\/\/youtu.be\/Xt3hlcVLK10&#8243; _builder_version=\u00bb4.27.6&#8243; _module_preset=\u00bbdefault\u00bb theme_builder_area=\u00bbpost_content\u00bb hover_enabled=\u00bb0&#8243; sticky_enabled=\u00bb0&#8243;][\/et_pb_video][et_pb_text _builder_version=\u00bb4.27.6&#8243; _module_preset=\u00bbdefault\u00bb theme_builder_area=\u00bbpost_content\u00bb hover_enabled=\u00bb0&#8243; sticky_enabled=\u00bb0&#8243;]<\/p>\n<h2><span class=\"s1\"><b>Gracias por formar parte de nuestra historia<\/b><\/span><\/h2>\n<p class=\"p3\">Jos\u00e9 y Eloy representan esos valores que identifican a una casa salesiana: el servicio, la cercan\u00eda, la sencillez, el trabajo bien hecho y el compromiso con las personas.<\/p>\n<p class=\"p3\">En nombre de toda la Comunidad Educativa de Salesianos Salamanca &#8211; Mar\u00eda Auxiliadora, queremos expresar nuestro m\u00e1s sincero agradecimiento por tantos a\u00f1os de dedicaci\u00f3n.<\/p>\n<p class=\"p3\">Os deseamos una jubilaci\u00f3n llena de salud, ilusi\u00f3n, serenidad y tiempo para disfrutar junto a vuestras familias y amigos.<\/p>\n<p class=\"p3\">Esta seguir\u00e1 siendo siempre vuestra casa.<\/p>\n<p class=\"p4\"><b>\u00a1Gracias, Jos\u00e9! \u00a1Gracias, Eloy!<\/b><\/p>\n<p class=\"p1\"><i>La Comunidad Educativa de Salesianos Mar\u00eda Auxiliadora<\/i><\/p>\n<p>[\/et_pb_text][\/et_pb_column][\/et_pb_row][\/et_pb_section]<\/p>\n","protected":false},"excerpt":{"rendered":"<p>Hay personas cuya labor va mucho m\u00e1s all\u00e1 de la funci\u00f3n que desempe\u00f1an. Personas que, con su trabajo diario, su cercan\u00eda y su entrega silenciosa, contribuyen a hacer del colegio un aut\u00e9ntico hogar. Este curso despedimos con enorme gratitud a dos miembros muy queridos de nuestra comunidad educativa: Jos\u00e9 L. Salinero, encargado de mantenimiento, y [&hellip;]<\/p>\n","protected":false},"author":1,"featured_media":12373,"comment_status":"closed","ping_status":"closed","sticky":false,"template":"","format":"standard","meta":{"_et_pb_use_builder":"on","_et_pb_old_content":"","_et_gb_content_width":"","_joinchat":[],"footnotes":""},"categories":[79],"tags":[],"class_list":["post-12372","post","type-post","status-publish","format-standard","has-post-thumbnail","hentry","category-comunidad-educativa"],"yoast_head":"<!-- This site is optimized with the Yoast SEO plugin v28.4 - https:\/\/yoast.com\/product\/yoast-seo-wordpress\/ -->\n<title>Gracias por toda una vida de servicio. Homenaje escolar a Jos\u00e9 L. Salinero y Eloy con motivo de su jubilaci\u00f3n - Colegio Mar\u00eda Auxiliadora<\/title>\n<meta name=\"robots\" content=\"index, follow, max-snippet:-1, max-image-preview:large, max-video-preview:-1\" \/>\n<link rel=\"canonical\" href=\"https:\/\/salesianosmaux.es\/colegio\/2026\/06\/30\/gracias-por-toda-una-vida-de-servicio-homenaje-escolar-a-jose-l-salinero-y-eloy-con-motivo-de-su-jubilacion\/\" \/>\n<meta property=\"og:locale\" content=\"es_ES\" \/>\n<meta property=\"og:type\" content=\"article\" \/>\n<meta property=\"og:title\" content=\"Gracias por toda una vida de servicio. Homenaje escolar a Jos\u00e9 L. Salinero y Eloy con motivo de su jubilaci\u00f3n - Colegio Mar\u00eda Auxiliadora\" \/>\n<meta property=\"og:description\" content=\"Te puede interesar...\" \/>\n<meta property=\"og:url\" content=\"https:\/\/salesianosmaux.es\/colegio\/2026\/06\/30\/gracias-por-toda-una-vida-de-servicio-homenaje-escolar-a-jose-l-salinero-y-eloy-con-motivo-de-su-jubilacion\/\" \/>\n<meta property=\"og:site_name\" content=\"Colegio Mar\u00eda Auxiliadora\" \/>\n<meta property=\"article:published_time\" content=\"2026-06-30T12:24:39+00:00\" \/>\n<meta property=\"article:modified_time\" content=\"2026-08-31T07:48:52+00:00\" \/>\n<meta property=\"og:image\" content=\"https:\/\/salesianosmaux.es\/colegio\/wp-content\/uploads\/sites\/5\/2026\/06\/54_01_foto-despedida-eloy.jpeg\" \/>\n\t<meta property=\"og:image:width\" content=\"1920\" \/>\n\t<meta property=\"og:image:height\" content=\"1080\" \/>\n\t<meta property=\"og:image:type\" content=\"image\/jpeg\" \/>\n<meta name=\"author\" content=\"admin\" \/>\n<meta name=\"twitter:card\" content=\"summary_large_image\" \/>\n<meta name=\"twitter:label1\" content=\"Escrito por\" \/>\n\t<meta name=\"twitter:data1\" content=\"admin\" \/>\n\t<meta name=\"twitter:label2\" content=\"Tiempo de lectura\" \/>\n\t<meta name=\"twitter:data2\" content=\"1 minuto\" \/>\n<script type=\"application\/ld+json\" class=\"yoast-schema-graph\">{\"@context\":\"https:\\\/\\\/schema.org\",\"@graph\":[{\"@type\":\"Article\",\"@id\":\"https:\\\/\\\/salesianosmaux.es\\\/colegio\\\/2026\\\/06\\\/30\\\/gracias-por-toda-una-vida-de-servicio-homenaje-escolar-a-jose-l-salinero-y-eloy-con-motivo-de-su-jubilacion\\\/#article\",\"isPartOf\":{\"@id\":\"https:\\\/\\\/salesianosmaux.es\\\/colegio\\\/2026\\\/06\\\/30\\\/gracias-por-toda-una-vida-de-servicio-homenaje-escolar-a-jose-l-salinero-y-eloy-con-motivo-de-su-jubilacion\\\/\"},\"author\":{\"name\":\"admin\",\"@id\":\"https:\\\/\\\/salesianosmaux.es\\\/colegio\\\/#\\\/schema\\\/person\\\/9bd111fcfb5210d0fa466bfc8154b2f8\"},\"headline\":\"Gracias por toda una vida de servicio. Homenaje escolar a Jos\u00e9 L. Salinero y Eloy con motivo de su jubilaci\u00f3n\",\"datePublished\":\"2026-06-30T12:24:39+00:00\",\"dateModified\":\"2026-08-31T07:48:52+00:00\",\"mainEntityOfPage\":{\"@id\":\"https:\\\/\\\/salesianosmaux.es\\\/colegio\\\/2026\\\/06\\\/30\\\/gracias-por-toda-una-vida-de-servicio-homenaje-escolar-a-jose-l-salinero-y-eloy-con-motivo-de-su-jubilacion\\\/\"},\"wordCount\":709,\"image\":{\"@id\":\"https:\\\/\\\/salesianosmaux.es\\\/colegio\\\/2026\\\/06\\\/30\\\/gracias-por-toda-una-vida-de-servicio-homenaje-escolar-a-jose-l-salinero-y-eloy-con-motivo-de-su-jubilacion\\\/#primaryimage\"},\"thumbnailUrl\":\"https:\\\/\\\/salesianosmaux.es\\\/colegio\\\/wp-content\\\/uploads\\\/sites\\\/5\\\/2026\\\/06\\\/54_01_foto-despedida-eloy.jpeg\",\"articleSection\":[\"Comunidad Educativa\"],\"inLanguage\":\"es\"},{\"@type\":\"WebPage\",\"@id\":\"https:\\\/\\\/salesianosmaux.es\\\/colegio\\\/2026\\\/06\\\/30\\\/gracias-por-toda-una-vida-de-servicio-homenaje-escolar-a-jose-l-salinero-y-eloy-con-motivo-de-su-jubilacion\\\/\",\"url\":\"https:\\\/\\\/salesianosmaux.es\\\/colegio\\\/2026\\\/06\\\/30\\\/gracias-por-toda-una-vida-de-servicio-homenaje-escolar-a-jose-l-salinero-y-eloy-con-motivo-de-su-jubilacion\\\/\",\"name\":\"Gracias por toda una vida de servicio. Homenaje escolar a Jos\u00e9 L. Salinero y Eloy con motivo de su jubilaci\u00f3n - Colegio Mar\u00eda Auxiliadora\",\"isPartOf\":{\"@id\":\"https:\\\/\\\/salesianosmaux.es\\\/colegio\\\/#website\"},\"primaryImageOfPage\":{\"@id\":\"https:\\\/\\\/salesianosmaux.es\\\/colegio\\\/2026\\\/06\\\/30\\\/gracias-por-toda-una-vida-de-servicio-homenaje-escolar-a-jose-l-salinero-y-eloy-con-motivo-de-su-jubilacion\\\/#primaryimage\"},\"image\":{\"@id\":\"https:\\\/\\\/salesianosmaux.es\\\/colegio\\\/2026\\\/06\\\/30\\\/gracias-por-toda-una-vida-de-servicio-homenaje-escolar-a-jose-l-salinero-y-eloy-con-motivo-de-su-jubilacion\\\/#primaryimage\"},\"thumbnailUrl\":\"https:\\\/\\\/salesianosmaux.es\\\/colegio\\\/wp-content\\\/uploads\\\/sites\\\/5\\\/2026\\\/06\\\/54_01_foto-despedida-eloy.jpeg\",\"datePublished\":\"2026-06-30T12:24:39+00:00\",\"dateModified\":\"2026-08-31T07:48:52+00:00\",\"author\":{\"@id\":\"https:\\\/\\\/salesianosmaux.es\\\/colegio\\\/#\\\/schema\\\/person\\\/9bd111fcfb5210d0fa466bfc8154b2f8\"},\"breadcrumb\":{\"@id\":\"https:\\\/\\\/salesianosmaux.es\\\/colegio\\\/2026\\\/06\\\/30\\\/gracias-por-toda-una-vida-de-servicio-homenaje-escolar-a-jose-l-salinero-y-eloy-con-motivo-de-su-jubilacion\\\/#breadcrumb\"},\"inLanguage\":\"es\",\"potentialAction\":[{\"@type\":\"ReadAction\",\"target\":[\"https:\\\/\\\/salesianosmaux.es\\\/colegio\\\/2026\\\/06\\\/30\\\/gracias-por-toda-una-vida-de-servicio-homenaje-escolar-a-jose-l-salinero-y-eloy-con-motivo-de-su-jubilacion\\\/\"]}]},{\"@type\":\"ImageObject\",\"inLanguage\":\"es\",\"@id\":\"https:\\\/\\\/salesianosmaux.es\\\/colegio\\\/2026\\\/06\\\/30\\\/gracias-por-toda-una-vida-de-servicio-homenaje-escolar-a-jose-l-salinero-y-eloy-con-motivo-de-su-jubilacion\\\/#primaryimage\",\"url\":\"https:\\\/\\\/salesianosmaux.es\\\/colegio\\\/wp-content\\\/uploads\\\/sites\\\/5\\\/2026\\\/06\\\/54_01_foto-despedida-eloy.jpeg\",\"contentUrl\":\"https:\\\/\\\/salesianosmaux.es\\\/colegio\\\/wp-content\\\/uploads\\\/sites\\\/5\\\/2026\\\/06\\\/54_01_foto-despedida-eloy.jpeg\",\"width\":1920,\"height\":1080},{\"@type\":\"BreadcrumbList\",\"@id\":\"https:\\\/\\\/salesianosmaux.es\\\/colegio\\\/2026\\\/06\\\/30\\\/gracias-por-toda-una-vida-de-servicio-homenaje-escolar-a-jose-l-salinero-y-eloy-con-motivo-de-su-jubilacion\\\/#breadcrumb\",\"itemListElement\":[{\"@type\":\"ListItem\",\"position\":1,\"name\":\"Portada\",\"item\":\"https:\\\/\\\/salesianosmaux.es\\\/colegio\\\/\"},{\"@type\":\"ListItem\",\"position\":2,\"name\":\"Gracias por toda una vida de servicio. Homenaje escolar a Jos\u00e9 L. Salinero y Eloy con motivo de su jubilaci\u00f3n\"}]},{\"@type\":\"WebSite\",\"@id\":\"https:\\\/\\\/salesianosmaux.es\\\/colegio\\\/#website\",\"url\":\"https:\\\/\\\/salesianosmaux.es\\\/colegio\\\/\",\"name\":\"Colegio Mar\u00eda Auxiliadora\",\"description\":\"Colegio Mar\u00eda Auxiliadora\",\"potentialAction\":[{\"@type\":\"SearchAction\",\"target\":{\"@type\":\"EntryPoint\",\"urlTemplate\":\"https:\\\/\\\/salesianosmaux.es\\\/colegio\\\/?s={search_term_string}\"},\"query-input\":{\"@type\":\"PropertyValueSpecification\",\"valueRequired\":true,\"valueName\":\"search_term_string\"}}],\"inLanguage\":\"es\"},{\"@type\":\"Person\",\"@id\":\"https:\\\/\\\/salesianosmaux.es\\\/colegio\\\/#\\\/schema\\\/person\\\/9bd111fcfb5210d0fa466bfc8154b2f8\",\"name\":\"admin\",\"image\":{\"@type\":\"ImageObject\",\"inLanguage\":\"es\",\"@id\":\"https:\\\/\\\/secure.gravatar.com\\\/avatar\\\/09550e5c75cc821753a661f1c7f497ea1bbe9e394289f33e436a29a7df762242?s=96&d=mm&r=g\",\"url\":\"https:\\\/\\\/secure.gravatar.com\\\/avatar\\\/09550e5c75cc821753a661f1c7f497ea1bbe9e394289f33e436a29a7df762242?s=96&d=mm&r=g\",\"contentUrl\":\"https:\\\/\\\/secure.gravatar.com\\\/avatar\\\/09550e5c75cc821753a661f1c7f497ea1bbe9e394289f33e436a29a7df762242?s=96&d=mm&r=g\",\"caption\":\"admin\"},\"sameAs\":[\"https:\\\/\\\/salesianosmaux.es\"],\"url\":\"https:\\\/\\\/salesianosmaux.es\\\/colegio\\\/author\\\/salamanca_95jmwv72\\\/\"}]}<\/script>\n<!-- \/ Yoast SEO plugin. -->","yoast_head_json":{"title":"Gracias por toda una vida de servicio. Homenaje escolar a Jos\u00e9 L. Salinero y Eloy con motivo de su jubilaci\u00f3n - Colegio Mar\u00eda Auxiliadora","robots":{"index":"index","follow":"follow","max-snippet":"max-snippet:-1","max-image-preview":"max-image-preview:large","max-video-preview":"max-video-preview:-1"},"canonical":"https:\/\/salesianosmaux.es\/colegio\/2026\/06\/30\/gracias-por-toda-una-vida-de-servicio-homenaje-escolar-a-jose-l-salinero-y-eloy-con-motivo-de-su-jubilacion\/","og_locale":"es_ES","og_type":"article","og_title":"Gracias por toda una vida de servicio. Homenaje escolar a Jos\u00e9 L. Salinero y Eloy con motivo de su jubilaci\u00f3n - Colegio Mar\u00eda Auxiliadora","og_description":"Te puede interesar...","og_url":"https:\/\/salesianosmaux.es\/colegio\/2026\/06\/30\/gracias-por-toda-una-vida-de-servicio-homenaje-escolar-a-jose-l-salinero-y-eloy-con-motivo-de-su-jubilacion\/","og_site_name":"Colegio Mar\u00eda Auxiliadora","article_published_time":"2026-06-30T12:24:39+00:00","article_modified_time":"2026-08-31T07:48:52+00:00","og_image":[{"width":1920,"height":1080,"url":"https:\/\/salesianosmaux.es\/colegio\/wp-content\/uploads\/sites\/5\/2026\/06\/54_01_foto-despedida-eloy.jpeg","type":"image\/jpeg"}],"author":"admin","twitter_card":"summary_large_image","twitter_misc":{"Escrito por":"admin","Tiempo de lectura":"1 minuto"},"schema":{"@context":"https:\/\/schema.org","@graph":[{"@type":"Article","@id":"https:\/\/salesianosmaux.es\/colegio\/2026\/06\/30\/gracias-por-toda-una-vida-de-servicio-homenaje-escolar-a-jose-l-salinero-y-eloy-con-motivo-de-su-jubilacion\/#article","isPartOf":{"@id":"https:\/\/salesianosmaux.es\/colegio\/2026\/06\/30\/gracias-por-toda-una-vida-de-servicio-homenaje-escolar-a-jose-l-salinero-y-eloy-con-motivo-de-su-jubilacion\/"},"author":{"name":"admin","@id":"https:\/\/salesianosmaux.es\/colegio\/#\/schema\/person\/9bd111fcfb5210d0fa466bfc8154b2f8"},"headline":"Gracias por toda una vida de servicio. Homenaje escolar a Jos\u00e9 L. Salinero y Eloy con motivo de su jubilaci\u00f3n","datePublished":"2026-06-30T12:24:39+00:00","dateModified":"2026-08-31T07:48:52+00:00","mainEntityOfPage":{"@id":"https:\/\/salesianosmaux.es\/colegio\/2026\/06\/30\/gracias-por-toda-una-vida-de-servicio-homenaje-escolar-a-jose-l-salinero-y-eloy-con-motivo-de-su-jubilacion\/"},"wordCount":709,"image":{"@id":"https:\/\/salesianosmaux.es\/colegio\/2026\/06\/30\/gracias-por-toda-una-vida-de-servicio-homenaje-escolar-a-jose-l-salinero-y-eloy-con-motivo-de-su-jubilacion\/#primaryimage"},"thumbnailUrl":"https:\/\/salesianosmaux.es\/colegio\/wp-content\/uploads\/sites\/5\/2026\/06\/54_01_foto-despedida-eloy.jpeg","articleSection":["Comunidad Educativa"],"inLanguage":"es"},{"@type":"WebPage","@id":"https:\/\/salesianosmaux.es\/colegio\/2026\/06\/30\/gracias-por-toda-una-vida-de-servicio-homenaje-escolar-a-jose-l-salinero-y-eloy-con-motivo-de-su-jubilacion\/","url":"https:\/\/salesianosmaux.es\/colegio\/2026\/06\/30\/gracias-por-toda-una-vida-de-servicio-homenaje-escolar-a-jose-l-salinero-y-eloy-con-motivo-de-su-jubilacion\/","name":"Gracias por toda una vida de servicio. Homenaje escolar a Jos\u00e9 L. Salinero y Eloy con motivo de su jubilaci\u00f3n - Colegio Mar\u00eda Auxiliadora","isPartOf":{"@id":"https:\/\/salesianosmaux.es\/colegio\/#website"},"primaryImageOfPage":{"@id":"https:\/\/salesianosmaux.es\/colegio\/2026\/06\/30\/gracias-por-toda-una-vida-de-servicio-homenaje-escolar-a-jose-l-salinero-y-eloy-con-motivo-de-su-jubilacion\/#primaryimage"},"image":{"@id":"https:\/\/salesianosmaux.es\/colegio\/2026\/06\/30\/gracias-por-toda-una-vida-de-servicio-homenaje-escolar-a-jose-l-salinero-y-eloy-con-motivo-de-su-jubilacion\/#primaryimage"},"thumbnailUrl":"https:\/\/salesianosmaux.es\/colegio\/wp-content\/uploads\/sites\/5\/2026\/06\/54_01_foto-despedida-eloy.jpeg","datePublished":"2026-06-30T12:24:39+00:00","dateModified":"2026-08-31T07:48:52+00:00","author":{"@id":"https:\/\/salesianosmaux.es\/colegio\/#\/schema\/person\/9bd111fcfb5210d0fa466bfc8154b2f8"},"breadcrumb":{"@id":"https:\/\/salesianosmaux.es\/colegio\/2026\/06\/30\/gracias-por-toda-una-vida-de-servicio-homenaje-escolar-a-jose-l-salinero-y-eloy-con-motivo-de-su-jubilacion\/#breadcrumb"},"inLanguage":"es","potentialAction":[{"@type":"ReadAction","target":["https:\/\/salesianosmaux.es\/colegio\/2026\/06\/30\/gracias-por-toda-una-vida-de-servicio-homenaje-escolar-a-jose-l-salinero-y-eloy-con-motivo-de-su-jubilacion\/"]}]},{"@type":"ImageObject","inLanguage":"es","@id":"https:\/\/salesianosmaux.es\/colegio\/2026\/06\/30\/gracias-por-toda-una-vida-de-servicio-homenaje-escolar-a-jose-l-salinero-y-eloy-con-motivo-de-su-jubilacion\/#primaryimage","url":"https:\/\/salesianosmaux.es\/colegio\/wp-content\/uploads\/sites\/5\/2026\/06\/54_01_foto-despedida-eloy.jpeg","contentUrl":"https:\/\/salesianosmaux.es\/colegio\/wp-content\/uploads\/sites\/5\/2026\/06\/54_01_foto-despedida-eloy.jpeg","width":1920,"height":1080},{"@type":"BreadcrumbList","@id":"https:\/\/salesianosmaux.es\/colegio\/2026\/06\/30\/gracias-por-toda-una-vida-de-servicio-homenaje-escolar-a-jose-l-salinero-y-eloy-con-motivo-de-su-jubilacion\/#breadcrumb","itemListElement":[{"@type":"ListItem","position":1,"name":"Portada","item":"https:\/\/salesianosmaux.es\/colegio\/"},{"@type":"ListItem","position":2,"name":"Gracias por toda una vida de servicio. Homenaje escolar a Jos\u00e9 L. Salinero y Eloy con motivo de su jubilaci\u00f3n"}]},{"@type":"WebSite","@id":"https:\/\/salesianosmaux.es\/colegio\/#website","url":"https:\/\/salesianosmaux.es\/colegio\/","name":"Colegio Mar\u00eda Auxiliadora","description":"Colegio Mar\u00eda Auxiliadora","potentialAction":[{"@type":"SearchAction","target":{"@type":"EntryPoint","urlTemplate":"https:\/\/salesianosmaux.es\/colegio\/?s={search_term_string}"},"query-input":{"@type":"PropertyValueSpecification","valueRequired":true,"valueName":"search_term_string"}}],"inLanguage":"es"},{"@type":"Person","@id":"https:\/\/salesianosmaux.es\/colegio\/#\/schema\/person\/9bd111fcfb5210d0fa466bfc8154b2f8","name":"admin","image":{"@type":"ImageObject","inLanguage":"es","@id":"https:\/\/secure.gravatar.com\/avatar\/09550e5c75cc821753a661f1c7f497ea1bbe9e394289f33e436a29a7df762242?s=96&d=mm&r=g","url":"https:\/\/secure.gravatar.com\/avatar\/09550e5c75cc821753a661f1c7f497ea1bbe9e394289f33e436a29a7df762242?s=96&d=mm&r=g","contentUrl":"https:\/\/secure.gravatar.com\/avatar\/09550e5c75cc821753a661f1c7f497ea1bbe9e394289f33e436a29a7df762242?s=96&d=mm&r=g","caption":"admin"},"sameAs":["https:\/\/salesianosmaux.es"],"url":"https:\/\/salesianosmaux.es\/colegio\/author\/salamanca_95jmwv72\/"}]}},"_links":{"self":[{"href":"https:\/\/salesianosmaux.es\/colegio\/wp-json\/wp\/v2\/posts\/12372","targetHints":{"allow":["GET"]}}],"collection":[{"href":"https:\/\/salesianosmaux.es\/colegio\/wp-json\/wp\/v2\/posts"}],"about":[{"href":"https:\/\/salesianosmaux.es\/colegio\/wp-json\/wp\/v2\/types\/post"}],"author":[{"embeddable":true,"href":"https:\/\/salesianosmaux.es\/colegio\/wp-json\/wp\/v2\/users\/1"}],"replies":[{"embeddable":true,"href":"https:\/\/salesianosmaux.es\/colegio\/wp-json\/wp\/v2\/comments?post=12372"}],"version-history":[{"count":2,"href":"https:\/\/salesianosmaux.es\/colegio\/wp-json\/wp\/v2\/posts\/12372\/revisions"}],"predecessor-version":[{"id":12377,"href":"https:\/\/salesianosmaux.es\/colegio\/wp-json\/wp\/v2\/posts\/12372\/revisions\/12377"}],"wp:featuredmedia":[{"embeddable":true,"href":"https:\/\/salesianosmaux.es\/colegio\/wp-json\/wp\/v2\/media\/12373"}],"wp:attachment":[{"href":"https:\/\/salesianosmaux.es\/colegio\/wp-json\/wp\/v2\/media?parent=12372"}],"wp:term":[{"taxonomy":"category","embeddable":true,"href":"https:\/\/salesianosmaux.es\/colegio\/wp-json\/wp\/v2\/categories?post=12372"},{"taxonomy":"post_tag","embeddable":true,"href":"https:\/\/salesianosmaux.es\/colegio\/wp-json\/wp\/v2\/tags?post=12372"}],"curies":[{"name":"wp","href":"https:\/\/api.w.org\/{rel}","templated":true}]}}