{"id":12691,"date":"2026-08-26T08:43:48","date_gmt":"2026-08-26T08:43:48","guid":{"rendered":"https:\/\/salesianosmaux.es\/colegio\/?p=12691"},"modified":"2026-08-31T07:33:04","modified_gmt":"2026-08-31T07:33:04","slug":"inicio-de-curso-infantil-y-primaria-reuniones-fechas-horarios-y-accesos","status":"publish","type":"post","link":"https:\/\/salesianosmaux.es\/colegio\/2026\/08\/26\/inicio-de-curso-infantil-y-primaria-reuniones-fechas-horarios-y-accesos\/","title":{"rendered":"Inicio de curso Infantil y Primaria: reuniones, fechas, horarios y accesos."},"content":{"rendered":"<p>[et_pb_section fb_built=\u00bb1&#8243; _builder_version=\u00bb4.27.6&#8243; _module_preset=\u00bbdefault\u00bb global_colors_info=\u00bb{}\u00bb theme_builder_area=\u00bbpost_content\u00bb][et_pb_row _builder_version=\u00bb4.27.6&#8243; _module_preset=\u00bbdefault\u00bb global_colors_info=\u00bb{}\u00bb theme_builder_area=\u00bbpost_content\u00bb][et_pb_column type=\u00bb4_4&#8243; _builder_version=\u00bb4.27.6&#8243; _module_preset=\u00bbdefault\u00bb global_colors_info=\u00bb{}\u00bb theme_builder_area=\u00bbpost_content\u00bb][et_pb_text _builder_version=\u00bb4.27.6&#8243; _module_preset=\u00bbdefault\u00bb global_colors_info=\u00bb{}\u00bb theme_builder_area=\u00bbpost_content\u00bb]<\/p>\n<h2>Infantil y Primaria comienzan el curso 2026\/2027: fechas, horarios y accesos<\/h2>\n<p>El Colegio Mar\u00eda Auxiliadora ya prepara el comienzo del curso 2026\/2027. Recogemos toda la informaci\u00f3n que deben tener en cuenta las familias de Educaci\u00f3n Infantil y Educaci\u00f3n Primaria: reuniones iniciales, horarios, accesos, servicios y uniformidad.<\/p>\n<h3>Reuniones iniciales de Infantil: 2 de septiembre<\/h3>\n<p>Antes del comienzo de las clases se celebrar\u00e1n dos reuniones informativas en el teatro del colegio:<\/p>\n<p><strong>Primer ciclo de Infantil, de 0 a 2 a\u00f1os:<\/strong> a las 10:00.<br \/><strong>Alumnado de 3 a\u00f1os:<\/strong> \u00a0a las 11:00.<\/p>\n<p>En ambos casos, el acceso se realizar\u00e1 por la puerta del teatro situada en la <strong>calle Padre C\u00e1mara.<\/strong><\/p>\n<p>El periodo de adaptaci\u00f3n del alumnado de Infantil es recomendable, aunque no obligatorio. Su organizaci\u00f3n se concretar\u00e1 durante estas reuniones.<\/p>\n<h3>Primer d\u00eda de curso: mi\u00e9rcoles 9 de septiembre<\/h3>\n<h4>Educaci\u00f3n Infantil<\/h4>\n<p>La entrada ser\u00e1 diferente seg\u00fan la edad:<\/p>\n<ul>\n<li><strong>Primer ciclo, de 0 a 2 a\u00f1os:<\/strong> entrada a las 9:00 por la <strong>Avenida de Portugal.<\/strong><\/li>\n<li><strong>3 a\u00f1os:<\/strong> entrada a las 10:00 por la calle <strong>Padre Astete.<\/strong> Las familias acompa\u00f1ar\u00e1n al alumnado hasta las aulas.<\/li>\n<li><strong>4 y 5 a\u00f1os:<\/strong> entrada a las 9:30 por el port\u00f3n de la calle <strong>Padre Astete.<\/strong> El alumnado realizar\u00e1 las filas en la zona correspondiente del patio, donde estar\u00e1n esperando sus tutoras.<\/li>\n<\/ul>\n<h3>Educaci\u00f3n Primaria<\/h3>\n<p>El alumnado de Primaria comenzar\u00e1 el curso a las <strong>8:45<\/strong>.<\/p>\n<p>La entrada se realizar\u00e1 por el port\u00f3n de la calle <strong>Padre Astete<\/strong>. Cada curso se colocar\u00e1 en su zona de filas, donde estar\u00e1 esperando el profesorado.<\/p>\n<h3>Horarios durante septiembre<\/h3>\n<ul>\n<li><strong>Primer ciclo de Infantil, de 0 a 2 a\u00f1os:<\/strong> de 9:00 a 14:00, con entrada flexible entre las 9:00 y las 9:30 y salida entre las 13:30 y las 14:00.<\/li>\n<li><strong>Segundo ciclo de Infantil, de 3 a 5 a\u00f1os:<\/strong> de 8:45 a 12:50.<\/li>\n<li><strong>Educaci\u00f3n Primaria:<\/strong> de 8:45 a 13:00.<\/li>\n<\/ul>\n<h3>Horarios a partir de octubre<\/h3>\n<ul>\n<li><strong>Primer ciclo de Infantil, de 0 a 2 a\u00f1os:<\/strong> mantiene el horario de 9:00 a 14:00 y la flexibilidad de entrada y salida.<\/li>\n<li><strong>Segundo ciclo de Infantil, de 3 a 5 a\u00f1os:<\/strong> de 8:45 a 13:50.<\/li>\n<li><strong>Educaci\u00f3n Primaria:<\/strong> de 8:45 a 14:00.<\/li>\n<\/ul>\n<h3>Servicios disponibles<\/h3>\n<p>Desde el primer d\u00eda habr\u00e1 servicio de <strong>madrugadores<\/strong> a partir de las 7:30.<\/p>\n<p>Para el alumnado del primer ciclo de Infantil tambi\u00e9n estar\u00e1n disponibles el <strong>comedor y la siesta<\/strong> hasta las 16:00.<\/p>\n<p>El segundo ciclo de Infantil y Educaci\u00f3n Primaria contar\u00e1n con servicio de <strong>comedor<\/strong> y, durante los meses de septiembre y junio, con servicio de <strong>tardones<\/strong> de 13:00 a 14:00.<\/p>\n<p>Las familias que necesiten el servicio de tardones y no lo hayan indicado en la matr\u00edcula deber\u00e1n escribir desde un correo personal a <a href=\"mailto:recibos@mauxsalamanca.es\">recibos@mauxsalamanca.es<\/a>, indicando el nombre y los apellidos del alumno o alumna y el curso que comenzar\u00e1.<\/p>\n<h3>Uniformidad durante septiembre<\/h3>\n<p>El alumnado del segundo ciclo de Infantil y de Educaci\u00f3n Primaria seguir\u00e1 esta organizaci\u00f3n:<\/p>\n<ul>\n<li><strong>Lunes, mi\u00e9rcoles y viernes:<\/strong> uniforme.<\/li>\n<li><strong>Martes y jueves:<\/strong> ch\u00e1ndal.<\/li>\n<\/ul>\n<p>Se podr\u00e1 utilizar pantal\u00f3n corto vaquero o de ch\u00e1ndal, seg\u00fan corresponda. Cualquier indicaci\u00f3n adicional ser\u00e1 comunicada por el tutor o tutora.<\/p>\n<p>La informaci\u00f3n espec\u00edfica sobre el babi del alumnado de 3 a\u00f1os se facilitar\u00e1 durante la reuni\u00f3n del 2 de septiembre.<\/p>\n<p>Comenzamos un nuevo curso bajo el lema pastoral <strong><em>\u00abEsta es tu CASA\u00bb<\/em><\/strong>. Gracias a todas las familias por vuestra confianza y feliz comienzo de curso.<\/p>\n<p>[\/et_pb_text][\/et_pb_column][\/et_pb_row][\/et_pb_section]<\/p>\n","protected":false},"excerpt":{"rendered":"<p>Infantil y Primaria comienzan el curso 2026\/2027: fechas, horarios y accesos El Colegio Mar\u00eda Auxiliadora ya prepara el comienzo del curso 2026\/2027. Recogemos toda la informaci\u00f3n que deben tener en cuenta las familias de Educaci\u00f3n Infantil y Educaci\u00f3n Primaria: reuniones iniciales, horarios, accesos, servicios y uniformidad. Reuniones iniciales de Infantil: 2 de septiembre Antes del [&hellip;]<\/p>\n","protected":false},"author":1,"featured_media":12692,"comment_status":"closed","ping_status":"closed","sticky":false,"template":"","format":"standard","meta":{"_et_pb_use_builder":"on","_et_pb_old_content":"","_et_gb_content_width":"","_joinchat":[],"footnotes":""},"categories":[39,77,45],"tags":[],"class_list":["post-12691","post","type-post","status-publish","format-standard","has-post-thumbnail","hentry","category-infantil","category-informacion-familias","category-primaria"],"yoast_head":"<!-- This site is optimized with the Yoast SEO plugin v28.4 - https:\/\/yoast.com\/product\/yoast-seo-wordpress\/ -->\n<title>Inicio de curso Infantil y Primaria: reuniones, fechas, horarios y accesos. - Colegio Mar\u00eda Auxiliadora<\/title>\n<meta name=\"robots\" content=\"index, follow, max-snippet:-1, max-image-preview:large, max-video-preview:-1\" \/>\n<link rel=\"canonical\" href=\"https:\/\/salesianosmaux.es\/colegio\/2026\/08\/26\/inicio-de-curso-infantil-y-primaria-reuniones-fechas-horarios-y-accesos\/\" \/>\n<meta property=\"og:locale\" content=\"es_ES\" \/>\n<meta property=\"og:type\" content=\"article\" \/>\n<meta property=\"og:title\" content=\"Inicio de curso Infantil y Primaria: reuniones, fechas, horarios y accesos. - Colegio Mar\u00eda Auxiliadora\" \/>\n<meta property=\"og:description\" content=\"Te puede interesar...\" \/>\n<meta property=\"og:url\" content=\"https:\/\/salesianosmaux.es\/colegio\/2026\/08\/26\/inicio-de-curso-infantil-y-primaria-reuniones-fechas-horarios-y-accesos\/\" \/>\n<meta property=\"og:site_name\" content=\"Colegio Mar\u00eda Auxiliadora\" \/>\n<meta property=\"article:published_time\" content=\"2026-08-26T08:43:48+00:00\" \/>\n<meta property=\"article:modified_time\" content=\"2026-08-31T07:33:04+00:00\" \/>\n<meta property=\"og:image\" content=\"https:\/\/salesianosmaux.es\/colegio\/wp-content\/uploads\/sites\/5\/2026\/08\/Salesianos_inicioCursoEIEP26-27.png\" \/>\n\t<meta property=\"og:image:width\" content=\"1920\" \/>\n\t<meta property=\"og:image:height\" content=\"1080\" \/>\n\t<meta property=\"og:image:type\" content=\"image\/png\" \/>\n<meta name=\"author\" content=\"admin\" \/>\n<meta name=\"twitter:card\" content=\"summary_large_image\" \/>\n<meta name=\"twitter:label1\" content=\"Escrito por\" \/>\n\t<meta name=\"twitter:data1\" content=\"admin\" \/>\n\t<meta name=\"twitter:label2\" content=\"Tiempo de lectura\" \/>\n\t<meta name=\"twitter:data2\" content=\"3 minutos\" \/>\n<script type=\"application\/ld+json\" class=\"yoast-schema-graph\">{\"@context\":\"https:\\\/\\\/schema.org\",\"@graph\":[{\"@type\":\"Article\",\"@id\":\"https:\\\/\\\/salesianosmaux.es\\\/colegio\\\/2026\\\/08\\\/26\\\/inicio-de-curso-infantil-y-primaria-reuniones-fechas-horarios-y-accesos\\\/#article\",\"isPartOf\":{\"@id\":\"https:\\\/\\\/salesianosmaux.es\\\/colegio\\\/2026\\\/08\\\/26\\\/inicio-de-curso-infantil-y-primaria-reuniones-fechas-horarios-y-accesos\\\/\"},\"author\":{\"name\":\"admin\",\"@id\":\"https:\\\/\\\/salesianosmaux.es\\\/colegio\\\/#\\\/schema\\\/person\\\/9bd111fcfb5210d0fa466bfc8154b2f8\"},\"headline\":\"Inicio de curso Infantil y Primaria: reuniones, fechas, horarios y accesos.\",\"datePublished\":\"2026-08-26T08:43:48+00:00\",\"dateModified\":\"2026-08-31T07:33:04+00:00\",\"mainEntityOfPage\":{\"@id\":\"https:\\\/\\\/salesianosmaux.es\\\/colegio\\\/2026\\\/08\\\/26\\\/inicio-de-curso-infantil-y-primaria-reuniones-fechas-horarios-y-accesos\\\/\"},\"wordCount\":633,\"image\":{\"@id\":\"https:\\\/\\\/salesianosmaux.es\\\/colegio\\\/2026\\\/08\\\/26\\\/inicio-de-curso-infantil-y-primaria-reuniones-fechas-horarios-y-accesos\\\/#primaryimage\"},\"thumbnailUrl\":\"https:\\\/\\\/salesianosmaux.es\\\/colegio\\\/wp-content\\\/uploads\\\/sites\\\/5\\\/2026\\\/08\\\/Salesianos_inicioCursoEIEP26-27.png\",\"articleSection\":[\"Infantil\",\"Informaci\u00f3n a familias\",\"Primaria\"],\"inLanguage\":\"es\"},{\"@type\":\"WebPage\",\"@id\":\"https:\\\/\\\/salesianosmaux.es\\\/colegio\\\/2026\\\/08\\\/26\\\/inicio-de-curso-infantil-y-primaria-reuniones-fechas-horarios-y-accesos\\\/\",\"url\":\"https:\\\/\\\/salesianosmaux.es\\\/colegio\\\/2026\\\/08\\\/26\\\/inicio-de-curso-infantil-y-primaria-reuniones-fechas-horarios-y-accesos\\\/\",\"name\":\"Inicio de curso Infantil y Primaria: reuniones, fechas, horarios y accesos. - Colegio Mar\u00eda Auxiliadora\",\"isPartOf\":{\"@id\":\"https:\\\/\\\/salesianosmaux.es\\\/colegio\\\/#website\"},\"primaryImageOfPage\":{\"@id\":\"https:\\\/\\\/salesianosmaux.es\\\/colegio\\\/2026\\\/08\\\/26\\\/inicio-de-curso-infantil-y-primaria-reuniones-fechas-horarios-y-accesos\\\/#primaryimage\"},\"image\":{\"@id\":\"https:\\\/\\\/salesianosmaux.es\\\/colegio\\\/2026\\\/08\\\/26\\\/inicio-de-curso-infantil-y-primaria-reuniones-fechas-horarios-y-accesos\\\/#primaryimage\"},\"thumbnailUrl\":\"https:\\\/\\\/salesianosmaux.es\\\/colegio\\\/wp-content\\\/uploads\\\/sites\\\/5\\\/2026\\\/08\\\/Salesianos_inicioCursoEIEP26-27.png\",\"datePublished\":\"2026-08-26T08:43:48+00:00\",\"dateModified\":\"2026-08-31T07:33:04+00:00\",\"author\":{\"@id\":\"https:\\\/\\\/salesianosmaux.es\\\/colegio\\\/#\\\/schema\\\/person\\\/9bd111fcfb5210d0fa466bfc8154b2f8\"},\"breadcrumb\":{\"@id\":\"https:\\\/\\\/salesianosmaux.es\\\/colegio\\\/2026\\\/08\\\/26\\\/inicio-de-curso-infantil-y-primaria-reuniones-fechas-horarios-y-accesos\\\/#breadcrumb\"},\"inLanguage\":\"es\",\"potentialAction\":[{\"@type\":\"ReadAction\",\"target\":[\"https:\\\/\\\/salesianosmaux.es\\\/colegio\\\/2026\\\/08\\\/26\\\/inicio-de-curso-infantil-y-primaria-reuniones-fechas-horarios-y-accesos\\\/\"]}]},{\"@type\":\"ImageObject\",\"inLanguage\":\"es\",\"@id\":\"https:\\\/\\\/salesianosmaux.es\\\/colegio\\\/2026\\\/08\\\/26\\\/inicio-de-curso-infantil-y-primaria-reuniones-fechas-horarios-y-accesos\\\/#primaryimage\",\"url\":\"https:\\\/\\\/salesianosmaux.es\\\/colegio\\\/wp-content\\\/uploads\\\/sites\\\/5\\\/2026\\\/08\\\/Salesianos_inicioCursoEIEP26-27.png\",\"contentUrl\":\"https:\\\/\\\/salesianosmaux.es\\\/colegio\\\/wp-content\\\/uploads\\\/sites\\\/5\\\/2026\\\/08\\\/Salesianos_inicioCursoEIEP26-27.png\",\"width\":1920,\"height\":1080},{\"@type\":\"BreadcrumbList\",\"@id\":\"https:\\\/\\\/salesianosmaux.es\\\/colegio\\\/2026\\\/08\\\/26\\\/inicio-de-curso-infantil-y-primaria-reuniones-fechas-horarios-y-accesos\\\/#breadcrumb\",\"itemListElement\":[{\"@type\":\"ListItem\",\"position\":1,\"name\":\"Portada\",\"item\":\"https:\\\/\\\/salesianosmaux.es\\\/colegio\\\/\"},{\"@type\":\"ListItem\",\"position\":2,\"name\":\"Inicio de curso Infantil y Primaria: reuniones, fechas, horarios y accesos.\"}]},{\"@type\":\"WebSite\",\"@id\":\"https:\\\/\\\/salesianosmaux.es\\\/colegio\\\/#website\",\"url\":\"https:\\\/\\\/salesianosmaux.es\\\/colegio\\\/\",\"name\":\"Colegio Mar\u00eda Auxiliadora\",\"description\":\"Colegio Mar\u00eda Auxiliadora\",\"potentialAction\":[{\"@type\":\"SearchAction\",\"target\":{\"@type\":\"EntryPoint\",\"urlTemplate\":\"https:\\\/\\\/salesianosmaux.es\\\/colegio\\\/?s={search_term_string}\"},\"query-input\":{\"@type\":\"PropertyValueSpecification\",\"valueRequired\":true,\"valueName\":\"search_term_string\"}}],\"inLanguage\":\"es\"},{\"@type\":\"Person\",\"@id\":\"https:\\\/\\\/salesianosmaux.es\\\/colegio\\\/#\\\/schema\\\/person\\\/9bd111fcfb5210d0fa466bfc8154b2f8\",\"name\":\"admin\",\"image\":{\"@type\":\"ImageObject\",\"inLanguage\":\"es\",\"@id\":\"https:\\\/\\\/secure.gravatar.com\\\/avatar\\\/09550e5c75cc821753a661f1c7f497ea1bbe9e394289f33e436a29a7df762242?s=96&d=mm&r=g\",\"url\":\"https:\\\/\\\/secure.gravatar.com\\\/avatar\\\/09550e5c75cc821753a661f1c7f497ea1bbe9e394289f33e436a29a7df762242?s=96&d=mm&r=g\",\"contentUrl\":\"https:\\\/\\\/secure.gravatar.com\\\/avatar\\\/09550e5c75cc821753a661f1c7f497ea1bbe9e394289f33e436a29a7df762242?s=96&d=mm&r=g\",\"caption\":\"admin\"},\"sameAs\":[\"https:\\\/\\\/salesianosmaux.es\"],\"url\":\"https:\\\/\\\/salesianosmaux.es\\\/colegio\\\/author\\\/salamanca_95jmwv72\\\/\"}]}<\/script>\n<!-- \/ Yoast SEO plugin. -->","yoast_head_json":{"title":"Inicio de curso Infantil y Primaria: reuniones, fechas, horarios y accesos. - Colegio Mar\u00eda Auxiliadora","robots":{"index":"index","follow":"follow","max-snippet":"max-snippet:-1","max-image-preview":"max-image-preview:large","max-video-preview":"max-video-preview:-1"},"canonical":"https:\/\/salesianosmaux.es\/colegio\/2026\/08\/26\/inicio-de-curso-infantil-y-primaria-reuniones-fechas-horarios-y-accesos\/","og_locale":"es_ES","og_type":"article","og_title":"Inicio de curso Infantil y Primaria: reuniones, fechas, horarios y accesos. - Colegio Mar\u00eda Auxiliadora","og_description":"Te puede interesar...","og_url":"https:\/\/salesianosmaux.es\/colegio\/2026\/08\/26\/inicio-de-curso-infantil-y-primaria-reuniones-fechas-horarios-y-accesos\/","og_site_name":"Colegio Mar\u00eda Auxiliadora","article_published_time":"2026-08-26T08:43:48+00:00","article_modified_time":"2026-08-31T07:33:04+00:00","og_image":[{"width":1920,"height":1080,"url":"https:\/\/salesianosmaux.es\/colegio\/wp-content\/uploads\/sites\/5\/2026\/08\/Salesianos_inicioCursoEIEP26-27.png","type":"image\/png"}],"author":"admin","twitter_card":"summary_large_image","twitter_misc":{"Escrito por":"admin","Tiempo de lectura":"3 minutos"},"schema":{"@context":"https:\/\/schema.org","@graph":[{"@type":"Article","@id":"https:\/\/salesianosmaux.es\/colegio\/2026\/08\/26\/inicio-de-curso-infantil-y-primaria-reuniones-fechas-horarios-y-accesos\/#article","isPartOf":{"@id":"https:\/\/salesianosmaux.es\/colegio\/2026\/08\/26\/inicio-de-curso-infantil-y-primaria-reuniones-fechas-horarios-y-accesos\/"},"author":{"name":"admin","@id":"https:\/\/salesianosmaux.es\/colegio\/#\/schema\/person\/9bd111fcfb5210d0fa466bfc8154b2f8"},"headline":"Inicio de curso Infantil y Primaria: reuniones, fechas, horarios y accesos.","datePublished":"2026-08-26T08:43:48+00:00","dateModified":"2026-08-31T07:33:04+00:00","mainEntityOfPage":{"@id":"https:\/\/salesianosmaux.es\/colegio\/2026\/08\/26\/inicio-de-curso-infantil-y-primaria-reuniones-fechas-horarios-y-accesos\/"},"wordCount":633,"image":{"@id":"https:\/\/salesianosmaux.es\/colegio\/2026\/08\/26\/inicio-de-curso-infantil-y-primaria-reuniones-fechas-horarios-y-accesos\/#primaryimage"},"thumbnailUrl":"https:\/\/salesianosmaux.es\/colegio\/wp-content\/uploads\/sites\/5\/2026\/08\/Salesianos_inicioCursoEIEP26-27.png","articleSection":["Infantil","Informaci\u00f3n a familias","Primaria"],"inLanguage":"es"},{"@type":"WebPage","@id":"https:\/\/salesianosmaux.es\/colegio\/2026\/08\/26\/inicio-de-curso-infantil-y-primaria-reuniones-fechas-horarios-y-accesos\/","url":"https:\/\/salesianosmaux.es\/colegio\/2026\/08\/26\/inicio-de-curso-infantil-y-primaria-reuniones-fechas-horarios-y-accesos\/","name":"Inicio de curso Infantil y Primaria: reuniones, fechas, horarios y accesos. - Colegio Mar\u00eda Auxiliadora","isPartOf":{"@id":"https:\/\/salesianosmaux.es\/colegio\/#website"},"primaryImageOfPage":{"@id":"https:\/\/salesianosmaux.es\/colegio\/2026\/08\/26\/inicio-de-curso-infantil-y-primaria-reuniones-fechas-horarios-y-accesos\/#primaryimage"},"image":{"@id":"https:\/\/salesianosmaux.es\/colegio\/2026\/08\/26\/inicio-de-curso-infantil-y-primaria-reuniones-fechas-horarios-y-accesos\/#primaryimage"},"thumbnailUrl":"https:\/\/salesianosmaux.es\/colegio\/wp-content\/uploads\/sites\/5\/2026\/08\/Salesianos_inicioCursoEIEP26-27.png","datePublished":"2026-08-26T08:43:48+00:00","dateModified":"2026-08-31T07:33:04+00:00","author":{"@id":"https:\/\/salesianosmaux.es\/colegio\/#\/schema\/person\/9bd111fcfb5210d0fa466bfc8154b2f8"},"breadcrumb":{"@id":"https:\/\/salesianosmaux.es\/colegio\/2026\/08\/26\/inicio-de-curso-infantil-y-primaria-reuniones-fechas-horarios-y-accesos\/#breadcrumb"},"inLanguage":"es","potentialAction":[{"@type":"ReadAction","target":["https:\/\/salesianosmaux.es\/colegio\/2026\/08\/26\/inicio-de-curso-infantil-y-primaria-reuniones-fechas-horarios-y-accesos\/"]}]},{"@type":"ImageObject","inLanguage":"es","@id":"https:\/\/salesianosmaux.es\/colegio\/2026\/08\/26\/inicio-de-curso-infantil-y-primaria-reuniones-fechas-horarios-y-accesos\/#primaryimage","url":"https:\/\/salesianosmaux.es\/colegio\/wp-content\/uploads\/sites\/5\/2026\/08\/Salesianos_inicioCursoEIEP26-27.png","contentUrl":"https:\/\/salesianosmaux.es\/colegio\/wp-content\/uploads\/sites\/5\/2026\/08\/Salesianos_inicioCursoEIEP26-27.png","width":1920,"height":1080},{"@type":"BreadcrumbList","@id":"https:\/\/salesianosmaux.es\/colegio\/2026\/08\/26\/inicio-de-curso-infantil-y-primaria-reuniones-fechas-horarios-y-accesos\/#breadcrumb","itemListElement":[{"@type":"ListItem","position":1,"name":"Portada","item":"https:\/\/salesianosmaux.es\/colegio\/"},{"@type":"ListItem","position":2,"name":"Inicio de curso Infantil y Primaria: reuniones, fechas, horarios y accesos."}]},{"@type":"WebSite","@id":"https:\/\/salesianosmaux.es\/colegio\/#website","url":"https:\/\/salesianosmaux.es\/colegio\/","name":"Colegio Mar\u00eda Auxiliadora","description":"Colegio Mar\u00eda Auxiliadora","potentialAction":[{"@type":"SearchAction","target":{"@type":"EntryPoint","urlTemplate":"https:\/\/salesianosmaux.es\/colegio\/?s={search_term_string}"},"query-input":{"@type":"PropertyValueSpecification","valueRequired":true,"valueName":"search_term_string"}}],"inLanguage":"es"},{"@type":"Person","@id":"https:\/\/salesianosmaux.es\/colegio\/#\/schema\/person\/9bd111fcfb5210d0fa466bfc8154b2f8","name":"admin","image":{"@type":"ImageObject","inLanguage":"es","@id":"https:\/\/secure.gravatar.com\/avatar\/09550e5c75cc821753a661f1c7f497ea1bbe9e394289f33e436a29a7df762242?s=96&d=mm&r=g","url":"https:\/\/secure.gravatar.com\/avatar\/09550e5c75cc821753a661f1c7f497ea1bbe9e394289f33e436a29a7df762242?s=96&d=mm&r=g","contentUrl":"https:\/\/secure.gravatar.com\/avatar\/09550e5c75cc821753a661f1c7f497ea1bbe9e394289f33e436a29a7df762242?s=96&d=mm&r=g","caption":"admin"},"sameAs":["https:\/\/salesianosmaux.es"],"url":"https:\/\/salesianosmaux.es\/colegio\/author\/salamanca_95jmwv72\/"}]}},"_links":{"self":[{"href":"https:\/\/salesianosmaux.es\/colegio\/wp-json\/wp\/v2\/posts\/12691","targetHints":{"allow":["GET"]}}],"collection":[{"href":"https:\/\/salesianosmaux.es\/colegio\/wp-json\/wp\/v2\/posts"}],"about":[{"href":"https:\/\/salesianosmaux.es\/colegio\/wp-json\/wp\/v2\/types\/post"}],"author":[{"embeddable":true,"href":"https:\/\/salesianosmaux.es\/colegio\/wp-json\/wp\/v2\/users\/1"}],"replies":[{"embeddable":true,"href":"https:\/\/salesianosmaux.es\/colegio\/wp-json\/wp\/v2\/comments?post=12691"}],"version-history":[{"count":5,"href":"https:\/\/salesianosmaux.es\/colegio\/wp-json\/wp\/v2\/posts\/12691\/revisions"}],"predecessor-version":[{"id":12701,"href":"https:\/\/salesianosmaux.es\/colegio\/wp-json\/wp\/v2\/posts\/12691\/revisions\/12701"}],"wp:featuredmedia":[{"embeddable":true,"href":"https:\/\/salesianosmaux.es\/colegio\/wp-json\/wp\/v2\/media\/12692"}],"wp:attachment":[{"href":"https:\/\/salesianosmaux.es\/colegio\/wp-json\/wp\/v2\/media?parent=12691"}],"wp:term":[{"taxonomy":"category","embeddable":true,"href":"https:\/\/salesianosmaux.es\/colegio\/wp-json\/wp\/v2\/categories?post=12691"},{"taxonomy":"post_tag","embeddable":true,"href":"https:\/\/salesianosmaux.es\/colegio\/wp-json\/wp\/v2\/tags?post=12691"}],"curies":[{"name":"wp","href":"https:\/\/api.w.org\/{rel}","templated":true}]}}