{"id":1290,"date":"2022-05-09T13:39:31","date_gmt":"2022-05-09T13:39:31","guid":{"rendered":"https:\/\/salesianosmaux.es\/colegio\/?p=1290"},"modified":"2026-08-31T07:41:13","modified_gmt":"2026-08-31T07:41:13","slug":"reunion-alumnos-nuevos-0-1-ano","status":"publish","type":"post","link":"https:\/\/salesianosmaux.es\/colegio\/2022\/05\/09\/reunion-alumnos-nuevos-0-1-ano\/","title":{"rendered":"Reuni\u00f3n alumnos nuevos 0-1 a\u00f1o"},"content":{"rendered":"<p>[et_pb_section fb_built=\u00bb1&#8243; theme_builder_area=\u00bbpost_content\u00bb _builder_version=\u00bb4.17.3&#8243; _module_preset=\u00bbdefault\u00bb][et_pb_row _builder_version=\u00bb4.17.3&#8243; _module_preset=\u00bbdefault\u00bb theme_builder_area=\u00bbpost_content\u00bb][et_pb_column _builder_version=\u00bb4.17.3&#8243; _module_preset=\u00bbdefault\u00bb type=\u00bb4_4&#8243; theme_builder_area=\u00bbpost_content\u00bb][et_pb_text _builder_version=\u00bb4.17.3&#8243; text_font=\u00bb||||||||\u00bb header_font=\u00bb||||||||\u00bb header_2_font=\u00bbLato|300|||||||\u00bb header_2_font_size=\u00bb30px\u00bb text_orientation=\u00bbjustified\u00bb hover_enabled=\u00bb0&#8243; global_colors_info=\u00bb{}\u00bb theme_builder_area=\u00bbpost_content\u00bb sticky_enabled=\u00bb0&#8243;]<\/p>\n<div class=\"page\" title=\"Page 1\">\n<div class=\"layoutArea\">\n<div class=\"column\">\n<p style=\"text-align: justify;\"><span>Estimadas familias,<\/span><\/p>\n<p style=\"text-align: justify;\"><span>Mediante la presente, convocamos a las familias de <\/span><span>alumnos de nueva incorporacio\u0301n solicitantes de plaza para el pro\u0301ximo curso<\/span><span>, <strong>nacidos en los an\u0303os 2021 y 2022<\/strong> a una <strong>reunio\u0301n presencial en el colegio el pro\u0301ximo <\/strong><\/span><strong>martes di\u0301a 17 de mayo a las 18.00<\/strong><span><strong>.<\/strong><br \/>Dicha reunio\u0301n tendra\u0301 lugar <\/span><span>en el Teatro <\/span><span>del colegio, con acceso directo desde la calle Padre Ca\u0301mara.<\/span><\/p>\n<p style=\"text-align: justify;\"><span><br \/>Un saludo,<\/span><\/p>\n<p style=\"text-align: justify;\"><span>Equipo Directivo<\/span><\/p>\n<\/div>\n<\/div>\n<\/div>\n<p>[\/et_pb_text][\/et_pb_column][\/et_pb_row][\/et_pb_section]<\/p>\n","protected":false},"excerpt":{"rendered":"<p>Estimadas familias,<br \/>\nMediante la presente, convocamos a las familias de alumnos de nueva incorporaci\u00f3n solicitantes de plaza para el pr\u00f3ximo curso, nacidos en los a\u00f1os 2021 y 2022 a una reuni\u00f3n presencial en el colegio el pr\u00f3ximo martes d\u00eda 17 de mayo a las 18.00.<br \/>\nDicha reuni\u00f3n tendr\u00e1 lugar en el Teatro del colegio, con acceso directo desde la calle Padre C\u00e1mara.<br \/>\nUn saludo,<br \/>\nEquipo Directivo<\/p>\n","protected":false},"author":1,"featured_media":1291,"comment_status":"open","ping_status":"open","sticky":false,"template":"","format":"standard","meta":{"_et_pb_use_builder":"on","_et_pb_old_content":"","_et_gb_content_width":"","_joinchat":[],"footnotes":""},"categories":[39],"tags":[],"class_list":["post-1290","post","type-post","status-publish","format-standard","has-post-thumbnail","hentry","category-infantil"],"yoast_head":"<!-- This site is optimized with the Yoast SEO plugin v28.4 - https:\/\/yoast.com\/product\/yoast-seo-wordpress\/ -->\n<title>Reuni\u00f3n alumnos nuevos 0-1 a\u00f1o - Colegio Mar\u00eda Auxiliadora<\/title>\n<meta name=\"robots\" content=\"index, follow, max-snippet:-1, max-image-preview:large, max-video-preview:-1\" \/>\n<link rel=\"canonical\" href=\"https:\/\/salesianosmaux.es\/colegio\/2022\/05\/09\/reunion-alumnos-nuevos-0-1-ano\/\" \/>\n<meta property=\"og:locale\" content=\"es_ES\" \/>\n<meta property=\"og:type\" content=\"article\" \/>\n<meta property=\"og:title\" content=\"Reuni\u00f3n alumnos nuevos 0-1 a\u00f1o - Colegio Mar\u00eda Auxiliadora\" \/>\n<meta property=\"og:description\" content=\"Estimadas familias, Mediante la presente, convocamos a las familias de alumnos de nueva incorporaci\u00f3n solicitantes de plaza para el pr\u00f3ximo curso, nacidos en los a\u00f1os 2021 y 2022 a una reuni\u00f3n presencial en el colegio el pr\u00f3ximo martes d\u00eda 17 de mayo a las 18.00. Dicha reuni\u00f3n tendr\u00e1 lugar en el Teatro del colegio, con acceso directo desde la calle Padre C\u00e1mara. Un saludo, Equipo Directivo\" \/>\n<meta property=\"og:url\" content=\"https:\/\/salesianosmaux.es\/colegio\/2022\/05\/09\/reunion-alumnos-nuevos-0-1-ano\/\" \/>\n<meta property=\"og:site_name\" content=\"Colegio Mar\u00eda Auxiliadora\" \/>\n<meta property=\"article:published_time\" content=\"2022-05-09T13:39:31+00:00\" \/>\n<meta property=\"article:modified_time\" content=\"2026-08-31T07:41:13+00:00\" \/>\n<meta property=\"og:image\" content=\"https:\/\/salesianosmaux.es\/colegio\/wp-content\/uploads\/sites\/5\/2022\/05\/IMG_4259.jpg\" \/>\n\t<meta property=\"og:image:width\" content=\"317\" \/>\n\t<meta property=\"og:image:height\" content=\"159\" \/>\n\t<meta property=\"og:image:type\" content=\"image\/jpeg\" \/>\n<meta name=\"author\" content=\"admin\" \/>\n<meta name=\"twitter:card\" content=\"summary_large_image\" \/>\n<meta name=\"twitter:label1\" content=\"Escrito por\" \/>\n\t<meta name=\"twitter:data1\" content=\"admin\" \/>\n<script type=\"application\/ld+json\" class=\"yoast-schema-graph\">{\"@context\":\"https:\\\/\\\/schema.org\",\"@graph\":[{\"@type\":\"Article\",\"@id\":\"https:\\\/\\\/salesianosmaux.es\\\/colegio\\\/2022\\\/05\\\/09\\\/reunion-alumnos-nuevos-0-1-ano\\\/#article\",\"isPartOf\":{\"@id\":\"https:\\\/\\\/salesianosmaux.es\\\/colegio\\\/2022\\\/05\\\/09\\\/reunion-alumnos-nuevos-0-1-ano\\\/\"},\"author\":{\"name\":\"admin\",\"@id\":\"https:\\\/\\\/salesianosmaux.es\\\/colegio\\\/#\\\/schema\\\/person\\\/9bd111fcfb5210d0fa466bfc8154b2f8\"},\"headline\":\"Reuni\u00f3n alumnos nuevos 0-1 a\u00f1o\",\"datePublished\":\"2022-05-09T13:39:31+00:00\",\"dateModified\":\"2026-08-31T07:41:13+00:00\",\"mainEntityOfPage\":{\"@id\":\"https:\\\/\\\/salesianosmaux.es\\\/colegio\\\/2022\\\/05\\\/09\\\/reunion-alumnos-nuevos-0-1-ano\\\/\"},\"wordCount\":162,\"commentCount\":0,\"image\":{\"@id\":\"https:\\\/\\\/salesianosmaux.es\\\/colegio\\\/2022\\\/05\\\/09\\\/reunion-alumnos-nuevos-0-1-ano\\\/#primaryimage\"},\"thumbnailUrl\":\"https:\\\/\\\/salesianosmaux.es\\\/colegio\\\/wp-content\\\/uploads\\\/sites\\\/5\\\/2022\\\/05\\\/IMG_4259.jpg\",\"articleSection\":[\"Infantil\"],\"inLanguage\":\"es\",\"potentialAction\":[{\"@type\":\"CommentAction\",\"name\":\"Comment\",\"target\":[\"https:\\\/\\\/salesianosmaux.es\\\/colegio\\\/2022\\\/05\\\/09\\\/reunion-alumnos-nuevos-0-1-ano\\\/#respond\"]}]},{\"@type\":\"WebPage\",\"@id\":\"https:\\\/\\\/salesianosmaux.es\\\/colegio\\\/2022\\\/05\\\/09\\\/reunion-alumnos-nuevos-0-1-ano\\\/\",\"url\":\"https:\\\/\\\/salesianosmaux.es\\\/colegio\\\/2022\\\/05\\\/09\\\/reunion-alumnos-nuevos-0-1-ano\\\/\",\"name\":\"Reuni\u00f3n alumnos nuevos 0-1 a\u00f1o - Colegio Mar\u00eda Auxiliadora\",\"isPartOf\":{\"@id\":\"https:\\\/\\\/salesianosmaux.es\\\/colegio\\\/#website\"},\"primaryImageOfPage\":{\"@id\":\"https:\\\/\\\/salesianosmaux.es\\\/colegio\\\/2022\\\/05\\\/09\\\/reunion-alumnos-nuevos-0-1-ano\\\/#primaryimage\"},\"image\":{\"@id\":\"https:\\\/\\\/salesianosmaux.es\\\/colegio\\\/2022\\\/05\\\/09\\\/reunion-alumnos-nuevos-0-1-ano\\\/#primaryimage\"},\"thumbnailUrl\":\"https:\\\/\\\/salesianosmaux.es\\\/colegio\\\/wp-content\\\/uploads\\\/sites\\\/5\\\/2022\\\/05\\\/IMG_4259.jpg\",\"datePublished\":\"2022-05-09T13:39:31+00:00\",\"dateModified\":\"2026-08-31T07:41:13+00:00\",\"author\":{\"@id\":\"https:\\\/\\\/salesianosmaux.es\\\/colegio\\\/#\\\/schema\\\/person\\\/9bd111fcfb5210d0fa466bfc8154b2f8\"},\"breadcrumb\":{\"@id\":\"https:\\\/\\\/salesianosmaux.es\\\/colegio\\\/2022\\\/05\\\/09\\\/reunion-alumnos-nuevos-0-1-ano\\\/#breadcrumb\"},\"inLanguage\":\"es\",\"potentialAction\":[{\"@type\":\"ReadAction\",\"target\":[\"https:\\\/\\\/salesianosmaux.es\\\/colegio\\\/2022\\\/05\\\/09\\\/reunion-alumnos-nuevos-0-1-ano\\\/\"]}]},{\"@type\":\"ImageObject\",\"inLanguage\":\"es\",\"@id\":\"https:\\\/\\\/salesianosmaux.es\\\/colegio\\\/2022\\\/05\\\/09\\\/reunion-alumnos-nuevos-0-1-ano\\\/#primaryimage\",\"url\":\"https:\\\/\\\/salesianosmaux.es\\\/colegio\\\/wp-content\\\/uploads\\\/sites\\\/5\\\/2022\\\/05\\\/IMG_4259.jpg\",\"contentUrl\":\"https:\\\/\\\/salesianosmaux.es\\\/colegio\\\/wp-content\\\/uploads\\\/sites\\\/5\\\/2022\\\/05\\\/IMG_4259.jpg\",\"width\":317,\"height\":159},{\"@type\":\"BreadcrumbList\",\"@id\":\"https:\\\/\\\/salesianosmaux.es\\\/colegio\\\/2022\\\/05\\\/09\\\/reunion-alumnos-nuevos-0-1-ano\\\/#breadcrumb\",\"itemListElement\":[{\"@type\":\"ListItem\",\"position\":1,\"name\":\"Portada\",\"item\":\"https:\\\/\\\/salesianosmaux.es\\\/colegio\\\/\"},{\"@type\":\"ListItem\",\"position\":2,\"name\":\"Reuni\u00f3n alumnos nuevos 0-1 a\u00f1o\"}]},{\"@type\":\"WebSite\",\"@id\":\"https:\\\/\\\/salesianosmaux.es\\\/colegio\\\/#website\",\"url\":\"https:\\\/\\\/salesianosmaux.es\\\/colegio\\\/\",\"name\":\"Colegio Mar\u00eda Auxiliadora\",\"description\":\"Colegio Mar\u00eda Auxiliadora\",\"potentialAction\":[{\"@type\":\"SearchAction\",\"target\":{\"@type\":\"EntryPoint\",\"urlTemplate\":\"https:\\\/\\\/salesianosmaux.es\\\/colegio\\\/?s={search_term_string}\"},\"query-input\":{\"@type\":\"PropertyValueSpecification\",\"valueRequired\":true,\"valueName\":\"search_term_string\"}}],\"inLanguage\":\"es\"},{\"@type\":\"Person\",\"@id\":\"https:\\\/\\\/salesianosmaux.es\\\/colegio\\\/#\\\/schema\\\/person\\\/9bd111fcfb5210d0fa466bfc8154b2f8\",\"name\":\"admin\",\"image\":{\"@type\":\"ImageObject\",\"inLanguage\":\"es\",\"@id\":\"https:\\\/\\\/secure.gravatar.com\\\/avatar\\\/09550e5c75cc821753a661f1c7f497ea1bbe9e394289f33e436a29a7df762242?s=96&d=mm&r=g\",\"url\":\"https:\\\/\\\/secure.gravatar.com\\\/avatar\\\/09550e5c75cc821753a661f1c7f497ea1bbe9e394289f33e436a29a7df762242?s=96&d=mm&r=g\",\"contentUrl\":\"https:\\\/\\\/secure.gravatar.com\\\/avatar\\\/09550e5c75cc821753a661f1c7f497ea1bbe9e394289f33e436a29a7df762242?s=96&d=mm&r=g\",\"caption\":\"admin\"},\"sameAs\":[\"https:\\\/\\\/salesianosmaux.es\"],\"url\":\"https:\\\/\\\/salesianosmaux.es\\\/colegio\\\/author\\\/salamanca_95jmwv72\\\/\"}]}<\/script>\n<!-- \/ Yoast SEO plugin. -->","yoast_head_json":{"title":"Reuni\u00f3n alumnos nuevos 0-1 a\u00f1o - Colegio Mar\u00eda Auxiliadora","robots":{"index":"index","follow":"follow","max-snippet":"max-snippet:-1","max-image-preview":"max-image-preview:large","max-video-preview":"max-video-preview:-1"},"canonical":"https:\/\/salesianosmaux.es\/colegio\/2022\/05\/09\/reunion-alumnos-nuevos-0-1-ano\/","og_locale":"es_ES","og_type":"article","og_title":"Reuni\u00f3n alumnos nuevos 0-1 a\u00f1o - Colegio Mar\u00eda Auxiliadora","og_description":"Estimadas familias, Mediante la presente, convocamos a las familias de alumnos de nueva incorporaci\u00f3n solicitantes de plaza para el pr\u00f3ximo curso, nacidos en los a\u00f1os 2021 y 2022 a una reuni\u00f3n presencial en el colegio el pr\u00f3ximo martes d\u00eda 17 de mayo a las 18.00. Dicha reuni\u00f3n tendr\u00e1 lugar en el Teatro del colegio, con acceso directo desde la calle Padre C\u00e1mara. Un saludo, Equipo Directivo","og_url":"https:\/\/salesianosmaux.es\/colegio\/2022\/05\/09\/reunion-alumnos-nuevos-0-1-ano\/","og_site_name":"Colegio Mar\u00eda Auxiliadora","article_published_time":"2022-05-09T13:39:31+00:00","article_modified_time":"2026-08-31T07:41:13+00:00","og_image":[{"width":317,"height":159,"url":"https:\/\/salesianosmaux.es\/colegio\/wp-content\/uploads\/sites\/5\/2022\/05\/IMG_4259.jpg","type":"image\/jpeg"}],"author":"admin","twitter_card":"summary_large_image","twitter_misc":{"Escrito por":"admin"},"schema":{"@context":"https:\/\/schema.org","@graph":[{"@type":"Article","@id":"https:\/\/salesianosmaux.es\/colegio\/2022\/05\/09\/reunion-alumnos-nuevos-0-1-ano\/#article","isPartOf":{"@id":"https:\/\/salesianosmaux.es\/colegio\/2022\/05\/09\/reunion-alumnos-nuevos-0-1-ano\/"},"author":{"name":"admin","@id":"https:\/\/salesianosmaux.es\/colegio\/#\/schema\/person\/9bd111fcfb5210d0fa466bfc8154b2f8"},"headline":"Reuni\u00f3n alumnos nuevos 0-1 a\u00f1o","datePublished":"2022-05-09T13:39:31+00:00","dateModified":"2026-08-31T07:41:13+00:00","mainEntityOfPage":{"@id":"https:\/\/salesianosmaux.es\/colegio\/2022\/05\/09\/reunion-alumnos-nuevos-0-1-ano\/"},"wordCount":162,"commentCount":0,"image":{"@id":"https:\/\/salesianosmaux.es\/colegio\/2022\/05\/09\/reunion-alumnos-nuevos-0-1-ano\/#primaryimage"},"thumbnailUrl":"https:\/\/salesianosmaux.es\/colegio\/wp-content\/uploads\/sites\/5\/2022\/05\/IMG_4259.jpg","articleSection":["Infantil"],"inLanguage":"es","potentialAction":[{"@type":"CommentAction","name":"Comment","target":["https:\/\/salesianosmaux.es\/colegio\/2022\/05\/09\/reunion-alumnos-nuevos-0-1-ano\/#respond"]}]},{"@type":"WebPage","@id":"https:\/\/salesianosmaux.es\/colegio\/2022\/05\/09\/reunion-alumnos-nuevos-0-1-ano\/","url":"https:\/\/salesianosmaux.es\/colegio\/2022\/05\/09\/reunion-alumnos-nuevos-0-1-ano\/","name":"Reuni\u00f3n alumnos nuevos 0-1 a\u00f1o - Colegio Mar\u00eda Auxiliadora","isPartOf":{"@id":"https:\/\/salesianosmaux.es\/colegio\/#website"},"primaryImageOfPage":{"@id":"https:\/\/salesianosmaux.es\/colegio\/2022\/05\/09\/reunion-alumnos-nuevos-0-1-ano\/#primaryimage"},"image":{"@id":"https:\/\/salesianosmaux.es\/colegio\/2022\/05\/09\/reunion-alumnos-nuevos-0-1-ano\/#primaryimage"},"thumbnailUrl":"https:\/\/salesianosmaux.es\/colegio\/wp-content\/uploads\/sites\/5\/2022\/05\/IMG_4259.jpg","datePublished":"2022-05-09T13:39:31+00:00","dateModified":"2026-08-31T07:41:13+00:00","author":{"@id":"https:\/\/salesianosmaux.es\/colegio\/#\/schema\/person\/9bd111fcfb5210d0fa466bfc8154b2f8"},"breadcrumb":{"@id":"https:\/\/salesianosmaux.es\/colegio\/2022\/05\/09\/reunion-alumnos-nuevos-0-1-ano\/#breadcrumb"},"inLanguage":"es","potentialAction":[{"@type":"ReadAction","target":["https:\/\/salesianosmaux.es\/colegio\/2022\/05\/09\/reunion-alumnos-nuevos-0-1-ano\/"]}]},{"@type":"ImageObject","inLanguage":"es","@id":"https:\/\/salesianosmaux.es\/colegio\/2022\/05\/09\/reunion-alumnos-nuevos-0-1-ano\/#primaryimage","url":"https:\/\/salesianosmaux.es\/colegio\/wp-content\/uploads\/sites\/5\/2022\/05\/IMG_4259.jpg","contentUrl":"https:\/\/salesianosmaux.es\/colegio\/wp-content\/uploads\/sites\/5\/2022\/05\/IMG_4259.jpg","width":317,"height":159},{"@type":"BreadcrumbList","@id":"https:\/\/salesianosmaux.es\/colegio\/2022\/05\/09\/reunion-alumnos-nuevos-0-1-ano\/#breadcrumb","itemListElement":[{"@type":"ListItem","position":1,"name":"Portada","item":"https:\/\/salesianosmaux.es\/colegio\/"},{"@type":"ListItem","position":2,"name":"Reuni\u00f3n alumnos nuevos 0-1 a\u00f1o"}]},{"@type":"WebSite","@id":"https:\/\/salesianosmaux.es\/colegio\/#website","url":"https:\/\/salesianosmaux.es\/colegio\/","name":"Colegio Mar\u00eda Auxiliadora","description":"Colegio Mar\u00eda Auxiliadora","potentialAction":[{"@type":"SearchAction","target":{"@type":"EntryPoint","urlTemplate":"https:\/\/salesianosmaux.es\/colegio\/?s={search_term_string}"},"query-input":{"@type":"PropertyValueSpecification","valueRequired":true,"valueName":"search_term_string"}}],"inLanguage":"es"},{"@type":"Person","@id":"https:\/\/salesianosmaux.es\/colegio\/#\/schema\/person\/9bd111fcfb5210d0fa466bfc8154b2f8","name":"admin","image":{"@type":"ImageObject","inLanguage":"es","@id":"https:\/\/secure.gravatar.com\/avatar\/09550e5c75cc821753a661f1c7f497ea1bbe9e394289f33e436a29a7df762242?s=96&d=mm&r=g","url":"https:\/\/secure.gravatar.com\/avatar\/09550e5c75cc821753a661f1c7f497ea1bbe9e394289f33e436a29a7df762242?s=96&d=mm&r=g","contentUrl":"https:\/\/secure.gravatar.com\/avatar\/09550e5c75cc821753a661f1c7f497ea1bbe9e394289f33e436a29a7df762242?s=96&d=mm&r=g","caption":"admin"},"sameAs":["https:\/\/salesianosmaux.es"],"url":"https:\/\/salesianosmaux.es\/colegio\/author\/salamanca_95jmwv72\/"}]}},"_links":{"self":[{"href":"https:\/\/salesianosmaux.es\/colegio\/wp-json\/wp\/v2\/posts\/1290","targetHints":{"allow":["GET"]}}],"collection":[{"href":"https:\/\/salesianosmaux.es\/colegio\/wp-json\/wp\/v2\/posts"}],"about":[{"href":"https:\/\/salesianosmaux.es\/colegio\/wp-json\/wp\/v2\/types\/post"}],"author":[{"embeddable":true,"href":"https:\/\/salesianosmaux.es\/colegio\/wp-json\/wp\/v2\/users\/1"}],"replies":[{"embeddable":true,"href":"https:\/\/salesianosmaux.es\/colegio\/wp-json\/wp\/v2\/comments?post=1290"}],"version-history":[{"count":2,"href":"https:\/\/salesianosmaux.es\/colegio\/wp-json\/wp\/v2\/posts\/1290\/revisions"}],"predecessor-version":[{"id":1294,"href":"https:\/\/salesianosmaux.es\/colegio\/wp-json\/wp\/v2\/posts\/1290\/revisions\/1294"}],"wp:featuredmedia":[{"embeddable":true,"href":"https:\/\/salesianosmaux.es\/colegio\/wp-json\/wp\/v2\/media\/1291"}],"wp:attachment":[{"href":"https:\/\/salesianosmaux.es\/colegio\/wp-json\/wp\/v2\/media?parent=1290"}],"wp:term":[{"taxonomy":"category","embeddable":true,"href":"https:\/\/salesianosmaux.es\/colegio\/wp-json\/wp\/v2\/categories?post=1290"},{"taxonomy":"post_tag","embeddable":true,"href":"https:\/\/salesianosmaux.es\/colegio\/wp-json\/wp\/v2\/tags?post=1290"}],"curies":[{"name":"wp","href":"https:\/\/api.w.org\/{rel}","templated":true}]}}