{"id":1453,"date":"2022-05-18T12:59:52","date_gmt":"2022-05-18T12:59:52","guid":{"rendered":"https:\/\/salesianosmaux.es\/colegio\/2022\/05\/18\/fiestas-maria-auxiliadora-2022\/"},"modified":"2026-08-31T07:45:23","modified_gmt":"2026-08-31T07:45:23","slug":"fiestas-maria-auxiliadora-2022","status":"publish","type":"post","link":"https:\/\/salesianosmaux.es\/colegio\/2022\/05\/18\/fiestas-maria-auxiliadora-2022\/","title":{"rendered":"Fiestas Mar\u00eda Auxiliadora 2022"},"content":{"rendered":"\n[et_pb_section fb_built=\u00bb1&#8243; theme_builder_area=\u00bbpost_content\u00bb _builder_version=\u00bb4.17.3&#8243; _module_preset=\u00bbdefault\u00bb][et_pb_row _builder_version=\u00bb4.17.3&#8243; _module_preset=\u00bbdefault\u00bb theme_builder_area=\u00bbpost_content\u00bb][et_pb_column _builder_version=\u00bb4.17.3&#8243; _module_preset=\u00bbdefault\u00bb type=\u00bb4_4&#8243; theme_builder_area=\u00bbpost_content\u00bb][et_pb_text _builder_version=\u00bb4.17.3&#8243; _module_preset=\u00bbdefault\u00bb theme_builder_area=\u00bbpost_content\u00bb hover_enabled=\u00bb0&#8243; sticky_enabled=\u00bb0&#8243;]<p>Con gran alegr\u00eda os presentamos la programaci\u00f3n de actividades en honor de Mar\u00eda Auxiliadora, nuestra patrona.<\/p>\n<p>Este a\u00f1o 2022, tras dos a\u00f1os de supresi\u00f3n de grandes actos por la pandemia, volvemos a tener nuestras tradicionales fiestas incluyendo la procesi\u00f3n y la verbena popular. Os adjuntamos el programa completo de fiestas.<\/p>\n<p>Esperamos que os gusten y las disfrut\u00e9is.<br \/>\u00a1Viva Mar\u00eda Auxiliadora!<\/p>[\/et_pb_text][\/et_pb_column][\/et_pb_row][et_pb_row _builder_version=\u00bb4.17.3&#8243; _module_preset=\u00bbdefault\u00bb theme_builder_area=\u00bbpost_content\u00bb][et_pb_column _builder_version=\u00bb4.17.3&#8243; _module_preset=\u00bbdefault\u00bb type=\u00bb4_4&#8243; theme_builder_area=\u00bbpost_content\u00bb][et_pb_image src=\u00bbhttps:\/\/salesianosmaux.es\/wp-content\/uploads\/2022\/05\/ProgActosMAux22.jpg\u00bb _builder_version=\u00bb4.17.3&#8243; _module_preset=\u00bbdefault\u00bb theme_builder_area=\u00bbpost_content\u00bb title_text=\u00bbProgActosMAux22&#8243; show_in_lightbox=\u00bbon\u00bb hover_enabled=\u00bb0&#8243; sticky_enabled=\u00bb0&#8243;][\/et_pb_image][\/et_pb_column][\/et_pb_row][\/et_pb_section]\n","protected":false},"excerpt":{"rendered":"<p>Con gran alegr\u00eda os presentamos la programaci\u00f3n de actividades en honor de Mar\u00eda Auxiliadora. Este a\u00f1o 2022, tras dos a\u00f1os de supresi\u00f3n de actos por la pandemia, volvemos a tener nuestras tradicionales fiestas. Esperamos que os gusten y las disfrut\u00e9is.<br \/>\n\u00a1Viva Mar\u00eda Auxiliadora!<\/p>\n","protected":false},"author":1,"featured_media":1454,"comment_status":"closed","ping_status":"closed","sticky":false,"template":"","format":"standard","meta":{"_et_pb_use_builder":"on","_et_pb_old_content":"","_et_gb_content_width":"","_joinchat":[],"footnotes":""},"categories":[82],"tags":[83],"class_list":["post-1453","post","type-post","status-publish","format-standard","has-post-thumbnail","hentry","category-vida-escolar","tag-fiestas"],"yoast_head":"<!-- This site is optimized with the Yoast SEO plugin v28.4 - https:\/\/yoast.com\/product\/yoast-seo-wordpress\/ -->\n<title>Fiestas Mar\u00eda Auxiliadora 2022 - Salesianos Salamanca M\u00aa Auxilidora<\/title>\n<meta name=\"description\" content=\"Programaci\u00f3n de actividades en honor de Mar\u00eda Auxiliadora. Os presentamos las actividades en honor de Mar\u00eda Auxiliadora.\" \/>\n<meta name=\"robots\" content=\"index, follow, max-snippet:-1, max-image-preview:large, max-video-preview:-1\" \/>\n<link rel=\"canonical\" href=\"https:\/\/salesianosmaux.es\/colegio\/2022\/05\/18\/fiestas-maria-auxiliadora-2022\/\" \/>\n<meta property=\"og:locale\" content=\"es_ES\" \/>\n<meta property=\"og:type\" content=\"article\" \/>\n<meta property=\"og:title\" content=\"Fiestas Mar\u00eda Auxiliadora 2022 - Salesianos Salamanca M\u00aa Auxilidora\" \/>\n<meta property=\"og:description\" content=\"Programaci\u00f3n de actividades en honor de Mar\u00eda Auxiliadora. Os presentamos las actividades en honor de Mar\u00eda Auxiliadora.\" \/>\n<meta property=\"og:url\" content=\"https:\/\/salesianosmaux.es\/colegio\/2022\/05\/18\/fiestas-maria-auxiliadora-2022\/\" \/>\n<meta property=\"og:site_name\" content=\"Colegio Mar\u00eda Auxiliadora\" \/>\n<meta property=\"article:published_time\" content=\"2022-05-18T12:59:52+00:00\" \/>\n<meta property=\"article:modified_time\" content=\"2026-08-31T07:45:23+00:00\" \/>\n<meta property=\"og:image\" content=\"https:\/\/salesianosmaux.es\/colegio\/wp-content\/uploads\/sites\/5\/2022\/05\/Fiestas-MAux22.jpg\" \/>\n\t<meta property=\"og:image:width\" content=\"1\" \/>\n\t<meta property=\"og:image:height\" content=\"1\" \/>\n\t<meta property=\"og:image:type\" content=\"image\/jpeg\" \/>\n<meta name=\"author\" content=\"admin\" \/>\n<meta name=\"twitter:card\" content=\"summary_large_image\" \/>\n<meta name=\"twitter:label1\" content=\"Escrito por\" \/>\n\t<meta name=\"twitter:data1\" content=\"admin\" \/>\n\t<meta name=\"twitter:label2\" content=\"Tiempo de lectura\" \/>\n\t<meta name=\"twitter:data2\" content=\"1 minuto\" \/>\n<script type=\"application\/ld+json\" class=\"yoast-schema-graph\">{\"@context\":\"https:\\\/\\\/schema.org\",\"@graph\":[{\"@type\":\"Article\",\"@id\":\"https:\\\/\\\/salesianosmaux.es\\\/colegio\\\/2022\\\/05\\\/18\\\/fiestas-maria-auxiliadora-2022\\\/#article\",\"isPartOf\":{\"@id\":\"https:\\\/\\\/salesianosmaux.es\\\/colegio\\\/2022\\\/05\\\/18\\\/fiestas-maria-auxiliadora-2022\\\/\"},\"author\":{\"name\":\"admin\",\"@id\":\"https:\\\/\\\/salesianosmaux.es\\\/colegio\\\/#\\\/schema\\\/person\\\/9bd111fcfb5210d0fa466bfc8154b2f8\"},\"headline\":\"Fiestas Mar\u00eda Auxiliadora 2022\",\"datePublished\":\"2022-05-18T12:59:52+00:00\",\"dateModified\":\"2026-08-31T07:45:23+00:00\",\"mainEntityOfPage\":{\"@id\":\"https:\\\/\\\/salesianosmaux.es\\\/colegio\\\/2022\\\/05\\\/18\\\/fiestas-maria-auxiliadora-2022\\\/\"},\"wordCount\":211,\"image\":{\"@id\":\"https:\\\/\\\/salesianosmaux.es\\\/colegio\\\/2022\\\/05\\\/18\\\/fiestas-maria-auxiliadora-2022\\\/#primaryimage\"},\"thumbnailUrl\":\"https:\\\/\\\/salesianosmaux.es\\\/colegio\\\/wp-content\\\/uploads\\\/sites\\\/5\\\/2022\\\/05\\\/Fiestas-MAux22.jpg\",\"keywords\":[\"fiestas\"],\"articleSection\":[\"Vida Escolar\"],\"inLanguage\":\"es\"},{\"@type\":\"WebPage\",\"@id\":\"https:\\\/\\\/salesianosmaux.es\\\/colegio\\\/2022\\\/05\\\/18\\\/fiestas-maria-auxiliadora-2022\\\/\",\"url\":\"https:\\\/\\\/salesianosmaux.es\\\/colegio\\\/2022\\\/05\\\/18\\\/fiestas-maria-auxiliadora-2022\\\/\",\"name\":\"Fiestas Mar\u00eda Auxiliadora 2022 - Salesianos Salamanca M\u00aa Auxilidora\",\"isPartOf\":{\"@id\":\"https:\\\/\\\/salesianosmaux.es\\\/colegio\\\/#website\"},\"primaryImageOfPage\":{\"@id\":\"https:\\\/\\\/salesianosmaux.es\\\/colegio\\\/2022\\\/05\\\/18\\\/fiestas-maria-auxiliadora-2022\\\/#primaryimage\"},\"image\":{\"@id\":\"https:\\\/\\\/salesianosmaux.es\\\/colegio\\\/2022\\\/05\\\/18\\\/fiestas-maria-auxiliadora-2022\\\/#primaryimage\"},\"thumbnailUrl\":\"https:\\\/\\\/salesianosmaux.es\\\/colegio\\\/wp-content\\\/uploads\\\/sites\\\/5\\\/2022\\\/05\\\/Fiestas-MAux22.jpg\",\"datePublished\":\"2022-05-18T12:59:52+00:00\",\"dateModified\":\"2026-08-31T07:45:23+00:00\",\"author\":{\"@id\":\"https:\\\/\\\/salesianosmaux.es\\\/colegio\\\/#\\\/schema\\\/person\\\/9bd111fcfb5210d0fa466bfc8154b2f8\"},\"description\":\"Programaci\u00f3n de actividades en honor de Mar\u00eda Auxiliadora. Os presentamos las actividades en honor de Mar\u00eda Auxiliadora.\",\"breadcrumb\":{\"@id\":\"https:\\\/\\\/salesianosmaux.es\\\/colegio\\\/2022\\\/05\\\/18\\\/fiestas-maria-auxiliadora-2022\\\/#breadcrumb\"},\"inLanguage\":\"es\",\"potentialAction\":[{\"@type\":\"ReadAction\",\"target\":[\"https:\\\/\\\/salesianosmaux.es\\\/colegio\\\/2022\\\/05\\\/18\\\/fiestas-maria-auxiliadora-2022\\\/\"]}]},{\"@type\":\"ImageObject\",\"inLanguage\":\"es\",\"@id\":\"https:\\\/\\\/salesianosmaux.es\\\/colegio\\\/2022\\\/05\\\/18\\\/fiestas-maria-auxiliadora-2022\\\/#primaryimage\",\"url\":\"https:\\\/\\\/salesianosmaux.es\\\/colegio\\\/wp-content\\\/uploads\\\/sites\\\/5\\\/2022\\\/05\\\/Fiestas-MAux22.jpg\",\"contentUrl\":\"https:\\\/\\\/salesianosmaux.es\\\/colegio\\\/wp-content\\\/uploads\\\/sites\\\/5\\\/2022\\\/05\\\/Fiestas-MAux22.jpg\"},{\"@type\":\"BreadcrumbList\",\"@id\":\"https:\\\/\\\/salesianosmaux.es\\\/colegio\\\/2022\\\/05\\\/18\\\/fiestas-maria-auxiliadora-2022\\\/#breadcrumb\",\"itemListElement\":[{\"@type\":\"ListItem\",\"position\":1,\"name\":\"Portada\",\"item\":\"https:\\\/\\\/salesianosmaux.es\\\/colegio\\\/\"},{\"@type\":\"ListItem\",\"position\":2,\"name\":\"Fiestas Mar\u00eda Auxiliadora 2022\"}]},{\"@type\":\"WebSite\",\"@id\":\"https:\\\/\\\/salesianosmaux.es\\\/colegio\\\/#website\",\"url\":\"https:\\\/\\\/salesianosmaux.es\\\/colegio\\\/\",\"name\":\"Colegio Mar\u00eda Auxiliadora\",\"description\":\"Colegio Mar\u00eda Auxiliadora\",\"potentialAction\":[{\"@type\":\"SearchAction\",\"target\":{\"@type\":\"EntryPoint\",\"urlTemplate\":\"https:\\\/\\\/salesianosmaux.es\\\/colegio\\\/?s={search_term_string}\"},\"query-input\":{\"@type\":\"PropertyValueSpecification\",\"valueRequired\":true,\"valueName\":\"search_term_string\"}}],\"inLanguage\":\"es\"},{\"@type\":\"Person\",\"@id\":\"https:\\\/\\\/salesianosmaux.es\\\/colegio\\\/#\\\/schema\\\/person\\\/9bd111fcfb5210d0fa466bfc8154b2f8\",\"name\":\"admin\",\"image\":{\"@type\":\"ImageObject\",\"inLanguage\":\"es\",\"@id\":\"https:\\\/\\\/secure.gravatar.com\\\/avatar\\\/09550e5c75cc821753a661f1c7f497ea1bbe9e394289f33e436a29a7df762242?s=96&d=mm&r=g\",\"url\":\"https:\\\/\\\/secure.gravatar.com\\\/avatar\\\/09550e5c75cc821753a661f1c7f497ea1bbe9e394289f33e436a29a7df762242?s=96&d=mm&r=g\",\"contentUrl\":\"https:\\\/\\\/secure.gravatar.com\\\/avatar\\\/09550e5c75cc821753a661f1c7f497ea1bbe9e394289f33e436a29a7df762242?s=96&d=mm&r=g\",\"caption\":\"admin\"},\"sameAs\":[\"https:\\\/\\\/salesianosmaux.es\"],\"url\":\"https:\\\/\\\/salesianosmaux.es\\\/colegio\\\/author\\\/salamanca_95jmwv72\\\/\"}]}<\/script>\n<!-- \/ Yoast SEO plugin. -->","yoast_head_json":{"title":"Fiestas Mar\u00eda Auxiliadora 2022 - Salesianos Salamanca M\u00aa Auxilidora","description":"Programaci\u00f3n de actividades en honor de Mar\u00eda Auxiliadora. Os presentamos las actividades en honor de Mar\u00eda Auxiliadora.","robots":{"index":"index","follow":"follow","max-snippet":"max-snippet:-1","max-image-preview":"max-image-preview:large","max-video-preview":"max-video-preview:-1"},"canonical":"https:\/\/salesianosmaux.es\/colegio\/2022\/05\/18\/fiestas-maria-auxiliadora-2022\/","og_locale":"es_ES","og_type":"article","og_title":"Fiestas Mar\u00eda Auxiliadora 2022 - Salesianos Salamanca M\u00aa Auxilidora","og_description":"Programaci\u00f3n de actividades en honor de Mar\u00eda Auxiliadora. Os presentamos las actividades en honor de Mar\u00eda Auxiliadora.","og_url":"https:\/\/salesianosmaux.es\/colegio\/2022\/05\/18\/fiestas-maria-auxiliadora-2022\/","og_site_name":"Colegio Mar\u00eda Auxiliadora","article_published_time":"2022-05-18T12:59:52+00:00","article_modified_time":"2026-08-31T07:45:23+00:00","og_image":[{"url":"https:\/\/salesianosmaux.es\/colegio\/wp-content\/uploads\/sites\/5\/2022\/05\/Fiestas-MAux22.jpg","width":1,"height":1,"type":"image\/jpeg"}],"author":"admin","twitter_card":"summary_large_image","twitter_misc":{"Escrito por":"admin","Tiempo de lectura":"1 minuto"},"schema":{"@context":"https:\/\/schema.org","@graph":[{"@type":"Article","@id":"https:\/\/salesianosmaux.es\/colegio\/2022\/05\/18\/fiestas-maria-auxiliadora-2022\/#article","isPartOf":{"@id":"https:\/\/salesianosmaux.es\/colegio\/2022\/05\/18\/fiestas-maria-auxiliadora-2022\/"},"author":{"name":"admin","@id":"https:\/\/salesianosmaux.es\/colegio\/#\/schema\/person\/9bd111fcfb5210d0fa466bfc8154b2f8"},"headline":"Fiestas Mar\u00eda Auxiliadora 2022","datePublished":"2022-05-18T12:59:52+00:00","dateModified":"2026-08-31T07:45:23+00:00","mainEntityOfPage":{"@id":"https:\/\/salesianosmaux.es\/colegio\/2022\/05\/18\/fiestas-maria-auxiliadora-2022\/"},"wordCount":211,"image":{"@id":"https:\/\/salesianosmaux.es\/colegio\/2022\/05\/18\/fiestas-maria-auxiliadora-2022\/#primaryimage"},"thumbnailUrl":"https:\/\/salesianosmaux.es\/colegio\/wp-content\/uploads\/sites\/5\/2022\/05\/Fiestas-MAux22.jpg","keywords":["fiestas"],"articleSection":["Vida Escolar"],"inLanguage":"es"},{"@type":"WebPage","@id":"https:\/\/salesianosmaux.es\/colegio\/2022\/05\/18\/fiestas-maria-auxiliadora-2022\/","url":"https:\/\/salesianosmaux.es\/colegio\/2022\/05\/18\/fiestas-maria-auxiliadora-2022\/","name":"Fiestas Mar\u00eda Auxiliadora 2022 - Salesianos Salamanca M\u00aa Auxilidora","isPartOf":{"@id":"https:\/\/salesianosmaux.es\/colegio\/#website"},"primaryImageOfPage":{"@id":"https:\/\/salesianosmaux.es\/colegio\/2022\/05\/18\/fiestas-maria-auxiliadora-2022\/#primaryimage"},"image":{"@id":"https:\/\/salesianosmaux.es\/colegio\/2022\/05\/18\/fiestas-maria-auxiliadora-2022\/#primaryimage"},"thumbnailUrl":"https:\/\/salesianosmaux.es\/colegio\/wp-content\/uploads\/sites\/5\/2022\/05\/Fiestas-MAux22.jpg","datePublished":"2022-05-18T12:59:52+00:00","dateModified":"2026-08-31T07:45:23+00:00","author":{"@id":"https:\/\/salesianosmaux.es\/colegio\/#\/schema\/person\/9bd111fcfb5210d0fa466bfc8154b2f8"},"description":"Programaci\u00f3n de actividades en honor de Mar\u00eda Auxiliadora. Os presentamos las actividades en honor de Mar\u00eda Auxiliadora.","breadcrumb":{"@id":"https:\/\/salesianosmaux.es\/colegio\/2022\/05\/18\/fiestas-maria-auxiliadora-2022\/#breadcrumb"},"inLanguage":"es","potentialAction":[{"@type":"ReadAction","target":["https:\/\/salesianosmaux.es\/colegio\/2022\/05\/18\/fiestas-maria-auxiliadora-2022\/"]}]},{"@type":"ImageObject","inLanguage":"es","@id":"https:\/\/salesianosmaux.es\/colegio\/2022\/05\/18\/fiestas-maria-auxiliadora-2022\/#primaryimage","url":"https:\/\/salesianosmaux.es\/colegio\/wp-content\/uploads\/sites\/5\/2022\/05\/Fiestas-MAux22.jpg","contentUrl":"https:\/\/salesianosmaux.es\/colegio\/wp-content\/uploads\/sites\/5\/2022\/05\/Fiestas-MAux22.jpg"},{"@type":"BreadcrumbList","@id":"https:\/\/salesianosmaux.es\/colegio\/2022\/05\/18\/fiestas-maria-auxiliadora-2022\/#breadcrumb","itemListElement":[{"@type":"ListItem","position":1,"name":"Portada","item":"https:\/\/salesianosmaux.es\/colegio\/"},{"@type":"ListItem","position":2,"name":"Fiestas Mar\u00eda Auxiliadora 2022"}]},{"@type":"WebSite","@id":"https:\/\/salesianosmaux.es\/colegio\/#website","url":"https:\/\/salesianosmaux.es\/colegio\/","name":"Colegio Mar\u00eda Auxiliadora","description":"Colegio Mar\u00eda Auxiliadora","potentialAction":[{"@type":"SearchAction","target":{"@type":"EntryPoint","urlTemplate":"https:\/\/salesianosmaux.es\/colegio\/?s={search_term_string}"},"query-input":{"@type":"PropertyValueSpecification","valueRequired":true,"valueName":"search_term_string"}}],"inLanguage":"es"},{"@type":"Person","@id":"https:\/\/salesianosmaux.es\/colegio\/#\/schema\/person\/9bd111fcfb5210d0fa466bfc8154b2f8","name":"admin","image":{"@type":"ImageObject","inLanguage":"es","@id":"https:\/\/secure.gravatar.com\/avatar\/09550e5c75cc821753a661f1c7f497ea1bbe9e394289f33e436a29a7df762242?s=96&d=mm&r=g","url":"https:\/\/secure.gravatar.com\/avatar\/09550e5c75cc821753a661f1c7f497ea1bbe9e394289f33e436a29a7df762242?s=96&d=mm&r=g","contentUrl":"https:\/\/secure.gravatar.com\/avatar\/09550e5c75cc821753a661f1c7f497ea1bbe9e394289f33e436a29a7df762242?s=96&d=mm&r=g","caption":"admin"},"sameAs":["https:\/\/salesianosmaux.es"],"url":"https:\/\/salesianosmaux.es\/colegio\/author\/salamanca_95jmwv72\/"}]}},"_links":{"self":[{"href":"https:\/\/salesianosmaux.es\/colegio\/wp-json\/wp\/v2\/posts\/1453","targetHints":{"allow":["GET"]}}],"collection":[{"href":"https:\/\/salesianosmaux.es\/colegio\/wp-json\/wp\/v2\/posts"}],"about":[{"href":"https:\/\/salesianosmaux.es\/colegio\/wp-json\/wp\/v2\/types\/post"}],"author":[{"embeddable":true,"href":"https:\/\/salesianosmaux.es\/colegio\/wp-json\/wp\/v2\/users\/1"}],"replies":[{"embeddable":true,"href":"https:\/\/salesianosmaux.es\/colegio\/wp-json\/wp\/v2\/comments?post=1453"}],"version-history":[{"count":1,"href":"https:\/\/salesianosmaux.es\/colegio\/wp-json\/wp\/v2\/posts\/1453\/revisions"}],"predecessor-version":[{"id":1455,"href":"https:\/\/salesianosmaux.es\/colegio\/wp-json\/wp\/v2\/posts\/1453\/revisions\/1455"}],"wp:featuredmedia":[{"embeddable":true,"href":"https:\/\/salesianosmaux.es\/colegio\/wp-json\/wp\/v2\/media\/1454"}],"wp:attachment":[{"href":"https:\/\/salesianosmaux.es\/colegio\/wp-json\/wp\/v2\/media?parent=1453"}],"wp:term":[{"taxonomy":"category","embeddable":true,"href":"https:\/\/salesianosmaux.es\/colegio\/wp-json\/wp\/v2\/categories?post=1453"},{"taxonomy":"post_tag","embeddable":true,"href":"https:\/\/salesianosmaux.es\/colegio\/wp-json\/wp\/v2\/tags?post=1453"}],"curies":[{"name":"wp","href":"https:\/\/api.w.org\/{rel}","templated":true}]}}