{"id":166,"date":"2022-02-18T09:02:32","date_gmt":"2022-02-18T09:02:32","guid":{"rendered":"https:\/\/salesianosmaux.es\/colegio\/?p=166"},"modified":"2026-08-31T07:50:22","modified_gmt":"2026-08-31T07:50:22","slug":"obtenemos-la-certificacion-iso-21001-sistemas-de-gestion-en-organizaciones-educativas","status":"publish","type":"post","link":"https:\/\/salesianosmaux.es\/colegio\/2022\/02\/18\/obtenemos-la-certificacion-iso-21001-sistemas-de-gestion-en-organizaciones-educativas\/","title":{"rendered":"Obtenemos la Certificaci\u00f3n ISO 21001 \u00abSistemas de Gesti\u00f3n en Organizaciones Educativas\u00bb"},"content":{"rendered":"<p>[et_pb_section fb_built=\u00bb1&#8243; _builder_version=\u00bb4.14.7&#8243; _module_preset=\u00bbdefault\u00bb global_colors_info=\u00bb{}\u00bb theme_builder_area=\u00bbpost_content\u00bb][et_pb_row column_structure=\u00bb2_3,1_3&#8243; _builder_version=\u00bb4.14.7&#8243; _module_preset=\u00bbdefault\u00bb global_colors_info=\u00bb{}\u00bb theme_builder_area=\u00bbpost_content\u00bb][et_pb_column type=\u00bb2_3&#8243; _builder_version=\u00bb4.14.7&#8243; _module_preset=\u00bbdefault\u00bb global_colors_info=\u00bb{}\u00bb theme_builder_area=\u00bbpost_content\u00bb][et_pb_text _builder_version=\u00bb4.14.7&#8243; text_font=\u00bb||||||||\u00bb text_font_size=\u00bb16px\u00bb header_font=\u00bb||||||||\u00bb header_2_font=\u00bbLato|300|||||||\u00bb header_2_font_size=\u00bb30px\u00bb header_3_font=\u00bbLato||||||||\u00bb text_orientation=\u00bbjustified\u00bb hover_enabled=\u00bb0&#8243; global_colors_info=\u00bb{}\u00bb theme_builder_area=\u00bbpost_content\u00bb sticky_enabled=\u00bb0&#8243;]<\/p>\n<h3 style=\"text-align: justify;\">Salesianos Salamanca-Mar\u00eda Auxiliadora se convierte en el primer colegio salmantino en conseguir la certificaci\u00f3n ISO 21001, herramienta de gesti\u00f3n en el sector educativo.<\/h3>\n<p style=\"text-align: justify;\">Buscando siempre la m\u00e1xima calidad en la educaci\u00f3n, nuestro colegio acaba de certificar en la ISO 21001 \u201cSistemas de Gesti\u00f3n de Calidad en Organizaciones Educativas\u201d, siendo pioneros en Salamanca en tal acreditaci\u00f3n.<\/p>\n<p style=\"text-align: justify;\">Con esta nueva norma, espec\u00edfica de educaci\u00f3n, continuamos con la mejora del servicio educativo que prestamos estandarizando la gesti\u00f3n educativa para garantizar la satisfacci\u00f3n de las necesidades de nuestros alumnos.<\/p>\n<p>[\/et_pb_text][\/et_pb_column][et_pb_column type=\u00bb1_3&#8243; _builder_version=\u00bb4.14.7&#8243; _module_preset=\u00bbdefault\u00bb global_colors_info=\u00bb{}\u00bb theme_builder_area=\u00bbpost_content\u00bb][et_pb_image src=\u00bbhttps:\/\/salesianosmaux.es\/colegio\/wp-content\/uploads\/sites\/5\/2022\/02\/Certificado-ISO-21001-web.jpg\u00bb title_text=\u00bbCertificado ISO 21001 web\u00bb _builder_version=\u00bb4.14.7&#8243; _module_preset=\u00bbdefault\u00bb global_colors_info=\u00bb{}\u00bb theme_builder_area=\u00bbpost_content\u00bb][\/et_pb_image][\/et_pb_column][\/et_pb_row][et_pb_row _builder_version=\u00bb4.14.7&#8243; _module_preset=\u00bbdefault\u00bb theme_builder_area=\u00bbpost_content\u00bb][et_pb_column _builder_version=\u00bb4.14.7&#8243; _module_preset=\u00bbdefault\u00bb type=\u00bb4_4&#8243; theme_builder_area=\u00bbpost_content\u00bb][et_pb_text _builder_version=\u00bb4.14.7&#8243; text_font=\u00bb||||||||\u00bb header_font=\u00bb||||||||\u00bb header_2_font=\u00bbLato|300|||||||\u00bb header_2_font_size=\u00bb30px\u00bb text_orientation=\u00bbjustified\u00bb hover_enabled=\u00bb0&#8243; global_colors_info=\u00bb{}\u00bb theme_builder_area=\u00bbet_body_layout\u00bb sticky_enabled=\u00bb0&#8243;]<\/p>\n<h3 style=\"text-align: justify;\">Norma ISO 21001, centrada en el valor de las personas<\/h3>\n<p style=\"text-align: justify;\">La Norma ISO 21001 es algo m\u00e1s que una nueva herramienta de gesti\u00f3n: la referencia m\u00e1s reconocida por el propio sector para identificar un servicio educativo que ofrece confianza a la sociedad.<\/p>\n<p style=\"text-align: justify;\">La gesti\u00f3n del conocimiento adquiere una gran relevancia, en especial el aportado e intercambiado por los educadores, la utilizaci\u00f3n de recursos de aprendizaje y el respeto por la propiedad intelectual.<\/p>\n<p style=\"text-align: justify;\">La comunicaci\u00f3n tambi\u00e9n se convierte en uno de los principales elementos de la norma, incluso de manera previa a la admisi\u00f3n del estudiante. La comunicaci\u00f3n no se limita a informar sobre los requisitos para cursar una formaci\u00f3n, los contenidos y formatos a utilizar, su coste, etc., sino que debe estar presente en toda la actividad: en lo relativo a los criterios y resultados de la evaluaci\u00f3n, los protocolos para tratar cualquier discrepancia sobre dichos resultados, etc.<\/p>\n<p style=\"text-align: justify;\">La norma presta adem\u00e1s un inter\u00e9s especial a la colaboraci\u00f3n y coordinaci\u00f3n con todas las partes interesadas (padres, tutores, proveedores, administraci\u00f3n p\u00fablica, mercado laboral, etc.).<\/p>\n<p style=\"text-align: justify;\">El correcto desarrollo del plan de estudios, equidad y transparencia en el proceso de admisi\u00f3n, m\u00e9todos de evaluaci\u00f3n, orientaci\u00f3n en las necesidades de los estudiantes, responsabilidad social, evaluaci\u00f3n del desempe\u00f1o del personal del centro, gesti\u00f3n \u00e9tica; c\u00f3digos de conducta y protocolos contra el acoso escolar, accesibilidad y protecci\u00f3n de datos son los procesos fundamentales en los que se apoya la certificaci\u00f3n.<\/p>\n<p style=\"text-align: justify;\">Nuestro compromiso con familias a lo largo de los a\u00f1os se renueva con este nuevo paso. Agradecemos a todo el personal su implicaci\u00f3n y trabajo.<\/p>\n<p>[\/et_pb_text][\/et_pb_column][\/et_pb_row][\/et_pb_section]<\/p>\n","protected":false},"excerpt":{"rendered":"<p>Salesianos Salamanca-Mar\u00eda Auxiliadora se convierte en el primer colegio salmantino en conseguir la certificaci\u00f3n ISO 21001, herramienta de gesti\u00f3n en el sector educativo.<\/p>\n","protected":false},"author":1,"featured_media":171,"comment_status":"open","ping_status":"open","sticky":false,"template":"","format":"standard","meta":{"_et_pb_use_builder":"on","_et_pb_old_content":"","_et_gb_content_width":"2880","_joinchat":[],"footnotes":""},"categories":[82],"tags":[84],"class_list":["post-166","post","type-post","status-publish","format-standard","has-post-thumbnail","hentry","category-vida-escolar","tag-calidad"],"yoast_head":"<!-- This site is optimized with the Yoast SEO plugin v28.4 - https:\/\/yoast.com\/product\/yoast-seo-wordpress\/ -->\n<title>Obtenemos la Certificaci\u00f3n ISO 21001 &quot;Sistemas de Gesti\u00f3n en Organizaciones Educativas&quot; - Colegio Mar\u00eda Auxiliadora<\/title>\n<meta name=\"robots\" content=\"index, follow, max-snippet:-1, max-image-preview:large, max-video-preview:-1\" \/>\n<link rel=\"canonical\" href=\"https:\/\/salesianosmaux.es\/colegio\/2022\/02\/18\/obtenemos-la-certificacion-iso-21001-sistemas-de-gestion-en-organizaciones-educativas\/\" \/>\n<meta property=\"og:locale\" content=\"es_ES\" \/>\n<meta property=\"og:type\" content=\"article\" \/>\n<meta property=\"og:title\" content=\"Obtenemos la Certificaci\u00f3n ISO 21001 &quot;Sistemas de Gesti\u00f3n en Organizaciones Educativas&quot; - Colegio Mar\u00eda Auxiliadora\" \/>\n<meta property=\"og:description\" content=\"Salesianos Salamanca-Mar\u00eda Auxiliadora se convierte en el primer colegio salmantino en conseguir la certificaci\u00f3n ISO 21001, herramienta de gesti\u00f3n en el sector educativo.\" \/>\n<meta property=\"og:url\" content=\"https:\/\/salesianosmaux.es\/colegio\/2022\/02\/18\/obtenemos-la-certificacion-iso-21001-sistemas-de-gestion-en-organizaciones-educativas\/\" \/>\n<meta property=\"og:site_name\" content=\"Colegio Mar\u00eda Auxiliadora\" \/>\n<meta property=\"article:published_time\" content=\"2022-02-18T09:02:32+00:00\" \/>\n<meta property=\"article:modified_time\" content=\"2026-08-31T07:50:22+00:00\" \/>\n<meta property=\"og:image\" content=\"https:\/\/salesianosmaux.es\/colegio\/wp-content\/uploads\/sites\/5\/2022\/02\/ISO_21001_BN-e1645175127403.png\" \/>\n\t<meta property=\"og:image:width\" content=\"600\" \/>\n\t<meta property=\"og:image:height\" content=\"299\" \/>\n\t<meta property=\"og:image:type\" content=\"image\/png\" \/>\n<meta name=\"author\" content=\"admin\" \/>\n<meta name=\"twitter:card\" content=\"summary_large_image\" \/>\n<meta name=\"twitter:label1\" content=\"Escrito por\" \/>\n\t<meta name=\"twitter:data1\" content=\"admin\" \/>\n\t<meta name=\"twitter:label2\" content=\"Tiempo de lectura\" \/>\n\t<meta name=\"twitter:data2\" content=\"3 minutos\" \/>\n<script type=\"application\/ld+json\" class=\"yoast-schema-graph\">{\"@context\":\"https:\\\/\\\/schema.org\",\"@graph\":[{\"@type\":\"Article\",\"@id\":\"https:\\\/\\\/salesianosmaux.es\\\/colegio\\\/2022\\\/02\\\/18\\\/obtenemos-la-certificacion-iso-21001-sistemas-de-gestion-en-organizaciones-educativas\\\/#article\",\"isPartOf\":{\"@id\":\"https:\\\/\\\/salesianosmaux.es\\\/colegio\\\/2022\\\/02\\\/18\\\/obtenemos-la-certificacion-iso-21001-sistemas-de-gestion-en-organizaciones-educativas\\\/\"},\"author\":{\"name\":\"admin\",\"@id\":\"https:\\\/\\\/salesianosmaux.es\\\/colegio\\\/#\\\/schema\\\/person\\\/9bd111fcfb5210d0fa466bfc8154b2f8\"},\"headline\":\"Obtenemos la Certificaci\u00f3n ISO 21001 \u00abSistemas de Gesti\u00f3n en Organizaciones Educativas\u00bb\",\"datePublished\":\"2022-02-18T09:02:32+00:00\",\"dateModified\":\"2026-08-31T07:50:22+00:00\",\"mainEntityOfPage\":{\"@id\":\"https:\\\/\\\/salesianosmaux.es\\\/colegio\\\/2022\\\/02\\\/18\\\/obtenemos-la-certificacion-iso-21001-sistemas-de-gestion-en-organizaciones-educativas\\\/\"},\"wordCount\":618,\"commentCount\":0,\"image\":{\"@id\":\"https:\\\/\\\/salesianosmaux.es\\\/colegio\\\/2022\\\/02\\\/18\\\/obtenemos-la-certificacion-iso-21001-sistemas-de-gestion-en-organizaciones-educativas\\\/#primaryimage\"},\"thumbnailUrl\":\"https:\\\/\\\/salesianosmaux.es\\\/colegio\\\/wp-content\\\/uploads\\\/sites\\\/5\\\/2022\\\/02\\\/ISO_21001_BN-e1645175127403.png\",\"keywords\":[\"calidad\"],\"articleSection\":[\"Vida Escolar\"],\"inLanguage\":\"es\",\"potentialAction\":[{\"@type\":\"CommentAction\",\"name\":\"Comment\",\"target\":[\"https:\\\/\\\/salesianosmaux.es\\\/colegio\\\/2022\\\/02\\\/18\\\/obtenemos-la-certificacion-iso-21001-sistemas-de-gestion-en-organizaciones-educativas\\\/#respond\"]}]},{\"@type\":\"WebPage\",\"@id\":\"https:\\\/\\\/salesianosmaux.es\\\/colegio\\\/2022\\\/02\\\/18\\\/obtenemos-la-certificacion-iso-21001-sistemas-de-gestion-en-organizaciones-educativas\\\/\",\"url\":\"https:\\\/\\\/salesianosmaux.es\\\/colegio\\\/2022\\\/02\\\/18\\\/obtenemos-la-certificacion-iso-21001-sistemas-de-gestion-en-organizaciones-educativas\\\/\",\"name\":\"Obtenemos la Certificaci\u00f3n ISO 21001 \\\"Sistemas de Gesti\u00f3n en Organizaciones Educativas\\\" - Colegio Mar\u00eda Auxiliadora\",\"isPartOf\":{\"@id\":\"https:\\\/\\\/salesianosmaux.es\\\/colegio\\\/#website\"},\"primaryImageOfPage\":{\"@id\":\"https:\\\/\\\/salesianosmaux.es\\\/colegio\\\/2022\\\/02\\\/18\\\/obtenemos-la-certificacion-iso-21001-sistemas-de-gestion-en-organizaciones-educativas\\\/#primaryimage\"},\"image\":{\"@id\":\"https:\\\/\\\/salesianosmaux.es\\\/colegio\\\/2022\\\/02\\\/18\\\/obtenemos-la-certificacion-iso-21001-sistemas-de-gestion-en-organizaciones-educativas\\\/#primaryimage\"},\"thumbnailUrl\":\"https:\\\/\\\/salesianosmaux.es\\\/colegio\\\/wp-content\\\/uploads\\\/sites\\\/5\\\/2022\\\/02\\\/ISO_21001_BN-e1645175127403.png\",\"datePublished\":\"2022-02-18T09:02:32+00:00\",\"dateModified\":\"2026-08-31T07:50:22+00:00\",\"author\":{\"@id\":\"https:\\\/\\\/salesianosmaux.es\\\/colegio\\\/#\\\/schema\\\/person\\\/9bd111fcfb5210d0fa466bfc8154b2f8\"},\"breadcrumb\":{\"@id\":\"https:\\\/\\\/salesianosmaux.es\\\/colegio\\\/2022\\\/02\\\/18\\\/obtenemos-la-certificacion-iso-21001-sistemas-de-gestion-en-organizaciones-educativas\\\/#breadcrumb\"},\"inLanguage\":\"es\",\"potentialAction\":[{\"@type\":\"ReadAction\",\"target\":[\"https:\\\/\\\/salesianosmaux.es\\\/colegio\\\/2022\\\/02\\\/18\\\/obtenemos-la-certificacion-iso-21001-sistemas-de-gestion-en-organizaciones-educativas\\\/\"]}]},{\"@type\":\"ImageObject\",\"inLanguage\":\"es\",\"@id\":\"https:\\\/\\\/salesianosmaux.es\\\/colegio\\\/2022\\\/02\\\/18\\\/obtenemos-la-certificacion-iso-21001-sistemas-de-gestion-en-organizaciones-educativas\\\/#primaryimage\",\"url\":\"https:\\\/\\\/salesianosmaux.es\\\/colegio\\\/wp-content\\\/uploads\\\/sites\\\/5\\\/2022\\\/02\\\/ISO_21001_BN-e1645175127403.png\",\"contentUrl\":\"https:\\\/\\\/salesianosmaux.es\\\/colegio\\\/wp-content\\\/uploads\\\/sites\\\/5\\\/2022\\\/02\\\/ISO_21001_BN-e1645175127403.png\",\"width\":600,\"height\":299},{\"@type\":\"BreadcrumbList\",\"@id\":\"https:\\\/\\\/salesianosmaux.es\\\/colegio\\\/2022\\\/02\\\/18\\\/obtenemos-la-certificacion-iso-21001-sistemas-de-gestion-en-organizaciones-educativas\\\/#breadcrumb\",\"itemListElement\":[{\"@type\":\"ListItem\",\"position\":1,\"name\":\"Portada\",\"item\":\"https:\\\/\\\/salesianosmaux.es\\\/colegio\\\/\"},{\"@type\":\"ListItem\",\"position\":2,\"name\":\"Obtenemos la Certificaci\u00f3n ISO 21001 \u00abSistemas de Gesti\u00f3n en Organizaciones Educativas\u00bb\"}]},{\"@type\":\"WebSite\",\"@id\":\"https:\\\/\\\/salesianosmaux.es\\\/colegio\\\/#website\",\"url\":\"https:\\\/\\\/salesianosmaux.es\\\/colegio\\\/\",\"name\":\"Colegio Mar\u00eda Auxiliadora\",\"description\":\"Colegio Mar\u00eda Auxiliadora\",\"potentialAction\":[{\"@type\":\"SearchAction\",\"target\":{\"@type\":\"EntryPoint\",\"urlTemplate\":\"https:\\\/\\\/salesianosmaux.es\\\/colegio\\\/?s={search_term_string}\"},\"query-input\":{\"@type\":\"PropertyValueSpecification\",\"valueRequired\":true,\"valueName\":\"search_term_string\"}}],\"inLanguage\":\"es\"},{\"@type\":\"Person\",\"@id\":\"https:\\\/\\\/salesianosmaux.es\\\/colegio\\\/#\\\/schema\\\/person\\\/9bd111fcfb5210d0fa466bfc8154b2f8\",\"name\":\"admin\",\"image\":{\"@type\":\"ImageObject\",\"inLanguage\":\"es\",\"@id\":\"https:\\\/\\\/secure.gravatar.com\\\/avatar\\\/09550e5c75cc821753a661f1c7f497ea1bbe9e394289f33e436a29a7df762242?s=96&d=mm&r=g\",\"url\":\"https:\\\/\\\/secure.gravatar.com\\\/avatar\\\/09550e5c75cc821753a661f1c7f497ea1bbe9e394289f33e436a29a7df762242?s=96&d=mm&r=g\",\"contentUrl\":\"https:\\\/\\\/secure.gravatar.com\\\/avatar\\\/09550e5c75cc821753a661f1c7f497ea1bbe9e394289f33e436a29a7df762242?s=96&d=mm&r=g\",\"caption\":\"admin\"},\"sameAs\":[\"https:\\\/\\\/salesianosmaux.es\"],\"url\":\"https:\\\/\\\/salesianosmaux.es\\\/colegio\\\/author\\\/salamanca_95jmwv72\\\/\"}]}<\/script>\n<!-- \/ Yoast SEO plugin. -->","yoast_head_json":{"title":"Obtenemos la Certificaci\u00f3n ISO 21001 \"Sistemas de Gesti\u00f3n en Organizaciones Educativas\" - Colegio Mar\u00eda Auxiliadora","robots":{"index":"index","follow":"follow","max-snippet":"max-snippet:-1","max-image-preview":"max-image-preview:large","max-video-preview":"max-video-preview:-1"},"canonical":"https:\/\/salesianosmaux.es\/colegio\/2022\/02\/18\/obtenemos-la-certificacion-iso-21001-sistemas-de-gestion-en-organizaciones-educativas\/","og_locale":"es_ES","og_type":"article","og_title":"Obtenemos la Certificaci\u00f3n ISO 21001 \"Sistemas de Gesti\u00f3n en Organizaciones Educativas\" - Colegio Mar\u00eda Auxiliadora","og_description":"Salesianos Salamanca-Mar\u00eda Auxiliadora se convierte en el primer colegio salmantino en conseguir la certificaci\u00f3n ISO 21001, herramienta de gesti\u00f3n en el sector educativo.","og_url":"https:\/\/salesianosmaux.es\/colegio\/2022\/02\/18\/obtenemos-la-certificacion-iso-21001-sistemas-de-gestion-en-organizaciones-educativas\/","og_site_name":"Colegio Mar\u00eda Auxiliadora","article_published_time":"2022-02-18T09:02:32+00:00","article_modified_time":"2026-08-31T07:50:22+00:00","og_image":[{"width":600,"height":299,"url":"https:\/\/salesianosmaux.es\/colegio\/wp-content\/uploads\/sites\/5\/2022\/02\/ISO_21001_BN-e1645175127403.png","type":"image\/png"}],"author":"admin","twitter_card":"summary_large_image","twitter_misc":{"Escrito por":"admin","Tiempo de lectura":"3 minutos"},"schema":{"@context":"https:\/\/schema.org","@graph":[{"@type":"Article","@id":"https:\/\/salesianosmaux.es\/colegio\/2022\/02\/18\/obtenemos-la-certificacion-iso-21001-sistemas-de-gestion-en-organizaciones-educativas\/#article","isPartOf":{"@id":"https:\/\/salesianosmaux.es\/colegio\/2022\/02\/18\/obtenemos-la-certificacion-iso-21001-sistemas-de-gestion-en-organizaciones-educativas\/"},"author":{"name":"admin","@id":"https:\/\/salesianosmaux.es\/colegio\/#\/schema\/person\/9bd111fcfb5210d0fa466bfc8154b2f8"},"headline":"Obtenemos la Certificaci\u00f3n ISO 21001 \u00abSistemas de Gesti\u00f3n en Organizaciones Educativas\u00bb","datePublished":"2022-02-18T09:02:32+00:00","dateModified":"2026-08-31T07:50:22+00:00","mainEntityOfPage":{"@id":"https:\/\/salesianosmaux.es\/colegio\/2022\/02\/18\/obtenemos-la-certificacion-iso-21001-sistemas-de-gestion-en-organizaciones-educativas\/"},"wordCount":618,"commentCount":0,"image":{"@id":"https:\/\/salesianosmaux.es\/colegio\/2022\/02\/18\/obtenemos-la-certificacion-iso-21001-sistemas-de-gestion-en-organizaciones-educativas\/#primaryimage"},"thumbnailUrl":"https:\/\/salesianosmaux.es\/colegio\/wp-content\/uploads\/sites\/5\/2022\/02\/ISO_21001_BN-e1645175127403.png","keywords":["calidad"],"articleSection":["Vida Escolar"],"inLanguage":"es","potentialAction":[{"@type":"CommentAction","name":"Comment","target":["https:\/\/salesianosmaux.es\/colegio\/2022\/02\/18\/obtenemos-la-certificacion-iso-21001-sistemas-de-gestion-en-organizaciones-educativas\/#respond"]}]},{"@type":"WebPage","@id":"https:\/\/salesianosmaux.es\/colegio\/2022\/02\/18\/obtenemos-la-certificacion-iso-21001-sistemas-de-gestion-en-organizaciones-educativas\/","url":"https:\/\/salesianosmaux.es\/colegio\/2022\/02\/18\/obtenemos-la-certificacion-iso-21001-sistemas-de-gestion-en-organizaciones-educativas\/","name":"Obtenemos la Certificaci\u00f3n ISO 21001 \"Sistemas de Gesti\u00f3n en Organizaciones Educativas\" - Colegio Mar\u00eda Auxiliadora","isPartOf":{"@id":"https:\/\/salesianosmaux.es\/colegio\/#website"},"primaryImageOfPage":{"@id":"https:\/\/salesianosmaux.es\/colegio\/2022\/02\/18\/obtenemos-la-certificacion-iso-21001-sistemas-de-gestion-en-organizaciones-educativas\/#primaryimage"},"image":{"@id":"https:\/\/salesianosmaux.es\/colegio\/2022\/02\/18\/obtenemos-la-certificacion-iso-21001-sistemas-de-gestion-en-organizaciones-educativas\/#primaryimage"},"thumbnailUrl":"https:\/\/salesianosmaux.es\/colegio\/wp-content\/uploads\/sites\/5\/2022\/02\/ISO_21001_BN-e1645175127403.png","datePublished":"2022-02-18T09:02:32+00:00","dateModified":"2026-08-31T07:50:22+00:00","author":{"@id":"https:\/\/salesianosmaux.es\/colegio\/#\/schema\/person\/9bd111fcfb5210d0fa466bfc8154b2f8"},"breadcrumb":{"@id":"https:\/\/salesianosmaux.es\/colegio\/2022\/02\/18\/obtenemos-la-certificacion-iso-21001-sistemas-de-gestion-en-organizaciones-educativas\/#breadcrumb"},"inLanguage":"es","potentialAction":[{"@type":"ReadAction","target":["https:\/\/salesianosmaux.es\/colegio\/2022\/02\/18\/obtenemos-la-certificacion-iso-21001-sistemas-de-gestion-en-organizaciones-educativas\/"]}]},{"@type":"ImageObject","inLanguage":"es","@id":"https:\/\/salesianosmaux.es\/colegio\/2022\/02\/18\/obtenemos-la-certificacion-iso-21001-sistemas-de-gestion-en-organizaciones-educativas\/#primaryimage","url":"https:\/\/salesianosmaux.es\/colegio\/wp-content\/uploads\/sites\/5\/2022\/02\/ISO_21001_BN-e1645175127403.png","contentUrl":"https:\/\/salesianosmaux.es\/colegio\/wp-content\/uploads\/sites\/5\/2022\/02\/ISO_21001_BN-e1645175127403.png","width":600,"height":299},{"@type":"BreadcrumbList","@id":"https:\/\/salesianosmaux.es\/colegio\/2022\/02\/18\/obtenemos-la-certificacion-iso-21001-sistemas-de-gestion-en-organizaciones-educativas\/#breadcrumb","itemListElement":[{"@type":"ListItem","position":1,"name":"Portada","item":"https:\/\/salesianosmaux.es\/colegio\/"},{"@type":"ListItem","position":2,"name":"Obtenemos la Certificaci\u00f3n ISO 21001 \u00abSistemas de Gesti\u00f3n en Organizaciones Educativas\u00bb"}]},{"@type":"WebSite","@id":"https:\/\/salesianosmaux.es\/colegio\/#website","url":"https:\/\/salesianosmaux.es\/colegio\/","name":"Colegio Mar\u00eda Auxiliadora","description":"Colegio Mar\u00eda Auxiliadora","potentialAction":[{"@type":"SearchAction","target":{"@type":"EntryPoint","urlTemplate":"https:\/\/salesianosmaux.es\/colegio\/?s={search_term_string}"},"query-input":{"@type":"PropertyValueSpecification","valueRequired":true,"valueName":"search_term_string"}}],"inLanguage":"es"},{"@type":"Person","@id":"https:\/\/salesianosmaux.es\/colegio\/#\/schema\/person\/9bd111fcfb5210d0fa466bfc8154b2f8","name":"admin","image":{"@type":"ImageObject","inLanguage":"es","@id":"https:\/\/secure.gravatar.com\/avatar\/09550e5c75cc821753a661f1c7f497ea1bbe9e394289f33e436a29a7df762242?s=96&d=mm&r=g","url":"https:\/\/secure.gravatar.com\/avatar\/09550e5c75cc821753a661f1c7f497ea1bbe9e394289f33e436a29a7df762242?s=96&d=mm&r=g","contentUrl":"https:\/\/secure.gravatar.com\/avatar\/09550e5c75cc821753a661f1c7f497ea1bbe9e394289f33e436a29a7df762242?s=96&d=mm&r=g","caption":"admin"},"sameAs":["https:\/\/salesianosmaux.es"],"url":"https:\/\/salesianosmaux.es\/colegio\/author\/salamanca_95jmwv72\/"}]}},"_links":{"self":[{"href":"https:\/\/salesianosmaux.es\/colegio\/wp-json\/wp\/v2\/posts\/166","targetHints":{"allow":["GET"]}}],"collection":[{"href":"https:\/\/salesianosmaux.es\/colegio\/wp-json\/wp\/v2\/posts"}],"about":[{"href":"https:\/\/salesianosmaux.es\/colegio\/wp-json\/wp\/v2\/types\/post"}],"author":[{"embeddable":true,"href":"https:\/\/salesianosmaux.es\/colegio\/wp-json\/wp\/v2\/users\/1"}],"replies":[{"embeddable":true,"href":"https:\/\/salesianosmaux.es\/colegio\/wp-json\/wp\/v2\/comments?post=166"}],"version-history":[{"count":10,"href":"https:\/\/salesianosmaux.es\/colegio\/wp-json\/wp\/v2\/posts\/166\/revisions"}],"predecessor-version":[{"id":292,"href":"https:\/\/salesianosmaux.es\/colegio\/wp-json\/wp\/v2\/posts\/166\/revisions\/292"}],"wp:featuredmedia":[{"embeddable":true,"href":"https:\/\/salesianosmaux.es\/colegio\/wp-json\/wp\/v2\/media\/171"}],"wp:attachment":[{"href":"https:\/\/salesianosmaux.es\/colegio\/wp-json\/wp\/v2\/media?parent=166"}],"wp:term":[{"taxonomy":"category","embeddable":true,"href":"https:\/\/salesianosmaux.es\/colegio\/wp-json\/wp\/v2\/categories?post=166"},{"taxonomy":"post_tag","embeddable":true,"href":"https:\/\/salesianosmaux.es\/colegio\/wp-json\/wp\/v2\/tags?post=166"}],"curies":[{"name":"wp","href":"https:\/\/api.w.org\/{rel}","templated":true}]}}