{"id":1942,"date":"2022-06-02T14:41:39","date_gmt":"2022-06-02T14:41:39","guid":{"rendered":"https:\/\/salesianosmaux.es\/colegio\/?p=1942"},"modified":"2026-08-31T07:58:15","modified_gmt":"2026-08-31T07:58:15","slug":"olimpiadas-matematicas","status":"publish","type":"post","link":"https:\/\/salesianosmaux.es\/colegio\/2022\/06\/02\/olimpiadas-matematicas\/","title":{"rendered":"Olimpiadas Matem\u00e1ticas"},"content":{"rendered":"<p>[et_pb_section fb_built=\u00bb1&#8243; theme_builder_area=\u00bbpost_content\u00bb _builder_version=\u00bb4.17.4&#8243; _module_preset=\u00bbdefault\u00bb][et_pb_row _builder_version=\u00bb4.17.4&#8243; _module_preset=\u00bbdefault\u00bb theme_builder_area=\u00bbpost_content\u00bb][et_pb_column _builder_version=\u00bb4.17.4&#8243; _module_preset=\u00bbdefault\u00bb type=\u00bb4_4&#8243; theme_builder_area=\u00bbpost_content\u00bb][et_pb_text _builder_version=\u00bb4.17.4&#8243; text_font=\u00bb||||||||\u00bb header_font=\u00bb||||||||\u00bb header_2_font=\u00bbLato|300|||||||\u00bb header_2_font_size=\u00bb30px\u00bb text_orientation=\u00bbjustified\u00bb hover_enabled=\u00bb0&#8243; global_colors_info=\u00bb{}\u00bb theme_builder_area=\u00bbpost_content\u00bb sticky_enabled=\u00bb0&#8243;]<\/p>\n<p style=\"text-align: justify;\"><em>Jos\u00e9 Ram\u00f3n Alonso, C\u00e9sar Benito, Mariela Hern\u00e1ndez y Adri\u00e1n Z\u00e1rate<\/em>, de 6\u00ba de Primaria, han participado con \u00e9xito en la III Olimpiada Matem\u00e1tica Provincial. Nuestros chicos <strong>ganaron en primer lugar la prueba local<\/strong>, siendo el mejor colegio de Salamanca. Seguidamente, tambi\u00e9n lograron el <strong>primer puesto en la fase regional<\/strong> situando a Salamanca como ganadora de la Comunidad de Castilla y Le\u00f3n.<\/p>\n<p style=\"text-align: justify;\">Adem\u00e1s a nivel individual, <strong>Adri\u00e1n Z\u00e1rate ha conseguido clasificarse para participar en la Olimpiada Matem\u00e1tica Nacional<\/strong> que se celebrar\u00e1 en Burgos del 24 al 27 de Junio.<\/p>\n<p style=\"text-align: justify;\">Por su parte, la alumna <em>Celia San Victoriano <\/em>de 2\u00ba ESO tambi\u00e9n particip\u00f3 con \u00e9xito en la XXX Olimpiada Provincial de Resoluci\u00f3n de Problemas clasific\u00e1ndose entre los 10 mejores alumnos.<\/p>\n<p style=\"text-align: justify;\">A todos ellos, nuestra m\u00e1s sincera enhorabuena y agradecimiento por el gran papel realizado y la inmejorable representaci\u00f3n que han hecho de nuestro colegio y de la ciudad de Salamanca.<\/p>\n<p>[\/et_pb_text][\/et_pb_column][\/et_pb_row][et_pb_row _builder_version=\u00bb4.17.4&#8243; _module_preset=\u00bbdefault\u00bb theme_builder_area=\u00bbpost_content\u00bb][et_pb_column _builder_version=\u00bb4.17.4&#8243; _module_preset=\u00bbdefault\u00bb type=\u00bb4_4&#8243; theme_builder_area=\u00bbpost_content\u00bb][et_pb_text _builder_version=\u00bb4.17.4&#8243; text_font=\u00bb||||||||\u00bb header_font=\u00bb||||||||\u00bb header_2_font=\u00bbLato|300|||||||\u00bb header_2_font_size=\u00bb30px\u00bb text_orientation=\u00bbjustified\u00bb hover_enabled=\u00bb0&#8243; global_colors_info=\u00bb{}\u00bb theme_builder_area=\u00bbpost_content\u00bb sticky_enabled=\u00bb0&#8243;]<\/p>\n<h2>Entrevista a Adri\u00e1n Z\u00e1rate<\/h2>\n<p>Entrevista realizada por <em>Elisa Alonso y Ainhoa Hern\u00e1ndez<\/em> de 6\u00ba A.<\/p>\n<p>[\/et_pb_text][\/et_pb_column][\/et_pb_row][et_pb_row _builder_version=\u00bb4.17.4&#8243; _module_preset=\u00bbdefault\u00bb theme_builder_area=\u00bbpost_content\u00bb column_structure=\u00bb3_5,2_5&#8243;][et_pb_column _builder_version=\u00bb4.17.4&#8243; _module_preset=\u00bbdefault\u00bb type=\u00bb3_5&#8243; theme_builder_area=\u00bbpost_content\u00bb][et_pb_text _builder_version=\u00bb4.17.4&#8243; text_font=\u00bbLato||||||||\u00bb header_font=\u00bb||||||||\u00bb header_2_font=\u00bbLato|300|||||||\u00bb header_2_font_size=\u00bb30px\u00bb text_orientation=\u00bbjustified\u00bb hover_enabled=\u00bb0&#8243; global_colors_info=\u00bb{}\u00bb theme_builder_area=\u00bbpost_content\u00bb header_4_font=\u00bbLato|300|||||||\u00bb header_4_font_size=\u00bb16px\u00bb sticky_enabled=\u00bb0&#8243; header_3_font=\u00bbLato|300|||||||\u00bb]<\/p>\n<h4 style=\"text-align: justify;\">\u00bfTe hizo ilusi\u00f3n cu\u00e1ndo te preguntaron que si quer\u00edas asistir a la Olimpiada Matem\u00e1tica?<\/h4>\n<p style=\"text-align: justify;\">La verdad es que m\u00e1s que ilusi\u00f3n sent\u00ed mucha alegr\u00eda porque pens\u00e9 que pod\u00eda hacerlo muy bien representando al colegio.<\/p>\n<h4>Las pruebas que hab\u00e9is realizado, \u00bfte parecieron muy dif\u00edciles?<\/h4>\n<p style=\"text-align: justify;\">Me han parecido normales porque casi todo ten\u00eda relaci\u00f3n con lo que hemos trabajado en el cole durante todos los cursos.<\/p>\n<h4 style=\"text-align: justify;\">\u00bfQu\u00e9 nos dir\u00edas de tus compa\u00f1eros y de los dem\u00e1s participantes?<\/h4>\n<p style=\"text-align: justify;\">Con los compa\u00f1eros me he entendido muy bien y tambi\u00e9n me ha sorprendido la cantidad de participantes que hab\u00eda, todos hemos disfrutado y trabajado duro para hacerlo lo mejor posible.<\/p>\n<h4 style=\"text-align: justify;\">\u00bfLo pasaste bien con tantas \u201cmatem\u00e1ticas\u201d?<\/h4>\n<p style=\"text-align: justify;\">Si, sobre todo en la prueba con los compa\u00f1eros del colegio en la que conseguimos superar el reto con las ideas de todos.<\/p>\n<h4 style=\"text-align: justify;\">\u00bfCu\u00e1l es la sensaci\u00f3n despu\u00e9s de haber ganado y clasificarte para la fase nacional?<\/h4>\n<p style=\"text-align: justify;\">Pues de mucha felicidad, es una sensaci\u00f3n incre\u00edble porque han participado muchos chicos y chicas de Salamanca y tambi\u00e9n de Castilla y Le\u00f3n. Espero disfrutar tambi\u00e9n en la siguiente fase.<\/p>\n<p style=\"text-align: justify;\">[\/et_pb_text][\/et_pb_column][et_pb_column _builder_version=\u00bb4.17.4&#8243; _module_preset=\u00bbdefault\u00bb type=\u00bb2_5&#8243; theme_builder_area=\u00bbpost_content\u00bb][et_pb_image src=\u00bbhttps:\/\/salesianosmaux.es\/colegio\/wp-content\/uploads\/sites\/5\/2022\/06\/22PremioOlimpiada.jpeg\u00bb _builder_version=\u00bb4.17.4&#8243; _module_preset=\u00bbdefault\u00bb theme_builder_area=\u00bbpost_content\u00bb title_text=\u00bbAdri\u00e1n Z\u00e1rate\u00bb align=\u00bbcenter\u00bb hover_enabled=\u00bb0&#8243; sticky_enabled=\u00bb0&#8243; custom_margin=\u00bb18px||||false|false\u00bb][\/et_pb_image][\/et_pb_column][\/et_pb_row][\/et_pb_section]<\/p>\n","protected":false},"excerpt":{"rendered":"<p>Jos\u00e9 Ram\u00f3n Alonso, C\u00e9sar Benito, Mariela Hern\u00e1ndez y Adri\u00e1n Z\u00e1rate, han participado con \u00e9xito en la III Olimpiada Matem\u00e1tica Provincial. Nuestros chicos ganaron en primer lugar la prueba local, siendo el mejor colegio de Salamanca. Seguidamente, tambi\u00e9n lograron el primer puesto en la fase regional situando a Salamanca como ganadora de la Comunidad de Castilla y Le\u00f3n.<br \/>\nAdem\u00e1s a nivel individual, Adri\u00e1n Z\u00e1rate ha conseguido clasificarse para participar en la Olimpiada Matem\u00e1tica Nacional que se celebrar\u00e1 en Burgos del 24 al 27 de Junio.<br \/>\nA todos ellos, nuestra m\u00e1s sincera enhorabuena y agradecimiento por el gran papel realizado y la inmejorable representaci\u00f3n que han hecho de nuestro colegio y de la ciudad de Salamanca.<\/p>\n","protected":false},"author":1,"featured_media":1943,"comment_status":"open","ping_status":"open","sticky":false,"template":"","format":"standard","meta":{"_et_pb_use_builder":"on","_et_pb_old_content":"","_et_gb_content_width":"","_joinchat":[],"footnotes":""},"categories":[82],"tags":[],"class_list":["post-1942","post","type-post","status-publish","format-standard","has-post-thumbnail","hentry","category-vida-escolar"],"yoast_head":"<!-- This site is optimized with the Yoast SEO plugin v28.4 - https:\/\/yoast.com\/product\/yoast-seo-wordpress\/ -->\n<title>Olimpiadas Matem\u00e1ticas - Colegio Mar\u00eda Auxiliadora<\/title>\n<meta name=\"robots\" content=\"index, follow, max-snippet:-1, max-image-preview:large, max-video-preview:-1\" \/>\n<link rel=\"canonical\" href=\"https:\/\/salesianosmaux.es\/colegio\/2022\/06\/02\/olimpiadas-matematicas\/\" \/>\n<meta property=\"og:locale\" content=\"es_ES\" \/>\n<meta property=\"og:type\" content=\"article\" \/>\n<meta property=\"og:title\" content=\"Olimpiadas Matem\u00e1ticas - Colegio Mar\u00eda Auxiliadora\" \/>\n<meta property=\"og:description\" content=\"Jos\u00e9 Ram\u00f3n Alonso, C\u00e9sar Benito, Mariela Hern\u00e1ndez y Adri\u00e1n Z\u00e1rate, han participado con \u00e9xito en la III Olimpiada Matem\u00e1tica Provincial. Nuestros chicos ganaron en primer lugar la prueba local, siendo el mejor colegio de Salamanca. Seguidamente, tambi\u00e9n lograron el primer puesto en la fase regional situando a Salamanca como ganadora de la Comunidad de Castilla y Le\u00f3n. Adem\u00e1s a nivel individual, Adri\u00e1n Z\u00e1rate ha conseguido clasificarse para participar en la Olimpiada Matem\u00e1tica Nacional que se celebrar\u00e1 en Burgos del 24 al 27 de Junio. A todos ellos, nuestra m\u00e1s sincera enhorabuena y agradecimiento por el gran papel realizado y la inmejorable representaci\u00f3n que han hecho de nuestro colegio y de la ciudad de Salamanca.\" \/>\n<meta property=\"og:url\" content=\"https:\/\/salesianosmaux.es\/colegio\/2022\/06\/02\/olimpiadas-matematicas\/\" \/>\n<meta property=\"og:site_name\" content=\"Colegio Mar\u00eda Auxiliadora\" \/>\n<meta property=\"article:published_time\" content=\"2022-06-02T14:41:39+00:00\" \/>\n<meta property=\"article:modified_time\" content=\"2026-08-31T07:58:15+00:00\" \/>\n<meta property=\"og:image\" content=\"https:\/\/salesianosmaux.es\/colegio\/wp-content\/uploads\/sites\/5\/2022\/06\/22OlimpiadaMatem.jpeg\" \/>\n\t<meta property=\"og:image:width\" content=\"1600\" \/>\n\t<meta property=\"og:image:height\" content=\"1200\" \/>\n\t<meta property=\"og:image:type\" content=\"image\/jpeg\" \/>\n<meta name=\"author\" content=\"admin\" \/>\n<meta name=\"twitter:card\" content=\"summary_large_image\" \/>\n<meta name=\"twitter:label1\" content=\"Escrito por\" \/>\n\t<meta name=\"twitter:data1\" content=\"admin\" \/>\n<script type=\"application\/ld+json\" class=\"yoast-schema-graph\">{\"@context\":\"https:\\\/\\\/schema.org\",\"@graph\":[{\"@type\":\"Article\",\"@id\":\"https:\\\/\\\/salesianosmaux.es\\\/colegio\\\/2022\\\/06\\\/02\\\/olimpiadas-matematicas\\\/#article\",\"isPartOf\":{\"@id\":\"https:\\\/\\\/salesianosmaux.es\\\/colegio\\\/2022\\\/06\\\/02\\\/olimpiadas-matematicas\\\/\"},\"author\":{\"name\":\"admin\",\"@id\":\"https:\\\/\\\/salesianosmaux.es\\\/colegio\\\/#\\\/schema\\\/person\\\/9bd111fcfb5210d0fa466bfc8154b2f8\"},\"headline\":\"Olimpiadas Matem\u00e1ticas\",\"datePublished\":\"2022-06-02T14:41:39+00:00\",\"dateModified\":\"2026-08-31T07:58:15+00:00\",\"mainEntityOfPage\":{\"@id\":\"https:\\\/\\\/salesianosmaux.es\\\/colegio\\\/2022\\\/06\\\/02\\\/olimpiadas-matematicas\\\/\"},\"wordCount\":678,\"commentCount\":0,\"image\":{\"@id\":\"https:\\\/\\\/salesianosmaux.es\\\/colegio\\\/2022\\\/06\\\/02\\\/olimpiadas-matematicas\\\/#primaryimage\"},\"thumbnailUrl\":\"https:\\\/\\\/salesianosmaux.es\\\/colegio\\\/wp-content\\\/uploads\\\/sites\\\/5\\\/2022\\\/06\\\/22OlimpiadaMatem.jpeg\",\"articleSection\":[\"Vida Escolar\"],\"inLanguage\":\"es\",\"potentialAction\":[{\"@type\":\"CommentAction\",\"name\":\"Comment\",\"target\":[\"https:\\\/\\\/salesianosmaux.es\\\/colegio\\\/2022\\\/06\\\/02\\\/olimpiadas-matematicas\\\/#respond\"]}]},{\"@type\":\"WebPage\",\"@id\":\"https:\\\/\\\/salesianosmaux.es\\\/colegio\\\/2022\\\/06\\\/02\\\/olimpiadas-matematicas\\\/\",\"url\":\"https:\\\/\\\/salesianosmaux.es\\\/colegio\\\/2022\\\/06\\\/02\\\/olimpiadas-matematicas\\\/\",\"name\":\"Olimpiadas Matem\u00e1ticas - Colegio Mar\u00eda Auxiliadora\",\"isPartOf\":{\"@id\":\"https:\\\/\\\/salesianosmaux.es\\\/colegio\\\/#website\"},\"primaryImageOfPage\":{\"@id\":\"https:\\\/\\\/salesianosmaux.es\\\/colegio\\\/2022\\\/06\\\/02\\\/olimpiadas-matematicas\\\/#primaryimage\"},\"image\":{\"@id\":\"https:\\\/\\\/salesianosmaux.es\\\/colegio\\\/2022\\\/06\\\/02\\\/olimpiadas-matematicas\\\/#primaryimage\"},\"thumbnailUrl\":\"https:\\\/\\\/salesianosmaux.es\\\/colegio\\\/wp-content\\\/uploads\\\/sites\\\/5\\\/2022\\\/06\\\/22OlimpiadaMatem.jpeg\",\"datePublished\":\"2022-06-02T14:41:39+00:00\",\"dateModified\":\"2026-08-31T07:58:15+00:00\",\"author\":{\"@id\":\"https:\\\/\\\/salesianosmaux.es\\\/colegio\\\/#\\\/schema\\\/person\\\/9bd111fcfb5210d0fa466bfc8154b2f8\"},\"breadcrumb\":{\"@id\":\"https:\\\/\\\/salesianosmaux.es\\\/colegio\\\/2022\\\/06\\\/02\\\/olimpiadas-matematicas\\\/#breadcrumb\"},\"inLanguage\":\"es\",\"potentialAction\":[{\"@type\":\"ReadAction\",\"target\":[\"https:\\\/\\\/salesianosmaux.es\\\/colegio\\\/2022\\\/06\\\/02\\\/olimpiadas-matematicas\\\/\"]}]},{\"@type\":\"ImageObject\",\"inLanguage\":\"es\",\"@id\":\"https:\\\/\\\/salesianosmaux.es\\\/colegio\\\/2022\\\/06\\\/02\\\/olimpiadas-matematicas\\\/#primaryimage\",\"url\":\"https:\\\/\\\/salesianosmaux.es\\\/colegio\\\/wp-content\\\/uploads\\\/sites\\\/5\\\/2022\\\/06\\\/22OlimpiadaMatem.jpeg\",\"contentUrl\":\"https:\\\/\\\/salesianosmaux.es\\\/colegio\\\/wp-content\\\/uploads\\\/sites\\\/5\\\/2022\\\/06\\\/22OlimpiadaMatem.jpeg\",\"width\":1600,\"height\":1200},{\"@type\":\"BreadcrumbList\",\"@id\":\"https:\\\/\\\/salesianosmaux.es\\\/colegio\\\/2022\\\/06\\\/02\\\/olimpiadas-matematicas\\\/#breadcrumb\",\"itemListElement\":[{\"@type\":\"ListItem\",\"position\":1,\"name\":\"Portada\",\"item\":\"https:\\\/\\\/salesianosmaux.es\\\/colegio\\\/\"},{\"@type\":\"ListItem\",\"position\":2,\"name\":\"Olimpiadas Matem\u00e1ticas\"}]},{\"@type\":\"WebSite\",\"@id\":\"https:\\\/\\\/salesianosmaux.es\\\/colegio\\\/#website\",\"url\":\"https:\\\/\\\/salesianosmaux.es\\\/colegio\\\/\",\"name\":\"Colegio Mar\u00eda Auxiliadora\",\"description\":\"Colegio Mar\u00eda Auxiliadora\",\"potentialAction\":[{\"@type\":\"SearchAction\",\"target\":{\"@type\":\"EntryPoint\",\"urlTemplate\":\"https:\\\/\\\/salesianosmaux.es\\\/colegio\\\/?s={search_term_string}\"},\"query-input\":{\"@type\":\"PropertyValueSpecification\",\"valueRequired\":true,\"valueName\":\"search_term_string\"}}],\"inLanguage\":\"es\"},{\"@type\":\"Person\",\"@id\":\"https:\\\/\\\/salesianosmaux.es\\\/colegio\\\/#\\\/schema\\\/person\\\/9bd111fcfb5210d0fa466bfc8154b2f8\",\"name\":\"admin\",\"image\":{\"@type\":\"ImageObject\",\"inLanguage\":\"es\",\"@id\":\"https:\\\/\\\/secure.gravatar.com\\\/avatar\\\/09550e5c75cc821753a661f1c7f497ea1bbe9e394289f33e436a29a7df762242?s=96&d=mm&r=g\",\"url\":\"https:\\\/\\\/secure.gravatar.com\\\/avatar\\\/09550e5c75cc821753a661f1c7f497ea1bbe9e394289f33e436a29a7df762242?s=96&d=mm&r=g\",\"contentUrl\":\"https:\\\/\\\/secure.gravatar.com\\\/avatar\\\/09550e5c75cc821753a661f1c7f497ea1bbe9e394289f33e436a29a7df762242?s=96&d=mm&r=g\",\"caption\":\"admin\"},\"sameAs\":[\"https:\\\/\\\/salesianosmaux.es\"],\"url\":\"https:\\\/\\\/salesianosmaux.es\\\/colegio\\\/author\\\/salamanca_95jmwv72\\\/\"}]}<\/script>\n<!-- \/ Yoast SEO plugin. -->","yoast_head_json":{"title":"Olimpiadas Matem\u00e1ticas - Colegio Mar\u00eda Auxiliadora","robots":{"index":"index","follow":"follow","max-snippet":"max-snippet:-1","max-image-preview":"max-image-preview:large","max-video-preview":"max-video-preview:-1"},"canonical":"https:\/\/salesianosmaux.es\/colegio\/2022\/06\/02\/olimpiadas-matematicas\/","og_locale":"es_ES","og_type":"article","og_title":"Olimpiadas Matem\u00e1ticas - Colegio Mar\u00eda Auxiliadora","og_description":"Jos\u00e9 Ram\u00f3n Alonso, C\u00e9sar Benito, Mariela Hern\u00e1ndez y Adri\u00e1n Z\u00e1rate, han participado con \u00e9xito en la III Olimpiada Matem\u00e1tica Provincial. Nuestros chicos ganaron en primer lugar la prueba local, siendo el mejor colegio de Salamanca. Seguidamente, tambi\u00e9n lograron el primer puesto en la fase regional situando a Salamanca como ganadora de la Comunidad de Castilla y Le\u00f3n. Adem\u00e1s a nivel individual, Adri\u00e1n Z\u00e1rate ha conseguido clasificarse para participar en la Olimpiada Matem\u00e1tica Nacional que se celebrar\u00e1 en Burgos del 24 al 27 de Junio. A todos ellos, nuestra m\u00e1s sincera enhorabuena y agradecimiento por el gran papel realizado y la inmejorable representaci\u00f3n que han hecho de nuestro colegio y de la ciudad de Salamanca.","og_url":"https:\/\/salesianosmaux.es\/colegio\/2022\/06\/02\/olimpiadas-matematicas\/","og_site_name":"Colegio Mar\u00eda Auxiliadora","article_published_time":"2022-06-02T14:41:39+00:00","article_modified_time":"2026-08-31T07:58:15+00:00","og_image":[{"width":1600,"height":1200,"url":"https:\/\/salesianosmaux.es\/colegio\/wp-content\/uploads\/sites\/5\/2022\/06\/22OlimpiadaMatem.jpeg","type":"image\/jpeg"}],"author":"admin","twitter_card":"summary_large_image","twitter_misc":{"Escrito por":"admin"},"schema":{"@context":"https:\/\/schema.org","@graph":[{"@type":"Article","@id":"https:\/\/salesianosmaux.es\/colegio\/2022\/06\/02\/olimpiadas-matematicas\/#article","isPartOf":{"@id":"https:\/\/salesianosmaux.es\/colegio\/2022\/06\/02\/olimpiadas-matematicas\/"},"author":{"name":"admin","@id":"https:\/\/salesianosmaux.es\/colegio\/#\/schema\/person\/9bd111fcfb5210d0fa466bfc8154b2f8"},"headline":"Olimpiadas Matem\u00e1ticas","datePublished":"2022-06-02T14:41:39+00:00","dateModified":"2026-08-31T07:58:15+00:00","mainEntityOfPage":{"@id":"https:\/\/salesianosmaux.es\/colegio\/2022\/06\/02\/olimpiadas-matematicas\/"},"wordCount":678,"commentCount":0,"image":{"@id":"https:\/\/salesianosmaux.es\/colegio\/2022\/06\/02\/olimpiadas-matematicas\/#primaryimage"},"thumbnailUrl":"https:\/\/salesianosmaux.es\/colegio\/wp-content\/uploads\/sites\/5\/2022\/06\/22OlimpiadaMatem.jpeg","articleSection":["Vida Escolar"],"inLanguage":"es","potentialAction":[{"@type":"CommentAction","name":"Comment","target":["https:\/\/salesianosmaux.es\/colegio\/2022\/06\/02\/olimpiadas-matematicas\/#respond"]}]},{"@type":"WebPage","@id":"https:\/\/salesianosmaux.es\/colegio\/2022\/06\/02\/olimpiadas-matematicas\/","url":"https:\/\/salesianosmaux.es\/colegio\/2022\/06\/02\/olimpiadas-matematicas\/","name":"Olimpiadas Matem\u00e1ticas - Colegio Mar\u00eda Auxiliadora","isPartOf":{"@id":"https:\/\/salesianosmaux.es\/colegio\/#website"},"primaryImageOfPage":{"@id":"https:\/\/salesianosmaux.es\/colegio\/2022\/06\/02\/olimpiadas-matematicas\/#primaryimage"},"image":{"@id":"https:\/\/salesianosmaux.es\/colegio\/2022\/06\/02\/olimpiadas-matematicas\/#primaryimage"},"thumbnailUrl":"https:\/\/salesianosmaux.es\/colegio\/wp-content\/uploads\/sites\/5\/2022\/06\/22OlimpiadaMatem.jpeg","datePublished":"2022-06-02T14:41:39+00:00","dateModified":"2026-08-31T07:58:15+00:00","author":{"@id":"https:\/\/salesianosmaux.es\/colegio\/#\/schema\/person\/9bd111fcfb5210d0fa466bfc8154b2f8"},"breadcrumb":{"@id":"https:\/\/salesianosmaux.es\/colegio\/2022\/06\/02\/olimpiadas-matematicas\/#breadcrumb"},"inLanguage":"es","potentialAction":[{"@type":"ReadAction","target":["https:\/\/salesianosmaux.es\/colegio\/2022\/06\/02\/olimpiadas-matematicas\/"]}]},{"@type":"ImageObject","inLanguage":"es","@id":"https:\/\/salesianosmaux.es\/colegio\/2022\/06\/02\/olimpiadas-matematicas\/#primaryimage","url":"https:\/\/salesianosmaux.es\/colegio\/wp-content\/uploads\/sites\/5\/2022\/06\/22OlimpiadaMatem.jpeg","contentUrl":"https:\/\/salesianosmaux.es\/colegio\/wp-content\/uploads\/sites\/5\/2022\/06\/22OlimpiadaMatem.jpeg","width":1600,"height":1200},{"@type":"BreadcrumbList","@id":"https:\/\/salesianosmaux.es\/colegio\/2022\/06\/02\/olimpiadas-matematicas\/#breadcrumb","itemListElement":[{"@type":"ListItem","position":1,"name":"Portada","item":"https:\/\/salesianosmaux.es\/colegio\/"},{"@type":"ListItem","position":2,"name":"Olimpiadas Matem\u00e1ticas"}]},{"@type":"WebSite","@id":"https:\/\/salesianosmaux.es\/colegio\/#website","url":"https:\/\/salesianosmaux.es\/colegio\/","name":"Colegio Mar\u00eda Auxiliadora","description":"Colegio Mar\u00eda Auxiliadora","potentialAction":[{"@type":"SearchAction","target":{"@type":"EntryPoint","urlTemplate":"https:\/\/salesianosmaux.es\/colegio\/?s={search_term_string}"},"query-input":{"@type":"PropertyValueSpecification","valueRequired":true,"valueName":"search_term_string"}}],"inLanguage":"es"},{"@type":"Person","@id":"https:\/\/salesianosmaux.es\/colegio\/#\/schema\/person\/9bd111fcfb5210d0fa466bfc8154b2f8","name":"admin","image":{"@type":"ImageObject","inLanguage":"es","@id":"https:\/\/secure.gravatar.com\/avatar\/09550e5c75cc821753a661f1c7f497ea1bbe9e394289f33e436a29a7df762242?s=96&d=mm&r=g","url":"https:\/\/secure.gravatar.com\/avatar\/09550e5c75cc821753a661f1c7f497ea1bbe9e394289f33e436a29a7df762242?s=96&d=mm&r=g","contentUrl":"https:\/\/secure.gravatar.com\/avatar\/09550e5c75cc821753a661f1c7f497ea1bbe9e394289f33e436a29a7df762242?s=96&d=mm&r=g","caption":"admin"},"sameAs":["https:\/\/salesianosmaux.es"],"url":"https:\/\/salesianosmaux.es\/colegio\/author\/salamanca_95jmwv72\/"}]}},"_links":{"self":[{"href":"https:\/\/salesianosmaux.es\/colegio\/wp-json\/wp\/v2\/posts\/1942","targetHints":{"allow":["GET"]}}],"collection":[{"href":"https:\/\/salesianosmaux.es\/colegio\/wp-json\/wp\/v2\/posts"}],"about":[{"href":"https:\/\/salesianosmaux.es\/colegio\/wp-json\/wp\/v2\/types\/post"}],"author":[{"embeddable":true,"href":"https:\/\/salesianosmaux.es\/colegio\/wp-json\/wp\/v2\/users\/1"}],"replies":[{"embeddable":true,"href":"https:\/\/salesianosmaux.es\/colegio\/wp-json\/wp\/v2\/comments?post=1942"}],"version-history":[{"count":2,"href":"https:\/\/salesianosmaux.es\/colegio\/wp-json\/wp\/v2\/posts\/1942\/revisions"}],"predecessor-version":[{"id":1947,"href":"https:\/\/salesianosmaux.es\/colegio\/wp-json\/wp\/v2\/posts\/1942\/revisions\/1947"}],"wp:featuredmedia":[{"embeddable":true,"href":"https:\/\/salesianosmaux.es\/colegio\/wp-json\/wp\/v2\/media\/1943"}],"wp:attachment":[{"href":"https:\/\/salesianosmaux.es\/colegio\/wp-json\/wp\/v2\/media?parent=1942"}],"wp:term":[{"taxonomy":"category","embeddable":true,"href":"https:\/\/salesianosmaux.es\/colegio\/wp-json\/wp\/v2\/categories?post=1942"},{"taxonomy":"post_tag","embeddable":true,"href":"https:\/\/salesianosmaux.es\/colegio\/wp-json\/wp\/v2\/tags?post=1942"}],"curies":[{"name":"wp","href":"https:\/\/api.w.org\/{rel}","templated":true}]}}