{"id":2054,"date":"2022-06-10T11:21:21","date_gmt":"2022-06-10T11:21:21","guid":{"rendered":"https:\/\/salesianosmaux.es\/colegio\/?p=2054"},"modified":"2026-08-31T07:53:06","modified_gmt":"2026-08-31T07:53:06","slug":"concurso-de-declamacion-en-secundaria","status":"publish","type":"post","link":"https:\/\/salesianosmaux.es\/colegio\/2022\/06\/10\/concurso-de-declamacion-en-secundaria\/","title":{"rendered":"Concurso de Declamaci\u00f3n en Secundaria"},"content":{"rendered":"<p>[et_pb_section fb_built=\u00bb1&#8243; theme_builder_area=\u00bbpost_content\u00bb _builder_version=\u00bb4.17.4&#8243; _module_preset=\u00bbdefault\u00bb][et_pb_row _builder_version=\u00bb4.17.4&#8243; _module_preset=\u00bbdefault\u00bb theme_builder_area=\u00bbpost_content\u00bb][et_pb_column _builder_version=\u00bb4.17.4&#8243; _module_preset=\u00bbdefault\u00bb type=\u00bb4_4&#8243; theme_builder_area=\u00bbpost_content\u00bb][et_pb_text _builder_version=\u00bb4.17.4&#8243; text_font=\u00bb||||||||\u00bb header_font=\u00bb||||||||\u00bb header_2_font=\u00bbLato|300|||||||\u00bb header_2_font_size=\u00bb30px\u00bb text_orientation=\u00bbjustified\u00bb hover_enabled=\u00bb0&#8243; global_colors_info=\u00bb{}\u00bb theme_builder_area=\u00bbpost_content\u00bb sticky_enabled=\u00bb0&#8243;]<\/p>\n<p style=\"text-align: justify;\">Un a\u00f1o m\u00e1s hemos disfrutado del tradicional concurso de Declamaci\u00f3n de Poes\u00eda en la secci\u00f3n de Secundaria. <br \/>Es una actividad que organiza y dirige el departamento de lengua del colegio y en la que participan todos los alumnos de todos los cursos y, posteriormente se hace una selecci\u00f3n por categor\u00edas para participar en la final de la secci\u00f3n en el teatro.<\/p>\n<p style=\"text-align: justify;\">Los alumnos ganadores han sido obsequiados con una tarjeta regalo para canjear en material escolar.<\/p>\n<h2>Alumnos ganadores<\/h2>\n<ul>\n<li><strong><span style=\"color: #333333;\">1\u00ba de ESO<\/span><\/strong>\n<ul>\n<li><span style=\"color: #333333;\"><span>Vega Cifuentes Alonso<\/span><\/span><\/li>\n<li><span style=\"color: #333333;\"><span>Andrea Garc\u00eda Rodr\u00edguez<\/span><\/span><\/li>\n<li><span style=\"color: #333333;\"><span>Mar\u00eda Collantes Gallego<\/span><\/span><\/li>\n<li><span style=\"color: #333333;\"><span>Nora Dom\u00ednguez Fern\u00e1ndez<\/span><\/span><\/li>\n<\/ul>\n<\/li>\n<li><strong><span style=\"color: #333333;\">2\u00ba de ESO<\/span><\/strong>\n<ul>\n<li><span style=\"color: #333333;\"><span>In\u00e9s Gonz\u00e1lez-Coria G\u00f3mez<\/span><\/span><\/li>\n<\/ul>\n<\/li>\n<li><strong><span style=\"color: #333333;\">3\u00ba de ESO<\/span><\/strong>\n<ul>\n<li><span style=\"color: #333333;\"><span>Paula Gonz\u00e1lez Majano<\/span><\/span><\/li>\n<\/ul>\n<\/li>\n<li><strong><span style=\"color: #333333;\">Bachillerato<\/span><\/strong>\n<ul>\n<li><span style=\"color: #333333;\"><span>Jimena Vidal<\/span><\/span><\/li>\n<li><span style=\"color: #333333;\"><span>Mar\u00eda Raposo<\/span><\/span><\/li>\n<\/ul>\n<\/li>\n<\/ul>\n<p><strong><span style=\"color: #333333;\">\u00a1Enhorabuena a todos!<\/span><\/strong><\/p>\n<p>[\/et_pb_text][\/et_pb_column][\/et_pb_row][\/et_pb_section]<\/p>\n","protected":false},"excerpt":{"rendered":"<p>Un curso m\u00e1s hemos disfrutado del concurso de declamaci\u00f3n de poes\u00eda en toda la secci\u00f3n de secundaria.<br \/>\nEs una actividad que organiza y dirige el departamento de lengua del colegio y en la que participan todos los alumnos antes de hacer la selecci\u00f3n final que concursar\u00e1 en el teatro.<\/p>\n","protected":false},"author":1,"featured_media":2055,"comment_status":"open","ping_status":"open","sticky":false,"template":"","format":"standard","meta":{"_et_pb_use_builder":"on","_et_pb_old_content":"","_et_gb_content_width":"","_joinchat":[],"footnotes":""},"categories":[82],"tags":[],"class_list":["post-2054","post","type-post","status-publish","format-standard","has-post-thumbnail","hentry","category-vida-escolar"],"yoast_head":"<!-- This site is optimized with the Yoast SEO plugin v28.4 - https:\/\/yoast.com\/product\/yoast-seo-wordpress\/ -->\n<title>Concurso de Declamaci\u00f3n en Secundaria - Colegio Mar\u00eda Auxiliadora<\/title>\n<meta name=\"robots\" content=\"index, follow, max-snippet:-1, max-image-preview:large, max-video-preview:-1\" \/>\n<link rel=\"canonical\" href=\"https:\/\/salesianosmaux.es\/colegio\/2022\/06\/10\/concurso-de-declamacion-en-secundaria\/\" \/>\n<meta property=\"og:locale\" content=\"es_ES\" \/>\n<meta property=\"og:type\" content=\"article\" \/>\n<meta property=\"og:title\" content=\"Concurso de Declamaci\u00f3n en Secundaria - Colegio Mar\u00eda Auxiliadora\" \/>\n<meta property=\"og:description\" content=\"Un curso m\u00e1s hemos disfrutado del concurso de declamaci\u00f3n de poes\u00eda en toda la secci\u00f3n de secundaria. Es una actividad que organiza y dirige el departamento de lengua del colegio y en la que participan todos los alumnos antes de hacer la selecci\u00f3n final que concursar\u00e1 en el teatro.\" \/>\n<meta property=\"og:url\" content=\"https:\/\/salesianosmaux.es\/colegio\/2022\/06\/10\/concurso-de-declamacion-en-secundaria\/\" \/>\n<meta property=\"og:site_name\" content=\"Colegio Mar\u00eda Auxiliadora\" \/>\n<meta property=\"article:published_time\" content=\"2022-06-10T11:21:21+00:00\" \/>\n<meta property=\"article:modified_time\" content=\"2026-08-31T07:53:06+00:00\" \/>\n<meta property=\"og:image\" content=\"https:\/\/salesianosmaux.es\/colegio\/wp-content\/uploads\/sites\/5\/2022\/06\/2022declamacion-scaled.jpg\" \/>\n\t<meta property=\"og:image:width\" content=\"2560\" \/>\n\t<meta property=\"og:image:height\" content=\"1920\" \/>\n\t<meta property=\"og:image:type\" content=\"image\/jpeg\" \/>\n<meta name=\"author\" content=\"admin\" \/>\n<meta name=\"twitter:card\" content=\"summary_large_image\" \/>\n<meta name=\"twitter:label1\" content=\"Escrito por\" \/>\n\t<meta name=\"twitter:data1\" content=\"admin\" \/>\n<script type=\"application\/ld+json\" class=\"yoast-schema-graph\">{\"@context\":\"https:\\\/\\\/schema.org\",\"@graph\":[{\"@type\":\"Article\",\"@id\":\"https:\\\/\\\/salesianosmaux.es\\\/colegio\\\/2022\\\/06\\\/10\\\/concurso-de-declamacion-en-secundaria\\\/#article\",\"isPartOf\":{\"@id\":\"https:\\\/\\\/salesianosmaux.es\\\/colegio\\\/2022\\\/06\\\/10\\\/concurso-de-declamacion-en-secundaria\\\/\"},\"author\":{\"name\":\"admin\",\"@id\":\"https:\\\/\\\/salesianosmaux.es\\\/colegio\\\/#\\\/schema\\\/person\\\/9bd111fcfb5210d0fa466bfc8154b2f8\"},\"headline\":\"Concurso de Declamaci\u00f3n en Secundaria\",\"datePublished\":\"2022-06-10T11:21:21+00:00\",\"dateModified\":\"2026-08-31T07:53:06+00:00\",\"mainEntityOfPage\":{\"@id\":\"https:\\\/\\\/salesianosmaux.es\\\/colegio\\\/2022\\\/06\\\/10\\\/concurso-de-declamacion-en-secundaria\\\/\"},\"wordCount\":219,\"commentCount\":0,\"image\":{\"@id\":\"https:\\\/\\\/salesianosmaux.es\\\/colegio\\\/2022\\\/06\\\/10\\\/concurso-de-declamacion-en-secundaria\\\/#primaryimage\"},\"thumbnailUrl\":\"https:\\\/\\\/salesianosmaux.es\\\/colegio\\\/wp-content\\\/uploads\\\/sites\\\/5\\\/2022\\\/06\\\/2022declamacion-scaled.jpg\",\"articleSection\":[\"Vida Escolar\"],\"inLanguage\":\"es\",\"potentialAction\":[{\"@type\":\"CommentAction\",\"name\":\"Comment\",\"target\":[\"https:\\\/\\\/salesianosmaux.es\\\/colegio\\\/2022\\\/06\\\/10\\\/concurso-de-declamacion-en-secundaria\\\/#respond\"]}]},{\"@type\":\"WebPage\",\"@id\":\"https:\\\/\\\/salesianosmaux.es\\\/colegio\\\/2022\\\/06\\\/10\\\/concurso-de-declamacion-en-secundaria\\\/\",\"url\":\"https:\\\/\\\/salesianosmaux.es\\\/colegio\\\/2022\\\/06\\\/10\\\/concurso-de-declamacion-en-secundaria\\\/\",\"name\":\"Concurso de Declamaci\u00f3n en Secundaria - Colegio Mar\u00eda Auxiliadora\",\"isPartOf\":{\"@id\":\"https:\\\/\\\/salesianosmaux.es\\\/colegio\\\/#website\"},\"primaryImageOfPage\":{\"@id\":\"https:\\\/\\\/salesianosmaux.es\\\/colegio\\\/2022\\\/06\\\/10\\\/concurso-de-declamacion-en-secundaria\\\/#primaryimage\"},\"image\":{\"@id\":\"https:\\\/\\\/salesianosmaux.es\\\/colegio\\\/2022\\\/06\\\/10\\\/concurso-de-declamacion-en-secundaria\\\/#primaryimage\"},\"thumbnailUrl\":\"https:\\\/\\\/salesianosmaux.es\\\/colegio\\\/wp-content\\\/uploads\\\/sites\\\/5\\\/2022\\\/06\\\/2022declamacion-scaled.jpg\",\"datePublished\":\"2022-06-10T11:21:21+00:00\",\"dateModified\":\"2026-08-31T07:53:06+00:00\",\"author\":{\"@id\":\"https:\\\/\\\/salesianosmaux.es\\\/colegio\\\/#\\\/schema\\\/person\\\/9bd111fcfb5210d0fa466bfc8154b2f8\"},\"breadcrumb\":{\"@id\":\"https:\\\/\\\/salesianosmaux.es\\\/colegio\\\/2022\\\/06\\\/10\\\/concurso-de-declamacion-en-secundaria\\\/#breadcrumb\"},\"inLanguage\":\"es\",\"potentialAction\":[{\"@type\":\"ReadAction\",\"target\":[\"https:\\\/\\\/salesianosmaux.es\\\/colegio\\\/2022\\\/06\\\/10\\\/concurso-de-declamacion-en-secundaria\\\/\"]}]},{\"@type\":\"ImageObject\",\"inLanguage\":\"es\",\"@id\":\"https:\\\/\\\/salesianosmaux.es\\\/colegio\\\/2022\\\/06\\\/10\\\/concurso-de-declamacion-en-secundaria\\\/#primaryimage\",\"url\":\"https:\\\/\\\/salesianosmaux.es\\\/colegio\\\/wp-content\\\/uploads\\\/sites\\\/5\\\/2022\\\/06\\\/2022declamacion-scaled.jpg\",\"contentUrl\":\"https:\\\/\\\/salesianosmaux.es\\\/colegio\\\/wp-content\\\/uploads\\\/sites\\\/5\\\/2022\\\/06\\\/2022declamacion-scaled.jpg\",\"width\":2560,\"height\":1920},{\"@type\":\"BreadcrumbList\",\"@id\":\"https:\\\/\\\/salesianosmaux.es\\\/colegio\\\/2022\\\/06\\\/10\\\/concurso-de-declamacion-en-secundaria\\\/#breadcrumb\",\"itemListElement\":[{\"@type\":\"ListItem\",\"position\":1,\"name\":\"Portada\",\"item\":\"https:\\\/\\\/salesianosmaux.es\\\/colegio\\\/\"},{\"@type\":\"ListItem\",\"position\":2,\"name\":\"Concurso de Declamaci\u00f3n en Secundaria\"}]},{\"@type\":\"WebSite\",\"@id\":\"https:\\\/\\\/salesianosmaux.es\\\/colegio\\\/#website\",\"url\":\"https:\\\/\\\/salesianosmaux.es\\\/colegio\\\/\",\"name\":\"Colegio Mar\u00eda Auxiliadora\",\"description\":\"Colegio Mar\u00eda Auxiliadora\",\"potentialAction\":[{\"@type\":\"SearchAction\",\"target\":{\"@type\":\"EntryPoint\",\"urlTemplate\":\"https:\\\/\\\/salesianosmaux.es\\\/colegio\\\/?s={search_term_string}\"},\"query-input\":{\"@type\":\"PropertyValueSpecification\",\"valueRequired\":true,\"valueName\":\"search_term_string\"}}],\"inLanguage\":\"es\"},{\"@type\":\"Person\",\"@id\":\"https:\\\/\\\/salesianosmaux.es\\\/colegio\\\/#\\\/schema\\\/person\\\/9bd111fcfb5210d0fa466bfc8154b2f8\",\"name\":\"admin\",\"image\":{\"@type\":\"ImageObject\",\"inLanguage\":\"es\",\"@id\":\"https:\\\/\\\/secure.gravatar.com\\\/avatar\\\/09550e5c75cc821753a661f1c7f497ea1bbe9e394289f33e436a29a7df762242?s=96&d=mm&r=g\",\"url\":\"https:\\\/\\\/secure.gravatar.com\\\/avatar\\\/09550e5c75cc821753a661f1c7f497ea1bbe9e394289f33e436a29a7df762242?s=96&d=mm&r=g\",\"contentUrl\":\"https:\\\/\\\/secure.gravatar.com\\\/avatar\\\/09550e5c75cc821753a661f1c7f497ea1bbe9e394289f33e436a29a7df762242?s=96&d=mm&r=g\",\"caption\":\"admin\"},\"sameAs\":[\"https:\\\/\\\/salesianosmaux.es\"],\"url\":\"https:\\\/\\\/salesianosmaux.es\\\/colegio\\\/author\\\/salamanca_95jmwv72\\\/\"}]}<\/script>\n<!-- \/ Yoast SEO plugin. -->","yoast_head_json":{"title":"Concurso de Declamaci\u00f3n en Secundaria - Colegio Mar\u00eda Auxiliadora","robots":{"index":"index","follow":"follow","max-snippet":"max-snippet:-1","max-image-preview":"max-image-preview:large","max-video-preview":"max-video-preview:-1"},"canonical":"https:\/\/salesianosmaux.es\/colegio\/2022\/06\/10\/concurso-de-declamacion-en-secundaria\/","og_locale":"es_ES","og_type":"article","og_title":"Concurso de Declamaci\u00f3n en Secundaria - Colegio Mar\u00eda Auxiliadora","og_description":"Un curso m\u00e1s hemos disfrutado del concurso de declamaci\u00f3n de poes\u00eda en toda la secci\u00f3n de secundaria. Es una actividad que organiza y dirige el departamento de lengua del colegio y en la que participan todos los alumnos antes de hacer la selecci\u00f3n final que concursar\u00e1 en el teatro.","og_url":"https:\/\/salesianosmaux.es\/colegio\/2022\/06\/10\/concurso-de-declamacion-en-secundaria\/","og_site_name":"Colegio Mar\u00eda Auxiliadora","article_published_time":"2022-06-10T11:21:21+00:00","article_modified_time":"2026-08-31T07:53:06+00:00","og_image":[{"width":2560,"height":1920,"url":"https:\/\/salesianosmaux.es\/colegio\/wp-content\/uploads\/sites\/5\/2022\/06\/2022declamacion-scaled.jpg","type":"image\/jpeg"}],"author":"admin","twitter_card":"summary_large_image","twitter_misc":{"Escrito por":"admin"},"schema":{"@context":"https:\/\/schema.org","@graph":[{"@type":"Article","@id":"https:\/\/salesianosmaux.es\/colegio\/2022\/06\/10\/concurso-de-declamacion-en-secundaria\/#article","isPartOf":{"@id":"https:\/\/salesianosmaux.es\/colegio\/2022\/06\/10\/concurso-de-declamacion-en-secundaria\/"},"author":{"name":"admin","@id":"https:\/\/salesianosmaux.es\/colegio\/#\/schema\/person\/9bd111fcfb5210d0fa466bfc8154b2f8"},"headline":"Concurso de Declamaci\u00f3n en Secundaria","datePublished":"2022-06-10T11:21:21+00:00","dateModified":"2026-08-31T07:53:06+00:00","mainEntityOfPage":{"@id":"https:\/\/salesianosmaux.es\/colegio\/2022\/06\/10\/concurso-de-declamacion-en-secundaria\/"},"wordCount":219,"commentCount":0,"image":{"@id":"https:\/\/salesianosmaux.es\/colegio\/2022\/06\/10\/concurso-de-declamacion-en-secundaria\/#primaryimage"},"thumbnailUrl":"https:\/\/salesianosmaux.es\/colegio\/wp-content\/uploads\/sites\/5\/2022\/06\/2022declamacion-scaled.jpg","articleSection":["Vida Escolar"],"inLanguage":"es","potentialAction":[{"@type":"CommentAction","name":"Comment","target":["https:\/\/salesianosmaux.es\/colegio\/2022\/06\/10\/concurso-de-declamacion-en-secundaria\/#respond"]}]},{"@type":"WebPage","@id":"https:\/\/salesianosmaux.es\/colegio\/2022\/06\/10\/concurso-de-declamacion-en-secundaria\/","url":"https:\/\/salesianosmaux.es\/colegio\/2022\/06\/10\/concurso-de-declamacion-en-secundaria\/","name":"Concurso de Declamaci\u00f3n en Secundaria - Colegio Mar\u00eda Auxiliadora","isPartOf":{"@id":"https:\/\/salesianosmaux.es\/colegio\/#website"},"primaryImageOfPage":{"@id":"https:\/\/salesianosmaux.es\/colegio\/2022\/06\/10\/concurso-de-declamacion-en-secundaria\/#primaryimage"},"image":{"@id":"https:\/\/salesianosmaux.es\/colegio\/2022\/06\/10\/concurso-de-declamacion-en-secundaria\/#primaryimage"},"thumbnailUrl":"https:\/\/salesianosmaux.es\/colegio\/wp-content\/uploads\/sites\/5\/2022\/06\/2022declamacion-scaled.jpg","datePublished":"2022-06-10T11:21:21+00:00","dateModified":"2026-08-31T07:53:06+00:00","author":{"@id":"https:\/\/salesianosmaux.es\/colegio\/#\/schema\/person\/9bd111fcfb5210d0fa466bfc8154b2f8"},"breadcrumb":{"@id":"https:\/\/salesianosmaux.es\/colegio\/2022\/06\/10\/concurso-de-declamacion-en-secundaria\/#breadcrumb"},"inLanguage":"es","potentialAction":[{"@type":"ReadAction","target":["https:\/\/salesianosmaux.es\/colegio\/2022\/06\/10\/concurso-de-declamacion-en-secundaria\/"]}]},{"@type":"ImageObject","inLanguage":"es","@id":"https:\/\/salesianosmaux.es\/colegio\/2022\/06\/10\/concurso-de-declamacion-en-secundaria\/#primaryimage","url":"https:\/\/salesianosmaux.es\/colegio\/wp-content\/uploads\/sites\/5\/2022\/06\/2022declamacion-scaled.jpg","contentUrl":"https:\/\/salesianosmaux.es\/colegio\/wp-content\/uploads\/sites\/5\/2022\/06\/2022declamacion-scaled.jpg","width":2560,"height":1920},{"@type":"BreadcrumbList","@id":"https:\/\/salesianosmaux.es\/colegio\/2022\/06\/10\/concurso-de-declamacion-en-secundaria\/#breadcrumb","itemListElement":[{"@type":"ListItem","position":1,"name":"Portada","item":"https:\/\/salesianosmaux.es\/colegio\/"},{"@type":"ListItem","position":2,"name":"Concurso de Declamaci\u00f3n en Secundaria"}]},{"@type":"WebSite","@id":"https:\/\/salesianosmaux.es\/colegio\/#website","url":"https:\/\/salesianosmaux.es\/colegio\/","name":"Colegio Mar\u00eda Auxiliadora","description":"Colegio Mar\u00eda Auxiliadora","potentialAction":[{"@type":"SearchAction","target":{"@type":"EntryPoint","urlTemplate":"https:\/\/salesianosmaux.es\/colegio\/?s={search_term_string}"},"query-input":{"@type":"PropertyValueSpecification","valueRequired":true,"valueName":"search_term_string"}}],"inLanguage":"es"},{"@type":"Person","@id":"https:\/\/salesianosmaux.es\/colegio\/#\/schema\/person\/9bd111fcfb5210d0fa466bfc8154b2f8","name":"admin","image":{"@type":"ImageObject","inLanguage":"es","@id":"https:\/\/secure.gravatar.com\/avatar\/09550e5c75cc821753a661f1c7f497ea1bbe9e394289f33e436a29a7df762242?s=96&d=mm&r=g","url":"https:\/\/secure.gravatar.com\/avatar\/09550e5c75cc821753a661f1c7f497ea1bbe9e394289f33e436a29a7df762242?s=96&d=mm&r=g","contentUrl":"https:\/\/secure.gravatar.com\/avatar\/09550e5c75cc821753a661f1c7f497ea1bbe9e394289f33e436a29a7df762242?s=96&d=mm&r=g","caption":"admin"},"sameAs":["https:\/\/salesianosmaux.es"],"url":"https:\/\/salesianosmaux.es\/colegio\/author\/salamanca_95jmwv72\/"}]}},"_links":{"self":[{"href":"https:\/\/salesianosmaux.es\/colegio\/wp-json\/wp\/v2\/posts\/2054","targetHints":{"allow":["GET"]}}],"collection":[{"href":"https:\/\/salesianosmaux.es\/colegio\/wp-json\/wp\/v2\/posts"}],"about":[{"href":"https:\/\/salesianosmaux.es\/colegio\/wp-json\/wp\/v2\/types\/post"}],"author":[{"embeddable":true,"href":"https:\/\/salesianosmaux.es\/colegio\/wp-json\/wp\/v2\/users\/1"}],"replies":[{"embeddable":true,"href":"https:\/\/salesianosmaux.es\/colegio\/wp-json\/wp\/v2\/comments?post=2054"}],"version-history":[{"count":3,"href":"https:\/\/salesianosmaux.es\/colegio\/wp-json\/wp\/v2\/posts\/2054\/revisions"}],"predecessor-version":[{"id":2059,"href":"https:\/\/salesianosmaux.es\/colegio\/wp-json\/wp\/v2\/posts\/2054\/revisions\/2059"}],"wp:featuredmedia":[{"embeddable":true,"href":"https:\/\/salesianosmaux.es\/colegio\/wp-json\/wp\/v2\/media\/2055"}],"wp:attachment":[{"href":"https:\/\/salesianosmaux.es\/colegio\/wp-json\/wp\/v2\/media?parent=2054"}],"wp:term":[{"taxonomy":"category","embeddable":true,"href":"https:\/\/salesianosmaux.es\/colegio\/wp-json\/wp\/v2\/categories?post=2054"},{"taxonomy":"post_tag","embeddable":true,"href":"https:\/\/salesianosmaux.es\/colegio\/wp-json\/wp\/v2\/tags?post=2054"}],"curies":[{"name":"wp","href":"https:\/\/api.w.org\/{rel}","templated":true}]}}