{"id":2068,"date":"2022-06-16T20:18:17","date_gmt":"2022-06-16T20:18:17","guid":{"rendered":"https:\/\/salesianosmaux.es\/colegio\/?p=2068"},"modified":"2026-08-31T07:49:04","modified_gmt":"2026-08-31T07:49:04","slug":"campana-a-favor-del-centro-ave-maria","status":"publish","type":"post","link":"https:\/\/salesianosmaux.es\/colegio\/2022\/06\/16\/campana-a-favor-del-centro-ave-maria\/","title":{"rendered":"Campa\u00f1a a favor del Centro Ave Mar\u00eda"},"content":{"rendered":"<p>[et_pb_section fb_built=\u00bb1&#8243; _builder_version=\u00bb4.17.4&#8243; _module_preset=\u00bbdefault\u00bb global_colors_info=\u00bb{}\u00bb theme_builder_area=\u00bbpost_content\u00bb][et_pb_row _builder_version=\u00bb4.17.4&#8243; _module_preset=\u00bbdefault\u00bb global_colors_info=\u00bb{}\u00bb theme_builder_area=\u00bbpost_content\u00bb][et_pb_column type=\u00bb4_4&#8243; _builder_version=\u00bb4.17.4&#8243; _module_preset=\u00bbdefault\u00bb global_colors_info=\u00bb{}\u00bb theme_builder_area=\u00bbpost_content\u00bb][et_pb_text _builder_version=\u00bb4.17.4&#8243; _module_preset=\u00bbdefault\u00bb header_2_font=\u00bbLato|300|||||||\u00bb global_colors_info=\u00bb{}\u00bb theme_builder_area=\u00bbpost_content\u00bb]<\/p>\n<h2>\u00a1Ayuda Urgente!<\/h2>\n<p>[\/et_pb_text][et_pb_text _builder_version=\u00bb4.17.4&#8243; _module_preset=\u00bbdefault\u00bb global_colors_info=\u00bb{}\u00bb theme_builder_area=\u00bbpost_content\u00bb]<\/p>\n<p>Desde el <a href=\"http:\/\/centroavemaria.org\" target=\"_blank\" rel=\"noopener\" title=\"Centro materno infantil Ave Mar\u00eda \">Centro materno infantil Ave Mar\u00eda \u00a0<\/a>nos piden ayuda. En concreto necesitan especialmente:<\/p>\n<ul>\n<li>Papel higi\u00e9nico<\/li>\n<li>Leche materna de primero<\/li>\n<li>Alimentos no perecederos<\/li>\n<\/ul>\n<p>Adem\u00e1s, cualquier donativo es bienvenido en su cuenta <em>ES77 0049 5290 2326 9315 9816<\/em> (Instituto Secular Cruzada Evang\u00e9lica)<\/p>\n<p>Unimos fuerzas Salesianos Salamanca &#8211; Mar\u00eda Auxiliadora y <a href=\"https:\/\/www.unionistascf.com\" target=\"_blank\" rel=\"noopener\" title=\"Unionistas CF\">Unionistas CF<\/a> para esta buena causa.<\/p>\n<p>Podeis entregar los productos en el Colegio \u00a1Muchas gracias por vuestra ayuda!<\/p>\n<p>[\/et_pb_text][\/et_pb_column][\/et_pb_row][\/et_pb_section]<\/p>\n","protected":false},"excerpt":{"rendered":"<p>\u00a1Ayuda Urgente!Desde el Centro materno infantil Ave Mar\u00eda \u00a0nos piden ayuda. En concreto necesitan especialmente: Papel higi\u00e9nico Leche materna de primero Alimentos no perecederos Adem\u00e1s, cualquier donativo es bienvenido en su cuenta ES77 0049 5290 2326 9315 9816 (Instituto Secular Cruzada Evang\u00e9lica) Unimos fuerzas Salesianos Salamanca &#8211; Mar\u00eda Auxiliadora y Unionistas CF para esta buena [&hellip;]<\/p>\n","protected":false},"author":1,"featured_media":2077,"comment_status":"closed","ping_status":"closed","sticky":false,"template":"","format":"standard","meta":{"_et_pb_use_builder":"on","_et_pb_old_content":"","_et_gb_content_width":"","_joinchat":[],"footnotes":""},"categories":[35],"tags":[],"class_list":["post-2068","post","type-post","status-publish","format-standard","has-post-thumbnail","hentry","category-pastoral"],"yoast_head":"<!-- This site is optimized with the Yoast SEO plugin v28.4 - https:\/\/yoast.com\/product\/yoast-seo-wordpress\/ -->\n<title>Campa\u00f1a a favor del Centro Ave Mar\u00eda - Colegio Mar\u00eda Auxiliadora<\/title>\n<meta name=\"robots\" content=\"index, follow, max-snippet:-1, max-image-preview:large, max-video-preview:-1\" \/>\n<link rel=\"canonical\" href=\"https:\/\/salesianosmaux.es\/colegio\/2022\/06\/16\/campana-a-favor-del-centro-ave-maria\/\" \/>\n<meta property=\"og:locale\" content=\"es_ES\" \/>\n<meta property=\"og:type\" content=\"article\" \/>\n<meta property=\"og:title\" content=\"Campa\u00f1a a favor del Centro Ave Mar\u00eda - Colegio Mar\u00eda Auxiliadora\" \/>\n<meta property=\"og:description\" content=\"Te puede interesar...\" \/>\n<meta property=\"og:url\" content=\"https:\/\/salesianosmaux.es\/colegio\/2022\/06\/16\/campana-a-favor-del-centro-ave-maria\/\" \/>\n<meta property=\"og:site_name\" content=\"Colegio Mar\u00eda Auxiliadora\" \/>\n<meta property=\"article:published_time\" content=\"2022-06-16T20:18:17+00:00\" \/>\n<meta property=\"article:modified_time\" content=\"2026-08-31T07:49:04+00:00\" \/>\n<meta property=\"og:image\" content=\"https:\/\/salesianosmaux.es\/colegio\/wp-content\/uploads\/sites\/5\/2022\/06\/22AveMaria.jpeg\" \/>\n\t<meta property=\"og:image:width\" content=\"1600\" \/>\n\t<meta property=\"og:image:height\" content=\"1131\" \/>\n\t<meta property=\"og:image:type\" content=\"image\/jpeg\" \/>\n<meta name=\"author\" content=\"admin\" \/>\n<meta name=\"twitter:card\" content=\"summary_large_image\" \/>\n<meta name=\"twitter:label1\" content=\"Escrito por\" \/>\n\t<meta name=\"twitter:data1\" content=\"admin\" \/>\n\t<meta name=\"twitter:label2\" content=\"Tiempo de lectura\" \/>\n\t<meta name=\"twitter:data2\" content=\"1 minuto\" \/>\n<script type=\"application\/ld+json\" class=\"yoast-schema-graph\">{\"@context\":\"https:\\\/\\\/schema.org\",\"@graph\":[{\"@type\":\"Article\",\"@id\":\"https:\\\/\\\/salesianosmaux.es\\\/colegio\\\/2022\\\/06\\\/16\\\/campana-a-favor-del-centro-ave-maria\\\/#article\",\"isPartOf\":{\"@id\":\"https:\\\/\\\/salesianosmaux.es\\\/colegio\\\/2022\\\/06\\\/16\\\/campana-a-favor-del-centro-ave-maria\\\/\"},\"author\":{\"name\":\"admin\",\"@id\":\"https:\\\/\\\/salesianosmaux.es\\\/colegio\\\/#\\\/schema\\\/person\\\/9bd111fcfb5210d0fa466bfc8154b2f8\"},\"headline\":\"Campa\u00f1a a favor del Centro Ave Mar\u00eda\",\"datePublished\":\"2022-06-16T20:18:17+00:00\",\"dateModified\":\"2026-08-31T07:49:04+00:00\",\"mainEntityOfPage\":{\"@id\":\"https:\\\/\\\/salesianosmaux.es\\\/colegio\\\/2022\\\/06\\\/16\\\/campana-a-favor-del-centro-ave-maria\\\/\"},\"wordCount\":179,\"image\":{\"@id\":\"https:\\\/\\\/salesianosmaux.es\\\/colegio\\\/2022\\\/06\\\/16\\\/campana-a-favor-del-centro-ave-maria\\\/#primaryimage\"},\"thumbnailUrl\":\"https:\\\/\\\/salesianosmaux.es\\\/colegio\\\/wp-content\\\/uploads\\\/sites\\\/5\\\/2022\\\/06\\\/22AveMaria.jpeg\",\"articleSection\":[\"Pastoral\"],\"inLanguage\":\"es\"},{\"@type\":\"WebPage\",\"@id\":\"https:\\\/\\\/salesianosmaux.es\\\/colegio\\\/2022\\\/06\\\/16\\\/campana-a-favor-del-centro-ave-maria\\\/\",\"url\":\"https:\\\/\\\/salesianosmaux.es\\\/colegio\\\/2022\\\/06\\\/16\\\/campana-a-favor-del-centro-ave-maria\\\/\",\"name\":\"Campa\u00f1a a favor del Centro Ave Mar\u00eda - Colegio Mar\u00eda Auxiliadora\",\"isPartOf\":{\"@id\":\"https:\\\/\\\/salesianosmaux.es\\\/colegio\\\/#website\"},\"primaryImageOfPage\":{\"@id\":\"https:\\\/\\\/salesianosmaux.es\\\/colegio\\\/2022\\\/06\\\/16\\\/campana-a-favor-del-centro-ave-maria\\\/#primaryimage\"},\"image\":{\"@id\":\"https:\\\/\\\/salesianosmaux.es\\\/colegio\\\/2022\\\/06\\\/16\\\/campana-a-favor-del-centro-ave-maria\\\/#primaryimage\"},\"thumbnailUrl\":\"https:\\\/\\\/salesianosmaux.es\\\/colegio\\\/wp-content\\\/uploads\\\/sites\\\/5\\\/2022\\\/06\\\/22AveMaria.jpeg\",\"datePublished\":\"2022-06-16T20:18:17+00:00\",\"dateModified\":\"2026-08-31T07:49:04+00:00\",\"author\":{\"@id\":\"https:\\\/\\\/salesianosmaux.es\\\/colegio\\\/#\\\/schema\\\/person\\\/9bd111fcfb5210d0fa466bfc8154b2f8\"},\"breadcrumb\":{\"@id\":\"https:\\\/\\\/salesianosmaux.es\\\/colegio\\\/2022\\\/06\\\/16\\\/campana-a-favor-del-centro-ave-maria\\\/#breadcrumb\"},\"inLanguage\":\"es\",\"potentialAction\":[{\"@type\":\"ReadAction\",\"target\":[\"https:\\\/\\\/salesianosmaux.es\\\/colegio\\\/2022\\\/06\\\/16\\\/campana-a-favor-del-centro-ave-maria\\\/\"]}]},{\"@type\":\"ImageObject\",\"inLanguage\":\"es\",\"@id\":\"https:\\\/\\\/salesianosmaux.es\\\/colegio\\\/2022\\\/06\\\/16\\\/campana-a-favor-del-centro-ave-maria\\\/#primaryimage\",\"url\":\"https:\\\/\\\/salesianosmaux.es\\\/colegio\\\/wp-content\\\/uploads\\\/sites\\\/5\\\/2022\\\/06\\\/22AveMaria.jpeg\",\"contentUrl\":\"https:\\\/\\\/salesianosmaux.es\\\/colegio\\\/wp-content\\\/uploads\\\/sites\\\/5\\\/2022\\\/06\\\/22AveMaria.jpeg\",\"width\":1600,\"height\":1131},{\"@type\":\"BreadcrumbList\",\"@id\":\"https:\\\/\\\/salesianosmaux.es\\\/colegio\\\/2022\\\/06\\\/16\\\/campana-a-favor-del-centro-ave-maria\\\/#breadcrumb\",\"itemListElement\":[{\"@type\":\"ListItem\",\"position\":1,\"name\":\"Portada\",\"item\":\"https:\\\/\\\/salesianosmaux.es\\\/colegio\\\/\"},{\"@type\":\"ListItem\",\"position\":2,\"name\":\"Campa\u00f1a a favor del Centro Ave Mar\u00eda\"}]},{\"@type\":\"WebSite\",\"@id\":\"https:\\\/\\\/salesianosmaux.es\\\/colegio\\\/#website\",\"url\":\"https:\\\/\\\/salesianosmaux.es\\\/colegio\\\/\",\"name\":\"Colegio Mar\u00eda Auxiliadora\",\"description\":\"Colegio Mar\u00eda Auxiliadora\",\"potentialAction\":[{\"@type\":\"SearchAction\",\"target\":{\"@type\":\"EntryPoint\",\"urlTemplate\":\"https:\\\/\\\/salesianosmaux.es\\\/colegio\\\/?s={search_term_string}\"},\"query-input\":{\"@type\":\"PropertyValueSpecification\",\"valueRequired\":true,\"valueName\":\"search_term_string\"}}],\"inLanguage\":\"es\"},{\"@type\":\"Person\",\"@id\":\"https:\\\/\\\/salesianosmaux.es\\\/colegio\\\/#\\\/schema\\\/person\\\/9bd111fcfb5210d0fa466bfc8154b2f8\",\"name\":\"admin\",\"image\":{\"@type\":\"ImageObject\",\"inLanguage\":\"es\",\"@id\":\"https:\\\/\\\/secure.gravatar.com\\\/avatar\\\/09550e5c75cc821753a661f1c7f497ea1bbe9e394289f33e436a29a7df762242?s=96&d=mm&r=g\",\"url\":\"https:\\\/\\\/secure.gravatar.com\\\/avatar\\\/09550e5c75cc821753a661f1c7f497ea1bbe9e394289f33e436a29a7df762242?s=96&d=mm&r=g\",\"contentUrl\":\"https:\\\/\\\/secure.gravatar.com\\\/avatar\\\/09550e5c75cc821753a661f1c7f497ea1bbe9e394289f33e436a29a7df762242?s=96&d=mm&r=g\",\"caption\":\"admin\"},\"sameAs\":[\"https:\\\/\\\/salesianosmaux.es\"],\"url\":\"https:\\\/\\\/salesianosmaux.es\\\/colegio\\\/author\\\/salamanca_95jmwv72\\\/\"}]}<\/script>\n<!-- \/ Yoast SEO plugin. -->","yoast_head_json":{"title":"Campa\u00f1a a favor del Centro Ave Mar\u00eda - Colegio Mar\u00eda Auxiliadora","robots":{"index":"index","follow":"follow","max-snippet":"max-snippet:-1","max-image-preview":"max-image-preview:large","max-video-preview":"max-video-preview:-1"},"canonical":"https:\/\/salesianosmaux.es\/colegio\/2022\/06\/16\/campana-a-favor-del-centro-ave-maria\/","og_locale":"es_ES","og_type":"article","og_title":"Campa\u00f1a a favor del Centro Ave Mar\u00eda - Colegio Mar\u00eda Auxiliadora","og_description":"Te puede interesar...","og_url":"https:\/\/salesianosmaux.es\/colegio\/2022\/06\/16\/campana-a-favor-del-centro-ave-maria\/","og_site_name":"Colegio Mar\u00eda Auxiliadora","article_published_time":"2022-06-16T20:18:17+00:00","article_modified_time":"2026-08-31T07:49:04+00:00","og_image":[{"width":1600,"height":1131,"url":"https:\/\/salesianosmaux.es\/colegio\/wp-content\/uploads\/sites\/5\/2022\/06\/22AveMaria.jpeg","type":"image\/jpeg"}],"author":"admin","twitter_card":"summary_large_image","twitter_misc":{"Escrito por":"admin","Tiempo de lectura":"1 minuto"},"schema":{"@context":"https:\/\/schema.org","@graph":[{"@type":"Article","@id":"https:\/\/salesianosmaux.es\/colegio\/2022\/06\/16\/campana-a-favor-del-centro-ave-maria\/#article","isPartOf":{"@id":"https:\/\/salesianosmaux.es\/colegio\/2022\/06\/16\/campana-a-favor-del-centro-ave-maria\/"},"author":{"name":"admin","@id":"https:\/\/salesianosmaux.es\/colegio\/#\/schema\/person\/9bd111fcfb5210d0fa466bfc8154b2f8"},"headline":"Campa\u00f1a a favor del Centro Ave Mar\u00eda","datePublished":"2022-06-16T20:18:17+00:00","dateModified":"2026-08-31T07:49:04+00:00","mainEntityOfPage":{"@id":"https:\/\/salesianosmaux.es\/colegio\/2022\/06\/16\/campana-a-favor-del-centro-ave-maria\/"},"wordCount":179,"image":{"@id":"https:\/\/salesianosmaux.es\/colegio\/2022\/06\/16\/campana-a-favor-del-centro-ave-maria\/#primaryimage"},"thumbnailUrl":"https:\/\/salesianosmaux.es\/colegio\/wp-content\/uploads\/sites\/5\/2022\/06\/22AveMaria.jpeg","articleSection":["Pastoral"],"inLanguage":"es"},{"@type":"WebPage","@id":"https:\/\/salesianosmaux.es\/colegio\/2022\/06\/16\/campana-a-favor-del-centro-ave-maria\/","url":"https:\/\/salesianosmaux.es\/colegio\/2022\/06\/16\/campana-a-favor-del-centro-ave-maria\/","name":"Campa\u00f1a a favor del Centro Ave Mar\u00eda - Colegio Mar\u00eda Auxiliadora","isPartOf":{"@id":"https:\/\/salesianosmaux.es\/colegio\/#website"},"primaryImageOfPage":{"@id":"https:\/\/salesianosmaux.es\/colegio\/2022\/06\/16\/campana-a-favor-del-centro-ave-maria\/#primaryimage"},"image":{"@id":"https:\/\/salesianosmaux.es\/colegio\/2022\/06\/16\/campana-a-favor-del-centro-ave-maria\/#primaryimage"},"thumbnailUrl":"https:\/\/salesianosmaux.es\/colegio\/wp-content\/uploads\/sites\/5\/2022\/06\/22AveMaria.jpeg","datePublished":"2022-06-16T20:18:17+00:00","dateModified":"2026-08-31T07:49:04+00:00","author":{"@id":"https:\/\/salesianosmaux.es\/colegio\/#\/schema\/person\/9bd111fcfb5210d0fa466bfc8154b2f8"},"breadcrumb":{"@id":"https:\/\/salesianosmaux.es\/colegio\/2022\/06\/16\/campana-a-favor-del-centro-ave-maria\/#breadcrumb"},"inLanguage":"es","potentialAction":[{"@type":"ReadAction","target":["https:\/\/salesianosmaux.es\/colegio\/2022\/06\/16\/campana-a-favor-del-centro-ave-maria\/"]}]},{"@type":"ImageObject","inLanguage":"es","@id":"https:\/\/salesianosmaux.es\/colegio\/2022\/06\/16\/campana-a-favor-del-centro-ave-maria\/#primaryimage","url":"https:\/\/salesianosmaux.es\/colegio\/wp-content\/uploads\/sites\/5\/2022\/06\/22AveMaria.jpeg","contentUrl":"https:\/\/salesianosmaux.es\/colegio\/wp-content\/uploads\/sites\/5\/2022\/06\/22AveMaria.jpeg","width":1600,"height":1131},{"@type":"BreadcrumbList","@id":"https:\/\/salesianosmaux.es\/colegio\/2022\/06\/16\/campana-a-favor-del-centro-ave-maria\/#breadcrumb","itemListElement":[{"@type":"ListItem","position":1,"name":"Portada","item":"https:\/\/salesianosmaux.es\/colegio\/"},{"@type":"ListItem","position":2,"name":"Campa\u00f1a a favor del Centro Ave Mar\u00eda"}]},{"@type":"WebSite","@id":"https:\/\/salesianosmaux.es\/colegio\/#website","url":"https:\/\/salesianosmaux.es\/colegio\/","name":"Colegio Mar\u00eda Auxiliadora","description":"Colegio Mar\u00eda Auxiliadora","potentialAction":[{"@type":"SearchAction","target":{"@type":"EntryPoint","urlTemplate":"https:\/\/salesianosmaux.es\/colegio\/?s={search_term_string}"},"query-input":{"@type":"PropertyValueSpecification","valueRequired":true,"valueName":"search_term_string"}}],"inLanguage":"es"},{"@type":"Person","@id":"https:\/\/salesianosmaux.es\/colegio\/#\/schema\/person\/9bd111fcfb5210d0fa466bfc8154b2f8","name":"admin","image":{"@type":"ImageObject","inLanguage":"es","@id":"https:\/\/secure.gravatar.com\/avatar\/09550e5c75cc821753a661f1c7f497ea1bbe9e394289f33e436a29a7df762242?s=96&d=mm&r=g","url":"https:\/\/secure.gravatar.com\/avatar\/09550e5c75cc821753a661f1c7f497ea1bbe9e394289f33e436a29a7df762242?s=96&d=mm&r=g","contentUrl":"https:\/\/secure.gravatar.com\/avatar\/09550e5c75cc821753a661f1c7f497ea1bbe9e394289f33e436a29a7df762242?s=96&d=mm&r=g","caption":"admin"},"sameAs":["https:\/\/salesianosmaux.es"],"url":"https:\/\/salesianosmaux.es\/colegio\/author\/salamanca_95jmwv72\/"}]}},"_links":{"self":[{"href":"https:\/\/salesianosmaux.es\/colegio\/wp-json\/wp\/v2\/posts\/2068","targetHints":{"allow":["GET"]}}],"collection":[{"href":"https:\/\/salesianosmaux.es\/colegio\/wp-json\/wp\/v2\/posts"}],"about":[{"href":"https:\/\/salesianosmaux.es\/colegio\/wp-json\/wp\/v2\/types\/post"}],"author":[{"embeddable":true,"href":"https:\/\/salesianosmaux.es\/colegio\/wp-json\/wp\/v2\/users\/1"}],"replies":[{"embeddable":true,"href":"https:\/\/salesianosmaux.es\/colegio\/wp-json\/wp\/v2\/comments?post=2068"}],"version-history":[{"count":2,"href":"https:\/\/salesianosmaux.es\/colegio\/wp-json\/wp\/v2\/posts\/2068\/revisions"}],"predecessor-version":[{"id":2078,"href":"https:\/\/salesianosmaux.es\/colegio\/wp-json\/wp\/v2\/posts\/2068\/revisions\/2078"}],"wp:featuredmedia":[{"embeddable":true,"href":"https:\/\/salesianosmaux.es\/colegio\/wp-json\/wp\/v2\/media\/2077"}],"wp:attachment":[{"href":"https:\/\/salesianosmaux.es\/colegio\/wp-json\/wp\/v2\/media?parent=2068"}],"wp:term":[{"taxonomy":"category","embeddable":true,"href":"https:\/\/salesianosmaux.es\/colegio\/wp-json\/wp\/v2\/categories?post=2068"},{"taxonomy":"post_tag","embeddable":true,"href":"https:\/\/salesianosmaux.es\/colegio\/wp-json\/wp\/v2\/tags?post=2068"}],"curies":[{"name":"wp","href":"https:\/\/api.w.org\/{rel}","templated":true}]}}