{"id":2731,"date":"2022-11-20T16:00:19","date_gmt":"2022-11-20T16:00:19","guid":{"rendered":"https:\/\/salesianosmaux.es\/colegio\/?p=2731"},"modified":"2026-08-31T07:53:51","modified_gmt":"2026-08-31T07:53:51","slug":"daniel-duarte-alumno-de-2o-de-bachillerato-ganador-de-jovenes-creadores-del-ayto-de-salamanca","status":"publish","type":"post","link":"https:\/\/salesianosmaux.es\/colegio\/2022\/11\/20\/daniel-duarte-alumno-de-2o-de-bachillerato-ganador-de-jovenes-creadores-del-ayto-de-salamanca\/","title":{"rendered":"Daniel Duarte, alumno de 2\u00ba de bachillerato, ganador de \u00abJ\u00f3venes Creadores\u00bb del Ayto. de Salamanca"},"content":{"rendered":"<p>[et_pb_section fb_built=\u00bb1&#8243; theme_builder_area=\u00bbpost_content\u00bb _builder_version=\u00bb4.18.1&#8243; _module_preset=\u00bbdefault\u00bb][et_pb_row _builder_version=\u00bb4.18.1&#8243; _module_preset=\u00bbdefault\u00bb theme_builder_area=\u00bbpost_content\u00bb column_structure=\u00bb3_5,2_5&#8243;][et_pb_column _builder_version=\u00bb4.18.1&#8243; _module_preset=\u00bbdefault\u00bb type=\u00bb3_5&#8243; theme_builder_area=\u00bbpost_content\u00bb][et_pb_text _builder_version=\u00bb4.18.1&#8243; text_font=\u00bb||||||||\u00bb header_font=\u00bb||||||||\u00bb header_2_font=\u00bbLato|300|||||||\u00bb header_2_font_size=\u00bb30px\u00bb text_orientation=\u00bbjustified\u00bb hover_enabled=\u00bb0&#8243; global_colors_info=\u00bb{}\u00bb theme_builder_area=\u00bbpost_content\u00bb sticky_enabled=\u00bb0&#8243;]<\/p>\n<p style=\"text-align: justify;\"><strong>Daniel Duarte<\/strong>, alumno de 2\u00ba de bachillerato, ha sido galardonado con el primer premio de \u00abJ\u00f3venes Creadores\u00bb del <a href=\"http:\/\/www.juventud.aytosalamanca.es\/es\/index.html\"><em>Ayuntamiento de Salamanca.<\/em><\/a><\/p>\n<p style=\"text-align: justify;\">Su nombre art\u00edstico es <strong><em>Dan<\/em><\/strong> y a sus 17 a\u00f1os ya ha sido reconocido en varios concursos y cert\u00e1menes de la Concejal\u00eda de Juventud. Fue menci\u00f3n honor\u00edfica en la edici\u00f3n de J\u00f3venes Creadores de 2021 y 4\u00ba lugar en J\u00f3venes Talentos de 2021 hasta conseguir este a\u00f1o el primer premio.\u00a0Actualmente, se encuentra grabando su primer \u00e1lbum, escrito y producido \u00edntegramente por \u00e9l. Tal y como describe el propio Dan, su estilo es una mezcla entre el rock alternativo y m\u00fasica disco.<\/p>\n<p style=\"text-align: justify;\">Se puede seguir el trabajo de Daniel en las redes sociales a trav\u00e9s de su perfil <em>@dddaniduarte<\/em><\/p>\n<p style=\"text-align: justify;\">Desde estas l\u00edneas queremos felicitar a Daniel por su trabajo en el mundo de la m\u00fasica y le auguramos muchos m\u00e1s \u00e9xitos&#8230; <strong>\u00a1Enhorabuena Dan!\u00a0<\/strong><\/p>\n<p>&nbsp;<\/p>\n<p>[\/et_pb_text][\/et_pb_column][et_pb_column _builder_version=\u00bb4.18.1&#8243; _module_preset=\u00bbdefault\u00bb type=\u00bb2_5&#8243; theme_builder_area=\u00bbpost_content\u00bb][et_pb_image src=\u00bbhttps:\/\/salesianosmaux.es\/colegio\/wp-content\/uploads\/sites\/5\/2022\/11\/febf69b8-d239-4548-ab39-724ea6727e58-2.jpg\u00bb _builder_version=\u00bb4.18.1&#8243; _module_preset=\u00bbdefault\u00bb theme_builder_area=\u00bbpost_content\u00bb hover_enabled=\u00bb0&#8243; sticky_enabled=\u00bb0&#8243; title_text=\u00bbfebf69b8-d239-4548-ab39-724ea6727e58 2&#8243;][\/et_pb_image][et_pb_text _builder_version=\u00bb4.18.1&#8243; _module_preset=\u00bbdefault\u00bb theme_builder_area=\u00bbpost_content\u00bb hover_enabled=\u00bb0&#8243; sticky_enabled=\u00bb0&#8243; text_font=\u00bbLato||||||||\u00bb text_font_size=\u00bb11px\u00bb]<\/p>\n<p>Portada de uno de los Proyectos premiados<\/p>\n<p>[\/et_pb_text][\/et_pb_column][\/et_pb_row][et_pb_row _builder_version=\u00bb4.18.1&#8243; _module_preset=\u00bbdefault\u00bb theme_builder_area=\u00bbpost_content\u00bb][et_pb_column _builder_version=\u00bb4.18.1&#8243; _module_preset=\u00bbdefault\u00bb type=\u00bb4_4&#8243; theme_builder_area=\u00bbpost_content\u00bb][et_pb_text _builder_version=\u00bb4.18.1&#8243; text_font=\u00bb||||||||\u00bb header_font=\u00bb||||||||\u00bb header_2_font=\u00bbLato|300|||||||\u00bb header_2_font_size=\u00bb30px\u00bb text_orientation=\u00bbjustified\u00bb hover_enabled=\u00bb0&#8243; global_colors_info=\u00bb{}\u00bb theme_builder_area=\u00bbpost_content\u00bb sticky_enabled=\u00bb0&#8243;]<\/p>\n<h2 style=\"text-align: justify;\">Tonight, uno de los temas de Dan<\/h2>\n<p>&nbsp;<\/p>\n<p>[\/et_pb_text][et_pb_code _builder_version=\u00bb4.18.1&#8243; _module_preset=\u00bbdefault\u00bb theme_builder_area=\u00bbpost_content\u00bb hover_enabled=\u00bb0&#8243; sticky_enabled=\u00bb0&#8243;]<iframe src=\"https:\/\/www.ivoox.com\/player_ej_96643343_6_1.html?c1=d92036\" width=\"100%\" height=\"200\" frameborder=\"0\" allowfullscreen=\"\" scrolling=\"no\" loading=\"lazy\"><\/iframe>[\/et_pb_code][\/et_pb_column][\/et_pb_row][et_pb_row _builder_version=\u00bb4.18.1&#8243; _module_preset=\u00bbdefault\u00bb theme_builder_area=\u00bbpost_content\u00bb][et_pb_column _builder_version=\u00bb4.18.1&#8243; _module_preset=\u00bbdefault\u00bb type=\u00bb4_4&#8243; theme_builder_area=\u00bbpost_content\u00bb][et_pb_text _builder_version=\u00bb4.18.1&#8243; text_font=\u00bb||||||||\u00bb header_font=\u00bb||||||||\u00bb header_2_font=\u00bbLato|300|||||||\u00bb header_2_font_size=\u00bb30px\u00bb text_orientation=\u00bbjustified\u00bb hover_enabled=\u00bb0&#8243; global_colors_info=\u00bb{}\u00bb theme_builder_area=\u00bbpost_content\u00bb sticky_enabled=\u00bb0&#8243;]<\/p>\n<h2 style=\"text-align: justify;\">Entrevista para la TV local \u00abLa 8 de CyL\u00bb<\/h2>\n<p>&nbsp;<\/p>\n<p>[\/et_pb_text][et_pb_video src=\u00bbhttps:\/\/youtu.be\/59-Izw3fSTY?t=1370&#8243; _builder_version=\u00bb4.18.1&#8243; _module_preset=\u00bbdefault\u00bb theme_builder_area=\u00bbpost_content\u00bb hover_enabled=\u00bb0&#8243; sticky_enabled=\u00bb0&#8243;][\/et_pb_video][\/et_pb_column][\/et_pb_row][\/et_pb_section]<\/p>\n","protected":false},"excerpt":{"rendered":"<p>Daniel Duarte, alumno de 2\u00ba de bachillerato, ha sido galardonado con el primer premio de \u00abJ\u00f3venes Creadores\u00bb del Ayuntamiento de Salamanca. Su nombre art\u00edstico es Dan y a sus 17 a\u00f1os ya ha sido reconocido en varios concursos y cert\u00e1menes de la Concejal\u00eda de Juventud. Fue menci\u00f3n honor\u00edfica en la edici\u00f3n de J\u00f3venes Creadores de [&hellip;]<\/p>\n","protected":false},"author":1,"featured_media":2732,"comment_status":"open","ping_status":"open","sticky":false,"template":"","format":"standard","meta":{"_et_pb_use_builder":"on","_et_pb_old_content":"","_et_gb_content_width":"","_joinchat":[],"footnotes":""},"categories":[56],"tags":[],"class_list":["post-2731","post","type-post","status-publish","format-standard","has-post-thumbnail","hentry","category-premios-y-reconocimientos"],"yoast_head":"<!-- This site is optimized with the Yoast SEO plugin v28.4 - https:\/\/yoast.com\/product\/yoast-seo-wordpress\/ -->\n<title>Daniel Duarte, alumno de 2\u00ba de bachillerato, ganador de &quot;J\u00f3venes Creadores&quot; del Ayto. de Salamanca - Colegio Mar\u00eda Auxiliadora<\/title>\n<meta name=\"robots\" content=\"index, follow, max-snippet:-1, max-image-preview:large, max-video-preview:-1\" \/>\n<link rel=\"canonical\" href=\"https:\/\/salesianosmaux.es\/colegio\/2022\/11\/20\/daniel-duarte-alumno-de-2o-de-bachillerato-ganador-de-jovenes-creadores-del-ayto-de-salamanca\/\" \/>\n<meta property=\"og:locale\" content=\"es_ES\" \/>\n<meta property=\"og:type\" content=\"article\" \/>\n<meta property=\"og:title\" content=\"Daniel Duarte, alumno de 2\u00ba de bachillerato, ganador de &quot;J\u00f3venes Creadores&quot; del Ayto. de Salamanca - Colegio Mar\u00eda Auxiliadora\" \/>\n<meta property=\"og:description\" content=\"Te puede interesar...\" \/>\n<meta property=\"og:url\" content=\"https:\/\/salesianosmaux.es\/colegio\/2022\/11\/20\/daniel-duarte-alumno-de-2o-de-bachillerato-ganador-de-jovenes-creadores-del-ayto-de-salamanca\/\" \/>\n<meta property=\"og:site_name\" content=\"Colegio Mar\u00eda Auxiliadora\" \/>\n<meta property=\"article:published_time\" content=\"2022-11-20T16:00:19+00:00\" \/>\n<meta property=\"article:modified_time\" content=\"2026-08-31T07:53:51+00:00\" \/>\n<meta property=\"og:image\" content=\"https:\/\/salesianosmaux.es\/colegio\/wp-content\/uploads\/sites\/5\/2022\/11\/Dan.jpg\" \/>\n\t<meta property=\"og:image:width\" content=\"1043\" \/>\n\t<meta property=\"og:image:height\" content=\"1050\" \/>\n\t<meta property=\"og:image:type\" content=\"image\/jpeg\" \/>\n<meta name=\"author\" content=\"admin\" \/>\n<meta name=\"twitter:card\" content=\"summary_large_image\" \/>\n<meta name=\"twitter:label1\" content=\"Escrito por\" \/>\n\t<meta name=\"twitter:data1\" content=\"admin\" \/>\n<script type=\"application\/ld+json\" class=\"yoast-schema-graph\">{\"@context\":\"https:\\\/\\\/schema.org\",\"@graph\":[{\"@type\":\"Article\",\"@id\":\"https:\\\/\\\/salesianosmaux.es\\\/colegio\\\/2022\\\/11\\\/20\\\/daniel-duarte-alumno-de-2o-de-bachillerato-ganador-de-jovenes-creadores-del-ayto-de-salamanca\\\/#article\",\"isPartOf\":{\"@id\":\"https:\\\/\\\/salesianosmaux.es\\\/colegio\\\/2022\\\/11\\\/20\\\/daniel-duarte-alumno-de-2o-de-bachillerato-ganador-de-jovenes-creadores-del-ayto-de-salamanca\\\/\"},\"author\":{\"name\":\"admin\",\"@id\":\"https:\\\/\\\/salesianosmaux.es\\\/colegio\\\/#\\\/schema\\\/person\\\/9bd111fcfb5210d0fa466bfc8154b2f8\"},\"headline\":\"Daniel Duarte, alumno de 2\u00ba de bachillerato, ganador de \u00abJ\u00f3venes Creadores\u00bb del Ayto. de Salamanca\",\"datePublished\":\"2022-11-20T16:00:19+00:00\",\"dateModified\":\"2026-08-31T07:53:51+00:00\",\"mainEntityOfPage\":{\"@id\":\"https:\\\/\\\/salesianosmaux.es\\\/colegio\\\/2022\\\/11\\\/20\\\/daniel-duarte-alumno-de-2o-de-bachillerato-ganador-de-jovenes-creadores-del-ayto-de-salamanca\\\/\"},\"wordCount\":555,\"commentCount\":0,\"image\":{\"@id\":\"https:\\\/\\\/salesianosmaux.es\\\/colegio\\\/2022\\\/11\\\/20\\\/daniel-duarte-alumno-de-2o-de-bachillerato-ganador-de-jovenes-creadores-del-ayto-de-salamanca\\\/#primaryimage\"},\"thumbnailUrl\":\"https:\\\/\\\/salesianosmaux.es\\\/colegio\\\/wp-content\\\/uploads\\\/sites\\\/5\\\/2022\\\/11\\\/Dan.jpg\",\"articleSection\":[\"Premios y reconocimientos\"],\"inLanguage\":\"es\",\"potentialAction\":[{\"@type\":\"CommentAction\",\"name\":\"Comment\",\"target\":[\"https:\\\/\\\/salesianosmaux.es\\\/colegio\\\/2022\\\/11\\\/20\\\/daniel-duarte-alumno-de-2o-de-bachillerato-ganador-de-jovenes-creadores-del-ayto-de-salamanca\\\/#respond\"]}]},{\"@type\":\"WebPage\",\"@id\":\"https:\\\/\\\/salesianosmaux.es\\\/colegio\\\/2022\\\/11\\\/20\\\/daniel-duarte-alumno-de-2o-de-bachillerato-ganador-de-jovenes-creadores-del-ayto-de-salamanca\\\/\",\"url\":\"https:\\\/\\\/salesianosmaux.es\\\/colegio\\\/2022\\\/11\\\/20\\\/daniel-duarte-alumno-de-2o-de-bachillerato-ganador-de-jovenes-creadores-del-ayto-de-salamanca\\\/\",\"name\":\"Daniel Duarte, alumno de 2\u00ba de bachillerato, ganador de \\\"J\u00f3venes Creadores\\\" del Ayto. de Salamanca - Colegio Mar\u00eda Auxiliadora\",\"isPartOf\":{\"@id\":\"https:\\\/\\\/salesianosmaux.es\\\/colegio\\\/#website\"},\"primaryImageOfPage\":{\"@id\":\"https:\\\/\\\/salesianosmaux.es\\\/colegio\\\/2022\\\/11\\\/20\\\/daniel-duarte-alumno-de-2o-de-bachillerato-ganador-de-jovenes-creadores-del-ayto-de-salamanca\\\/#primaryimage\"},\"image\":{\"@id\":\"https:\\\/\\\/salesianosmaux.es\\\/colegio\\\/2022\\\/11\\\/20\\\/daniel-duarte-alumno-de-2o-de-bachillerato-ganador-de-jovenes-creadores-del-ayto-de-salamanca\\\/#primaryimage\"},\"thumbnailUrl\":\"https:\\\/\\\/salesianosmaux.es\\\/colegio\\\/wp-content\\\/uploads\\\/sites\\\/5\\\/2022\\\/11\\\/Dan.jpg\",\"datePublished\":\"2022-11-20T16:00:19+00:00\",\"dateModified\":\"2026-08-31T07:53:51+00:00\",\"author\":{\"@id\":\"https:\\\/\\\/salesianosmaux.es\\\/colegio\\\/#\\\/schema\\\/person\\\/9bd111fcfb5210d0fa466bfc8154b2f8\"},\"breadcrumb\":{\"@id\":\"https:\\\/\\\/salesianosmaux.es\\\/colegio\\\/2022\\\/11\\\/20\\\/daniel-duarte-alumno-de-2o-de-bachillerato-ganador-de-jovenes-creadores-del-ayto-de-salamanca\\\/#breadcrumb\"},\"inLanguage\":\"es\",\"potentialAction\":[{\"@type\":\"ReadAction\",\"target\":[\"https:\\\/\\\/salesianosmaux.es\\\/colegio\\\/2022\\\/11\\\/20\\\/daniel-duarte-alumno-de-2o-de-bachillerato-ganador-de-jovenes-creadores-del-ayto-de-salamanca\\\/\"]}]},{\"@type\":\"ImageObject\",\"inLanguage\":\"es\",\"@id\":\"https:\\\/\\\/salesianosmaux.es\\\/colegio\\\/2022\\\/11\\\/20\\\/daniel-duarte-alumno-de-2o-de-bachillerato-ganador-de-jovenes-creadores-del-ayto-de-salamanca\\\/#primaryimage\",\"url\":\"https:\\\/\\\/salesianosmaux.es\\\/colegio\\\/wp-content\\\/uploads\\\/sites\\\/5\\\/2022\\\/11\\\/Dan.jpg\",\"contentUrl\":\"https:\\\/\\\/salesianosmaux.es\\\/colegio\\\/wp-content\\\/uploads\\\/sites\\\/5\\\/2022\\\/11\\\/Dan.jpg\",\"width\":1043,\"height\":1050},{\"@type\":\"BreadcrumbList\",\"@id\":\"https:\\\/\\\/salesianosmaux.es\\\/colegio\\\/2022\\\/11\\\/20\\\/daniel-duarte-alumno-de-2o-de-bachillerato-ganador-de-jovenes-creadores-del-ayto-de-salamanca\\\/#breadcrumb\",\"itemListElement\":[{\"@type\":\"ListItem\",\"position\":1,\"name\":\"Portada\",\"item\":\"https:\\\/\\\/salesianosmaux.es\\\/colegio\\\/\"},{\"@type\":\"ListItem\",\"position\":2,\"name\":\"Daniel Duarte, alumno de 2\u00ba de bachillerato, ganador de \u00abJ\u00f3venes Creadores\u00bb del Ayto. de Salamanca\"}]},{\"@type\":\"WebSite\",\"@id\":\"https:\\\/\\\/salesianosmaux.es\\\/colegio\\\/#website\",\"url\":\"https:\\\/\\\/salesianosmaux.es\\\/colegio\\\/\",\"name\":\"Colegio Mar\u00eda Auxiliadora\",\"description\":\"Colegio Mar\u00eda Auxiliadora\",\"potentialAction\":[{\"@type\":\"SearchAction\",\"target\":{\"@type\":\"EntryPoint\",\"urlTemplate\":\"https:\\\/\\\/salesianosmaux.es\\\/colegio\\\/?s={search_term_string}\"},\"query-input\":{\"@type\":\"PropertyValueSpecification\",\"valueRequired\":true,\"valueName\":\"search_term_string\"}}],\"inLanguage\":\"es\"},{\"@type\":\"Person\",\"@id\":\"https:\\\/\\\/salesianosmaux.es\\\/colegio\\\/#\\\/schema\\\/person\\\/9bd111fcfb5210d0fa466bfc8154b2f8\",\"name\":\"admin\",\"image\":{\"@type\":\"ImageObject\",\"inLanguage\":\"es\",\"@id\":\"https:\\\/\\\/secure.gravatar.com\\\/avatar\\\/09550e5c75cc821753a661f1c7f497ea1bbe9e394289f33e436a29a7df762242?s=96&d=mm&r=g\",\"url\":\"https:\\\/\\\/secure.gravatar.com\\\/avatar\\\/09550e5c75cc821753a661f1c7f497ea1bbe9e394289f33e436a29a7df762242?s=96&d=mm&r=g\",\"contentUrl\":\"https:\\\/\\\/secure.gravatar.com\\\/avatar\\\/09550e5c75cc821753a661f1c7f497ea1bbe9e394289f33e436a29a7df762242?s=96&d=mm&r=g\",\"caption\":\"admin\"},\"sameAs\":[\"https:\\\/\\\/salesianosmaux.es\"],\"url\":\"https:\\\/\\\/salesianosmaux.es\\\/colegio\\\/author\\\/salamanca_95jmwv72\\\/\"}]}<\/script>\n<!-- \/ Yoast SEO plugin. -->","yoast_head_json":{"title":"Daniel Duarte, alumno de 2\u00ba de bachillerato, ganador de \"J\u00f3venes Creadores\" del Ayto. de Salamanca - Colegio Mar\u00eda Auxiliadora","robots":{"index":"index","follow":"follow","max-snippet":"max-snippet:-1","max-image-preview":"max-image-preview:large","max-video-preview":"max-video-preview:-1"},"canonical":"https:\/\/salesianosmaux.es\/colegio\/2022\/11\/20\/daniel-duarte-alumno-de-2o-de-bachillerato-ganador-de-jovenes-creadores-del-ayto-de-salamanca\/","og_locale":"es_ES","og_type":"article","og_title":"Daniel Duarte, alumno de 2\u00ba de bachillerato, ganador de \"J\u00f3venes Creadores\" del Ayto. de Salamanca - Colegio Mar\u00eda Auxiliadora","og_description":"Te puede interesar...","og_url":"https:\/\/salesianosmaux.es\/colegio\/2022\/11\/20\/daniel-duarte-alumno-de-2o-de-bachillerato-ganador-de-jovenes-creadores-del-ayto-de-salamanca\/","og_site_name":"Colegio Mar\u00eda Auxiliadora","article_published_time":"2022-11-20T16:00:19+00:00","article_modified_time":"2026-08-31T07:53:51+00:00","og_image":[{"width":1043,"height":1050,"url":"https:\/\/salesianosmaux.es\/colegio\/wp-content\/uploads\/sites\/5\/2022\/11\/Dan.jpg","type":"image\/jpeg"}],"author":"admin","twitter_card":"summary_large_image","twitter_misc":{"Escrito por":"admin"},"schema":{"@context":"https:\/\/schema.org","@graph":[{"@type":"Article","@id":"https:\/\/salesianosmaux.es\/colegio\/2022\/11\/20\/daniel-duarte-alumno-de-2o-de-bachillerato-ganador-de-jovenes-creadores-del-ayto-de-salamanca\/#article","isPartOf":{"@id":"https:\/\/salesianosmaux.es\/colegio\/2022\/11\/20\/daniel-duarte-alumno-de-2o-de-bachillerato-ganador-de-jovenes-creadores-del-ayto-de-salamanca\/"},"author":{"name":"admin","@id":"https:\/\/salesianosmaux.es\/colegio\/#\/schema\/person\/9bd111fcfb5210d0fa466bfc8154b2f8"},"headline":"Daniel Duarte, alumno de 2\u00ba de bachillerato, ganador de \u00abJ\u00f3venes Creadores\u00bb del Ayto. de Salamanca","datePublished":"2022-11-20T16:00:19+00:00","dateModified":"2026-08-31T07:53:51+00:00","mainEntityOfPage":{"@id":"https:\/\/salesianosmaux.es\/colegio\/2022\/11\/20\/daniel-duarte-alumno-de-2o-de-bachillerato-ganador-de-jovenes-creadores-del-ayto-de-salamanca\/"},"wordCount":555,"commentCount":0,"image":{"@id":"https:\/\/salesianosmaux.es\/colegio\/2022\/11\/20\/daniel-duarte-alumno-de-2o-de-bachillerato-ganador-de-jovenes-creadores-del-ayto-de-salamanca\/#primaryimage"},"thumbnailUrl":"https:\/\/salesianosmaux.es\/colegio\/wp-content\/uploads\/sites\/5\/2022\/11\/Dan.jpg","articleSection":["Premios y reconocimientos"],"inLanguage":"es","potentialAction":[{"@type":"CommentAction","name":"Comment","target":["https:\/\/salesianosmaux.es\/colegio\/2022\/11\/20\/daniel-duarte-alumno-de-2o-de-bachillerato-ganador-de-jovenes-creadores-del-ayto-de-salamanca\/#respond"]}]},{"@type":"WebPage","@id":"https:\/\/salesianosmaux.es\/colegio\/2022\/11\/20\/daniel-duarte-alumno-de-2o-de-bachillerato-ganador-de-jovenes-creadores-del-ayto-de-salamanca\/","url":"https:\/\/salesianosmaux.es\/colegio\/2022\/11\/20\/daniel-duarte-alumno-de-2o-de-bachillerato-ganador-de-jovenes-creadores-del-ayto-de-salamanca\/","name":"Daniel Duarte, alumno de 2\u00ba de bachillerato, ganador de \"J\u00f3venes Creadores\" del Ayto. de Salamanca - Colegio Mar\u00eda Auxiliadora","isPartOf":{"@id":"https:\/\/salesianosmaux.es\/colegio\/#website"},"primaryImageOfPage":{"@id":"https:\/\/salesianosmaux.es\/colegio\/2022\/11\/20\/daniel-duarte-alumno-de-2o-de-bachillerato-ganador-de-jovenes-creadores-del-ayto-de-salamanca\/#primaryimage"},"image":{"@id":"https:\/\/salesianosmaux.es\/colegio\/2022\/11\/20\/daniel-duarte-alumno-de-2o-de-bachillerato-ganador-de-jovenes-creadores-del-ayto-de-salamanca\/#primaryimage"},"thumbnailUrl":"https:\/\/salesianosmaux.es\/colegio\/wp-content\/uploads\/sites\/5\/2022\/11\/Dan.jpg","datePublished":"2022-11-20T16:00:19+00:00","dateModified":"2026-08-31T07:53:51+00:00","author":{"@id":"https:\/\/salesianosmaux.es\/colegio\/#\/schema\/person\/9bd111fcfb5210d0fa466bfc8154b2f8"},"breadcrumb":{"@id":"https:\/\/salesianosmaux.es\/colegio\/2022\/11\/20\/daniel-duarte-alumno-de-2o-de-bachillerato-ganador-de-jovenes-creadores-del-ayto-de-salamanca\/#breadcrumb"},"inLanguage":"es","potentialAction":[{"@type":"ReadAction","target":["https:\/\/salesianosmaux.es\/colegio\/2022\/11\/20\/daniel-duarte-alumno-de-2o-de-bachillerato-ganador-de-jovenes-creadores-del-ayto-de-salamanca\/"]}]},{"@type":"ImageObject","inLanguage":"es","@id":"https:\/\/salesianosmaux.es\/colegio\/2022\/11\/20\/daniel-duarte-alumno-de-2o-de-bachillerato-ganador-de-jovenes-creadores-del-ayto-de-salamanca\/#primaryimage","url":"https:\/\/salesianosmaux.es\/colegio\/wp-content\/uploads\/sites\/5\/2022\/11\/Dan.jpg","contentUrl":"https:\/\/salesianosmaux.es\/colegio\/wp-content\/uploads\/sites\/5\/2022\/11\/Dan.jpg","width":1043,"height":1050},{"@type":"BreadcrumbList","@id":"https:\/\/salesianosmaux.es\/colegio\/2022\/11\/20\/daniel-duarte-alumno-de-2o-de-bachillerato-ganador-de-jovenes-creadores-del-ayto-de-salamanca\/#breadcrumb","itemListElement":[{"@type":"ListItem","position":1,"name":"Portada","item":"https:\/\/salesianosmaux.es\/colegio\/"},{"@type":"ListItem","position":2,"name":"Daniel Duarte, alumno de 2\u00ba de bachillerato, ganador de \u00abJ\u00f3venes Creadores\u00bb del Ayto. de Salamanca"}]},{"@type":"WebSite","@id":"https:\/\/salesianosmaux.es\/colegio\/#website","url":"https:\/\/salesianosmaux.es\/colegio\/","name":"Colegio Mar\u00eda Auxiliadora","description":"Colegio Mar\u00eda Auxiliadora","potentialAction":[{"@type":"SearchAction","target":{"@type":"EntryPoint","urlTemplate":"https:\/\/salesianosmaux.es\/colegio\/?s={search_term_string}"},"query-input":{"@type":"PropertyValueSpecification","valueRequired":true,"valueName":"search_term_string"}}],"inLanguage":"es"},{"@type":"Person","@id":"https:\/\/salesianosmaux.es\/colegio\/#\/schema\/person\/9bd111fcfb5210d0fa466bfc8154b2f8","name":"admin","image":{"@type":"ImageObject","inLanguage":"es","@id":"https:\/\/secure.gravatar.com\/avatar\/09550e5c75cc821753a661f1c7f497ea1bbe9e394289f33e436a29a7df762242?s=96&d=mm&r=g","url":"https:\/\/secure.gravatar.com\/avatar\/09550e5c75cc821753a661f1c7f497ea1bbe9e394289f33e436a29a7df762242?s=96&d=mm&r=g","contentUrl":"https:\/\/secure.gravatar.com\/avatar\/09550e5c75cc821753a661f1c7f497ea1bbe9e394289f33e436a29a7df762242?s=96&d=mm&r=g","caption":"admin"},"sameAs":["https:\/\/salesianosmaux.es"],"url":"https:\/\/salesianosmaux.es\/colegio\/author\/salamanca_95jmwv72\/"}]}},"_links":{"self":[{"href":"https:\/\/salesianosmaux.es\/colegio\/wp-json\/wp\/v2\/posts\/2731","targetHints":{"allow":["GET"]}}],"collection":[{"href":"https:\/\/salesianosmaux.es\/colegio\/wp-json\/wp\/v2\/posts"}],"about":[{"href":"https:\/\/salesianosmaux.es\/colegio\/wp-json\/wp\/v2\/types\/post"}],"author":[{"embeddable":true,"href":"https:\/\/salesianosmaux.es\/colegio\/wp-json\/wp\/v2\/users\/1"}],"replies":[{"embeddable":true,"href":"https:\/\/salesianosmaux.es\/colegio\/wp-json\/wp\/v2\/comments?post=2731"}],"version-history":[{"count":2,"href":"https:\/\/salesianosmaux.es\/colegio\/wp-json\/wp\/v2\/posts\/2731\/revisions"}],"predecessor-version":[{"id":2737,"href":"https:\/\/salesianosmaux.es\/colegio\/wp-json\/wp\/v2\/posts\/2731\/revisions\/2737"}],"wp:featuredmedia":[{"embeddable":true,"href":"https:\/\/salesianosmaux.es\/colegio\/wp-json\/wp\/v2\/media\/2732"}],"wp:attachment":[{"href":"https:\/\/salesianosmaux.es\/colegio\/wp-json\/wp\/v2\/media?parent=2731"}],"wp:term":[{"taxonomy":"category","embeddable":true,"href":"https:\/\/salesianosmaux.es\/colegio\/wp-json\/wp\/v2\/categories?post=2731"},{"taxonomy":"post_tag","embeddable":true,"href":"https:\/\/salesianosmaux.es\/colegio\/wp-json\/wp\/v2\/tags?post=2731"}],"curies":[{"name":"wp","href":"https:\/\/api.w.org\/{rel}","templated":true}]}}