{"id":2966,"date":"2023-01-09T11:59:12","date_gmt":"2023-01-09T11:59:12","guid":{"rendered":"https:\/\/salesianosmaux.es\/colegio\/?p=2966"},"modified":"2026-08-31T07:53:05","modified_gmt":"2026-08-31T07:53:05","slug":"aprender-a-deliberar-luis-javier-sanchez","status":"publish","type":"post","link":"https:\/\/salesianosmaux.es\/colegio\/2023\/01\/09\/aprender-a-deliberar-luis-javier-sanchez\/","title":{"rendered":"Aprender a deliberar, Luis Javier S\u00e1nchez"},"content":{"rendered":"<p>[et_pb_section fb_built=\u00bb1&#8243; theme_builder_area=\u00bbpost_content\u00bb _builder_version=\u00bb4.19.4&#8243; _module_preset=\u00bbdefault\u00bb][et_pb_row _builder_version=\u00bb4.19.4&#8243; _module_preset=\u00bbdefault\u00bb theme_builder_area=\u00bbpost_content\u00bb][et_pb_column _builder_version=\u00bb4.19.4&#8243; _module_preset=\u00bbdefault\u00bb type=\u00bb4_4&#8243; theme_builder_area=\u00bbpost_content\u00bb][et_pb_text _builder_version=\u00bb4.19.4&#8243; _module_preset=\u00bbdefault\u00bb theme_builder_area=\u00bbpost_content\u00bb hover_enabled=\u00bb0&#8243; sticky_enabled=\u00bb0&#8243;]<\/p>\n<p>A continuaci\u00f3n, os dejamos con una entrevista a Luis Javier con ocasi\u00f3n de la presentaci\u00f3n del libro APRENDER A DELIBERAR que puedes comprar online en <a href=\"https:\/\/editorialccs.com\/libro\/6159\/aprender-a-deliberar\/\" target=\"_blank\" rel=\"noopener\">https:\/\/editorialccs.com\/libro\/6159\/aprender-a-deliberar\/.<\/a><\/p>\n<h4>\u00bfDe d\u00f3nde surge la idea de escribir un libro?<\/h4>\n<p>Despu\u00e9s de mi \u201caventura africana\u201d, de casi 20 a\u00f1os, vuelvo al mundo educativo de los j\u00f3venes posmodernos y las \u201cen\u00e9simas\u201d reformas educativas innovadoras. Todo me parec\u00eda tan nuevo que no tuve m\u00e1s remedio que actualizar mi formaci\u00f3n como religioso y como profesor. A partir de un reciclaje en materias educativas y teol\u00f3gicas descubro que lo que sab\u00eda de antes ya no vale del todo y que, por otra parte, las novedades tampoco llegan a entusiasmarme demasiado. As\u00ed que, manos a la tarea: leer, reflexionar y volver a hacer una s\u00edntesis personal y satisfactoria.<\/p>\n<h4>\u00bfDe qu\u00e9 trata este libro?<\/h4>\n<p>El libro se titula APRENDER A DELIBERAR, y lleva por subt\u00edtulo \u00c9TICA Y EDUCACI\u00d3N CON VALORES. Es un intento de conjugar dos facetas que siempre se encuentran en dif\u00edcil relaci\u00f3n pr\u00e1ctica en la actividad escolar: la formaci\u00f3n \u00e9tica\/moral y la educaci\u00f3n curricular acad\u00e9mica de los alumnos\/as. Es posible que, al poner el acento en los contenidos a transmitir de cara a las pruebas de evaluaci\u00f3n (Certificados acad\u00e9micos, EBAU, etc.), muchas veces sea en de detrimento del despertar de la responsabilidad y personalidad \u00e9tica de la persona. Tambi\u00e9n es posible que, al dar prioridad a los aspectos m\u00e1s relacionados con la conducta individual y el comportamiento en la vida social, quede mermada e insuficiente la profesionalidad y categor\u00eda laboral adquirida. APRENDER A DELIBERAR propone combinar ambas dimensiones y a trav\u00e9s de pr\u00e1cticas deliberativas en clase (\u201csituaciones de aprendizaje\u201d, dice la actual LOMLOE) acompa\u00f1ar a los alumnos en el descubrimiento y pr\u00e1ctica de valores educativos formativos tanto a nivel personal como profesional.<\/p>\n<h4>\u00bfCu\u00e1les son las particularidades que hacen que este libro sea diferente a los dem\u00e1s?<\/h4>\n<p>Desde mi punto de vista esta obra presenta varias caracter\u00edsticas muy propias: es de mucha actualidad, pues se encuentran m\u00faltiples referencias a estudios y reflexiones de autores que pertenecen a nuestro tiempo tanto en el dominio de la filosof\u00eda \u00e9tica como de la pedagog\u00eda educativa (J. Habermas, R. Rorty, Ch. Taylor, Z. Bauman, D. Gracia, A. Cortina, J. M. Puig Rovira, A. Marchesi, etc.) ; es de candente actualidad, ya que se afrontan temas como el aborto, la eutanasia, la democracia, la ecolog\u00eda, la Inteligencia Artificial, la neuro\u00e9tica, etc. que copan hoy en d\u00eda, en nuestra sociedad, debates y controvertidas opiniones; y es de atractiva y est\u00e9tica actualidad, porque utiliza pel\u00edculas contempor\u00e1neas como Moneybal (Brad Pitt), Soy Sam (Sean Penn), Tambi\u00e9n la lluvia (de Ic\u00edar Bolla\u00edn), La clase (<em>Entre les murs <\/em>de Lauren Cantet), Dos d\u00edas, una noche (Marion Cotillard), etc.<\/p>\n<h4>\u00bfAlgo m\u00e1s que a\u00f1adir?<\/h4>\n<p>APRENDER A DELIBERAR es un buen regalo de Navidad y Reyes Magos para educadores inquietos, para padres preocupados y para\u2026\u2026todas y todos.<\/p>\n<p>[\/et_pb_text][et_pb_image src=\u00bbhttps:\/\/salesianosmaux.es\/wp-content\/uploads\/2022\/12\/IMG_9368-scaled.jpeg\u00bb _builder_version=\u00bb4.19.4&#8243; _module_preset=\u00bbdefault\u00bb theme_builder_area=\u00bbpost_content\u00bb align=\u00bbcenter\u00bb hover_enabled=\u00bb0&#8243; sticky_enabled=\u00bb0&#8243;][\/et_pb_image][\/et_pb_column][\/et_pb_row][\/et_pb_section]<\/p>\n","protected":false},"excerpt":{"rendered":"<p>A continuaci\u00f3n, os dejamos con una entrevista a Luis Javier con ocasi\u00f3n de la presentaci\u00f3n del libro APRENDER A DELIBERAR que puedes comprar online en https:\/\/editorialccs.com\/libro\/6159\/aprender-a-deliberar\/. \u00bfDe d\u00f3nde surge la idea de escribir un libro? Despu\u00e9s de mi \u201caventura africana\u201d, de casi 20 a\u00f1os, vuelvo al mundo educativo de los j\u00f3venes posmodernos y las \u201cen\u00e9simas\u201d [&hellip;]<\/p>\n","protected":false},"author":1,"featured_media":2949,"comment_status":"open","ping_status":"open","sticky":false,"template":"","format":"standard","meta":{"_et_pb_use_builder":"on","_et_pb_old_content":"","_et_gb_content_width":"","_joinchat":[],"footnotes":""},"categories":[82],"tags":[],"class_list":["post-2966","post","type-post","status-publish","format-standard","has-post-thumbnail","hentry","category-vida-escolar"],"yoast_head":"<!-- This site is optimized with the Yoast SEO plugin v28.4 - https:\/\/yoast.com\/product\/yoast-seo-wordpress\/ -->\n<title>Aprender a deliberar, Luis Javier S\u00e1nchez - Colegio Mar\u00eda Auxiliadora<\/title>\n<meta name=\"robots\" content=\"index, follow, max-snippet:-1, max-image-preview:large, max-video-preview:-1\" \/>\n<link rel=\"canonical\" href=\"https:\/\/salesianosmaux.es\/colegio\/2023\/01\/09\/aprender-a-deliberar-luis-javier-sanchez\/\" \/>\n<meta property=\"og:locale\" content=\"es_ES\" \/>\n<meta property=\"og:type\" content=\"article\" \/>\n<meta property=\"og:title\" content=\"Aprender a deliberar, Luis Javier S\u00e1nchez - Colegio Mar\u00eda Auxiliadora\" \/>\n<meta property=\"og:description\" content=\"Te puede interesar...\" \/>\n<meta property=\"og:url\" content=\"https:\/\/salesianosmaux.es\/colegio\/2023\/01\/09\/aprender-a-deliberar-luis-javier-sanchez\/\" \/>\n<meta property=\"og:site_name\" content=\"Colegio Mar\u00eda Auxiliadora\" \/>\n<meta property=\"article:published_time\" content=\"2023-01-09T11:59:12+00:00\" \/>\n<meta property=\"article:modified_time\" content=\"2026-08-31T07:53:05+00:00\" \/>\n<meta property=\"og:image\" content=\"https:\/\/salesianosmaux.es\/colegio\/wp-content\/uploads\/sites\/5\/2022\/12\/IMG_9355-scaled.jpeg\" \/>\n\t<meta property=\"og:image:width\" content=\"2560\" \/>\n\t<meta property=\"og:image:height\" content=\"1707\" \/>\n\t<meta property=\"og:image:type\" content=\"image\/jpeg\" \/>\n<meta name=\"author\" content=\"admin\" \/>\n<meta name=\"twitter:card\" content=\"summary_large_image\" \/>\n<meta name=\"twitter:label1\" content=\"Escrito por\" \/>\n\t<meta name=\"twitter:data1\" content=\"admin\" \/>\n<script type=\"application\/ld+json\" class=\"yoast-schema-graph\">{\"@context\":\"https:\\\/\\\/schema.org\",\"@graph\":[{\"@type\":\"Article\",\"@id\":\"https:\\\/\\\/salesianosmaux.es\\\/colegio\\\/2023\\\/01\\\/09\\\/aprender-a-deliberar-luis-javier-sanchez\\\/#article\",\"isPartOf\":{\"@id\":\"https:\\\/\\\/salesianosmaux.es\\\/colegio\\\/2023\\\/01\\\/09\\\/aprender-a-deliberar-luis-javier-sanchez\\\/\"},\"author\":{\"name\":\"admin\",\"@id\":\"https:\\\/\\\/salesianosmaux.es\\\/colegio\\\/#\\\/schema\\\/person\\\/9bd111fcfb5210d0fa466bfc8154b2f8\"},\"headline\":\"Aprender a deliberar, Luis Javier S\u00e1nchez\",\"datePublished\":\"2023-01-09T11:59:12+00:00\",\"dateModified\":\"2026-08-31T07:53:05+00:00\",\"mainEntityOfPage\":{\"@id\":\"https:\\\/\\\/salesianosmaux.es\\\/colegio\\\/2023\\\/01\\\/09\\\/aprender-a-deliberar-luis-javier-sanchez\\\/\"},\"wordCount\":637,\"commentCount\":0,\"image\":{\"@id\":\"https:\\\/\\\/salesianosmaux.es\\\/colegio\\\/2023\\\/01\\\/09\\\/aprender-a-deliberar-luis-javier-sanchez\\\/#primaryimage\"},\"thumbnailUrl\":\"https:\\\/\\\/salesianosmaux.es\\\/colegio\\\/wp-content\\\/uploads\\\/sites\\\/5\\\/2022\\\/12\\\/IMG_9355-scaled.jpeg\",\"articleSection\":[\"Vida Escolar\"],\"inLanguage\":\"es\",\"potentialAction\":[{\"@type\":\"CommentAction\",\"name\":\"Comment\",\"target\":[\"https:\\\/\\\/salesianosmaux.es\\\/colegio\\\/2023\\\/01\\\/09\\\/aprender-a-deliberar-luis-javier-sanchez\\\/#respond\"]}]},{\"@type\":\"WebPage\",\"@id\":\"https:\\\/\\\/salesianosmaux.es\\\/colegio\\\/2023\\\/01\\\/09\\\/aprender-a-deliberar-luis-javier-sanchez\\\/\",\"url\":\"https:\\\/\\\/salesianosmaux.es\\\/colegio\\\/2023\\\/01\\\/09\\\/aprender-a-deliberar-luis-javier-sanchez\\\/\",\"name\":\"Aprender a deliberar, Luis Javier S\u00e1nchez - Colegio Mar\u00eda Auxiliadora\",\"isPartOf\":{\"@id\":\"https:\\\/\\\/salesianosmaux.es\\\/colegio\\\/#website\"},\"primaryImageOfPage\":{\"@id\":\"https:\\\/\\\/salesianosmaux.es\\\/colegio\\\/2023\\\/01\\\/09\\\/aprender-a-deliberar-luis-javier-sanchez\\\/#primaryimage\"},\"image\":{\"@id\":\"https:\\\/\\\/salesianosmaux.es\\\/colegio\\\/2023\\\/01\\\/09\\\/aprender-a-deliberar-luis-javier-sanchez\\\/#primaryimage\"},\"thumbnailUrl\":\"https:\\\/\\\/salesianosmaux.es\\\/colegio\\\/wp-content\\\/uploads\\\/sites\\\/5\\\/2022\\\/12\\\/IMG_9355-scaled.jpeg\",\"datePublished\":\"2023-01-09T11:59:12+00:00\",\"dateModified\":\"2026-08-31T07:53:05+00:00\",\"author\":{\"@id\":\"https:\\\/\\\/salesianosmaux.es\\\/colegio\\\/#\\\/schema\\\/person\\\/9bd111fcfb5210d0fa466bfc8154b2f8\"},\"breadcrumb\":{\"@id\":\"https:\\\/\\\/salesianosmaux.es\\\/colegio\\\/2023\\\/01\\\/09\\\/aprender-a-deliberar-luis-javier-sanchez\\\/#breadcrumb\"},\"inLanguage\":\"es\",\"potentialAction\":[{\"@type\":\"ReadAction\",\"target\":[\"https:\\\/\\\/salesianosmaux.es\\\/colegio\\\/2023\\\/01\\\/09\\\/aprender-a-deliberar-luis-javier-sanchez\\\/\"]}]},{\"@type\":\"ImageObject\",\"inLanguage\":\"es\",\"@id\":\"https:\\\/\\\/salesianosmaux.es\\\/colegio\\\/2023\\\/01\\\/09\\\/aprender-a-deliberar-luis-javier-sanchez\\\/#primaryimage\",\"url\":\"https:\\\/\\\/salesianosmaux.es\\\/colegio\\\/wp-content\\\/uploads\\\/sites\\\/5\\\/2022\\\/12\\\/IMG_9355-scaled.jpeg\",\"contentUrl\":\"https:\\\/\\\/salesianosmaux.es\\\/colegio\\\/wp-content\\\/uploads\\\/sites\\\/5\\\/2022\\\/12\\\/IMG_9355-scaled.jpeg\",\"width\":2560,\"height\":1707},{\"@type\":\"BreadcrumbList\",\"@id\":\"https:\\\/\\\/salesianosmaux.es\\\/colegio\\\/2023\\\/01\\\/09\\\/aprender-a-deliberar-luis-javier-sanchez\\\/#breadcrumb\",\"itemListElement\":[{\"@type\":\"ListItem\",\"position\":1,\"name\":\"Portada\",\"item\":\"https:\\\/\\\/salesianosmaux.es\\\/colegio\\\/\"},{\"@type\":\"ListItem\",\"position\":2,\"name\":\"Aprender a deliberar, Luis Javier S\u00e1nchez\"}]},{\"@type\":\"WebSite\",\"@id\":\"https:\\\/\\\/salesianosmaux.es\\\/colegio\\\/#website\",\"url\":\"https:\\\/\\\/salesianosmaux.es\\\/colegio\\\/\",\"name\":\"Colegio Mar\u00eda Auxiliadora\",\"description\":\"Colegio Mar\u00eda Auxiliadora\",\"potentialAction\":[{\"@type\":\"SearchAction\",\"target\":{\"@type\":\"EntryPoint\",\"urlTemplate\":\"https:\\\/\\\/salesianosmaux.es\\\/colegio\\\/?s={search_term_string}\"},\"query-input\":{\"@type\":\"PropertyValueSpecification\",\"valueRequired\":true,\"valueName\":\"search_term_string\"}}],\"inLanguage\":\"es\"},{\"@type\":\"Person\",\"@id\":\"https:\\\/\\\/salesianosmaux.es\\\/colegio\\\/#\\\/schema\\\/person\\\/9bd111fcfb5210d0fa466bfc8154b2f8\",\"name\":\"admin\",\"image\":{\"@type\":\"ImageObject\",\"inLanguage\":\"es\",\"@id\":\"https:\\\/\\\/secure.gravatar.com\\\/avatar\\\/09550e5c75cc821753a661f1c7f497ea1bbe9e394289f33e436a29a7df762242?s=96&d=mm&r=g\",\"url\":\"https:\\\/\\\/secure.gravatar.com\\\/avatar\\\/09550e5c75cc821753a661f1c7f497ea1bbe9e394289f33e436a29a7df762242?s=96&d=mm&r=g\",\"contentUrl\":\"https:\\\/\\\/secure.gravatar.com\\\/avatar\\\/09550e5c75cc821753a661f1c7f497ea1bbe9e394289f33e436a29a7df762242?s=96&d=mm&r=g\",\"caption\":\"admin\"},\"sameAs\":[\"https:\\\/\\\/salesianosmaux.es\"],\"url\":\"https:\\\/\\\/salesianosmaux.es\\\/colegio\\\/author\\\/salamanca_95jmwv72\\\/\"}]}<\/script>\n<!-- \/ Yoast SEO plugin. -->","yoast_head_json":{"title":"Aprender a deliberar, Luis Javier S\u00e1nchez - Colegio Mar\u00eda Auxiliadora","robots":{"index":"index","follow":"follow","max-snippet":"max-snippet:-1","max-image-preview":"max-image-preview:large","max-video-preview":"max-video-preview:-1"},"canonical":"https:\/\/salesianosmaux.es\/colegio\/2023\/01\/09\/aprender-a-deliberar-luis-javier-sanchez\/","og_locale":"es_ES","og_type":"article","og_title":"Aprender a deliberar, Luis Javier S\u00e1nchez - Colegio Mar\u00eda Auxiliadora","og_description":"Te puede interesar...","og_url":"https:\/\/salesianosmaux.es\/colegio\/2023\/01\/09\/aprender-a-deliberar-luis-javier-sanchez\/","og_site_name":"Colegio Mar\u00eda Auxiliadora","article_published_time":"2023-01-09T11:59:12+00:00","article_modified_time":"2026-08-31T07:53:05+00:00","og_image":[{"width":2560,"height":1707,"url":"https:\/\/salesianosmaux.es\/colegio\/wp-content\/uploads\/sites\/5\/2022\/12\/IMG_9355-scaled.jpeg","type":"image\/jpeg"}],"author":"admin","twitter_card":"summary_large_image","twitter_misc":{"Escrito por":"admin"},"schema":{"@context":"https:\/\/schema.org","@graph":[{"@type":"Article","@id":"https:\/\/salesianosmaux.es\/colegio\/2023\/01\/09\/aprender-a-deliberar-luis-javier-sanchez\/#article","isPartOf":{"@id":"https:\/\/salesianosmaux.es\/colegio\/2023\/01\/09\/aprender-a-deliberar-luis-javier-sanchez\/"},"author":{"name":"admin","@id":"https:\/\/salesianosmaux.es\/colegio\/#\/schema\/person\/9bd111fcfb5210d0fa466bfc8154b2f8"},"headline":"Aprender a deliberar, Luis Javier S\u00e1nchez","datePublished":"2023-01-09T11:59:12+00:00","dateModified":"2026-08-31T07:53:05+00:00","mainEntityOfPage":{"@id":"https:\/\/salesianosmaux.es\/colegio\/2023\/01\/09\/aprender-a-deliberar-luis-javier-sanchez\/"},"wordCount":637,"commentCount":0,"image":{"@id":"https:\/\/salesianosmaux.es\/colegio\/2023\/01\/09\/aprender-a-deliberar-luis-javier-sanchez\/#primaryimage"},"thumbnailUrl":"https:\/\/salesianosmaux.es\/colegio\/wp-content\/uploads\/sites\/5\/2022\/12\/IMG_9355-scaled.jpeg","articleSection":["Vida Escolar"],"inLanguage":"es","potentialAction":[{"@type":"CommentAction","name":"Comment","target":["https:\/\/salesianosmaux.es\/colegio\/2023\/01\/09\/aprender-a-deliberar-luis-javier-sanchez\/#respond"]}]},{"@type":"WebPage","@id":"https:\/\/salesianosmaux.es\/colegio\/2023\/01\/09\/aprender-a-deliberar-luis-javier-sanchez\/","url":"https:\/\/salesianosmaux.es\/colegio\/2023\/01\/09\/aprender-a-deliberar-luis-javier-sanchez\/","name":"Aprender a deliberar, Luis Javier S\u00e1nchez - Colegio Mar\u00eda Auxiliadora","isPartOf":{"@id":"https:\/\/salesianosmaux.es\/colegio\/#website"},"primaryImageOfPage":{"@id":"https:\/\/salesianosmaux.es\/colegio\/2023\/01\/09\/aprender-a-deliberar-luis-javier-sanchez\/#primaryimage"},"image":{"@id":"https:\/\/salesianosmaux.es\/colegio\/2023\/01\/09\/aprender-a-deliberar-luis-javier-sanchez\/#primaryimage"},"thumbnailUrl":"https:\/\/salesianosmaux.es\/colegio\/wp-content\/uploads\/sites\/5\/2022\/12\/IMG_9355-scaled.jpeg","datePublished":"2023-01-09T11:59:12+00:00","dateModified":"2026-08-31T07:53:05+00:00","author":{"@id":"https:\/\/salesianosmaux.es\/colegio\/#\/schema\/person\/9bd111fcfb5210d0fa466bfc8154b2f8"},"breadcrumb":{"@id":"https:\/\/salesianosmaux.es\/colegio\/2023\/01\/09\/aprender-a-deliberar-luis-javier-sanchez\/#breadcrumb"},"inLanguage":"es","potentialAction":[{"@type":"ReadAction","target":["https:\/\/salesianosmaux.es\/colegio\/2023\/01\/09\/aprender-a-deliberar-luis-javier-sanchez\/"]}]},{"@type":"ImageObject","inLanguage":"es","@id":"https:\/\/salesianosmaux.es\/colegio\/2023\/01\/09\/aprender-a-deliberar-luis-javier-sanchez\/#primaryimage","url":"https:\/\/salesianosmaux.es\/colegio\/wp-content\/uploads\/sites\/5\/2022\/12\/IMG_9355-scaled.jpeg","contentUrl":"https:\/\/salesianosmaux.es\/colegio\/wp-content\/uploads\/sites\/5\/2022\/12\/IMG_9355-scaled.jpeg","width":2560,"height":1707},{"@type":"BreadcrumbList","@id":"https:\/\/salesianosmaux.es\/colegio\/2023\/01\/09\/aprender-a-deliberar-luis-javier-sanchez\/#breadcrumb","itemListElement":[{"@type":"ListItem","position":1,"name":"Portada","item":"https:\/\/salesianosmaux.es\/colegio\/"},{"@type":"ListItem","position":2,"name":"Aprender a deliberar, Luis Javier S\u00e1nchez"}]},{"@type":"WebSite","@id":"https:\/\/salesianosmaux.es\/colegio\/#website","url":"https:\/\/salesianosmaux.es\/colegio\/","name":"Colegio Mar\u00eda Auxiliadora","description":"Colegio Mar\u00eda Auxiliadora","potentialAction":[{"@type":"SearchAction","target":{"@type":"EntryPoint","urlTemplate":"https:\/\/salesianosmaux.es\/colegio\/?s={search_term_string}"},"query-input":{"@type":"PropertyValueSpecification","valueRequired":true,"valueName":"search_term_string"}}],"inLanguage":"es"},{"@type":"Person","@id":"https:\/\/salesianosmaux.es\/colegio\/#\/schema\/person\/9bd111fcfb5210d0fa466bfc8154b2f8","name":"admin","image":{"@type":"ImageObject","inLanguage":"es","@id":"https:\/\/secure.gravatar.com\/avatar\/09550e5c75cc821753a661f1c7f497ea1bbe9e394289f33e436a29a7df762242?s=96&d=mm&r=g","url":"https:\/\/secure.gravatar.com\/avatar\/09550e5c75cc821753a661f1c7f497ea1bbe9e394289f33e436a29a7df762242?s=96&d=mm&r=g","contentUrl":"https:\/\/secure.gravatar.com\/avatar\/09550e5c75cc821753a661f1c7f497ea1bbe9e394289f33e436a29a7df762242?s=96&d=mm&r=g","caption":"admin"},"sameAs":["https:\/\/salesianosmaux.es"],"url":"https:\/\/salesianosmaux.es\/colegio\/author\/salamanca_95jmwv72\/"}]}},"_links":{"self":[{"href":"https:\/\/salesianosmaux.es\/colegio\/wp-json\/wp\/v2\/posts\/2966","targetHints":{"allow":["GET"]}}],"collection":[{"href":"https:\/\/salesianosmaux.es\/colegio\/wp-json\/wp\/v2\/posts"}],"about":[{"href":"https:\/\/salesianosmaux.es\/colegio\/wp-json\/wp\/v2\/types\/post"}],"author":[{"embeddable":true,"href":"https:\/\/salesianosmaux.es\/colegio\/wp-json\/wp\/v2\/users\/1"}],"replies":[{"embeddable":true,"href":"https:\/\/salesianosmaux.es\/colegio\/wp-json\/wp\/v2\/comments?post=2966"}],"version-history":[{"count":3,"href":"https:\/\/salesianosmaux.es\/colegio\/wp-json\/wp\/v2\/posts\/2966\/revisions"}],"predecessor-version":[{"id":2970,"href":"https:\/\/salesianosmaux.es\/colegio\/wp-json\/wp\/v2\/posts\/2966\/revisions\/2970"}],"wp:featuredmedia":[{"embeddable":true,"href":"https:\/\/salesianosmaux.es\/colegio\/wp-json\/wp\/v2\/media\/2949"}],"wp:attachment":[{"href":"https:\/\/salesianosmaux.es\/colegio\/wp-json\/wp\/v2\/media?parent=2966"}],"wp:term":[{"taxonomy":"category","embeddable":true,"href":"https:\/\/salesianosmaux.es\/colegio\/wp-json\/wp\/v2\/categories?post=2966"},{"taxonomy":"post_tag","embeddable":true,"href":"https:\/\/salesianosmaux.es\/colegio\/wp-json\/wp\/v2\/tags?post=2966"}],"curies":[{"name":"wp","href":"https:\/\/api.w.org\/{rel}","templated":true}]}}