{"id":3126,"date":"2023-01-30T16:33:14","date_gmt":"2023-01-30T16:33:14","guid":{"rendered":"https:\/\/salesianosmaux.es\/colegio\/?p=3126"},"modified":"2026-08-31T07:53:05","modified_gmt":"2026-08-31T07:53:05","slug":"celebramos-el-dia-de-la-paz-y-la-no-violencia","status":"publish","type":"post","link":"https:\/\/salesianosmaux.es\/colegio\/2023\/01\/30\/celebramos-el-dia-de-la-paz-y-la-no-violencia\/","title":{"rendered":"Celebramos el D\u00eda de la Paz y la NO Violencia"},"content":{"rendered":"<p>[et_pb_section fb_built=\u00bb1&#8243; theme_builder_area=\u00bbpost_content\u00bb _builder_version=\u00bb4.19.4&#8243; _module_preset=\u00bbdefault\u00bb][et_pb_row _builder_version=\u00bb4.19.4&#8243; _module_preset=\u00bbdefault\u00bb theme_builder_area=\u00bbpost_content\u00bb column_structure=\u00bb3_5,2_5&#8243;][et_pb_column _builder_version=\u00bb4.19.4&#8243; _module_preset=\u00bbdefault\u00bb type=\u00bb3_5&#8243; theme_builder_area=\u00bbpost_content\u00bb][et_pb_text _builder_version=\u00bb4.19.4&#8243; _module_preset=\u00bbdefault\u00bb theme_builder_area=\u00bbpost_content\u00bb hover_enabled=\u00bb0&#8243; sticky_enabled=\u00bb0&#8243;]<\/p>\n<p>El d\u00eda 30 de enero se celebra el D\u00eda escolar de la Paz y de la NO Violencia. En nuestro centro es tradici\u00f3n sumarnos todos en un acto especial para conmemorarlo.<\/p>\n<p>En concreto, este curso nos hemos juntado todos los alumnos desde Infantil hasta FP.\u00a0<\/p>\n<p><span lang=\"ES-TRAD\">Los ni\u00f1os de Infantil realizaron\u00a0coronas con palomas que se pusieron durante el acto, uni\u00e9ndose en una cadena humana junto a sus compa\u00f1eros de Primaria para formar la palabra PAZ con los colores del uniforme escolar y deportivo rodeados por los alumnos mayores de la secci\u00f3n de Secundaria.<span class=\"v1gmail-Apple-converted-space\">\u00a0<\/span><\/span><span lang=\"ES-TRAD\">Todo ello acompa\u00f1ado por la lectura de un manifiesto que ha sido preparado por alumnos de bachillerato.<\/span><\/p>\n<p><span lang=\"ES-TRAD\">Adem\u00e1s, la alumna de 2\u00ba de bachillerato Maria Raposo, ley\u00f3 una poes\u00eda sobre la Paz.<\/span><\/p>\n<p>[\/et_pb_text][\/et_pb_column][et_pb_column _builder_version=\u00bb4.19.4&#8243; _module_preset=\u00bbdefault\u00bb type=\u00bb2_5&#8243; theme_builder_area=\u00bbpost_content\u00bb][et_pb_text _builder_version=\u00bb4.19.4&#8243; _module_preset=\u00bbdefault\u00bb theme_builder_area=\u00bbpost_content\u00bb hover_enabled=\u00bb0&#8243; sticky_enabled=\u00bb0&#8243;]<\/p>\n<h3>V\u00eddeo resumen del Acto<\/h3>\n<p>[\/et_pb_text][et_pb_video src=\u00bbhttps:\/\/www.youtube.com\/watch?v=q4kSAjoaHTs\u00bb _builder_version=\u00bb4.19.4&#8243; _module_preset=\u00bbdefault\u00bb theme_builder_area=\u00bbpost_content\u00bb hover_enabled=\u00bb0&#8243; sticky_enabled=\u00bb0&#8243;][\/et_pb_video][\/et_pb_column][\/et_pb_row][et_pb_row _builder_version=\u00bb4.19.4&#8243; _module_preset=\u00bbdefault\u00bb theme_builder_area=\u00bbpost_content\u00bb][et_pb_column _builder_version=\u00bb4.19.4&#8243; _module_preset=\u00bbdefault\u00bb type=\u00bb4_4&#8243; theme_builder_area=\u00bbpost_content\u00bb][et_pb_divider _builder_version=\u00bb4.19.4&#8243; _module_preset=\u00bbdefault\u00bb theme_builder_area=\u00bbpost_content\u00bb hover_enabled=\u00bb0&#8243; sticky_enabled=\u00bb0&#8243;][\/et_pb_divider][\/et_pb_column][\/et_pb_row][et_pb_row _builder_version=\u00bb4.19.4&#8243; _module_preset=\u00bbdefault\u00bb theme_builder_area=\u00bbpost_content\u00bb column_structure=\u00bb3_5,2_5&#8243;][et_pb_column _builder_version=\u00bb4.19.4&#8243; _module_preset=\u00bbdefault\u00bb type=\u00bb3_5&#8243; theme_builder_area=\u00bbpost_content\u00bb][et_pb_text _builder_version=\u00bb4.19.4&#8243; _module_preset=\u00bbdefault\u00bb theme_builder_area=\u00bbpost_content\u00bb hover_enabled=\u00bb0&#8243; sticky_enabled=\u00bb0&#8243;]<\/p>\n<h2 style=\"text-align: center;\">Manifiesto por la Paz<\/h2>\n<h4 style=\"text-align: center;\">30 de enero de 2023<\/h4>\n<p style=\"font-weight: 400;\">Buenos d\u00edas,<\/p>\n<p style=\"font-weight: 400;\">Hoy es 30 de enero. Un d\u00eda como hoy, y m\u00e1s en estos tiempos en los que nos ha tocado vivir, estamos llamados a conmemorar en los colegios el D\u00eda de la Paz y de la No Violencia.<\/p>\n<p style=\"font-weight: 400;\">\u00a0Estamos hoy aqu\u00ed para poner voz a aquellos que no tienen voz y para pedir el cese de todos los conflictos armados que recorren el mundo.<\/p>\n<p style=\"font-weight: 400;\">\u00a0Todos, hoy, aqu\u00ed, como colegio, como el colegio Mar\u00eda Auxiliadora que somos, como comunidad educativa, queremos manifestar que:<\/p>\n<p style=\"font-weight: 400;\">Que rechazamos la guerra porque es el mayor obst\u00e1culo para la convivencia entre los seres humanos. Cuando la persona hace uso de la fuerza es que sabe que no tiene raz\u00f3n y se siente d\u00e9bil.<\/p>\n<p style=\"font-weight: 400;\">Que rechazamos la guerra, porque tiene su origen en la cobard\u00eda. Los cobardes no dialogan, agreden y atemorizan.<\/p>\n<p style=\"font-weight: 400;\">Que rechazamos la guerra porque ha sido y es hist\u00f3ricamente ineficaz. A lo largo de la historia han muerto en las guerras muchas personas, pero son pocas las que han quedado convencidas en la derrota, y son muchas las que han tenido que renunciar a sus ra\u00edces, a su religi\u00f3n, a su lengua o a su libertad.<\/p>\n<p style=\"font-weight: 400;\">Que queremos ser constructores de paz, que creemos que la paz es posible, que la debemos construir entre todos y nos comprometemos a no cruzarnos de brazos y a unir nuestras manos, diversas y unidas, para colaborar en la transformaci\u00f3n de este mundo para que la violencia vaya desapareciendo.<\/p>\n<p style=\"font-weight: 400;\">Paz es respetar y ser tolerantes con los dem\u00e1s.<\/p>\n<p style=\"font-weight: 400;\">Paz es cuidar y cuidarnos.<\/p>\n<p style=\"font-weight: 400;\">Paz es escuchar y dialogar.<\/p>\n<p style=\"font-weight: 400;\">Paz es construir un mundo de esperanza, amor e ilusi\u00f3n.<\/p>\n<p style=\"font-weight: 400;\">Porque s\u00ed, la paz es tarea de todos nosotros.<\/p>\n<p style=\"font-weight: 400;\">Hoy m\u00e1s que nunca apelamos al sentido com\u00fan, hoy estamos llamados a la reflexi\u00f3n, hoy no nos olvidamos de todas esas personas que se han visto obligadas a huir de sus casas, a luchar por sus familias y a escapar de sus hogares; hoy pedimos por la paz en Ucrania.<\/p>\n<p style=\"font-weight: 400;\">Tambi\u00e9n pedimos por la paz en todos aquellos lugares que tristemente ya no son noticia y siguen sufriendo un conflicto armado\u2026 por la paz en Siria, en Yemen, en Hait\u00ed, en Myanmar, en Etiop\u00eda o en Ir\u00e1n.<\/p>\n<p style=\"font-weight: 400;\">Por una sociedad m\u00e1s justa, por un mundo mejor, por una vida mejor. Porque como dec\u00eda Don Bosco \u201cQuien tiene paz en su conciencia, lo tiene todo\u201d.<\/p>\n<p style=\"font-weight: 400;\">Por la Paz y por la No Violencia, siempre unidos, pues \u201cNo hay camino para la paz: la paz es el camino\u201d (Mahatma Ghandi).<\/p>\n<p style=\"font-weight: 400;\">As\u00ed, unidos, gritemos NO A LA GUERRA.<\/p>\n<p>[\/et_pb_text][\/et_pb_column][et_pb_column _builder_version=\u00bb4.19.4&#8243; _module_preset=\u00bbdefault\u00bb type=\u00bb2_5&#8243; theme_builder_area=\u00bbpost_content\u00bb][et_pb_text _builder_version=\u00bb4.19.4&#8243; _module_preset=\u00bbdefault\u00bb theme_builder_area=\u00bbpost_content\u00bb hover_enabled=\u00bb0&#8243; sticky_enabled=\u00bb0&#8243;]<\/p>\n<h2 style=\"text-align: center;\">Poema de la Paz<\/h2>\n<h4 style=\"text-align: center;\">Mar\u00eda Raposo, 2\u00ba Bachillerato<\/h4>\n<p style=\"text-align: center;\">Seg\u00fan la RAE Paz: sustantivo femenino<br \/>Situaci\u00f3n de tranquilidad, sin conflictos<br \/>entre zonas, personas o pa\u00edses.<br \/>Aunque voy a pedir que esto lo revisen,<br \/>algo tan importante y tan vital<br \/>no se puede as\u00ed sin m\u00e1s simplificar.<\/p>\n<p style=\"text-align: center;\">Paz es un derecho fundamental<br \/>que deber\u00eda cumplirse a nivel mundial.<br \/>Paz es nuestra buena convivencia<br \/>uno de los pilares de nuestra existencia.<\/p>\n<p style=\"text-align: center;\">Para m\u00ed estar en paz es tratar bien<br \/>Sin importar qui\u00e9nes o qui\u00e9n es<br \/>Estar en paz es respetar,<br \/>Sin generar odio al hablar\u00a0<\/p>\n<p style=\"text-align: center;\">Paz es lo que a mucha, mucha gente<br \/>que vive con guerras enfrente,<br \/>les falta y, desgraciadamente carecen,<br \/>pero que al igual que todos, merecen.<\/p>\n<p style=\"text-align: center;\">Paz es lo que necesitamos<br \/>para cada d\u00eda respetarnos<br \/>No hay camino hacia la paz,<br \/>El camino mismo es la paz<\/p>\n<p style=\"text-align: center;\">\u00bfPero c\u00f3mo podemos hablar de paz<br \/>sin dejar ninguna acepci\u00f3n escapar?<br \/>La paz verdadera no es un d\u00eda,<br \/>no deber\u00eda ser una palabra vac\u00eda,<br \/>La paz es la \u00fanica arma que tenemos\u00a0<br \/>para en una guerra defendernos<br \/>La Paz es un estilo, para todos, de vida<br \/>no como para muchos otros, s\u00f3lo al a\u00f1o un d\u00eda.<\/p>\n<p>[\/et_pb_text][\/et_pb_column][\/et_pb_row][\/et_pb_section]<\/p>\n","protected":false},"excerpt":{"rendered":"<p>El d\u00eda 30 de enero se celebra el D\u00eda escolar de la Paz y de la NO Violencia. En nuestro centro es tradici\u00f3n sumarnos todos en un acto especial para conmemorarlo. En concreto, este curso nos hemos juntado todos los alumnos desde Infantil hasta FP.\u00a0 Los ni\u00f1os de Infantil realizaron\u00a0coronas con palomas que se pusieron [&hellip;]<\/p>\n","protected":false},"author":1,"featured_media":3127,"comment_status":"open","ping_status":"open","sticky":false,"template":"","format":"standard","meta":{"_et_pb_use_builder":"on","_et_pb_old_content":"","_et_gb_content_width":"","_joinchat":[],"footnotes":""},"categories":[82],"tags":[],"class_list":["post-3126","post","type-post","status-publish","format-standard","has-post-thumbnail","hentry","category-vida-escolar"],"yoast_head":"<!-- This site is optimized with the Yoast SEO plugin v28.4 - https:\/\/yoast.com\/product\/yoast-seo-wordpress\/ -->\n<title>Celebramos el D\u00eda de la Paz y la NO Violencia - Colegio Mar\u00eda Auxiliadora<\/title>\n<meta name=\"robots\" content=\"index, follow, max-snippet:-1, max-image-preview:large, max-video-preview:-1\" \/>\n<link rel=\"canonical\" href=\"https:\/\/salesianosmaux.es\/colegio\/2023\/01\/30\/celebramos-el-dia-de-la-paz-y-la-no-violencia\/\" \/>\n<meta property=\"og:locale\" content=\"es_ES\" \/>\n<meta property=\"og:type\" content=\"article\" \/>\n<meta property=\"og:title\" content=\"Celebramos el D\u00eda de la Paz y la NO Violencia - Colegio Mar\u00eda Auxiliadora\" \/>\n<meta property=\"og:description\" content=\"Te puede interesar...\" \/>\n<meta property=\"og:url\" content=\"https:\/\/salesianosmaux.es\/colegio\/2023\/01\/30\/celebramos-el-dia-de-la-paz-y-la-no-violencia\/\" \/>\n<meta property=\"og:site_name\" content=\"Colegio Mar\u00eda Auxiliadora\" \/>\n<meta property=\"article:published_time\" content=\"2023-01-30T16:33:14+00:00\" \/>\n<meta property=\"article:modified_time\" content=\"2026-08-31T07:53:05+00:00\" \/>\n<meta property=\"og:image\" content=\"https:\/\/salesianosmaux.es\/colegio\/wp-content\/uploads\/sites\/5\/2023\/01\/23PAZ.jpg\" \/>\n\t<meta property=\"og:image:width\" content=\"1599\" \/>\n\t<meta property=\"og:image:height\" content=\"1200\" \/>\n\t<meta property=\"og:image:type\" content=\"image\/jpeg\" \/>\n<meta name=\"author\" content=\"admin\" \/>\n<meta name=\"twitter:card\" content=\"summary_large_image\" \/>\n<meta name=\"twitter:label1\" content=\"Escrito por\" \/>\n\t<meta name=\"twitter:data1\" content=\"admin\" \/>\n<script type=\"application\/ld+json\" class=\"yoast-schema-graph\">{\"@context\":\"https:\\\/\\\/schema.org\",\"@graph\":[{\"@type\":\"Article\",\"@id\":\"https:\\\/\\\/salesianosmaux.es\\\/colegio\\\/2023\\\/01\\\/30\\\/celebramos-el-dia-de-la-paz-y-la-no-violencia\\\/#article\",\"isPartOf\":{\"@id\":\"https:\\\/\\\/salesianosmaux.es\\\/colegio\\\/2023\\\/01\\\/30\\\/celebramos-el-dia-de-la-paz-y-la-no-violencia\\\/\"},\"author\":{\"name\":\"admin\",\"@id\":\"https:\\\/\\\/salesianosmaux.es\\\/colegio\\\/#\\\/schema\\\/person\\\/9bd111fcfb5210d0fa466bfc8154b2f8\"},\"headline\":\"Celebramos el D\u00eda de la Paz y la NO Violencia\",\"datePublished\":\"2023-01-30T16:33:14+00:00\",\"dateModified\":\"2026-08-31T07:53:05+00:00\",\"mainEntityOfPage\":{\"@id\":\"https:\\\/\\\/salesianosmaux.es\\\/colegio\\\/2023\\\/01\\\/30\\\/celebramos-el-dia-de-la-paz-y-la-no-violencia\\\/\"},\"wordCount\":1085,\"commentCount\":0,\"image\":{\"@id\":\"https:\\\/\\\/salesianosmaux.es\\\/colegio\\\/2023\\\/01\\\/30\\\/celebramos-el-dia-de-la-paz-y-la-no-violencia\\\/#primaryimage\"},\"thumbnailUrl\":\"https:\\\/\\\/salesianosmaux.es\\\/colegio\\\/wp-content\\\/uploads\\\/sites\\\/5\\\/2023\\\/01\\\/23PAZ.jpg\",\"articleSection\":[\"Vida Escolar\"],\"inLanguage\":\"es\",\"potentialAction\":[{\"@type\":\"CommentAction\",\"name\":\"Comment\",\"target\":[\"https:\\\/\\\/salesianosmaux.es\\\/colegio\\\/2023\\\/01\\\/30\\\/celebramos-el-dia-de-la-paz-y-la-no-violencia\\\/#respond\"]}]},{\"@type\":\"WebPage\",\"@id\":\"https:\\\/\\\/salesianosmaux.es\\\/colegio\\\/2023\\\/01\\\/30\\\/celebramos-el-dia-de-la-paz-y-la-no-violencia\\\/\",\"url\":\"https:\\\/\\\/salesianosmaux.es\\\/colegio\\\/2023\\\/01\\\/30\\\/celebramos-el-dia-de-la-paz-y-la-no-violencia\\\/\",\"name\":\"Celebramos el D\u00eda de la Paz y la NO Violencia - Colegio Mar\u00eda Auxiliadora\",\"isPartOf\":{\"@id\":\"https:\\\/\\\/salesianosmaux.es\\\/colegio\\\/#website\"},\"primaryImageOfPage\":{\"@id\":\"https:\\\/\\\/salesianosmaux.es\\\/colegio\\\/2023\\\/01\\\/30\\\/celebramos-el-dia-de-la-paz-y-la-no-violencia\\\/#primaryimage\"},\"image\":{\"@id\":\"https:\\\/\\\/salesianosmaux.es\\\/colegio\\\/2023\\\/01\\\/30\\\/celebramos-el-dia-de-la-paz-y-la-no-violencia\\\/#primaryimage\"},\"thumbnailUrl\":\"https:\\\/\\\/salesianosmaux.es\\\/colegio\\\/wp-content\\\/uploads\\\/sites\\\/5\\\/2023\\\/01\\\/23PAZ.jpg\",\"datePublished\":\"2023-01-30T16:33:14+00:00\",\"dateModified\":\"2026-08-31T07:53:05+00:00\",\"author\":{\"@id\":\"https:\\\/\\\/salesianosmaux.es\\\/colegio\\\/#\\\/schema\\\/person\\\/9bd111fcfb5210d0fa466bfc8154b2f8\"},\"breadcrumb\":{\"@id\":\"https:\\\/\\\/salesianosmaux.es\\\/colegio\\\/2023\\\/01\\\/30\\\/celebramos-el-dia-de-la-paz-y-la-no-violencia\\\/#breadcrumb\"},\"inLanguage\":\"es\",\"potentialAction\":[{\"@type\":\"ReadAction\",\"target\":[\"https:\\\/\\\/salesianosmaux.es\\\/colegio\\\/2023\\\/01\\\/30\\\/celebramos-el-dia-de-la-paz-y-la-no-violencia\\\/\"]}]},{\"@type\":\"ImageObject\",\"inLanguage\":\"es\",\"@id\":\"https:\\\/\\\/salesianosmaux.es\\\/colegio\\\/2023\\\/01\\\/30\\\/celebramos-el-dia-de-la-paz-y-la-no-violencia\\\/#primaryimage\",\"url\":\"https:\\\/\\\/salesianosmaux.es\\\/colegio\\\/wp-content\\\/uploads\\\/sites\\\/5\\\/2023\\\/01\\\/23PAZ.jpg\",\"contentUrl\":\"https:\\\/\\\/salesianosmaux.es\\\/colegio\\\/wp-content\\\/uploads\\\/sites\\\/5\\\/2023\\\/01\\\/23PAZ.jpg\",\"width\":1599,\"height\":1200},{\"@type\":\"BreadcrumbList\",\"@id\":\"https:\\\/\\\/salesianosmaux.es\\\/colegio\\\/2023\\\/01\\\/30\\\/celebramos-el-dia-de-la-paz-y-la-no-violencia\\\/#breadcrumb\",\"itemListElement\":[{\"@type\":\"ListItem\",\"position\":1,\"name\":\"Portada\",\"item\":\"https:\\\/\\\/salesianosmaux.es\\\/colegio\\\/\"},{\"@type\":\"ListItem\",\"position\":2,\"name\":\"Celebramos el D\u00eda de la Paz y la NO Violencia\"}]},{\"@type\":\"WebSite\",\"@id\":\"https:\\\/\\\/salesianosmaux.es\\\/colegio\\\/#website\",\"url\":\"https:\\\/\\\/salesianosmaux.es\\\/colegio\\\/\",\"name\":\"Colegio Mar\u00eda Auxiliadora\",\"description\":\"Colegio Mar\u00eda Auxiliadora\",\"potentialAction\":[{\"@type\":\"SearchAction\",\"target\":{\"@type\":\"EntryPoint\",\"urlTemplate\":\"https:\\\/\\\/salesianosmaux.es\\\/colegio\\\/?s={search_term_string}\"},\"query-input\":{\"@type\":\"PropertyValueSpecification\",\"valueRequired\":true,\"valueName\":\"search_term_string\"}}],\"inLanguage\":\"es\"},{\"@type\":\"Person\",\"@id\":\"https:\\\/\\\/salesianosmaux.es\\\/colegio\\\/#\\\/schema\\\/person\\\/9bd111fcfb5210d0fa466bfc8154b2f8\",\"name\":\"admin\",\"image\":{\"@type\":\"ImageObject\",\"inLanguage\":\"es\",\"@id\":\"https:\\\/\\\/secure.gravatar.com\\\/avatar\\\/09550e5c75cc821753a661f1c7f497ea1bbe9e394289f33e436a29a7df762242?s=96&d=mm&r=g\",\"url\":\"https:\\\/\\\/secure.gravatar.com\\\/avatar\\\/09550e5c75cc821753a661f1c7f497ea1bbe9e394289f33e436a29a7df762242?s=96&d=mm&r=g\",\"contentUrl\":\"https:\\\/\\\/secure.gravatar.com\\\/avatar\\\/09550e5c75cc821753a661f1c7f497ea1bbe9e394289f33e436a29a7df762242?s=96&d=mm&r=g\",\"caption\":\"admin\"},\"sameAs\":[\"https:\\\/\\\/salesianosmaux.es\"],\"url\":\"https:\\\/\\\/salesianosmaux.es\\\/colegio\\\/author\\\/salamanca_95jmwv72\\\/\"}]}<\/script>\n<!-- \/ Yoast SEO plugin. -->","yoast_head_json":{"title":"Celebramos el D\u00eda de la Paz y la NO Violencia - Colegio Mar\u00eda Auxiliadora","robots":{"index":"index","follow":"follow","max-snippet":"max-snippet:-1","max-image-preview":"max-image-preview:large","max-video-preview":"max-video-preview:-1"},"canonical":"https:\/\/salesianosmaux.es\/colegio\/2023\/01\/30\/celebramos-el-dia-de-la-paz-y-la-no-violencia\/","og_locale":"es_ES","og_type":"article","og_title":"Celebramos el D\u00eda de la Paz y la NO Violencia - Colegio Mar\u00eda Auxiliadora","og_description":"Te puede interesar...","og_url":"https:\/\/salesianosmaux.es\/colegio\/2023\/01\/30\/celebramos-el-dia-de-la-paz-y-la-no-violencia\/","og_site_name":"Colegio Mar\u00eda Auxiliadora","article_published_time":"2023-01-30T16:33:14+00:00","article_modified_time":"2026-08-31T07:53:05+00:00","og_image":[{"width":1599,"height":1200,"url":"https:\/\/salesianosmaux.es\/colegio\/wp-content\/uploads\/sites\/5\/2023\/01\/23PAZ.jpg","type":"image\/jpeg"}],"author":"admin","twitter_card":"summary_large_image","twitter_misc":{"Escrito por":"admin"},"schema":{"@context":"https:\/\/schema.org","@graph":[{"@type":"Article","@id":"https:\/\/salesianosmaux.es\/colegio\/2023\/01\/30\/celebramos-el-dia-de-la-paz-y-la-no-violencia\/#article","isPartOf":{"@id":"https:\/\/salesianosmaux.es\/colegio\/2023\/01\/30\/celebramos-el-dia-de-la-paz-y-la-no-violencia\/"},"author":{"name":"admin","@id":"https:\/\/salesianosmaux.es\/colegio\/#\/schema\/person\/9bd111fcfb5210d0fa466bfc8154b2f8"},"headline":"Celebramos el D\u00eda de la Paz y la NO Violencia","datePublished":"2023-01-30T16:33:14+00:00","dateModified":"2026-08-31T07:53:05+00:00","mainEntityOfPage":{"@id":"https:\/\/salesianosmaux.es\/colegio\/2023\/01\/30\/celebramos-el-dia-de-la-paz-y-la-no-violencia\/"},"wordCount":1085,"commentCount":0,"image":{"@id":"https:\/\/salesianosmaux.es\/colegio\/2023\/01\/30\/celebramos-el-dia-de-la-paz-y-la-no-violencia\/#primaryimage"},"thumbnailUrl":"https:\/\/salesianosmaux.es\/colegio\/wp-content\/uploads\/sites\/5\/2023\/01\/23PAZ.jpg","articleSection":["Vida Escolar"],"inLanguage":"es","potentialAction":[{"@type":"CommentAction","name":"Comment","target":["https:\/\/salesianosmaux.es\/colegio\/2023\/01\/30\/celebramos-el-dia-de-la-paz-y-la-no-violencia\/#respond"]}]},{"@type":"WebPage","@id":"https:\/\/salesianosmaux.es\/colegio\/2023\/01\/30\/celebramos-el-dia-de-la-paz-y-la-no-violencia\/","url":"https:\/\/salesianosmaux.es\/colegio\/2023\/01\/30\/celebramos-el-dia-de-la-paz-y-la-no-violencia\/","name":"Celebramos el D\u00eda de la Paz y la NO Violencia - Colegio Mar\u00eda Auxiliadora","isPartOf":{"@id":"https:\/\/salesianosmaux.es\/colegio\/#website"},"primaryImageOfPage":{"@id":"https:\/\/salesianosmaux.es\/colegio\/2023\/01\/30\/celebramos-el-dia-de-la-paz-y-la-no-violencia\/#primaryimage"},"image":{"@id":"https:\/\/salesianosmaux.es\/colegio\/2023\/01\/30\/celebramos-el-dia-de-la-paz-y-la-no-violencia\/#primaryimage"},"thumbnailUrl":"https:\/\/salesianosmaux.es\/colegio\/wp-content\/uploads\/sites\/5\/2023\/01\/23PAZ.jpg","datePublished":"2023-01-30T16:33:14+00:00","dateModified":"2026-08-31T07:53:05+00:00","author":{"@id":"https:\/\/salesianosmaux.es\/colegio\/#\/schema\/person\/9bd111fcfb5210d0fa466bfc8154b2f8"},"breadcrumb":{"@id":"https:\/\/salesianosmaux.es\/colegio\/2023\/01\/30\/celebramos-el-dia-de-la-paz-y-la-no-violencia\/#breadcrumb"},"inLanguage":"es","potentialAction":[{"@type":"ReadAction","target":["https:\/\/salesianosmaux.es\/colegio\/2023\/01\/30\/celebramos-el-dia-de-la-paz-y-la-no-violencia\/"]}]},{"@type":"ImageObject","inLanguage":"es","@id":"https:\/\/salesianosmaux.es\/colegio\/2023\/01\/30\/celebramos-el-dia-de-la-paz-y-la-no-violencia\/#primaryimage","url":"https:\/\/salesianosmaux.es\/colegio\/wp-content\/uploads\/sites\/5\/2023\/01\/23PAZ.jpg","contentUrl":"https:\/\/salesianosmaux.es\/colegio\/wp-content\/uploads\/sites\/5\/2023\/01\/23PAZ.jpg","width":1599,"height":1200},{"@type":"BreadcrumbList","@id":"https:\/\/salesianosmaux.es\/colegio\/2023\/01\/30\/celebramos-el-dia-de-la-paz-y-la-no-violencia\/#breadcrumb","itemListElement":[{"@type":"ListItem","position":1,"name":"Portada","item":"https:\/\/salesianosmaux.es\/colegio\/"},{"@type":"ListItem","position":2,"name":"Celebramos el D\u00eda de la Paz y la NO Violencia"}]},{"@type":"WebSite","@id":"https:\/\/salesianosmaux.es\/colegio\/#website","url":"https:\/\/salesianosmaux.es\/colegio\/","name":"Colegio Mar\u00eda Auxiliadora","description":"Colegio Mar\u00eda Auxiliadora","potentialAction":[{"@type":"SearchAction","target":{"@type":"EntryPoint","urlTemplate":"https:\/\/salesianosmaux.es\/colegio\/?s={search_term_string}"},"query-input":{"@type":"PropertyValueSpecification","valueRequired":true,"valueName":"search_term_string"}}],"inLanguage":"es"},{"@type":"Person","@id":"https:\/\/salesianosmaux.es\/colegio\/#\/schema\/person\/9bd111fcfb5210d0fa466bfc8154b2f8","name":"admin","image":{"@type":"ImageObject","inLanguage":"es","@id":"https:\/\/secure.gravatar.com\/avatar\/09550e5c75cc821753a661f1c7f497ea1bbe9e394289f33e436a29a7df762242?s=96&d=mm&r=g","url":"https:\/\/secure.gravatar.com\/avatar\/09550e5c75cc821753a661f1c7f497ea1bbe9e394289f33e436a29a7df762242?s=96&d=mm&r=g","contentUrl":"https:\/\/secure.gravatar.com\/avatar\/09550e5c75cc821753a661f1c7f497ea1bbe9e394289f33e436a29a7df762242?s=96&d=mm&r=g","caption":"admin"},"sameAs":["https:\/\/salesianosmaux.es"],"url":"https:\/\/salesianosmaux.es\/colegio\/author\/salamanca_95jmwv72\/"}]}},"_links":{"self":[{"href":"https:\/\/salesianosmaux.es\/colegio\/wp-json\/wp\/v2\/posts\/3126","targetHints":{"allow":["GET"]}}],"collection":[{"href":"https:\/\/salesianosmaux.es\/colegio\/wp-json\/wp\/v2\/posts"}],"about":[{"href":"https:\/\/salesianosmaux.es\/colegio\/wp-json\/wp\/v2\/types\/post"}],"author":[{"embeddable":true,"href":"https:\/\/salesianosmaux.es\/colegio\/wp-json\/wp\/v2\/users\/1"}],"replies":[{"embeddable":true,"href":"https:\/\/salesianosmaux.es\/colegio\/wp-json\/wp\/v2\/comments?post=3126"}],"version-history":[{"count":2,"href":"https:\/\/salesianosmaux.es\/colegio\/wp-json\/wp\/v2\/posts\/3126\/revisions"}],"predecessor-version":[{"id":3130,"href":"https:\/\/salesianosmaux.es\/colegio\/wp-json\/wp\/v2\/posts\/3126\/revisions\/3130"}],"wp:featuredmedia":[{"embeddable":true,"href":"https:\/\/salesianosmaux.es\/colegio\/wp-json\/wp\/v2\/media\/3127"}],"wp:attachment":[{"href":"https:\/\/salesianosmaux.es\/colegio\/wp-json\/wp\/v2\/media?parent=3126"}],"wp:term":[{"taxonomy":"category","embeddable":true,"href":"https:\/\/salesianosmaux.es\/colegio\/wp-json\/wp\/v2\/categories?post=3126"},{"taxonomy":"post_tag","embeddable":true,"href":"https:\/\/salesianosmaux.es\/colegio\/wp-json\/wp\/v2\/tags?post=3126"}],"curies":[{"name":"wp","href":"https:\/\/api.w.org\/{rel}","templated":true}]}}