{"id":3972,"date":"2023-04-18T06:34:26","date_gmt":"2023-04-18T06:34:26","guid":{"rendered":"https:\/\/salesianosmaux.es\/colegio\/?p=3972"},"modified":"2024-01-16T12:28:36","modified_gmt":"2024-01-16T12:28:36","slug":"carlos-eguiluz-alumno-de-1o-de-bachillerato-logra-el-cinturon-negro-primer-dan-de-judo","status":"publish","type":"post","link":"https:\/\/salesianosmaux.es\/colegio\/2023\/04\/18\/carlos-eguiluz-alumno-de-1o-de-bachillerato-logra-el-cinturon-negro-primer-dan-de-judo\/","title":{"rendered":"Carlos Eguiluz, alumno de 1\u00ba de bachillerato, logra el cintur\u00f3n negro primer Dan de Judo"},"content":{"rendered":"<p>[et_pb_section fb_built=\u00bb1&#8243; theme_builder_area=\u00bbpost_content\u00bb _builder_version=\u00bb4.20.2&#8243; _module_preset=\u00bbdefault\u00bb][et_pb_row _builder_version=\u00bb4.20.2&#8243; _module_preset=\u00bbdefault\u00bb theme_builder_area=\u00bbpost_content\u00bb][et_pb_column _builder_version=\u00bb4.20.2&#8243; _module_preset=\u00bbdefault\u00bb type=\u00bb4_4&#8243; theme_builder_area=\u00bbpost_content\u00bb][et_pb_text _builder_version=\u00bb4.20.2&#8243; _module_preset=\u00bbdefault\u00bb theme_builder_area=\u00bbpost_content\u00bb hover_enabled=\u00bb0&#8243; sticky_enabled=\u00bb0&#8243;]<\/p>\n<p style=\"text-align: justify;\">El pasado 16 de abril, <em>Carlos Eguiluz Hern\u00e1ndez<\/em>, alumno de primero de Bachillerato y deportista del club de Judo Doryoku, obtuvo el cintur\u00f3n negro primer Dan. <br \/>Tras un largo per\u00edodo de preparaci\u00f3n junto a sus entrenadores y compa\u00f1eros, esfuerzo diario y compromiso a la hora de compaginar el deporte con los estudios, Carlos logra este brillante resultado. Para ello, tuvo que presentarse junto a su compa\u00f1era Sara Hern\u00e1ndez, al examen celebrado en Villares de la Reina (Salamanca), superando con \u00e9xito cada uno de los requisitos solicitados por el tribunal.<\/p>\n<h4 style=\"text-align: center;\">\u00a1Enhorabuena, Carlos!<\/h4>\n<p style=\"text-align: justify;\">Desde el colegio Mar\u00eda Auxiliadora nos sentimos muy orgullosos de ver como nuestro alumnado trabaja d\u00eda tras d\u00eda por conseguir sus objetivos, disfruta de la pr\u00e1ctica f\u00edsica deportiva y comparte con ilusi\u00f3n cada uno de los logros alcanzados.<\/p>\n<p>[\/et_pb_text][\/et_pb_column][\/et_pb_row][\/et_pb_section]<\/p>\n","protected":false},"excerpt":{"rendered":"<p>El pasado 16 de abril, Carlos Eguiluz Hern\u00e1ndez, alumno de primero de Bachillerato y deportista del club de Judo Doryoku, obtuvo el cintur\u00f3n negro primer Dan. Tras un largo per\u00edodo de preparaci\u00f3n junto a sus entrenadores y compa\u00f1eros, esfuerzo diario y compromiso a la hora de compaginar el deporte con los estudios, Carlos logra este [&hellip;]<\/p>\n","protected":false},"author":1,"featured_media":3973,"comment_status":"open","ping_status":"open","sticky":false,"template":"","format":"standard","meta":{"_et_pb_use_builder":"on","_et_pb_old_content":"","_et_gb_content_width":"","_joinchat":[],"footnotes":""},"categories":[56],"tags":[],"class_list":["post-3972","post","type-post","status-publish","format-standard","has-post-thumbnail","hentry","category-premios-y-reconocimientos"],"yoast_head":"<!-- This site is optimized with the Yoast SEO plugin v28.4 - https:\/\/yoast.com\/product\/yoast-seo-wordpress\/ -->\n<title>Carlos Eguiluz, alumno de 1\u00ba de bachillerato, logra el cintur\u00f3n negro primer Dan de Judo - Colegio Mar\u00eda Auxiliadora<\/title>\n<meta name=\"robots\" content=\"index, follow, max-snippet:-1, max-image-preview:large, max-video-preview:-1\" \/>\n<link rel=\"canonical\" href=\"https:\/\/salesianosmaux.es\/colegio\/2023\/04\/18\/carlos-eguiluz-alumno-de-1o-de-bachillerato-logra-el-cinturon-negro-primer-dan-de-judo\/\" \/>\n<meta property=\"og:locale\" content=\"es_ES\" \/>\n<meta property=\"og:type\" content=\"article\" \/>\n<meta property=\"og:title\" content=\"Carlos Eguiluz, alumno de 1\u00ba de bachillerato, logra el cintur\u00f3n negro primer Dan de Judo - Colegio Mar\u00eda Auxiliadora\" \/>\n<meta property=\"og:description\" content=\"Te puede interesar...\" \/>\n<meta property=\"og:url\" content=\"https:\/\/salesianosmaux.es\/colegio\/2023\/04\/18\/carlos-eguiluz-alumno-de-1o-de-bachillerato-logra-el-cinturon-negro-primer-dan-de-judo\/\" \/>\n<meta property=\"og:site_name\" content=\"Colegio Mar\u00eda Auxiliadora\" \/>\n<meta property=\"article:published_time\" content=\"2023-04-18T06:34:26+00:00\" \/>\n<meta property=\"article:modified_time\" content=\"2024-01-16T12:28:36+00:00\" \/>\n<meta property=\"og:image\" content=\"https:\/\/salesianosmaux.es\/colegio\/wp-content\/uploads\/sites\/5\/2023\/04\/23CEguiluz.png\" \/>\n\t<meta property=\"og:image:width\" content=\"575\" \/>\n\t<meta property=\"og:image:height\" content=\"664\" \/>\n\t<meta property=\"og:image:type\" content=\"image\/png\" \/>\n<meta name=\"author\" content=\"admin\" \/>\n<meta name=\"twitter:card\" content=\"summary_large_image\" \/>\n<meta name=\"twitter:label1\" content=\"Escrito por\" \/>\n\t<meta name=\"twitter:data1\" content=\"admin\" \/>\n<script type=\"application\/ld+json\" class=\"yoast-schema-graph\">{\"@context\":\"https:\\\/\\\/schema.org\",\"@graph\":[{\"@type\":\"Article\",\"@id\":\"https:\\\/\\\/salesianosmaux.es\\\/colegio\\\/2023\\\/04\\\/18\\\/carlos-eguiluz-alumno-de-1o-de-bachillerato-logra-el-cinturon-negro-primer-dan-de-judo\\\/#article\",\"isPartOf\":{\"@id\":\"https:\\\/\\\/salesianosmaux.es\\\/colegio\\\/2023\\\/04\\\/18\\\/carlos-eguiluz-alumno-de-1o-de-bachillerato-logra-el-cinturon-negro-primer-dan-de-judo\\\/\"},\"author\":{\"name\":\"admin\",\"@id\":\"https:\\\/\\\/salesianosmaux.es\\\/colegio\\\/#\\\/schema\\\/person\\\/9bd111fcfb5210d0fa466bfc8154b2f8\"},\"headline\":\"Carlos Eguiluz, alumno de 1\u00ba de bachillerato, logra el cintur\u00f3n negro primer Dan de Judo\",\"datePublished\":\"2023-04-18T06:34:26+00:00\",\"dateModified\":\"2024-01-16T12:28:36+00:00\",\"mainEntityOfPage\":{\"@id\":\"https:\\\/\\\/salesianosmaux.es\\\/colegio\\\/2023\\\/04\\\/18\\\/carlos-eguiluz-alumno-de-1o-de-bachillerato-logra-el-cinturon-negro-primer-dan-de-judo\\\/\"},\"wordCount\":227,\"commentCount\":0,\"image\":{\"@id\":\"https:\\\/\\\/salesianosmaux.es\\\/colegio\\\/2023\\\/04\\\/18\\\/carlos-eguiluz-alumno-de-1o-de-bachillerato-logra-el-cinturon-negro-primer-dan-de-judo\\\/#primaryimage\"},\"thumbnailUrl\":\"https:\\\/\\\/salesianosmaux.es\\\/colegio\\\/wp-content\\\/uploads\\\/sites\\\/5\\\/2023\\\/04\\\/23CEguiluz.png\",\"articleSection\":[\"Premios y reconocimientos\"],\"inLanguage\":\"es\",\"potentialAction\":[{\"@type\":\"CommentAction\",\"name\":\"Comment\",\"target\":[\"https:\\\/\\\/salesianosmaux.es\\\/colegio\\\/2023\\\/04\\\/18\\\/carlos-eguiluz-alumno-de-1o-de-bachillerato-logra-el-cinturon-negro-primer-dan-de-judo\\\/#respond\"]}]},{\"@type\":\"WebPage\",\"@id\":\"https:\\\/\\\/salesianosmaux.es\\\/colegio\\\/2023\\\/04\\\/18\\\/carlos-eguiluz-alumno-de-1o-de-bachillerato-logra-el-cinturon-negro-primer-dan-de-judo\\\/\",\"url\":\"https:\\\/\\\/salesianosmaux.es\\\/colegio\\\/2023\\\/04\\\/18\\\/carlos-eguiluz-alumno-de-1o-de-bachillerato-logra-el-cinturon-negro-primer-dan-de-judo\\\/\",\"name\":\"Carlos Eguiluz, alumno de 1\u00ba de bachillerato, logra el cintur\u00f3n negro primer Dan de Judo - Colegio Mar\u00eda Auxiliadora\",\"isPartOf\":{\"@id\":\"https:\\\/\\\/salesianosmaux.es\\\/colegio\\\/#website\"},\"primaryImageOfPage\":{\"@id\":\"https:\\\/\\\/salesianosmaux.es\\\/colegio\\\/2023\\\/04\\\/18\\\/carlos-eguiluz-alumno-de-1o-de-bachillerato-logra-el-cinturon-negro-primer-dan-de-judo\\\/#primaryimage\"},\"image\":{\"@id\":\"https:\\\/\\\/salesianosmaux.es\\\/colegio\\\/2023\\\/04\\\/18\\\/carlos-eguiluz-alumno-de-1o-de-bachillerato-logra-el-cinturon-negro-primer-dan-de-judo\\\/#primaryimage\"},\"thumbnailUrl\":\"https:\\\/\\\/salesianosmaux.es\\\/colegio\\\/wp-content\\\/uploads\\\/sites\\\/5\\\/2023\\\/04\\\/23CEguiluz.png\",\"datePublished\":\"2023-04-18T06:34:26+00:00\",\"dateModified\":\"2024-01-16T12:28:36+00:00\",\"author\":{\"@id\":\"https:\\\/\\\/salesianosmaux.es\\\/colegio\\\/#\\\/schema\\\/person\\\/9bd111fcfb5210d0fa466bfc8154b2f8\"},\"breadcrumb\":{\"@id\":\"https:\\\/\\\/salesianosmaux.es\\\/colegio\\\/2023\\\/04\\\/18\\\/carlos-eguiluz-alumno-de-1o-de-bachillerato-logra-el-cinturon-negro-primer-dan-de-judo\\\/#breadcrumb\"},\"inLanguage\":\"es\",\"potentialAction\":[{\"@type\":\"ReadAction\",\"target\":[\"https:\\\/\\\/salesianosmaux.es\\\/colegio\\\/2023\\\/04\\\/18\\\/carlos-eguiluz-alumno-de-1o-de-bachillerato-logra-el-cinturon-negro-primer-dan-de-judo\\\/\"]}]},{\"@type\":\"ImageObject\",\"inLanguage\":\"es\",\"@id\":\"https:\\\/\\\/salesianosmaux.es\\\/colegio\\\/2023\\\/04\\\/18\\\/carlos-eguiluz-alumno-de-1o-de-bachillerato-logra-el-cinturon-negro-primer-dan-de-judo\\\/#primaryimage\",\"url\":\"https:\\\/\\\/salesianosmaux.es\\\/colegio\\\/wp-content\\\/uploads\\\/sites\\\/5\\\/2023\\\/04\\\/23CEguiluz.png\",\"contentUrl\":\"https:\\\/\\\/salesianosmaux.es\\\/colegio\\\/wp-content\\\/uploads\\\/sites\\\/5\\\/2023\\\/04\\\/23CEguiluz.png\",\"width\":575,\"height\":664},{\"@type\":\"BreadcrumbList\",\"@id\":\"https:\\\/\\\/salesianosmaux.es\\\/colegio\\\/2023\\\/04\\\/18\\\/carlos-eguiluz-alumno-de-1o-de-bachillerato-logra-el-cinturon-negro-primer-dan-de-judo\\\/#breadcrumb\",\"itemListElement\":[{\"@type\":\"ListItem\",\"position\":1,\"name\":\"Portada\",\"item\":\"https:\\\/\\\/salesianosmaux.es\\\/colegio\\\/\"},{\"@type\":\"ListItem\",\"position\":2,\"name\":\"Carlos Eguiluz, alumno de 1\u00ba de bachillerato, logra el cintur\u00f3n negro primer Dan de Judo\"}]},{\"@type\":\"WebSite\",\"@id\":\"https:\\\/\\\/salesianosmaux.es\\\/colegio\\\/#website\",\"url\":\"https:\\\/\\\/salesianosmaux.es\\\/colegio\\\/\",\"name\":\"Colegio Mar\u00eda Auxiliadora\",\"description\":\"Colegio Mar\u00eda Auxiliadora\",\"potentialAction\":[{\"@type\":\"SearchAction\",\"target\":{\"@type\":\"EntryPoint\",\"urlTemplate\":\"https:\\\/\\\/salesianosmaux.es\\\/colegio\\\/?s={search_term_string}\"},\"query-input\":{\"@type\":\"PropertyValueSpecification\",\"valueRequired\":true,\"valueName\":\"search_term_string\"}}],\"inLanguage\":\"es\"},{\"@type\":\"Person\",\"@id\":\"https:\\\/\\\/salesianosmaux.es\\\/colegio\\\/#\\\/schema\\\/person\\\/9bd111fcfb5210d0fa466bfc8154b2f8\",\"name\":\"admin\",\"image\":{\"@type\":\"ImageObject\",\"inLanguage\":\"es\",\"@id\":\"https:\\\/\\\/secure.gravatar.com\\\/avatar\\\/09550e5c75cc821753a661f1c7f497ea1bbe9e394289f33e436a29a7df762242?s=96&d=mm&r=g\",\"url\":\"https:\\\/\\\/secure.gravatar.com\\\/avatar\\\/09550e5c75cc821753a661f1c7f497ea1bbe9e394289f33e436a29a7df762242?s=96&d=mm&r=g\",\"contentUrl\":\"https:\\\/\\\/secure.gravatar.com\\\/avatar\\\/09550e5c75cc821753a661f1c7f497ea1bbe9e394289f33e436a29a7df762242?s=96&d=mm&r=g\",\"caption\":\"admin\"},\"sameAs\":[\"https:\\\/\\\/salesianosmaux.es\"],\"url\":\"https:\\\/\\\/salesianosmaux.es\\\/colegio\\\/author\\\/salamanca_95jmwv72\\\/\"}]}<\/script>\n<!-- \/ Yoast SEO plugin. -->","yoast_head_json":{"title":"Carlos Eguiluz, alumno de 1\u00ba de bachillerato, logra el cintur\u00f3n negro primer Dan de Judo - Colegio Mar\u00eda Auxiliadora","robots":{"index":"index","follow":"follow","max-snippet":"max-snippet:-1","max-image-preview":"max-image-preview:large","max-video-preview":"max-video-preview:-1"},"canonical":"https:\/\/salesianosmaux.es\/colegio\/2023\/04\/18\/carlos-eguiluz-alumno-de-1o-de-bachillerato-logra-el-cinturon-negro-primer-dan-de-judo\/","og_locale":"es_ES","og_type":"article","og_title":"Carlos Eguiluz, alumno de 1\u00ba de bachillerato, logra el cintur\u00f3n negro primer Dan de Judo - Colegio Mar\u00eda Auxiliadora","og_description":"Te puede interesar...","og_url":"https:\/\/salesianosmaux.es\/colegio\/2023\/04\/18\/carlos-eguiluz-alumno-de-1o-de-bachillerato-logra-el-cinturon-negro-primer-dan-de-judo\/","og_site_name":"Colegio Mar\u00eda Auxiliadora","article_published_time":"2023-04-18T06:34:26+00:00","article_modified_time":"2024-01-16T12:28:36+00:00","og_image":[{"width":575,"height":664,"url":"https:\/\/salesianosmaux.es\/colegio\/wp-content\/uploads\/sites\/5\/2023\/04\/23CEguiluz.png","type":"image\/png"}],"author":"admin","twitter_card":"summary_large_image","twitter_misc":{"Escrito por":"admin"},"schema":{"@context":"https:\/\/schema.org","@graph":[{"@type":"Article","@id":"https:\/\/salesianosmaux.es\/colegio\/2023\/04\/18\/carlos-eguiluz-alumno-de-1o-de-bachillerato-logra-el-cinturon-negro-primer-dan-de-judo\/#article","isPartOf":{"@id":"https:\/\/salesianosmaux.es\/colegio\/2023\/04\/18\/carlos-eguiluz-alumno-de-1o-de-bachillerato-logra-el-cinturon-negro-primer-dan-de-judo\/"},"author":{"name":"admin","@id":"https:\/\/salesianosmaux.es\/colegio\/#\/schema\/person\/9bd111fcfb5210d0fa466bfc8154b2f8"},"headline":"Carlos Eguiluz, alumno de 1\u00ba de bachillerato, logra el cintur\u00f3n negro primer Dan de Judo","datePublished":"2023-04-18T06:34:26+00:00","dateModified":"2024-01-16T12:28:36+00:00","mainEntityOfPage":{"@id":"https:\/\/salesianosmaux.es\/colegio\/2023\/04\/18\/carlos-eguiluz-alumno-de-1o-de-bachillerato-logra-el-cinturon-negro-primer-dan-de-judo\/"},"wordCount":227,"commentCount":0,"image":{"@id":"https:\/\/salesianosmaux.es\/colegio\/2023\/04\/18\/carlos-eguiluz-alumno-de-1o-de-bachillerato-logra-el-cinturon-negro-primer-dan-de-judo\/#primaryimage"},"thumbnailUrl":"https:\/\/salesianosmaux.es\/colegio\/wp-content\/uploads\/sites\/5\/2023\/04\/23CEguiluz.png","articleSection":["Premios y reconocimientos"],"inLanguage":"es","potentialAction":[{"@type":"CommentAction","name":"Comment","target":["https:\/\/salesianosmaux.es\/colegio\/2023\/04\/18\/carlos-eguiluz-alumno-de-1o-de-bachillerato-logra-el-cinturon-negro-primer-dan-de-judo\/#respond"]}]},{"@type":"WebPage","@id":"https:\/\/salesianosmaux.es\/colegio\/2023\/04\/18\/carlos-eguiluz-alumno-de-1o-de-bachillerato-logra-el-cinturon-negro-primer-dan-de-judo\/","url":"https:\/\/salesianosmaux.es\/colegio\/2023\/04\/18\/carlos-eguiluz-alumno-de-1o-de-bachillerato-logra-el-cinturon-negro-primer-dan-de-judo\/","name":"Carlos Eguiluz, alumno de 1\u00ba de bachillerato, logra el cintur\u00f3n negro primer Dan de Judo - Colegio Mar\u00eda Auxiliadora","isPartOf":{"@id":"https:\/\/salesianosmaux.es\/colegio\/#website"},"primaryImageOfPage":{"@id":"https:\/\/salesianosmaux.es\/colegio\/2023\/04\/18\/carlos-eguiluz-alumno-de-1o-de-bachillerato-logra-el-cinturon-negro-primer-dan-de-judo\/#primaryimage"},"image":{"@id":"https:\/\/salesianosmaux.es\/colegio\/2023\/04\/18\/carlos-eguiluz-alumno-de-1o-de-bachillerato-logra-el-cinturon-negro-primer-dan-de-judo\/#primaryimage"},"thumbnailUrl":"https:\/\/salesianosmaux.es\/colegio\/wp-content\/uploads\/sites\/5\/2023\/04\/23CEguiluz.png","datePublished":"2023-04-18T06:34:26+00:00","dateModified":"2024-01-16T12:28:36+00:00","author":{"@id":"https:\/\/salesianosmaux.es\/colegio\/#\/schema\/person\/9bd111fcfb5210d0fa466bfc8154b2f8"},"breadcrumb":{"@id":"https:\/\/salesianosmaux.es\/colegio\/2023\/04\/18\/carlos-eguiluz-alumno-de-1o-de-bachillerato-logra-el-cinturon-negro-primer-dan-de-judo\/#breadcrumb"},"inLanguage":"es","potentialAction":[{"@type":"ReadAction","target":["https:\/\/salesianosmaux.es\/colegio\/2023\/04\/18\/carlos-eguiluz-alumno-de-1o-de-bachillerato-logra-el-cinturon-negro-primer-dan-de-judo\/"]}]},{"@type":"ImageObject","inLanguage":"es","@id":"https:\/\/salesianosmaux.es\/colegio\/2023\/04\/18\/carlos-eguiluz-alumno-de-1o-de-bachillerato-logra-el-cinturon-negro-primer-dan-de-judo\/#primaryimage","url":"https:\/\/salesianosmaux.es\/colegio\/wp-content\/uploads\/sites\/5\/2023\/04\/23CEguiluz.png","contentUrl":"https:\/\/salesianosmaux.es\/colegio\/wp-content\/uploads\/sites\/5\/2023\/04\/23CEguiluz.png","width":575,"height":664},{"@type":"BreadcrumbList","@id":"https:\/\/salesianosmaux.es\/colegio\/2023\/04\/18\/carlos-eguiluz-alumno-de-1o-de-bachillerato-logra-el-cinturon-negro-primer-dan-de-judo\/#breadcrumb","itemListElement":[{"@type":"ListItem","position":1,"name":"Portada","item":"https:\/\/salesianosmaux.es\/colegio\/"},{"@type":"ListItem","position":2,"name":"Carlos Eguiluz, alumno de 1\u00ba de bachillerato, logra el cintur\u00f3n negro primer Dan de Judo"}]},{"@type":"WebSite","@id":"https:\/\/salesianosmaux.es\/colegio\/#website","url":"https:\/\/salesianosmaux.es\/colegio\/","name":"Colegio Mar\u00eda Auxiliadora","description":"Colegio Mar\u00eda Auxiliadora","potentialAction":[{"@type":"SearchAction","target":{"@type":"EntryPoint","urlTemplate":"https:\/\/salesianosmaux.es\/colegio\/?s={search_term_string}"},"query-input":{"@type":"PropertyValueSpecification","valueRequired":true,"valueName":"search_term_string"}}],"inLanguage":"es"},{"@type":"Person","@id":"https:\/\/salesianosmaux.es\/colegio\/#\/schema\/person\/9bd111fcfb5210d0fa466bfc8154b2f8","name":"admin","image":{"@type":"ImageObject","inLanguage":"es","@id":"https:\/\/secure.gravatar.com\/avatar\/09550e5c75cc821753a661f1c7f497ea1bbe9e394289f33e436a29a7df762242?s=96&d=mm&r=g","url":"https:\/\/secure.gravatar.com\/avatar\/09550e5c75cc821753a661f1c7f497ea1bbe9e394289f33e436a29a7df762242?s=96&d=mm&r=g","contentUrl":"https:\/\/secure.gravatar.com\/avatar\/09550e5c75cc821753a661f1c7f497ea1bbe9e394289f33e436a29a7df762242?s=96&d=mm&r=g","caption":"admin"},"sameAs":["https:\/\/salesianosmaux.es"],"url":"https:\/\/salesianosmaux.es\/colegio\/author\/salamanca_95jmwv72\/"}]}},"_links":{"self":[{"href":"https:\/\/salesianosmaux.es\/colegio\/wp-json\/wp\/v2\/posts\/3972","targetHints":{"allow":["GET"]}}],"collection":[{"href":"https:\/\/salesianosmaux.es\/colegio\/wp-json\/wp\/v2\/posts"}],"about":[{"href":"https:\/\/salesianosmaux.es\/colegio\/wp-json\/wp\/v2\/types\/post"}],"author":[{"embeddable":true,"href":"https:\/\/salesianosmaux.es\/colegio\/wp-json\/wp\/v2\/users\/1"}],"replies":[{"embeddable":true,"href":"https:\/\/salesianosmaux.es\/colegio\/wp-json\/wp\/v2\/comments?post=3972"}],"version-history":[{"count":2,"href":"https:\/\/salesianosmaux.es\/colegio\/wp-json\/wp\/v2\/posts\/3972\/revisions"}],"predecessor-version":[{"id":3976,"href":"https:\/\/salesianosmaux.es\/colegio\/wp-json\/wp\/v2\/posts\/3972\/revisions\/3976"}],"wp:featuredmedia":[{"embeddable":true,"href":"https:\/\/salesianosmaux.es\/colegio\/wp-json\/wp\/v2\/media\/3973"}],"wp:attachment":[{"href":"https:\/\/salesianosmaux.es\/colegio\/wp-json\/wp\/v2\/media?parent=3972"}],"wp:term":[{"taxonomy":"category","embeddable":true,"href":"https:\/\/salesianosmaux.es\/colegio\/wp-json\/wp\/v2\/categories?post=3972"},{"taxonomy":"post_tag","embeddable":true,"href":"https:\/\/salesianosmaux.es\/colegio\/wp-json\/wp\/v2\/tags?post=3972"}],"curies":[{"name":"wp","href":"https:\/\/api.w.org\/{rel}","templated":true}]}}