{"id":3986,"date":"2023-05-02T19:29:40","date_gmt":"2023-05-02T19:29:40","guid":{"rendered":"https:\/\/salesianosmaux.es\/colegio\/?p=3986"},"modified":"2026-08-31T07:40:56","modified_gmt":"2026-08-31T07:40:56","slug":"visita-del-sr-alcalde-de-salamanca","status":"publish","type":"post","link":"https:\/\/salesianosmaux.es\/colegio\/2023\/05\/02\/visita-del-sr-alcalde-de-salamanca\/","title":{"rendered":"Visita del Sr. Alcalde de Salamanca"},"content":{"rendered":"<p>[et_pb_section fb_built=\u00bb1&#8243; theme_builder_area=\u00bbpost_content\u00bb _builder_version=\u00bb4.20.2&#8243; _module_preset=\u00bbdefault\u00bb][et_pb_row _builder_version=\u00bb4.20.2&#8243; _module_preset=\u00bbdefault\u00bb theme_builder_area=\u00bbpost_content\u00bb][et_pb_column _builder_version=\u00bb4.20.2&#8243; _module_preset=\u00bbdefault\u00bb type=\u00bb4_4&#8243; theme_builder_area=\u00bbpost_content\u00bb][et_pb_text _builder_version=\u00bb4.20.2&#8243; _module_preset=\u00bbdefault\u00bb theme_builder_area=\u00bbpost_content\u00bb hover_enabled=\u00bb0&#8243; sticky_enabled=\u00bb0&#8243;]<\/p>\n<p><span>En la ma\u00f1ana de hoy martes, el alcalde de Salamanca, Carlos Garc\u00eda Carbayo, visit\u00f3 nuestro colegio para participar en la actividad de Folclore Charro promovida por la Fundaci\u00f3n Ciudad de Cultura y Saberes. Nuestro alcalde ha sido testigo de los avances de los alumnos asistiendo junto al resto de profesorado y alumnos a la actuaci\u00f3n final en el patio.<\/span><\/p>\n<p><span>Esta actividad la dirige el t\u00e9cnico de cultura popular \u00a0y profesor de la Escuela Municipal de M\u00fasica y Danza Cefe Torres desde hace m\u00e1s de 12 a\u00f1os y en nuestro colegio ha ido dirigida a los alumnos de 4\u00ba de Primaria.<\/span><\/p>\n<h4><span>Entrevista sobre el deporte y la importancia de la educaci\u00f3n<\/span><\/h4>\n<p><span>Durante su visita, el alcalde Garc\u00eda Carbayo habl\u00f3 sobre la importancia de la educaci\u00f3n y c\u00f3mo \u00e9sta puede influir en el futuro de los j\u00f3venes. Hizo hincapi\u00e9 en la necesidad de que los estudiantes se esfuercen y se dediquen a sus estudios para poder tener \u00e9xito en la vida. Adem\u00e1s, les record\u00f3 que la educaci\u00f3n es un derecho que todos deben tener acceso.<\/span><\/p>\n<p><span>Finalmente, el alcalde habl\u00f3 en una entrevista que le hicieron nuestros alumnos que terminan el <a href=\"https:\/\/salesianosmaux.es\/colegio\/fp-grado-superior\/\">ciclo TSEAS<\/a> \u00a0sobre el fomento del deporte en la ciudad. Destac\u00f3 la importancia de la actividad f\u00edsica para la salud y el bienestar de las personas. Adem\u00e1s, mencion\u00f3 diferentes iniciativas que se est\u00e1n llevando a cabo para promocionar el deporte en Salamanca, como la construcci\u00f3n de nuevas instalaciones deportivas y la organizaci\u00f3n de eventos deportivos.<\/span><span>\u00a0<\/span><\/p>\n<p><span>Pr\u00f3ximamente publicaremos la entrevista completa en nuestro canal de radio.<\/span><\/p>\n<p>[\/et_pb_text][et_pb_text _builder_version=\u00bb4.20.2&#8243; _module_preset=\u00bbdefault\u00bb theme_builder_area=\u00bbpost_content\u00bb hover_enabled=\u00bb0&#8243; sticky_enabled=\u00bb0&#8243;]<\/p>\n<h4>\u00c1lbum de fotos con la visita del Alcalde<\/h4>\n<p>[\/et_pb_text][et_pb_code _builder_version=\u00bb4.20.2&#8243; _module_preset=\u00bbdefault\u00bb theme_builder_area=\u00bbpost_content\u00bb hover_enabled=\u00bb0&#8243; sticky_enabled=\u00bb0&#8243;]<a data-flickr-embed=\"true\" href=\"https:\/\/www.flickr.com\/photos\/mauxc1213\/albums\/72177720307975449\" title=\"Alcalde de Salamanca - Folclore Charro\"><img loading=\"lazy\" decoding=\"async\" src=\"https:\/\/live.staticflickr.com\/65535\/52865550094_0f0f4aa6fb_z.jpg\" width=\"640\" height=\"480\" alt=\"Alcalde de Salamanca - Folclore Charro\"\/><\/a><script async src=\"\/\/embedr.flickr.com\/assets\/client-code.js\" charset=\"utf-8\"><\/script>[\/et_pb_code][\/et_pb_column][\/et_pb_row][\/et_pb_section]<\/p>\n","protected":false},"excerpt":{"rendered":"<p>En la ma\u00f1ana de hoy martes, el alcalde de Salamanca, Carlos Garc\u00eda Carbayo, visit\u00f3 nuestro colegio para participar en la actividad de Folclore Charro promovida por la Fundaci\u00f3n Ciudad de Cultura y Saberes. Nuestro alcalde ha sido testigo de los avances de los alumnos asistiendo junto al resto de profesorado y alumnos a la actuaci\u00f3n [&hellip;]<\/p>\n","protected":false},"author":1,"featured_media":3987,"comment_status":"open","ping_status":"open","sticky":false,"template":"","format":"standard","meta":{"_et_pb_use_builder":"on","_et_pb_old_content":"","_et_gb_content_width":"","_joinchat":[],"footnotes":""},"categories":[56],"tags":[],"class_list":["post-3986","post","type-post","status-publish","format-standard","has-post-thumbnail","hentry","category-premios-y-reconocimientos"],"yoast_head":"<!-- This site is optimized with the Yoast SEO plugin v28.4 - https:\/\/yoast.com\/product\/yoast-seo-wordpress\/ -->\n<title>Visita del Sr. Alcalde de Salamanca - Colegio Mar\u00eda Auxiliadora<\/title>\n<meta name=\"robots\" content=\"index, follow, max-snippet:-1, max-image-preview:large, max-video-preview:-1\" \/>\n<link rel=\"canonical\" href=\"https:\/\/salesianosmaux.es\/colegio\/2023\/05\/02\/visita-del-sr-alcalde-de-salamanca\/\" \/>\n<meta property=\"og:locale\" content=\"es_ES\" \/>\n<meta property=\"og:type\" content=\"article\" \/>\n<meta property=\"og:title\" content=\"Visita del Sr. Alcalde de Salamanca - Colegio Mar\u00eda Auxiliadora\" \/>\n<meta property=\"og:description\" content=\"Te puede interesar...\" \/>\n<meta property=\"og:url\" content=\"https:\/\/salesianosmaux.es\/colegio\/2023\/05\/02\/visita-del-sr-alcalde-de-salamanca\/\" \/>\n<meta property=\"og:site_name\" content=\"Colegio Mar\u00eda Auxiliadora\" \/>\n<meta property=\"article:published_time\" content=\"2023-05-02T19:29:40+00:00\" \/>\n<meta property=\"article:modified_time\" content=\"2026-08-31T07:40:56+00:00\" \/>\n<meta property=\"og:image\" content=\"https:\/\/salesianosmaux.es\/colegio\/wp-content\/uploads\/sites\/5\/2023\/05\/23Folclore-charro.jpg\" \/>\n\t<meta property=\"og:image:width\" content=\"2048\" \/>\n\t<meta property=\"og:image:height\" content=\"2048\" \/>\n\t<meta property=\"og:image:type\" content=\"image\/jpeg\" \/>\n<meta name=\"author\" content=\"admin\" \/>\n<meta name=\"twitter:card\" content=\"summary_large_image\" \/>\n<meta name=\"twitter:label1\" content=\"Escrito por\" \/>\n\t<meta name=\"twitter:data1\" content=\"admin\" \/>\n<script type=\"application\/ld+json\" class=\"yoast-schema-graph\">{\"@context\":\"https:\\\/\\\/schema.org\",\"@graph\":[{\"@type\":\"Article\",\"@id\":\"https:\\\/\\\/salesianosmaux.es\\\/colegio\\\/2023\\\/05\\\/02\\\/visita-del-sr-alcalde-de-salamanca\\\/#article\",\"isPartOf\":{\"@id\":\"https:\\\/\\\/salesianosmaux.es\\\/colegio\\\/2023\\\/05\\\/02\\\/visita-del-sr-alcalde-de-salamanca\\\/\"},\"author\":{\"name\":\"admin\",\"@id\":\"https:\\\/\\\/salesianosmaux.es\\\/colegio\\\/#\\\/schema\\\/person\\\/9bd111fcfb5210d0fa466bfc8154b2f8\"},\"headline\":\"Visita del Sr. Alcalde de Salamanca\",\"datePublished\":\"2023-05-02T19:29:40+00:00\",\"dateModified\":\"2026-08-31T07:40:56+00:00\",\"mainEntityOfPage\":{\"@id\":\"https:\\\/\\\/salesianosmaux.es\\\/colegio\\\/2023\\\/05\\\/02\\\/visita-del-sr-alcalde-de-salamanca\\\/\"},\"wordCount\":397,\"commentCount\":0,\"image\":{\"@id\":\"https:\\\/\\\/salesianosmaux.es\\\/colegio\\\/2023\\\/05\\\/02\\\/visita-del-sr-alcalde-de-salamanca\\\/#primaryimage\"},\"thumbnailUrl\":\"https:\\\/\\\/salesianosmaux.es\\\/colegio\\\/wp-content\\\/uploads\\\/sites\\\/5\\\/2023\\\/05\\\/23Folclore-charro.jpg\",\"articleSection\":[\"Premios y reconocimientos\"],\"inLanguage\":\"es\",\"potentialAction\":[{\"@type\":\"CommentAction\",\"name\":\"Comment\",\"target\":[\"https:\\\/\\\/salesianosmaux.es\\\/colegio\\\/2023\\\/05\\\/02\\\/visita-del-sr-alcalde-de-salamanca\\\/#respond\"]}]},{\"@type\":\"WebPage\",\"@id\":\"https:\\\/\\\/salesianosmaux.es\\\/colegio\\\/2023\\\/05\\\/02\\\/visita-del-sr-alcalde-de-salamanca\\\/\",\"url\":\"https:\\\/\\\/salesianosmaux.es\\\/colegio\\\/2023\\\/05\\\/02\\\/visita-del-sr-alcalde-de-salamanca\\\/\",\"name\":\"Visita del Sr. Alcalde de Salamanca - Colegio Mar\u00eda Auxiliadora\",\"isPartOf\":{\"@id\":\"https:\\\/\\\/salesianosmaux.es\\\/colegio\\\/#website\"},\"primaryImageOfPage\":{\"@id\":\"https:\\\/\\\/salesianosmaux.es\\\/colegio\\\/2023\\\/05\\\/02\\\/visita-del-sr-alcalde-de-salamanca\\\/#primaryimage\"},\"image\":{\"@id\":\"https:\\\/\\\/salesianosmaux.es\\\/colegio\\\/2023\\\/05\\\/02\\\/visita-del-sr-alcalde-de-salamanca\\\/#primaryimage\"},\"thumbnailUrl\":\"https:\\\/\\\/salesianosmaux.es\\\/colegio\\\/wp-content\\\/uploads\\\/sites\\\/5\\\/2023\\\/05\\\/23Folclore-charro.jpg\",\"datePublished\":\"2023-05-02T19:29:40+00:00\",\"dateModified\":\"2026-08-31T07:40:56+00:00\",\"author\":{\"@id\":\"https:\\\/\\\/salesianosmaux.es\\\/colegio\\\/#\\\/schema\\\/person\\\/9bd111fcfb5210d0fa466bfc8154b2f8\"},\"breadcrumb\":{\"@id\":\"https:\\\/\\\/salesianosmaux.es\\\/colegio\\\/2023\\\/05\\\/02\\\/visita-del-sr-alcalde-de-salamanca\\\/#breadcrumb\"},\"inLanguage\":\"es\",\"potentialAction\":[{\"@type\":\"ReadAction\",\"target\":[\"https:\\\/\\\/salesianosmaux.es\\\/colegio\\\/2023\\\/05\\\/02\\\/visita-del-sr-alcalde-de-salamanca\\\/\"]}]},{\"@type\":\"ImageObject\",\"inLanguage\":\"es\",\"@id\":\"https:\\\/\\\/salesianosmaux.es\\\/colegio\\\/2023\\\/05\\\/02\\\/visita-del-sr-alcalde-de-salamanca\\\/#primaryimage\",\"url\":\"https:\\\/\\\/salesianosmaux.es\\\/colegio\\\/wp-content\\\/uploads\\\/sites\\\/5\\\/2023\\\/05\\\/23Folclore-charro.jpg\",\"contentUrl\":\"https:\\\/\\\/salesianosmaux.es\\\/colegio\\\/wp-content\\\/uploads\\\/sites\\\/5\\\/2023\\\/05\\\/23Folclore-charro.jpg\",\"width\":2048,\"height\":2048},{\"@type\":\"BreadcrumbList\",\"@id\":\"https:\\\/\\\/salesianosmaux.es\\\/colegio\\\/2023\\\/05\\\/02\\\/visita-del-sr-alcalde-de-salamanca\\\/#breadcrumb\",\"itemListElement\":[{\"@type\":\"ListItem\",\"position\":1,\"name\":\"Portada\",\"item\":\"https:\\\/\\\/salesianosmaux.es\\\/colegio\\\/\"},{\"@type\":\"ListItem\",\"position\":2,\"name\":\"Visita del Sr. Alcalde de Salamanca\"}]},{\"@type\":\"WebSite\",\"@id\":\"https:\\\/\\\/salesianosmaux.es\\\/colegio\\\/#website\",\"url\":\"https:\\\/\\\/salesianosmaux.es\\\/colegio\\\/\",\"name\":\"Colegio Mar\u00eda Auxiliadora\",\"description\":\"Colegio Mar\u00eda Auxiliadora\",\"potentialAction\":[{\"@type\":\"SearchAction\",\"target\":{\"@type\":\"EntryPoint\",\"urlTemplate\":\"https:\\\/\\\/salesianosmaux.es\\\/colegio\\\/?s={search_term_string}\"},\"query-input\":{\"@type\":\"PropertyValueSpecification\",\"valueRequired\":true,\"valueName\":\"search_term_string\"}}],\"inLanguage\":\"es\"},{\"@type\":\"Person\",\"@id\":\"https:\\\/\\\/salesianosmaux.es\\\/colegio\\\/#\\\/schema\\\/person\\\/9bd111fcfb5210d0fa466bfc8154b2f8\",\"name\":\"admin\",\"image\":{\"@type\":\"ImageObject\",\"inLanguage\":\"es\",\"@id\":\"https:\\\/\\\/secure.gravatar.com\\\/avatar\\\/09550e5c75cc821753a661f1c7f497ea1bbe9e394289f33e436a29a7df762242?s=96&d=mm&r=g\",\"url\":\"https:\\\/\\\/secure.gravatar.com\\\/avatar\\\/09550e5c75cc821753a661f1c7f497ea1bbe9e394289f33e436a29a7df762242?s=96&d=mm&r=g\",\"contentUrl\":\"https:\\\/\\\/secure.gravatar.com\\\/avatar\\\/09550e5c75cc821753a661f1c7f497ea1bbe9e394289f33e436a29a7df762242?s=96&d=mm&r=g\",\"caption\":\"admin\"},\"sameAs\":[\"https:\\\/\\\/salesianosmaux.es\"],\"url\":\"https:\\\/\\\/salesianosmaux.es\\\/colegio\\\/author\\\/salamanca_95jmwv72\\\/\"}]}<\/script>\n<!-- \/ Yoast SEO plugin. -->","yoast_head_json":{"title":"Visita del Sr. Alcalde de Salamanca - Colegio Mar\u00eda Auxiliadora","robots":{"index":"index","follow":"follow","max-snippet":"max-snippet:-1","max-image-preview":"max-image-preview:large","max-video-preview":"max-video-preview:-1"},"canonical":"https:\/\/salesianosmaux.es\/colegio\/2023\/05\/02\/visita-del-sr-alcalde-de-salamanca\/","og_locale":"es_ES","og_type":"article","og_title":"Visita del Sr. Alcalde de Salamanca - Colegio Mar\u00eda Auxiliadora","og_description":"Te puede interesar...","og_url":"https:\/\/salesianosmaux.es\/colegio\/2023\/05\/02\/visita-del-sr-alcalde-de-salamanca\/","og_site_name":"Colegio Mar\u00eda Auxiliadora","article_published_time":"2023-05-02T19:29:40+00:00","article_modified_time":"2026-08-31T07:40:56+00:00","og_image":[{"width":2048,"height":2048,"url":"https:\/\/salesianosmaux.es\/colegio\/wp-content\/uploads\/sites\/5\/2023\/05\/23Folclore-charro.jpg","type":"image\/jpeg"}],"author":"admin","twitter_card":"summary_large_image","twitter_misc":{"Escrito por":"admin"},"schema":{"@context":"https:\/\/schema.org","@graph":[{"@type":"Article","@id":"https:\/\/salesianosmaux.es\/colegio\/2023\/05\/02\/visita-del-sr-alcalde-de-salamanca\/#article","isPartOf":{"@id":"https:\/\/salesianosmaux.es\/colegio\/2023\/05\/02\/visita-del-sr-alcalde-de-salamanca\/"},"author":{"name":"admin","@id":"https:\/\/salesianosmaux.es\/colegio\/#\/schema\/person\/9bd111fcfb5210d0fa466bfc8154b2f8"},"headline":"Visita del Sr. Alcalde de Salamanca","datePublished":"2023-05-02T19:29:40+00:00","dateModified":"2026-08-31T07:40:56+00:00","mainEntityOfPage":{"@id":"https:\/\/salesianosmaux.es\/colegio\/2023\/05\/02\/visita-del-sr-alcalde-de-salamanca\/"},"wordCount":397,"commentCount":0,"image":{"@id":"https:\/\/salesianosmaux.es\/colegio\/2023\/05\/02\/visita-del-sr-alcalde-de-salamanca\/#primaryimage"},"thumbnailUrl":"https:\/\/salesianosmaux.es\/colegio\/wp-content\/uploads\/sites\/5\/2023\/05\/23Folclore-charro.jpg","articleSection":["Premios y reconocimientos"],"inLanguage":"es","potentialAction":[{"@type":"CommentAction","name":"Comment","target":["https:\/\/salesianosmaux.es\/colegio\/2023\/05\/02\/visita-del-sr-alcalde-de-salamanca\/#respond"]}]},{"@type":"WebPage","@id":"https:\/\/salesianosmaux.es\/colegio\/2023\/05\/02\/visita-del-sr-alcalde-de-salamanca\/","url":"https:\/\/salesianosmaux.es\/colegio\/2023\/05\/02\/visita-del-sr-alcalde-de-salamanca\/","name":"Visita del Sr. Alcalde de Salamanca - Colegio Mar\u00eda Auxiliadora","isPartOf":{"@id":"https:\/\/salesianosmaux.es\/colegio\/#website"},"primaryImageOfPage":{"@id":"https:\/\/salesianosmaux.es\/colegio\/2023\/05\/02\/visita-del-sr-alcalde-de-salamanca\/#primaryimage"},"image":{"@id":"https:\/\/salesianosmaux.es\/colegio\/2023\/05\/02\/visita-del-sr-alcalde-de-salamanca\/#primaryimage"},"thumbnailUrl":"https:\/\/salesianosmaux.es\/colegio\/wp-content\/uploads\/sites\/5\/2023\/05\/23Folclore-charro.jpg","datePublished":"2023-05-02T19:29:40+00:00","dateModified":"2026-08-31T07:40:56+00:00","author":{"@id":"https:\/\/salesianosmaux.es\/colegio\/#\/schema\/person\/9bd111fcfb5210d0fa466bfc8154b2f8"},"breadcrumb":{"@id":"https:\/\/salesianosmaux.es\/colegio\/2023\/05\/02\/visita-del-sr-alcalde-de-salamanca\/#breadcrumb"},"inLanguage":"es","potentialAction":[{"@type":"ReadAction","target":["https:\/\/salesianosmaux.es\/colegio\/2023\/05\/02\/visita-del-sr-alcalde-de-salamanca\/"]}]},{"@type":"ImageObject","inLanguage":"es","@id":"https:\/\/salesianosmaux.es\/colegio\/2023\/05\/02\/visita-del-sr-alcalde-de-salamanca\/#primaryimage","url":"https:\/\/salesianosmaux.es\/colegio\/wp-content\/uploads\/sites\/5\/2023\/05\/23Folclore-charro.jpg","contentUrl":"https:\/\/salesianosmaux.es\/colegio\/wp-content\/uploads\/sites\/5\/2023\/05\/23Folclore-charro.jpg","width":2048,"height":2048},{"@type":"BreadcrumbList","@id":"https:\/\/salesianosmaux.es\/colegio\/2023\/05\/02\/visita-del-sr-alcalde-de-salamanca\/#breadcrumb","itemListElement":[{"@type":"ListItem","position":1,"name":"Portada","item":"https:\/\/salesianosmaux.es\/colegio\/"},{"@type":"ListItem","position":2,"name":"Visita del Sr. Alcalde de Salamanca"}]},{"@type":"WebSite","@id":"https:\/\/salesianosmaux.es\/colegio\/#website","url":"https:\/\/salesianosmaux.es\/colegio\/","name":"Colegio Mar\u00eda Auxiliadora","description":"Colegio Mar\u00eda Auxiliadora","potentialAction":[{"@type":"SearchAction","target":{"@type":"EntryPoint","urlTemplate":"https:\/\/salesianosmaux.es\/colegio\/?s={search_term_string}"},"query-input":{"@type":"PropertyValueSpecification","valueRequired":true,"valueName":"search_term_string"}}],"inLanguage":"es"},{"@type":"Person","@id":"https:\/\/salesianosmaux.es\/colegio\/#\/schema\/person\/9bd111fcfb5210d0fa466bfc8154b2f8","name":"admin","image":{"@type":"ImageObject","inLanguage":"es","@id":"https:\/\/secure.gravatar.com\/avatar\/09550e5c75cc821753a661f1c7f497ea1bbe9e394289f33e436a29a7df762242?s=96&d=mm&r=g","url":"https:\/\/secure.gravatar.com\/avatar\/09550e5c75cc821753a661f1c7f497ea1bbe9e394289f33e436a29a7df762242?s=96&d=mm&r=g","contentUrl":"https:\/\/secure.gravatar.com\/avatar\/09550e5c75cc821753a661f1c7f497ea1bbe9e394289f33e436a29a7df762242?s=96&d=mm&r=g","caption":"admin"},"sameAs":["https:\/\/salesianosmaux.es"],"url":"https:\/\/salesianosmaux.es\/colegio\/author\/salamanca_95jmwv72\/"}]}},"_links":{"self":[{"href":"https:\/\/salesianosmaux.es\/colegio\/wp-json\/wp\/v2\/posts\/3986","targetHints":{"allow":["GET"]}}],"collection":[{"href":"https:\/\/salesianosmaux.es\/colegio\/wp-json\/wp\/v2\/posts"}],"about":[{"href":"https:\/\/salesianosmaux.es\/colegio\/wp-json\/wp\/v2\/types\/post"}],"author":[{"embeddable":true,"href":"https:\/\/salesianosmaux.es\/colegio\/wp-json\/wp\/v2\/users\/1"}],"replies":[{"embeddable":true,"href":"https:\/\/salesianosmaux.es\/colegio\/wp-json\/wp\/v2\/comments?post=3986"}],"version-history":[{"count":3,"href":"https:\/\/salesianosmaux.es\/colegio\/wp-json\/wp\/v2\/posts\/3986\/revisions"}],"predecessor-version":[{"id":3991,"href":"https:\/\/salesianosmaux.es\/colegio\/wp-json\/wp\/v2\/posts\/3986\/revisions\/3991"}],"wp:featuredmedia":[{"embeddable":true,"href":"https:\/\/salesianosmaux.es\/colegio\/wp-json\/wp\/v2\/media\/3987"}],"wp:attachment":[{"href":"https:\/\/salesianosmaux.es\/colegio\/wp-json\/wp\/v2\/media?parent=3986"}],"wp:term":[{"taxonomy":"category","embeddable":true,"href":"https:\/\/salesianosmaux.es\/colegio\/wp-json\/wp\/v2\/categories?post=3986"},{"taxonomy":"post_tag","embeddable":true,"href":"https:\/\/salesianosmaux.es\/colegio\/wp-json\/wp\/v2\/tags?post=3986"}],"curies":[{"name":"wp","href":"https:\/\/api.w.org\/{rel}","templated":true}]}}