{"id":4287,"date":"2023-05-31T14:14:05","date_gmt":"2023-05-31T14:14:05","guid":{"rendered":"https:\/\/salesianosmaux.es\/colegio\/?p=4287"},"modified":"2026-08-31T07:48:53","modified_gmt":"2026-08-31T07:48:53","slug":"jaime-garcia-barriga-nombrado-nuevo-director-general-del-colegio","status":"publish","type":"post","link":"https:\/\/salesianosmaux.es\/colegio\/2023\/05\/31\/jaime-garcia-barriga-nombrado-nuevo-director-general-del-colegio\/","title":{"rendered":"Jaime Garc\u00eda Barriga, nombrado nuevo Director General del colegio"},"content":{"rendered":"<p>[et_pb_section fb_built=\u00bb1&#8243; theme_builder_area=\u00bbpost_content\u00bb _builder_version=\u00bb4.21.0&#8243; _module_preset=\u00bbdefault\u00bb][et_pb_row _builder_version=\u00bb4.21.0&#8243; _module_preset=\u00bbdefault\u00bb theme_builder_area=\u00bbpost_content\u00bb][et_pb_column _builder_version=\u00bb4.21.0&#8243; _module_preset=\u00bbdefault\u00bb type=\u00bb4_4&#8243; theme_builder_area=\u00bbpost_content\u00bb][et_pb_text _builder_version=\u00bb4.21.0&#8243; _module_preset=\u00bbdefault\u00bb theme_builder_area=\u00bbpost_content\u00bb hover_enabled=\u00bb0&#8243; sticky_enabled=\u00bb0&#8243;]<\/p>\n<p>Conocido el traslado a la Casa de Ar\u00e9valo de Antonio Pindado, sdb, el Sr. Inspector ha tenido a bien nombrar a Jaime Garc\u00eda Barriga como Director General del Colegio Salesiano Mar\u00eda Auxiliadora de Salamanca.<\/p>\n<p>Son ya 10 colegios de nuestra <a href=\"https:\/\/salesianos.es\" target=\"_blank\" rel=\"noopener\">Inspectoria Salesiana Santiago el Mayor<\/a> los que tienen al frente a un Director General seglar.\u00a0<\/p>\n<p>Deseamos a Jaime todos los bienes en esta nueva etapa para \u00e9l y para el Centro. No le faltar\u00e1 el Auxilio de nuestra madre Mar\u00eda, a quien desde ahora as\u00ed se lo pedimos.<\/p>\n<p>&nbsp;<\/p>\n<p>[\/et_pb_text][\/et_pb_column][\/et_pb_row][\/et_pb_section]<\/p>\n","protected":false},"excerpt":{"rendered":"<p>Conocido el traslado a la Casa de Ar\u00e9valo de Antonio Pindado, sdb, el Sr. Inspector ha tenido a bien nombrar a Jaime Garc\u00eda Barriga como Director General del Colegio Salesiano Mar\u00eda Auxiliadora de Salamanca. Son ya 10 colegios de nuestra Inspectoria Salesiana Santiago el Mayor los que tienen al frente a un Director General seglar.\u00a0 [&hellip;]<\/p>\n","protected":false},"author":1,"featured_media":4288,"comment_status":"open","ping_status":"open","sticky":false,"template":"","format":"standard","meta":{"_et_pb_use_builder":"on","_et_pb_old_content":"","_et_gb_content_width":"","_joinchat":[],"footnotes":""},"categories":[79],"tags":[],"class_list":["post-4287","post","type-post","status-publish","format-standard","has-post-thumbnail","hentry","category-comunidad-educativa"],"yoast_head":"<!-- This site is optimized with the Yoast SEO plugin v28.4 - https:\/\/yoast.com\/product\/yoast-seo-wordpress\/ -->\n<title>Jaime Garc\u00eda Barriga, nombrado nuevo Director General del colegio - Colegio Mar\u00eda Auxiliadora<\/title>\n<meta name=\"robots\" content=\"index, follow, max-snippet:-1, max-image-preview:large, max-video-preview:-1\" \/>\n<link rel=\"canonical\" href=\"https:\/\/salesianosmaux.es\/colegio\/2023\/05\/31\/jaime-garcia-barriga-nombrado-nuevo-director-general-del-colegio\/\" \/>\n<meta property=\"og:locale\" content=\"es_ES\" \/>\n<meta property=\"og:type\" content=\"article\" \/>\n<meta property=\"og:title\" content=\"Jaime Garc\u00eda Barriga, nombrado nuevo Director General del colegio - Colegio Mar\u00eda Auxiliadora\" \/>\n<meta property=\"og:description\" content=\"Te puede interesar...\" \/>\n<meta property=\"og:url\" content=\"https:\/\/salesianosmaux.es\/colegio\/2023\/05\/31\/jaime-garcia-barriga-nombrado-nuevo-director-general-del-colegio\/\" \/>\n<meta property=\"og:site_name\" content=\"Colegio Mar\u00eda Auxiliadora\" \/>\n<meta property=\"article:published_time\" content=\"2023-05-31T14:14:05+00:00\" \/>\n<meta property=\"article:modified_time\" content=\"2026-08-31T07:48:53+00:00\" \/>\n<meta property=\"og:image\" content=\"https:\/\/salesianosmaux.es\/colegio\/wp-content\/uploads\/sites\/5\/2023\/05\/23DirJaime-scaled.jpg\" \/>\n\t<meta property=\"og:image:width\" content=\"2560\" \/>\n\t<meta property=\"og:image:height\" content=\"1920\" \/>\n\t<meta property=\"og:image:type\" content=\"image\/jpeg\" \/>\n<meta name=\"author\" content=\"admin\" \/>\n<meta name=\"twitter:card\" content=\"summary_large_image\" \/>\n<meta name=\"twitter:label1\" content=\"Escrito por\" \/>\n\t<meta name=\"twitter:data1\" content=\"admin\" \/>\n<script type=\"application\/ld+json\" class=\"yoast-schema-graph\">{\"@context\":\"https:\\\/\\\/schema.org\",\"@graph\":[{\"@type\":\"Article\",\"@id\":\"https:\\\/\\\/salesianosmaux.es\\\/colegio\\\/2023\\\/05\\\/31\\\/jaime-garcia-barriga-nombrado-nuevo-director-general-del-colegio\\\/#article\",\"isPartOf\":{\"@id\":\"https:\\\/\\\/salesianosmaux.es\\\/colegio\\\/2023\\\/05\\\/31\\\/jaime-garcia-barriga-nombrado-nuevo-director-general-del-colegio\\\/\"},\"author\":{\"name\":\"admin\",\"@id\":\"https:\\\/\\\/salesianosmaux.es\\\/colegio\\\/#\\\/schema\\\/person\\\/9bd111fcfb5210d0fa466bfc8154b2f8\"},\"headline\":\"Jaime Garc\u00eda Barriga, nombrado nuevo Director General del colegio\",\"datePublished\":\"2023-05-31T14:14:05+00:00\",\"dateModified\":\"2026-08-31T07:48:53+00:00\",\"mainEntityOfPage\":{\"@id\":\"https:\\\/\\\/salesianosmaux.es\\\/colegio\\\/2023\\\/05\\\/31\\\/jaime-garcia-barriga-nombrado-nuevo-director-general-del-colegio\\\/\"},\"wordCount\":173,\"commentCount\":0,\"image\":{\"@id\":\"https:\\\/\\\/salesianosmaux.es\\\/colegio\\\/2023\\\/05\\\/31\\\/jaime-garcia-barriga-nombrado-nuevo-director-general-del-colegio\\\/#primaryimage\"},\"thumbnailUrl\":\"https:\\\/\\\/salesianosmaux.es\\\/colegio\\\/wp-content\\\/uploads\\\/sites\\\/5\\\/2023\\\/05\\\/23DirJaime-scaled.jpg\",\"articleSection\":[\"Comunidad Educativa\"],\"inLanguage\":\"es\",\"potentialAction\":[{\"@type\":\"CommentAction\",\"name\":\"Comment\",\"target\":[\"https:\\\/\\\/salesianosmaux.es\\\/colegio\\\/2023\\\/05\\\/31\\\/jaime-garcia-barriga-nombrado-nuevo-director-general-del-colegio\\\/#respond\"]}]},{\"@type\":\"WebPage\",\"@id\":\"https:\\\/\\\/salesianosmaux.es\\\/colegio\\\/2023\\\/05\\\/31\\\/jaime-garcia-barriga-nombrado-nuevo-director-general-del-colegio\\\/\",\"url\":\"https:\\\/\\\/salesianosmaux.es\\\/colegio\\\/2023\\\/05\\\/31\\\/jaime-garcia-barriga-nombrado-nuevo-director-general-del-colegio\\\/\",\"name\":\"Jaime Garc\u00eda Barriga, nombrado nuevo Director General del colegio - Colegio Mar\u00eda Auxiliadora\",\"isPartOf\":{\"@id\":\"https:\\\/\\\/salesianosmaux.es\\\/colegio\\\/#website\"},\"primaryImageOfPage\":{\"@id\":\"https:\\\/\\\/salesianosmaux.es\\\/colegio\\\/2023\\\/05\\\/31\\\/jaime-garcia-barriga-nombrado-nuevo-director-general-del-colegio\\\/#primaryimage\"},\"image\":{\"@id\":\"https:\\\/\\\/salesianosmaux.es\\\/colegio\\\/2023\\\/05\\\/31\\\/jaime-garcia-barriga-nombrado-nuevo-director-general-del-colegio\\\/#primaryimage\"},\"thumbnailUrl\":\"https:\\\/\\\/salesianosmaux.es\\\/colegio\\\/wp-content\\\/uploads\\\/sites\\\/5\\\/2023\\\/05\\\/23DirJaime-scaled.jpg\",\"datePublished\":\"2023-05-31T14:14:05+00:00\",\"dateModified\":\"2026-08-31T07:48:53+00:00\",\"author\":{\"@id\":\"https:\\\/\\\/salesianosmaux.es\\\/colegio\\\/#\\\/schema\\\/person\\\/9bd111fcfb5210d0fa466bfc8154b2f8\"},\"breadcrumb\":{\"@id\":\"https:\\\/\\\/salesianosmaux.es\\\/colegio\\\/2023\\\/05\\\/31\\\/jaime-garcia-barriga-nombrado-nuevo-director-general-del-colegio\\\/#breadcrumb\"},\"inLanguage\":\"es\",\"potentialAction\":[{\"@type\":\"ReadAction\",\"target\":[\"https:\\\/\\\/salesianosmaux.es\\\/colegio\\\/2023\\\/05\\\/31\\\/jaime-garcia-barriga-nombrado-nuevo-director-general-del-colegio\\\/\"]}]},{\"@type\":\"ImageObject\",\"inLanguage\":\"es\",\"@id\":\"https:\\\/\\\/salesianosmaux.es\\\/colegio\\\/2023\\\/05\\\/31\\\/jaime-garcia-barriga-nombrado-nuevo-director-general-del-colegio\\\/#primaryimage\",\"url\":\"https:\\\/\\\/salesianosmaux.es\\\/colegio\\\/wp-content\\\/uploads\\\/sites\\\/5\\\/2023\\\/05\\\/23DirJaime-scaled.jpg\",\"contentUrl\":\"https:\\\/\\\/salesianosmaux.es\\\/colegio\\\/wp-content\\\/uploads\\\/sites\\\/5\\\/2023\\\/05\\\/23DirJaime-scaled.jpg\",\"width\":2560,\"height\":1920},{\"@type\":\"BreadcrumbList\",\"@id\":\"https:\\\/\\\/salesianosmaux.es\\\/colegio\\\/2023\\\/05\\\/31\\\/jaime-garcia-barriga-nombrado-nuevo-director-general-del-colegio\\\/#breadcrumb\",\"itemListElement\":[{\"@type\":\"ListItem\",\"position\":1,\"name\":\"Portada\",\"item\":\"https:\\\/\\\/salesianosmaux.es\\\/colegio\\\/\"},{\"@type\":\"ListItem\",\"position\":2,\"name\":\"Jaime Garc\u00eda Barriga, nombrado nuevo Director General del colegio\"}]},{\"@type\":\"WebSite\",\"@id\":\"https:\\\/\\\/salesianosmaux.es\\\/colegio\\\/#website\",\"url\":\"https:\\\/\\\/salesianosmaux.es\\\/colegio\\\/\",\"name\":\"Colegio Mar\u00eda Auxiliadora\",\"description\":\"Colegio Mar\u00eda Auxiliadora\",\"potentialAction\":[{\"@type\":\"SearchAction\",\"target\":{\"@type\":\"EntryPoint\",\"urlTemplate\":\"https:\\\/\\\/salesianosmaux.es\\\/colegio\\\/?s={search_term_string}\"},\"query-input\":{\"@type\":\"PropertyValueSpecification\",\"valueRequired\":true,\"valueName\":\"search_term_string\"}}],\"inLanguage\":\"es\"},{\"@type\":\"Person\",\"@id\":\"https:\\\/\\\/salesianosmaux.es\\\/colegio\\\/#\\\/schema\\\/person\\\/9bd111fcfb5210d0fa466bfc8154b2f8\",\"name\":\"admin\",\"image\":{\"@type\":\"ImageObject\",\"inLanguage\":\"es\",\"@id\":\"https:\\\/\\\/secure.gravatar.com\\\/avatar\\\/09550e5c75cc821753a661f1c7f497ea1bbe9e394289f33e436a29a7df762242?s=96&d=mm&r=g\",\"url\":\"https:\\\/\\\/secure.gravatar.com\\\/avatar\\\/09550e5c75cc821753a661f1c7f497ea1bbe9e394289f33e436a29a7df762242?s=96&d=mm&r=g\",\"contentUrl\":\"https:\\\/\\\/secure.gravatar.com\\\/avatar\\\/09550e5c75cc821753a661f1c7f497ea1bbe9e394289f33e436a29a7df762242?s=96&d=mm&r=g\",\"caption\":\"admin\"},\"sameAs\":[\"https:\\\/\\\/salesianosmaux.es\"],\"url\":\"https:\\\/\\\/salesianosmaux.es\\\/colegio\\\/author\\\/salamanca_95jmwv72\\\/\"}]}<\/script>\n<!-- \/ Yoast SEO plugin. -->","yoast_head_json":{"title":"Jaime Garc\u00eda Barriga, nombrado nuevo Director General del colegio - Colegio Mar\u00eda Auxiliadora","robots":{"index":"index","follow":"follow","max-snippet":"max-snippet:-1","max-image-preview":"max-image-preview:large","max-video-preview":"max-video-preview:-1"},"canonical":"https:\/\/salesianosmaux.es\/colegio\/2023\/05\/31\/jaime-garcia-barriga-nombrado-nuevo-director-general-del-colegio\/","og_locale":"es_ES","og_type":"article","og_title":"Jaime Garc\u00eda Barriga, nombrado nuevo Director General del colegio - Colegio Mar\u00eda Auxiliadora","og_description":"Te puede interesar...","og_url":"https:\/\/salesianosmaux.es\/colegio\/2023\/05\/31\/jaime-garcia-barriga-nombrado-nuevo-director-general-del-colegio\/","og_site_name":"Colegio Mar\u00eda Auxiliadora","article_published_time":"2023-05-31T14:14:05+00:00","article_modified_time":"2026-08-31T07:48:53+00:00","og_image":[{"width":2560,"height":1920,"url":"https:\/\/salesianosmaux.es\/colegio\/wp-content\/uploads\/sites\/5\/2023\/05\/23DirJaime-scaled.jpg","type":"image\/jpeg"}],"author":"admin","twitter_card":"summary_large_image","twitter_misc":{"Escrito por":"admin"},"schema":{"@context":"https:\/\/schema.org","@graph":[{"@type":"Article","@id":"https:\/\/salesianosmaux.es\/colegio\/2023\/05\/31\/jaime-garcia-barriga-nombrado-nuevo-director-general-del-colegio\/#article","isPartOf":{"@id":"https:\/\/salesianosmaux.es\/colegio\/2023\/05\/31\/jaime-garcia-barriga-nombrado-nuevo-director-general-del-colegio\/"},"author":{"name":"admin","@id":"https:\/\/salesianosmaux.es\/colegio\/#\/schema\/person\/9bd111fcfb5210d0fa466bfc8154b2f8"},"headline":"Jaime Garc\u00eda Barriga, nombrado nuevo Director General del colegio","datePublished":"2023-05-31T14:14:05+00:00","dateModified":"2026-08-31T07:48:53+00:00","mainEntityOfPage":{"@id":"https:\/\/salesianosmaux.es\/colegio\/2023\/05\/31\/jaime-garcia-barriga-nombrado-nuevo-director-general-del-colegio\/"},"wordCount":173,"commentCount":0,"image":{"@id":"https:\/\/salesianosmaux.es\/colegio\/2023\/05\/31\/jaime-garcia-barriga-nombrado-nuevo-director-general-del-colegio\/#primaryimage"},"thumbnailUrl":"https:\/\/salesianosmaux.es\/colegio\/wp-content\/uploads\/sites\/5\/2023\/05\/23DirJaime-scaled.jpg","articleSection":["Comunidad Educativa"],"inLanguage":"es","potentialAction":[{"@type":"CommentAction","name":"Comment","target":["https:\/\/salesianosmaux.es\/colegio\/2023\/05\/31\/jaime-garcia-barriga-nombrado-nuevo-director-general-del-colegio\/#respond"]}]},{"@type":"WebPage","@id":"https:\/\/salesianosmaux.es\/colegio\/2023\/05\/31\/jaime-garcia-barriga-nombrado-nuevo-director-general-del-colegio\/","url":"https:\/\/salesianosmaux.es\/colegio\/2023\/05\/31\/jaime-garcia-barriga-nombrado-nuevo-director-general-del-colegio\/","name":"Jaime Garc\u00eda Barriga, nombrado nuevo Director General del colegio - Colegio Mar\u00eda Auxiliadora","isPartOf":{"@id":"https:\/\/salesianosmaux.es\/colegio\/#website"},"primaryImageOfPage":{"@id":"https:\/\/salesianosmaux.es\/colegio\/2023\/05\/31\/jaime-garcia-barriga-nombrado-nuevo-director-general-del-colegio\/#primaryimage"},"image":{"@id":"https:\/\/salesianosmaux.es\/colegio\/2023\/05\/31\/jaime-garcia-barriga-nombrado-nuevo-director-general-del-colegio\/#primaryimage"},"thumbnailUrl":"https:\/\/salesianosmaux.es\/colegio\/wp-content\/uploads\/sites\/5\/2023\/05\/23DirJaime-scaled.jpg","datePublished":"2023-05-31T14:14:05+00:00","dateModified":"2026-08-31T07:48:53+00:00","author":{"@id":"https:\/\/salesianosmaux.es\/colegio\/#\/schema\/person\/9bd111fcfb5210d0fa466bfc8154b2f8"},"breadcrumb":{"@id":"https:\/\/salesianosmaux.es\/colegio\/2023\/05\/31\/jaime-garcia-barriga-nombrado-nuevo-director-general-del-colegio\/#breadcrumb"},"inLanguage":"es","potentialAction":[{"@type":"ReadAction","target":["https:\/\/salesianosmaux.es\/colegio\/2023\/05\/31\/jaime-garcia-barriga-nombrado-nuevo-director-general-del-colegio\/"]}]},{"@type":"ImageObject","inLanguage":"es","@id":"https:\/\/salesianosmaux.es\/colegio\/2023\/05\/31\/jaime-garcia-barriga-nombrado-nuevo-director-general-del-colegio\/#primaryimage","url":"https:\/\/salesianosmaux.es\/colegio\/wp-content\/uploads\/sites\/5\/2023\/05\/23DirJaime-scaled.jpg","contentUrl":"https:\/\/salesianosmaux.es\/colegio\/wp-content\/uploads\/sites\/5\/2023\/05\/23DirJaime-scaled.jpg","width":2560,"height":1920},{"@type":"BreadcrumbList","@id":"https:\/\/salesianosmaux.es\/colegio\/2023\/05\/31\/jaime-garcia-barriga-nombrado-nuevo-director-general-del-colegio\/#breadcrumb","itemListElement":[{"@type":"ListItem","position":1,"name":"Portada","item":"https:\/\/salesianosmaux.es\/colegio\/"},{"@type":"ListItem","position":2,"name":"Jaime Garc\u00eda Barriga, nombrado nuevo Director General del colegio"}]},{"@type":"WebSite","@id":"https:\/\/salesianosmaux.es\/colegio\/#website","url":"https:\/\/salesianosmaux.es\/colegio\/","name":"Colegio Mar\u00eda Auxiliadora","description":"Colegio Mar\u00eda Auxiliadora","potentialAction":[{"@type":"SearchAction","target":{"@type":"EntryPoint","urlTemplate":"https:\/\/salesianosmaux.es\/colegio\/?s={search_term_string}"},"query-input":{"@type":"PropertyValueSpecification","valueRequired":true,"valueName":"search_term_string"}}],"inLanguage":"es"},{"@type":"Person","@id":"https:\/\/salesianosmaux.es\/colegio\/#\/schema\/person\/9bd111fcfb5210d0fa466bfc8154b2f8","name":"admin","image":{"@type":"ImageObject","inLanguage":"es","@id":"https:\/\/secure.gravatar.com\/avatar\/09550e5c75cc821753a661f1c7f497ea1bbe9e394289f33e436a29a7df762242?s=96&d=mm&r=g","url":"https:\/\/secure.gravatar.com\/avatar\/09550e5c75cc821753a661f1c7f497ea1bbe9e394289f33e436a29a7df762242?s=96&d=mm&r=g","contentUrl":"https:\/\/secure.gravatar.com\/avatar\/09550e5c75cc821753a661f1c7f497ea1bbe9e394289f33e436a29a7df762242?s=96&d=mm&r=g","caption":"admin"},"sameAs":["https:\/\/salesianosmaux.es"],"url":"https:\/\/salesianosmaux.es\/colegio\/author\/salamanca_95jmwv72\/"}]}},"_links":{"self":[{"href":"https:\/\/salesianosmaux.es\/colegio\/wp-json\/wp\/v2\/posts\/4287","targetHints":{"allow":["GET"]}}],"collection":[{"href":"https:\/\/salesianosmaux.es\/colegio\/wp-json\/wp\/v2\/posts"}],"about":[{"href":"https:\/\/salesianosmaux.es\/colegio\/wp-json\/wp\/v2\/types\/post"}],"author":[{"embeddable":true,"href":"https:\/\/salesianosmaux.es\/colegio\/wp-json\/wp\/v2\/users\/1"}],"replies":[{"embeddable":true,"href":"https:\/\/salesianosmaux.es\/colegio\/wp-json\/wp\/v2\/comments?post=4287"}],"version-history":[{"count":2,"href":"https:\/\/salesianosmaux.es\/colegio\/wp-json\/wp\/v2\/posts\/4287\/revisions"}],"predecessor-version":[{"id":4291,"href":"https:\/\/salesianosmaux.es\/colegio\/wp-json\/wp\/v2\/posts\/4287\/revisions\/4291"}],"wp:featuredmedia":[{"embeddable":true,"href":"https:\/\/salesianosmaux.es\/colegio\/wp-json\/wp\/v2\/media\/4288"}],"wp:attachment":[{"href":"https:\/\/salesianosmaux.es\/colegio\/wp-json\/wp\/v2\/media?parent=4287"}],"wp:term":[{"taxonomy":"category","embeddable":true,"href":"https:\/\/salesianosmaux.es\/colegio\/wp-json\/wp\/v2\/categories?post=4287"},{"taxonomy":"post_tag","embeddable":true,"href":"https:\/\/salesianosmaux.es\/colegio\/wp-json\/wp\/v2\/tags?post=4287"}],"curies":[{"name":"wp","href":"https:\/\/api.w.org\/{rel}","templated":true}]}}