{"id":4579,"date":"2023-06-13T13:30:21","date_gmt":"2023-06-13T13:30:21","guid":{"rendered":"https:\/\/salesianosmaux.es\/colegio\/?p=4579"},"modified":"2026-08-31T07:57:49","modified_gmt":"2026-08-31T07:57:49","slug":"participacion-en-ybt","status":"publish","type":"post","link":"https:\/\/salesianosmaux.es\/colegio\/2023\/06\/13\/participacion-en-ybt\/","title":{"rendered":"Participaci\u00f3n en YBT"},"content":{"rendered":"<p>[et_pb_section fb_built=\u00bb1&#8243; theme_builder_area=\u00bbpost_content\u00bb _builder_version=\u00bb4.21.0&#8243; _module_preset=\u00bbdefault\u00bb][et_pb_row _builder_version=\u00bb4.21.0&#8243; _module_preset=\u00bbdefault\u00bb theme_builder_area=\u00bbpost_content\u00bb][et_pb_column _builder_version=\u00bb4.21.0&#8243; _module_preset=\u00bbdefault\u00bb type=\u00bb4_4&#8243; theme_builder_area=\u00bbpost_content\u00bb][et_pb_text _builder_version=\u00bb4.21.0&#8243; _module_preset=\u00bbdefault\u00bb theme_builder_area=\u00bbpost_content\u00bb hover_enabled=\u00bb0&#8243; sticky_enabled=\u00bb0&#8243;]<\/p>\n<p>Un a\u00f1o m\u00e1s, y ya van nueve, nuestros alumnos de Econom\u00eda de 4.\u00ba ESO, 1.\u00ba y 2.\u00ba de Bachillerato y TSEAS han participado en una nueva edici\u00f3n de YOUNG BUSINESS TALENTS, un programa formativo a nivel nacional con un simulador virtual para emprender y aprender a dirigir una empresa. \u00a0<\/p>\n<p>Gracias a la organizaci\u00f3n de YBT, podemos enriquecer su aprendizaje de econom\u00eda con el Simulador Empresarial Praxis MMT como herramienta de innovaci\u00f3n docente. Aportamos as\u00ed a nuestros alumnos la vivencia pr\u00e1ctica de contenidos te\u00f3ricos y un aprendizaje experiencial, gestionando una empresa y realizando las actividades de an\u00e1lisis, planificaci\u00f3n y control en un entorno emulado de la realidad y competitivo.<\/p>\n<p>Siguiendo un formato de concurso, participan en una competici\u00f3n nacional, que aporta un aliciente apasionante al usar el simulador.\u00a0<br \/>M\u00e1s de 360 equipos de nuestro colegio, unos 1300 alumnos, han participado a lo largo de estas nueve ediciones. En todas ellas hemos logrado plaza para representar a la provincia de Salamanca en la Final Nacional de YBT, a la que acuden las 100 mejores empresas virtuales de las m\u00e1s de 3.000 que participan en cada edici\u00f3n.\u00a0<\/p>\n<p>Nuestro colegio apuesta por pr\u00e1cticas docentes innovadoras como YBT, que logran que nuestros alumnos adquieran no solamente los conocimientos te\u00f3ricos, sino tambi\u00e9n las competencias necesarias para su formaci\u00f3n, todo ello con un plus de motivaci\u00f3n.\u00a0<\/p>\n<p>\u00a1Nos vemos en la pr\u00f3xima edici\u00f3n 2023-2024 de YBT!\u00a0<\/p>\n<p>[\/et_pb_text][\/et_pb_column][\/et_pb_row][\/et_pb_section]<\/p>\n","protected":false},"excerpt":{"rendered":"<p>Un a\u00f1o m\u00e1s, y ya van nueve, nuestros alumnos de Econom\u00eda de 4.\u00ba ESO, 1.\u00ba y 2.\u00ba de Bachillerato y TSEAS han participado en una nueva edici\u00f3n de YOUNG BUSINESS TALENTS, un programa formativo a nivel nacional con un simulador virtual para emprender y aprender a dirigir una empresa. \u00a0 Gracias a la organizaci\u00f3n de [&hellip;]<\/p>\n","protected":false},"author":1,"featured_media":4580,"comment_status":"open","ping_status":"open","sticky":false,"template":"","format":"standard","meta":{"_et_pb_use_builder":"on","_et_pb_old_content":"","_et_gb_content_width":"","_joinchat":[],"footnotes":""},"categories":[78,59,53,82],"tags":[],"class_list":["post-4579","post","type-post","status-publish","format-standard","has-post-thumbnail","hentry","category-bachillerato","category-digitalizacion-tic","category-eso","category-vida-escolar"],"yoast_head":"<!-- This site is optimized with the Yoast SEO plugin v28.4 - https:\/\/yoast.com\/product\/yoast-seo-wordpress\/ -->\n<title>Participaci\u00f3n en YBT - Colegio Mar\u00eda Auxiliadora<\/title>\n<meta name=\"robots\" content=\"index, follow, max-snippet:-1, max-image-preview:large, max-video-preview:-1\" \/>\n<link rel=\"canonical\" href=\"https:\/\/salesianosmaux.es\/colegio\/2023\/06\/13\/participacion-en-ybt\/\" \/>\n<meta property=\"og:locale\" content=\"es_ES\" \/>\n<meta property=\"og:type\" content=\"article\" \/>\n<meta property=\"og:title\" content=\"Participaci\u00f3n en YBT - Colegio Mar\u00eda Auxiliadora\" \/>\n<meta property=\"og:description\" content=\"Te puede interesar...\" \/>\n<meta property=\"og:url\" content=\"https:\/\/salesianosmaux.es\/colegio\/2023\/06\/13\/participacion-en-ybt\/\" \/>\n<meta property=\"og:site_name\" content=\"Colegio Mar\u00eda Auxiliadora\" \/>\n<meta property=\"article:published_time\" content=\"2023-06-13T13:30:21+00:00\" \/>\n<meta property=\"article:modified_time\" content=\"2026-08-31T07:57:49+00:00\" \/>\n<meta property=\"og:image\" content=\"https:\/\/salesianosmaux.es\/colegio\/wp-content\/uploads\/sites\/5\/2023\/06\/dipCentYBT6525.jpg\" \/>\n\t<meta property=\"og:image:width\" content=\"842\" \/>\n\t<meta property=\"og:image:height\" content=\"595\" \/>\n\t<meta property=\"og:image:type\" content=\"image\/jpeg\" \/>\n<meta name=\"author\" content=\"admin\" \/>\n<meta name=\"twitter:card\" content=\"summary_large_image\" \/>\n<meta name=\"twitter:label1\" content=\"Escrito por\" \/>\n\t<meta name=\"twitter:data1\" content=\"admin\" \/>\n<script type=\"application\/ld+json\" class=\"yoast-schema-graph\">{\"@context\":\"https:\\\/\\\/schema.org\",\"@graph\":[{\"@type\":\"Article\",\"@id\":\"https:\\\/\\\/salesianosmaux.es\\\/colegio\\\/2023\\\/06\\\/13\\\/participacion-en-ybt\\\/#article\",\"isPartOf\":{\"@id\":\"https:\\\/\\\/salesianosmaux.es\\\/colegio\\\/2023\\\/06\\\/13\\\/participacion-en-ybt\\\/\"},\"author\":{\"name\":\"admin\",\"@id\":\"https:\\\/\\\/salesianosmaux.es\\\/colegio\\\/#\\\/schema\\\/person\\\/9bd111fcfb5210d0fa466bfc8154b2f8\"},\"headline\":\"Participaci\u00f3n en YBT\",\"datePublished\":\"2023-06-13T13:30:21+00:00\",\"dateModified\":\"2026-08-31T07:57:49+00:00\",\"mainEntityOfPage\":{\"@id\":\"https:\\\/\\\/salesianosmaux.es\\\/colegio\\\/2023\\\/06\\\/13\\\/participacion-en-ybt\\\/\"},\"wordCount\":318,\"commentCount\":0,\"image\":{\"@id\":\"https:\\\/\\\/salesianosmaux.es\\\/colegio\\\/2023\\\/06\\\/13\\\/participacion-en-ybt\\\/#primaryimage\"},\"thumbnailUrl\":\"https:\\\/\\\/salesianosmaux.es\\\/colegio\\\/wp-content\\\/uploads\\\/sites\\\/5\\\/2023\\\/06\\\/dipCentYBT6525.jpg\",\"articleSection\":[\"Bachillerato\",\"Digitalizaci\u00f3n y TIC\",\"ESO\",\"Vida Escolar\"],\"inLanguage\":\"es\",\"potentialAction\":[{\"@type\":\"CommentAction\",\"name\":\"Comment\",\"target\":[\"https:\\\/\\\/salesianosmaux.es\\\/colegio\\\/2023\\\/06\\\/13\\\/participacion-en-ybt\\\/#respond\"]}]},{\"@type\":\"WebPage\",\"@id\":\"https:\\\/\\\/salesianosmaux.es\\\/colegio\\\/2023\\\/06\\\/13\\\/participacion-en-ybt\\\/\",\"url\":\"https:\\\/\\\/salesianosmaux.es\\\/colegio\\\/2023\\\/06\\\/13\\\/participacion-en-ybt\\\/\",\"name\":\"Participaci\u00f3n en YBT - Colegio Mar\u00eda Auxiliadora\",\"isPartOf\":{\"@id\":\"https:\\\/\\\/salesianosmaux.es\\\/colegio\\\/#website\"},\"primaryImageOfPage\":{\"@id\":\"https:\\\/\\\/salesianosmaux.es\\\/colegio\\\/2023\\\/06\\\/13\\\/participacion-en-ybt\\\/#primaryimage\"},\"image\":{\"@id\":\"https:\\\/\\\/salesianosmaux.es\\\/colegio\\\/2023\\\/06\\\/13\\\/participacion-en-ybt\\\/#primaryimage\"},\"thumbnailUrl\":\"https:\\\/\\\/salesianosmaux.es\\\/colegio\\\/wp-content\\\/uploads\\\/sites\\\/5\\\/2023\\\/06\\\/dipCentYBT6525.jpg\",\"datePublished\":\"2023-06-13T13:30:21+00:00\",\"dateModified\":\"2026-08-31T07:57:49+00:00\",\"author\":{\"@id\":\"https:\\\/\\\/salesianosmaux.es\\\/colegio\\\/#\\\/schema\\\/person\\\/9bd111fcfb5210d0fa466bfc8154b2f8\"},\"breadcrumb\":{\"@id\":\"https:\\\/\\\/salesianosmaux.es\\\/colegio\\\/2023\\\/06\\\/13\\\/participacion-en-ybt\\\/#breadcrumb\"},\"inLanguage\":\"es\",\"potentialAction\":[{\"@type\":\"ReadAction\",\"target\":[\"https:\\\/\\\/salesianosmaux.es\\\/colegio\\\/2023\\\/06\\\/13\\\/participacion-en-ybt\\\/\"]}]},{\"@type\":\"ImageObject\",\"inLanguage\":\"es\",\"@id\":\"https:\\\/\\\/salesianosmaux.es\\\/colegio\\\/2023\\\/06\\\/13\\\/participacion-en-ybt\\\/#primaryimage\",\"url\":\"https:\\\/\\\/salesianosmaux.es\\\/colegio\\\/wp-content\\\/uploads\\\/sites\\\/5\\\/2023\\\/06\\\/dipCentYBT6525.jpg\",\"contentUrl\":\"https:\\\/\\\/salesianosmaux.es\\\/colegio\\\/wp-content\\\/uploads\\\/sites\\\/5\\\/2023\\\/06\\\/dipCentYBT6525.jpg\",\"width\":842,\"height\":595},{\"@type\":\"BreadcrumbList\",\"@id\":\"https:\\\/\\\/salesianosmaux.es\\\/colegio\\\/2023\\\/06\\\/13\\\/participacion-en-ybt\\\/#breadcrumb\",\"itemListElement\":[{\"@type\":\"ListItem\",\"position\":1,\"name\":\"Portada\",\"item\":\"https:\\\/\\\/salesianosmaux.es\\\/colegio\\\/\"},{\"@type\":\"ListItem\",\"position\":2,\"name\":\"Participaci\u00f3n en YBT\"}]},{\"@type\":\"WebSite\",\"@id\":\"https:\\\/\\\/salesianosmaux.es\\\/colegio\\\/#website\",\"url\":\"https:\\\/\\\/salesianosmaux.es\\\/colegio\\\/\",\"name\":\"Colegio Mar\u00eda Auxiliadora\",\"description\":\"Colegio Mar\u00eda Auxiliadora\",\"potentialAction\":[{\"@type\":\"SearchAction\",\"target\":{\"@type\":\"EntryPoint\",\"urlTemplate\":\"https:\\\/\\\/salesianosmaux.es\\\/colegio\\\/?s={search_term_string}\"},\"query-input\":{\"@type\":\"PropertyValueSpecification\",\"valueRequired\":true,\"valueName\":\"search_term_string\"}}],\"inLanguage\":\"es\"},{\"@type\":\"Person\",\"@id\":\"https:\\\/\\\/salesianosmaux.es\\\/colegio\\\/#\\\/schema\\\/person\\\/9bd111fcfb5210d0fa466bfc8154b2f8\",\"name\":\"admin\",\"image\":{\"@type\":\"ImageObject\",\"inLanguage\":\"es\",\"@id\":\"https:\\\/\\\/secure.gravatar.com\\\/avatar\\\/09550e5c75cc821753a661f1c7f497ea1bbe9e394289f33e436a29a7df762242?s=96&d=mm&r=g\",\"url\":\"https:\\\/\\\/secure.gravatar.com\\\/avatar\\\/09550e5c75cc821753a661f1c7f497ea1bbe9e394289f33e436a29a7df762242?s=96&d=mm&r=g\",\"contentUrl\":\"https:\\\/\\\/secure.gravatar.com\\\/avatar\\\/09550e5c75cc821753a661f1c7f497ea1bbe9e394289f33e436a29a7df762242?s=96&d=mm&r=g\",\"caption\":\"admin\"},\"sameAs\":[\"https:\\\/\\\/salesianosmaux.es\"],\"url\":\"https:\\\/\\\/salesianosmaux.es\\\/colegio\\\/author\\\/salamanca_95jmwv72\\\/\"}]}<\/script>\n<!-- \/ Yoast SEO plugin. -->","yoast_head_json":{"title":"Participaci\u00f3n en YBT - Colegio Mar\u00eda Auxiliadora","robots":{"index":"index","follow":"follow","max-snippet":"max-snippet:-1","max-image-preview":"max-image-preview:large","max-video-preview":"max-video-preview:-1"},"canonical":"https:\/\/salesianosmaux.es\/colegio\/2023\/06\/13\/participacion-en-ybt\/","og_locale":"es_ES","og_type":"article","og_title":"Participaci\u00f3n en YBT - Colegio Mar\u00eda Auxiliadora","og_description":"Te puede interesar...","og_url":"https:\/\/salesianosmaux.es\/colegio\/2023\/06\/13\/participacion-en-ybt\/","og_site_name":"Colegio Mar\u00eda Auxiliadora","article_published_time":"2023-06-13T13:30:21+00:00","article_modified_time":"2026-08-31T07:57:49+00:00","og_image":[{"width":842,"height":595,"url":"https:\/\/salesianosmaux.es\/colegio\/wp-content\/uploads\/sites\/5\/2023\/06\/dipCentYBT6525.jpg","type":"image\/jpeg"}],"author":"admin","twitter_card":"summary_large_image","twitter_misc":{"Escrito por":"admin"},"schema":{"@context":"https:\/\/schema.org","@graph":[{"@type":"Article","@id":"https:\/\/salesianosmaux.es\/colegio\/2023\/06\/13\/participacion-en-ybt\/#article","isPartOf":{"@id":"https:\/\/salesianosmaux.es\/colegio\/2023\/06\/13\/participacion-en-ybt\/"},"author":{"name":"admin","@id":"https:\/\/salesianosmaux.es\/colegio\/#\/schema\/person\/9bd111fcfb5210d0fa466bfc8154b2f8"},"headline":"Participaci\u00f3n en YBT","datePublished":"2023-06-13T13:30:21+00:00","dateModified":"2026-08-31T07:57:49+00:00","mainEntityOfPage":{"@id":"https:\/\/salesianosmaux.es\/colegio\/2023\/06\/13\/participacion-en-ybt\/"},"wordCount":318,"commentCount":0,"image":{"@id":"https:\/\/salesianosmaux.es\/colegio\/2023\/06\/13\/participacion-en-ybt\/#primaryimage"},"thumbnailUrl":"https:\/\/salesianosmaux.es\/colegio\/wp-content\/uploads\/sites\/5\/2023\/06\/dipCentYBT6525.jpg","articleSection":["Bachillerato","Digitalizaci\u00f3n y TIC","ESO","Vida Escolar"],"inLanguage":"es","potentialAction":[{"@type":"CommentAction","name":"Comment","target":["https:\/\/salesianosmaux.es\/colegio\/2023\/06\/13\/participacion-en-ybt\/#respond"]}]},{"@type":"WebPage","@id":"https:\/\/salesianosmaux.es\/colegio\/2023\/06\/13\/participacion-en-ybt\/","url":"https:\/\/salesianosmaux.es\/colegio\/2023\/06\/13\/participacion-en-ybt\/","name":"Participaci\u00f3n en YBT - Colegio Mar\u00eda Auxiliadora","isPartOf":{"@id":"https:\/\/salesianosmaux.es\/colegio\/#website"},"primaryImageOfPage":{"@id":"https:\/\/salesianosmaux.es\/colegio\/2023\/06\/13\/participacion-en-ybt\/#primaryimage"},"image":{"@id":"https:\/\/salesianosmaux.es\/colegio\/2023\/06\/13\/participacion-en-ybt\/#primaryimage"},"thumbnailUrl":"https:\/\/salesianosmaux.es\/colegio\/wp-content\/uploads\/sites\/5\/2023\/06\/dipCentYBT6525.jpg","datePublished":"2023-06-13T13:30:21+00:00","dateModified":"2026-08-31T07:57:49+00:00","author":{"@id":"https:\/\/salesianosmaux.es\/colegio\/#\/schema\/person\/9bd111fcfb5210d0fa466bfc8154b2f8"},"breadcrumb":{"@id":"https:\/\/salesianosmaux.es\/colegio\/2023\/06\/13\/participacion-en-ybt\/#breadcrumb"},"inLanguage":"es","potentialAction":[{"@type":"ReadAction","target":["https:\/\/salesianosmaux.es\/colegio\/2023\/06\/13\/participacion-en-ybt\/"]}]},{"@type":"ImageObject","inLanguage":"es","@id":"https:\/\/salesianosmaux.es\/colegio\/2023\/06\/13\/participacion-en-ybt\/#primaryimage","url":"https:\/\/salesianosmaux.es\/colegio\/wp-content\/uploads\/sites\/5\/2023\/06\/dipCentYBT6525.jpg","contentUrl":"https:\/\/salesianosmaux.es\/colegio\/wp-content\/uploads\/sites\/5\/2023\/06\/dipCentYBT6525.jpg","width":842,"height":595},{"@type":"BreadcrumbList","@id":"https:\/\/salesianosmaux.es\/colegio\/2023\/06\/13\/participacion-en-ybt\/#breadcrumb","itemListElement":[{"@type":"ListItem","position":1,"name":"Portada","item":"https:\/\/salesianosmaux.es\/colegio\/"},{"@type":"ListItem","position":2,"name":"Participaci\u00f3n en YBT"}]},{"@type":"WebSite","@id":"https:\/\/salesianosmaux.es\/colegio\/#website","url":"https:\/\/salesianosmaux.es\/colegio\/","name":"Colegio Mar\u00eda Auxiliadora","description":"Colegio Mar\u00eda Auxiliadora","potentialAction":[{"@type":"SearchAction","target":{"@type":"EntryPoint","urlTemplate":"https:\/\/salesianosmaux.es\/colegio\/?s={search_term_string}"},"query-input":{"@type":"PropertyValueSpecification","valueRequired":true,"valueName":"search_term_string"}}],"inLanguage":"es"},{"@type":"Person","@id":"https:\/\/salesianosmaux.es\/colegio\/#\/schema\/person\/9bd111fcfb5210d0fa466bfc8154b2f8","name":"admin","image":{"@type":"ImageObject","inLanguage":"es","@id":"https:\/\/secure.gravatar.com\/avatar\/09550e5c75cc821753a661f1c7f497ea1bbe9e394289f33e436a29a7df762242?s=96&d=mm&r=g","url":"https:\/\/secure.gravatar.com\/avatar\/09550e5c75cc821753a661f1c7f497ea1bbe9e394289f33e436a29a7df762242?s=96&d=mm&r=g","contentUrl":"https:\/\/secure.gravatar.com\/avatar\/09550e5c75cc821753a661f1c7f497ea1bbe9e394289f33e436a29a7df762242?s=96&d=mm&r=g","caption":"admin"},"sameAs":["https:\/\/salesianosmaux.es"],"url":"https:\/\/salesianosmaux.es\/colegio\/author\/salamanca_95jmwv72\/"}]}},"_links":{"self":[{"href":"https:\/\/salesianosmaux.es\/colegio\/wp-json\/wp\/v2\/posts\/4579","targetHints":{"allow":["GET"]}}],"collection":[{"href":"https:\/\/salesianosmaux.es\/colegio\/wp-json\/wp\/v2\/posts"}],"about":[{"href":"https:\/\/salesianosmaux.es\/colegio\/wp-json\/wp\/v2\/types\/post"}],"author":[{"embeddable":true,"href":"https:\/\/salesianosmaux.es\/colegio\/wp-json\/wp\/v2\/users\/1"}],"replies":[{"embeddable":true,"href":"https:\/\/salesianosmaux.es\/colegio\/wp-json\/wp\/v2\/comments?post=4579"}],"version-history":[{"count":3,"href":"https:\/\/salesianosmaux.es\/colegio\/wp-json\/wp\/v2\/posts\/4579\/revisions"}],"predecessor-version":[{"id":4583,"href":"https:\/\/salesianosmaux.es\/colegio\/wp-json\/wp\/v2\/posts\/4579\/revisions\/4583"}],"wp:featuredmedia":[{"embeddable":true,"href":"https:\/\/salesianosmaux.es\/colegio\/wp-json\/wp\/v2\/media\/4580"}],"wp:attachment":[{"href":"https:\/\/salesianosmaux.es\/colegio\/wp-json\/wp\/v2\/media?parent=4579"}],"wp:term":[{"taxonomy":"category","embeddable":true,"href":"https:\/\/salesianosmaux.es\/colegio\/wp-json\/wp\/v2\/categories?post=4579"},{"taxonomy":"post_tag","embeddable":true,"href":"https:\/\/salesianosmaux.es\/colegio\/wp-json\/wp\/v2\/tags?post=4579"}],"curies":[{"name":"wp","href":"https:\/\/api.w.org\/{rel}","templated":true}]}}