{"id":5138,"date":"2023-10-23T17:08:09","date_gmt":"2023-10-23T17:08:09","guid":{"rendered":"https:\/\/salesianosmaux.es\/colegio\/?p=5138"},"modified":"2026-08-31T07:53:26","modified_gmt":"2026-08-31T07:53:26","slug":"presentacion-del-documental-canillitas","status":"publish","type":"post","link":"https:\/\/salesianosmaux.es\/colegio\/2023\/10\/23\/presentacion-del-documental-canillitas\/","title":{"rendered":"Presentaci\u00f3n del documental \u00abCanillitas\u00bb"},"content":{"rendered":"<p>[et_pb_section fb_built=\u00bb1&#8243; theme_builder_area=\u00bbpost_content\u00bb _builder_version=\u00bb4.22.2&#8243; _module_preset=\u00bbdefault\u00bb][et_pb_row _builder_version=\u00bb4.22.2&#8243; _module_preset=\u00bbdefault\u00bb theme_builder_area=\u00bbpost_content\u00bb][et_pb_column _builder_version=\u00bb4.22.2&#8243; _module_preset=\u00bbdefault\u00bb type=\u00bb4_4&#8243; theme_builder_area=\u00bbpost_content\u00bb][et_pb_text _builder_version=\u00bb4.22.2&#8243; _module_preset=\u00bbdefault\u00bb theme_builder_area=\u00bbpost_content\u00bb hover_enabled=\u00bb0&#8243; sticky_enabled=\u00bb0&#8243;]<\/p>\n<p style=\"font-weight: 400; text-align: justify;\">El pasado d\u00eda 18 de octubre tuvimos la suerte de acoger en nuestro teatro la proyecci\u00f3n del documental de Misiones Salesianas \u201c<strong>Canillitas<\/strong>\u201d.<\/p>\n<p style=\"font-weight: 400; text-align: justify;\">Dirigido por Ra\u00fal de la Fuente (tres Premios Goya), el corto documental nos acerc\u00f3 a la realidad que viven m\u00e1s de <strong>160 millones de menores en el mundo<\/strong>, al menos 63 millones de ni\u00f1as y 97 millones de ni\u00f1os est\u00e1n involucrados en el <strong>trabajo infantil<\/strong>, lo que representa casi uno de cada 10 menores en la actualidad.<\/p>\n<p style=\"font-weight: 400; text-align: justify;\">Acompa\u00f1ados por Alberto L\u00f3pez, productor y portavoz de Misiones Salesianas y antiguo alumno de nuestro colegio, tuvimos la suerte de compartir di\u00e1logo con tres de sus protagonistas, <strong>Karen Mont\u00e1s<\/strong>, directora del programa salesiano Canillitas con Don Bosco; <strong>Juan Linares<\/strong>, misionero salesiano en Santo Domingo y <strong>Mois\u00e9s Liranzo<\/strong>, menor beneficiario del programa salesiano en Rep\u00fablica Dominicana.<\/p>\n<p style=\"font-weight: 400; text-align: justify;\">Mois\u00e9s nos cont\u00f3 en primera persona que llevaba trabajando desde los 8 a\u00f1os. Ayudaba a la econom\u00eda familiar limpiando zapatos y, tras encontrarse con los salesianos y acudir al programa Canillitas, est\u00e1 aprendiendo a leer y escribir. Ha vuelto a jugar, a practicar deporte y, en definitiva, ha vuelto a ser un ni\u00f1o. Mois\u00e9s nos cont\u00f3 su sue\u00f1o, a sus 14 a\u00f1os quiere ser cantante y abogado para defender a todo el que lo necesite en su pa\u00eds.<\/p>\n<p style=\"font-weight: 400; text-align: justify;\">Ante la pregunta \u00bfqu\u00e9 podemos hacer nosotros? Juan Linares nos invit\u00f3 a ser sensibles ante esta realidad; tambi\u00e9n nos invit\u00f3 a rezar; y por qu\u00e9 no, a ofrecer nuestro tiempo como misioneros. Los que podamos, tambi\u00e9n podemos ayudar econ\u00f3micamente.<\/p>\n<p style=\"font-weight: 400; text-align: justify;\">A todos ellos les agradecemos profundamente su testimonio.<\/p>\n<p style=\"font-weight: 400; text-align: justify;\">Si a\u00fan no hab\u00e9is visto el documental pod\u00e9is hacerlo en el siguiente link: <a href=\"https:\/\/youtu.be\/4vOREhVKjSc\">https:\/\/youtu.be\/4vOREhVKjSc<\/a><\/p>\n<p style=\"font-weight: 400; text-align: justify;\">#SO\u00d1ARSINCADENAS #UnSue\u00f1oparaTi<\/p>\n<p>[\/et_pb_text][\/et_pb_column][\/et_pb_row][\/et_pb_section]<\/p>\n","protected":false},"excerpt":{"rendered":"<p>El pasado d\u00eda 18 de octubre tuvimos la suerte de acoger en nuestro teatro la proyecci\u00f3n del documental de Misiones Salesianas \u201cCanillitas\u201d. Dirigido por Ra\u00fal de la Fuente (tres Premios Goya), el corto documental nos acerc\u00f3 a la realidad que viven m\u00e1s de 160 millones de menores en el mundo, al menos 63 millones de [&hellip;]<\/p>\n","protected":false},"author":1,"featured_media":5139,"comment_status":"open","ping_status":"open","sticky":false,"template":"","format":"standard","meta":{"_et_pb_use_builder":"on","_et_pb_old_content":"","_et_gb_content_width":"","_joinchat":[],"footnotes":""},"categories":[35],"tags":[],"class_list":["post-5138","post","type-post","status-publish","format-standard","has-post-thumbnail","hentry","category-pastoral"],"yoast_head":"<!-- This site is optimized with the Yoast SEO plugin v28.4 - https:\/\/yoast.com\/product\/yoast-seo-wordpress\/ -->\n<title>Presentaci\u00f3n del documental &quot;Canillitas&quot; - Colegio Mar\u00eda Auxiliadora<\/title>\n<meta name=\"robots\" content=\"index, follow, max-snippet:-1, max-image-preview:large, max-video-preview:-1\" \/>\n<link rel=\"canonical\" href=\"https:\/\/salesianosmaux.es\/colegio\/2023\/10\/23\/presentacion-del-documental-canillitas\/\" \/>\n<meta property=\"og:locale\" content=\"es_ES\" \/>\n<meta property=\"og:type\" content=\"article\" \/>\n<meta property=\"og:title\" content=\"Presentaci\u00f3n del documental &quot;Canillitas&quot; - Colegio Mar\u00eda Auxiliadora\" \/>\n<meta property=\"og:description\" content=\"Te puede interesar...\" \/>\n<meta property=\"og:url\" content=\"https:\/\/salesianosmaux.es\/colegio\/2023\/10\/23\/presentacion-del-documental-canillitas\/\" \/>\n<meta property=\"og:site_name\" content=\"Colegio Mar\u00eda Auxiliadora\" \/>\n<meta property=\"article:published_time\" content=\"2023-10-23T17:08:09+00:00\" \/>\n<meta property=\"article:modified_time\" content=\"2026-08-31T07:53:26+00:00\" \/>\n<meta property=\"og:image\" content=\"https:\/\/salesianosmaux.es\/colegio\/wp-content\/uploads\/sites\/5\/2023\/10\/canillitas.jpg\" \/>\n\t<meta property=\"og:image:width\" content=\"2048\" \/>\n\t<meta property=\"og:image:height\" content=\"2048\" \/>\n\t<meta property=\"og:image:type\" content=\"image\/jpeg\" \/>\n<meta name=\"author\" content=\"admin\" \/>\n<meta name=\"twitter:card\" content=\"summary_large_image\" \/>\n<meta name=\"twitter:label1\" content=\"Escrito por\" \/>\n\t<meta name=\"twitter:data1\" content=\"admin\" \/>\n<script type=\"application\/ld+json\" class=\"yoast-schema-graph\">{\"@context\":\"https:\\\/\\\/schema.org\",\"@graph\":[{\"@type\":\"Article\",\"@id\":\"https:\\\/\\\/salesianosmaux.es\\\/colegio\\\/2023\\\/10\\\/23\\\/presentacion-del-documental-canillitas\\\/#article\",\"isPartOf\":{\"@id\":\"https:\\\/\\\/salesianosmaux.es\\\/colegio\\\/2023\\\/10\\\/23\\\/presentacion-del-documental-canillitas\\\/\"},\"author\":{\"name\":\"admin\",\"@id\":\"https:\\\/\\\/salesianosmaux.es\\\/colegio\\\/#\\\/schema\\\/person\\\/9bd111fcfb5210d0fa466bfc8154b2f8\"},\"headline\":\"Presentaci\u00f3n del documental \u00abCanillitas\u00bb\",\"datePublished\":\"2023-10-23T17:08:09+00:00\",\"dateModified\":\"2026-08-31T07:53:26+00:00\",\"mainEntityOfPage\":{\"@id\":\"https:\\\/\\\/salesianosmaux.es\\\/colegio\\\/2023\\\/10\\\/23\\\/presentacion-del-documental-canillitas\\\/\"},\"wordCount\":376,\"commentCount\":0,\"image\":{\"@id\":\"https:\\\/\\\/salesianosmaux.es\\\/colegio\\\/2023\\\/10\\\/23\\\/presentacion-del-documental-canillitas\\\/#primaryimage\"},\"thumbnailUrl\":\"https:\\\/\\\/salesianosmaux.es\\\/colegio\\\/wp-content\\\/uploads\\\/sites\\\/5\\\/2023\\\/10\\\/canillitas.jpg\",\"articleSection\":[\"Pastoral\"],\"inLanguage\":\"es\",\"potentialAction\":[{\"@type\":\"CommentAction\",\"name\":\"Comment\",\"target\":[\"https:\\\/\\\/salesianosmaux.es\\\/colegio\\\/2023\\\/10\\\/23\\\/presentacion-del-documental-canillitas\\\/#respond\"]}]},{\"@type\":\"WebPage\",\"@id\":\"https:\\\/\\\/salesianosmaux.es\\\/colegio\\\/2023\\\/10\\\/23\\\/presentacion-del-documental-canillitas\\\/\",\"url\":\"https:\\\/\\\/salesianosmaux.es\\\/colegio\\\/2023\\\/10\\\/23\\\/presentacion-del-documental-canillitas\\\/\",\"name\":\"Presentaci\u00f3n del documental \\\"Canillitas\\\" - Colegio Mar\u00eda Auxiliadora\",\"isPartOf\":{\"@id\":\"https:\\\/\\\/salesianosmaux.es\\\/colegio\\\/#website\"},\"primaryImageOfPage\":{\"@id\":\"https:\\\/\\\/salesianosmaux.es\\\/colegio\\\/2023\\\/10\\\/23\\\/presentacion-del-documental-canillitas\\\/#primaryimage\"},\"image\":{\"@id\":\"https:\\\/\\\/salesianosmaux.es\\\/colegio\\\/2023\\\/10\\\/23\\\/presentacion-del-documental-canillitas\\\/#primaryimage\"},\"thumbnailUrl\":\"https:\\\/\\\/salesianosmaux.es\\\/colegio\\\/wp-content\\\/uploads\\\/sites\\\/5\\\/2023\\\/10\\\/canillitas.jpg\",\"datePublished\":\"2023-10-23T17:08:09+00:00\",\"dateModified\":\"2026-08-31T07:53:26+00:00\",\"author\":{\"@id\":\"https:\\\/\\\/salesianosmaux.es\\\/colegio\\\/#\\\/schema\\\/person\\\/9bd111fcfb5210d0fa466bfc8154b2f8\"},\"breadcrumb\":{\"@id\":\"https:\\\/\\\/salesianosmaux.es\\\/colegio\\\/2023\\\/10\\\/23\\\/presentacion-del-documental-canillitas\\\/#breadcrumb\"},\"inLanguage\":\"es\",\"potentialAction\":[{\"@type\":\"ReadAction\",\"target\":[\"https:\\\/\\\/salesianosmaux.es\\\/colegio\\\/2023\\\/10\\\/23\\\/presentacion-del-documental-canillitas\\\/\"]}]},{\"@type\":\"ImageObject\",\"inLanguage\":\"es\",\"@id\":\"https:\\\/\\\/salesianosmaux.es\\\/colegio\\\/2023\\\/10\\\/23\\\/presentacion-del-documental-canillitas\\\/#primaryimage\",\"url\":\"https:\\\/\\\/salesianosmaux.es\\\/colegio\\\/wp-content\\\/uploads\\\/sites\\\/5\\\/2023\\\/10\\\/canillitas.jpg\",\"contentUrl\":\"https:\\\/\\\/salesianosmaux.es\\\/colegio\\\/wp-content\\\/uploads\\\/sites\\\/5\\\/2023\\\/10\\\/canillitas.jpg\",\"width\":2048,\"height\":2048},{\"@type\":\"BreadcrumbList\",\"@id\":\"https:\\\/\\\/salesianosmaux.es\\\/colegio\\\/2023\\\/10\\\/23\\\/presentacion-del-documental-canillitas\\\/#breadcrumb\",\"itemListElement\":[{\"@type\":\"ListItem\",\"position\":1,\"name\":\"Portada\",\"item\":\"https:\\\/\\\/salesianosmaux.es\\\/colegio\\\/\"},{\"@type\":\"ListItem\",\"position\":2,\"name\":\"Presentaci\u00f3n del documental \u00abCanillitas\u00bb\"}]},{\"@type\":\"WebSite\",\"@id\":\"https:\\\/\\\/salesianosmaux.es\\\/colegio\\\/#website\",\"url\":\"https:\\\/\\\/salesianosmaux.es\\\/colegio\\\/\",\"name\":\"Colegio Mar\u00eda Auxiliadora\",\"description\":\"Colegio Mar\u00eda Auxiliadora\",\"potentialAction\":[{\"@type\":\"SearchAction\",\"target\":{\"@type\":\"EntryPoint\",\"urlTemplate\":\"https:\\\/\\\/salesianosmaux.es\\\/colegio\\\/?s={search_term_string}\"},\"query-input\":{\"@type\":\"PropertyValueSpecification\",\"valueRequired\":true,\"valueName\":\"search_term_string\"}}],\"inLanguage\":\"es\"},{\"@type\":\"Person\",\"@id\":\"https:\\\/\\\/salesianosmaux.es\\\/colegio\\\/#\\\/schema\\\/person\\\/9bd111fcfb5210d0fa466bfc8154b2f8\",\"name\":\"admin\",\"image\":{\"@type\":\"ImageObject\",\"inLanguage\":\"es\",\"@id\":\"https:\\\/\\\/secure.gravatar.com\\\/avatar\\\/09550e5c75cc821753a661f1c7f497ea1bbe9e394289f33e436a29a7df762242?s=96&d=mm&r=g\",\"url\":\"https:\\\/\\\/secure.gravatar.com\\\/avatar\\\/09550e5c75cc821753a661f1c7f497ea1bbe9e394289f33e436a29a7df762242?s=96&d=mm&r=g\",\"contentUrl\":\"https:\\\/\\\/secure.gravatar.com\\\/avatar\\\/09550e5c75cc821753a661f1c7f497ea1bbe9e394289f33e436a29a7df762242?s=96&d=mm&r=g\",\"caption\":\"admin\"},\"sameAs\":[\"https:\\\/\\\/salesianosmaux.es\"],\"url\":\"https:\\\/\\\/salesianosmaux.es\\\/colegio\\\/author\\\/salamanca_95jmwv72\\\/\"}]}<\/script>\n<!-- \/ Yoast SEO plugin. -->","yoast_head_json":{"title":"Presentaci\u00f3n del documental \"Canillitas\" - Colegio Mar\u00eda Auxiliadora","robots":{"index":"index","follow":"follow","max-snippet":"max-snippet:-1","max-image-preview":"max-image-preview:large","max-video-preview":"max-video-preview:-1"},"canonical":"https:\/\/salesianosmaux.es\/colegio\/2023\/10\/23\/presentacion-del-documental-canillitas\/","og_locale":"es_ES","og_type":"article","og_title":"Presentaci\u00f3n del documental \"Canillitas\" - Colegio Mar\u00eda Auxiliadora","og_description":"Te puede interesar...","og_url":"https:\/\/salesianosmaux.es\/colegio\/2023\/10\/23\/presentacion-del-documental-canillitas\/","og_site_name":"Colegio Mar\u00eda Auxiliadora","article_published_time":"2023-10-23T17:08:09+00:00","article_modified_time":"2026-08-31T07:53:26+00:00","og_image":[{"width":2048,"height":2048,"url":"https:\/\/salesianosmaux.es\/colegio\/wp-content\/uploads\/sites\/5\/2023\/10\/canillitas.jpg","type":"image\/jpeg"}],"author":"admin","twitter_card":"summary_large_image","twitter_misc":{"Escrito por":"admin"},"schema":{"@context":"https:\/\/schema.org","@graph":[{"@type":"Article","@id":"https:\/\/salesianosmaux.es\/colegio\/2023\/10\/23\/presentacion-del-documental-canillitas\/#article","isPartOf":{"@id":"https:\/\/salesianosmaux.es\/colegio\/2023\/10\/23\/presentacion-del-documental-canillitas\/"},"author":{"name":"admin","@id":"https:\/\/salesianosmaux.es\/colegio\/#\/schema\/person\/9bd111fcfb5210d0fa466bfc8154b2f8"},"headline":"Presentaci\u00f3n del documental \u00abCanillitas\u00bb","datePublished":"2023-10-23T17:08:09+00:00","dateModified":"2026-08-31T07:53:26+00:00","mainEntityOfPage":{"@id":"https:\/\/salesianosmaux.es\/colegio\/2023\/10\/23\/presentacion-del-documental-canillitas\/"},"wordCount":376,"commentCount":0,"image":{"@id":"https:\/\/salesianosmaux.es\/colegio\/2023\/10\/23\/presentacion-del-documental-canillitas\/#primaryimage"},"thumbnailUrl":"https:\/\/salesianosmaux.es\/colegio\/wp-content\/uploads\/sites\/5\/2023\/10\/canillitas.jpg","articleSection":["Pastoral"],"inLanguage":"es","potentialAction":[{"@type":"CommentAction","name":"Comment","target":["https:\/\/salesianosmaux.es\/colegio\/2023\/10\/23\/presentacion-del-documental-canillitas\/#respond"]}]},{"@type":"WebPage","@id":"https:\/\/salesianosmaux.es\/colegio\/2023\/10\/23\/presentacion-del-documental-canillitas\/","url":"https:\/\/salesianosmaux.es\/colegio\/2023\/10\/23\/presentacion-del-documental-canillitas\/","name":"Presentaci\u00f3n del documental \"Canillitas\" - Colegio Mar\u00eda Auxiliadora","isPartOf":{"@id":"https:\/\/salesianosmaux.es\/colegio\/#website"},"primaryImageOfPage":{"@id":"https:\/\/salesianosmaux.es\/colegio\/2023\/10\/23\/presentacion-del-documental-canillitas\/#primaryimage"},"image":{"@id":"https:\/\/salesianosmaux.es\/colegio\/2023\/10\/23\/presentacion-del-documental-canillitas\/#primaryimage"},"thumbnailUrl":"https:\/\/salesianosmaux.es\/colegio\/wp-content\/uploads\/sites\/5\/2023\/10\/canillitas.jpg","datePublished":"2023-10-23T17:08:09+00:00","dateModified":"2026-08-31T07:53:26+00:00","author":{"@id":"https:\/\/salesianosmaux.es\/colegio\/#\/schema\/person\/9bd111fcfb5210d0fa466bfc8154b2f8"},"breadcrumb":{"@id":"https:\/\/salesianosmaux.es\/colegio\/2023\/10\/23\/presentacion-del-documental-canillitas\/#breadcrumb"},"inLanguage":"es","potentialAction":[{"@type":"ReadAction","target":["https:\/\/salesianosmaux.es\/colegio\/2023\/10\/23\/presentacion-del-documental-canillitas\/"]}]},{"@type":"ImageObject","inLanguage":"es","@id":"https:\/\/salesianosmaux.es\/colegio\/2023\/10\/23\/presentacion-del-documental-canillitas\/#primaryimage","url":"https:\/\/salesianosmaux.es\/colegio\/wp-content\/uploads\/sites\/5\/2023\/10\/canillitas.jpg","contentUrl":"https:\/\/salesianosmaux.es\/colegio\/wp-content\/uploads\/sites\/5\/2023\/10\/canillitas.jpg","width":2048,"height":2048},{"@type":"BreadcrumbList","@id":"https:\/\/salesianosmaux.es\/colegio\/2023\/10\/23\/presentacion-del-documental-canillitas\/#breadcrumb","itemListElement":[{"@type":"ListItem","position":1,"name":"Portada","item":"https:\/\/salesianosmaux.es\/colegio\/"},{"@type":"ListItem","position":2,"name":"Presentaci\u00f3n del documental \u00abCanillitas\u00bb"}]},{"@type":"WebSite","@id":"https:\/\/salesianosmaux.es\/colegio\/#website","url":"https:\/\/salesianosmaux.es\/colegio\/","name":"Colegio Mar\u00eda Auxiliadora","description":"Colegio Mar\u00eda Auxiliadora","potentialAction":[{"@type":"SearchAction","target":{"@type":"EntryPoint","urlTemplate":"https:\/\/salesianosmaux.es\/colegio\/?s={search_term_string}"},"query-input":{"@type":"PropertyValueSpecification","valueRequired":true,"valueName":"search_term_string"}}],"inLanguage":"es"},{"@type":"Person","@id":"https:\/\/salesianosmaux.es\/colegio\/#\/schema\/person\/9bd111fcfb5210d0fa466bfc8154b2f8","name":"admin","image":{"@type":"ImageObject","inLanguage":"es","@id":"https:\/\/secure.gravatar.com\/avatar\/09550e5c75cc821753a661f1c7f497ea1bbe9e394289f33e436a29a7df762242?s=96&d=mm&r=g","url":"https:\/\/secure.gravatar.com\/avatar\/09550e5c75cc821753a661f1c7f497ea1bbe9e394289f33e436a29a7df762242?s=96&d=mm&r=g","contentUrl":"https:\/\/secure.gravatar.com\/avatar\/09550e5c75cc821753a661f1c7f497ea1bbe9e394289f33e436a29a7df762242?s=96&d=mm&r=g","caption":"admin"},"sameAs":["https:\/\/salesianosmaux.es"],"url":"https:\/\/salesianosmaux.es\/colegio\/author\/salamanca_95jmwv72\/"}]}},"_links":{"self":[{"href":"https:\/\/salesianosmaux.es\/colegio\/wp-json\/wp\/v2\/posts\/5138","targetHints":{"allow":["GET"]}}],"collection":[{"href":"https:\/\/salesianosmaux.es\/colegio\/wp-json\/wp\/v2\/posts"}],"about":[{"href":"https:\/\/salesianosmaux.es\/colegio\/wp-json\/wp\/v2\/types\/post"}],"author":[{"embeddable":true,"href":"https:\/\/salesianosmaux.es\/colegio\/wp-json\/wp\/v2\/users\/1"}],"replies":[{"embeddable":true,"href":"https:\/\/salesianosmaux.es\/colegio\/wp-json\/wp\/v2\/comments?post=5138"}],"version-history":[{"count":3,"href":"https:\/\/salesianosmaux.es\/colegio\/wp-json\/wp\/v2\/posts\/5138\/revisions"}],"predecessor-version":[{"id":5632,"href":"https:\/\/salesianosmaux.es\/colegio\/wp-json\/wp\/v2\/posts\/5138\/revisions\/5632"}],"wp:featuredmedia":[{"embeddable":true,"href":"https:\/\/salesianosmaux.es\/colegio\/wp-json\/wp\/v2\/media\/5139"}],"wp:attachment":[{"href":"https:\/\/salesianosmaux.es\/colegio\/wp-json\/wp\/v2\/media?parent=5138"}],"wp:term":[{"taxonomy":"category","embeddable":true,"href":"https:\/\/salesianosmaux.es\/colegio\/wp-json\/wp\/v2\/categories?post=5138"},{"taxonomy":"post_tag","embeddable":true,"href":"https:\/\/salesianosmaux.es\/colegio\/wp-json\/wp\/v2\/tags?post=5138"}],"curies":[{"name":"wp","href":"https:\/\/api.w.org\/{rel}","templated":true}]}}