{"id":5276,"date":"2023-11-11T16:00:24","date_gmt":"2023-11-11T16:00:24","guid":{"rendered":"https:\/\/salesianosmaux.es\/colegio\/?p=5276"},"modified":"2026-08-31T07:53:26","modified_gmt":"2026-08-31T07:53:26","slug":"congreso-de-innovacion-educativa-de-escuelas-catolicas","status":"publish","type":"post","link":"https:\/\/salesianosmaux.es\/colegio\/2023\/11\/11\/congreso-de-innovacion-educativa-de-escuelas-catolicas\/","title":{"rendered":"Congreso de Innovaci\u00f3n Educativa de Escuelas Cat\u00f3licas"},"content":{"rendered":"<p>[et_pb_section fb_built=\u00bb1&#8243; theme_builder_area=\u00bbpost_content\u00bb _builder_version=\u00bb4.23&#8243; _module_preset=\u00bbdefault\u00bb][et_pb_row _builder_version=\u00bb4.23&#8243; _module_preset=\u00bbdefault\u00bb theme_builder_area=\u00bbpost_content\u00bb][et_pb_column _builder_version=\u00bb4.23&#8243; _module_preset=\u00bbdefault\u00bb type=\u00bb4_4&#8243; theme_builder_area=\u00bbpost_content\u00bb][et_pb_text _builder_version=\u00bb4.23&#8243; _module_preset=\u00bbdefault\u00bb theme_builder_area=\u00bbpost_content\u00bb hover_enabled=\u00bb0&#8243; sticky_enabled=\u00bb0&#8243;]<\/p>\n<p dir=\"ltr\" style=\"text-align: justify;\"><span>En el marco de la educaci\u00f3n del siglo XXI, ha\u00a0<\/span>tenido lugar el Congreso de Innovaci\u00f3n Educativa en Valladolid. Escuelas Cat\u00f3licas propon\u00eda el siguiente t\u00edtulo: \u00abLa educaci\u00f3n del futuro. Afrontando el desaf\u00edo.\u00bb<\/p>\n<p dir=\"ltr\" style=\"text-align: justify;\"><span><\/span>La cita re\u00fane a educadores, directores de centro y expertos en pedagog\u00eda con el prop\u00f3sito de promover enfoques novedosos dentro del \u00e1mbito educativo.<\/p>\n<p dir=\"ltr\" style=\"text-align: justify;\">Los ponentes encargados de animar las diferentes sesiones han abordado el proceso de cambio que ha experimentado la tecnolog\u00eda en los \u00faltimos a\u00f1os y nos han planteado herramientas para utilizarla de manera responsable dentro y fuera de nuestro contexto escolar.<\/p>\n<p dir=\"ltr\" style=\"text-align: justify;\">Los avances tecnol\u00f3gicos han transformado radicalmente la forma en que los usuarios acceden a la informaci\u00f3n y aprenden. Sin embargo, este cambio conlleva la necesidad de educar a los j\u00f3venes en el uso \u00e9tico y responsable de la tecnolog\u00eda, fomentando la alfabetizaci\u00f3n digital y conciencia sobre los riesgos asociados.<\/p>\n<p dir=\"ltr\" style=\"text-align: justify;\">Adem\u00e1s, se ha destacado el papel cada vez m\u00e1s relevante de la Inteligencia Artificial (IA) en el aula. La IA ofrece recursos y herramientas que pueden personalizar la ense\u00f1anza, adapt\u00e1ndola a las necesidades individuales de nuestros estudiantes. Esto no s\u00f3lo enriquece la experiencia de aprendizaje, si no que otorga el desarrollo de habilidades cr\u00edticas, como el pensamiento cr\u00edtico y la resoluci\u00f3n de problemas.<\/p>\n<p dir=\"ltr\" style=\"text-align: justify;\">La importancia de contar con un plan digital y un plan de innovaci\u00f3n en nuestro centro radica en preparar a nuestros alumnos para una sociedad en continuo cambio. El uso de dispositivos digitales y nuevas metodolog\u00edas enriquece la experiencia de aprendizaje integr\u00e1ndolo en la nueva era y prepara a los educandos para un futuro lleno de oportunidades y desaf\u00edos.<\/p>\n<p dir=\"ltr\" style=\"text-align: justify;\">Ni qu\u00e9 decir tiene que la responsabilidad de llevar a cabo esta labor reside en una corresponsabilidad entre el colegio y las familias. Es muy importante que todos rememos en la misma direcci\u00f3n, sin demonizar la innovaci\u00f3n y apostando por una educaci\u00f3n h\u00edbrida y de calidad.<\/p>\n<p dir=\"ltr\" style=\"text-align: justify;\">Este Congreso se convierte en un foro enriquecedor donde se fomenta el di\u00e1logo y el intercambio de ideas sobre c\u00f3mo aprovechar las herramientas tecnol\u00f3gicas, la IA y los nuevos modelos de metodolog\u00edas activas. Mejorando as\u00ed la educaci\u00f3n y preparando a los estudiantes para un mundo en constante evoluci\u00f3n. El compromiso de Escuelas Cat\u00f3licas con la innovaci\u00f3n es un reflejo del enfoque progresista de la comunidad educativa en busca de un futuro educativo m\u00e1s prometedor.\u00a0<\/p>\n<p>[\/et_pb_text][\/et_pb_column][\/et_pb_row][\/et_pb_section]<\/p>\n","protected":false},"excerpt":{"rendered":"<p>En el marco de la educaci\u00f3n del siglo XXI, ha\u00a0tenido lugar el Congreso de Innovaci\u00f3n Educativa en Valladolid. Escuelas Cat\u00f3licas propon\u00eda el siguiente t\u00edtulo: \u00abLa educaci\u00f3n del futuro. Afrontando el desaf\u00edo.\u00bb La cita re\u00fane a educadores, directores de centro y expertos en pedagog\u00eda con el prop\u00f3sito de promover enfoques novedosos dentro del \u00e1mbito educativo. Los [&hellip;]<\/p>\n","protected":false},"author":1,"featured_media":5277,"comment_status":"open","ping_status":"open","sticky":false,"template":"","format":"standard","meta":{"_et_pb_use_builder":"on","_et_pb_old_content":"","_et_gb_content_width":"","_joinchat":[],"footnotes":""},"categories":[35],"tags":[],"class_list":["post-5276","post","type-post","status-publish","format-standard","has-post-thumbnail","hentry","category-pastoral"],"yoast_head":"<!-- This site is optimized with the Yoast SEO plugin v28.4 - https:\/\/yoast.com\/product\/yoast-seo-wordpress\/ -->\n<title>Congreso de Innovaci\u00f3n Educativa de Escuelas Cat\u00f3licas - Colegio Mar\u00eda Auxiliadora<\/title>\n<meta name=\"robots\" content=\"index, follow, max-snippet:-1, max-image-preview:large, max-video-preview:-1\" \/>\n<link rel=\"canonical\" href=\"https:\/\/salesianosmaux.es\/colegio\/2023\/11\/11\/congreso-de-innovacion-educativa-de-escuelas-catolicas\/\" \/>\n<meta property=\"og:locale\" content=\"es_ES\" \/>\n<meta property=\"og:type\" content=\"article\" \/>\n<meta property=\"og:title\" content=\"Congreso de Innovaci\u00f3n Educativa de Escuelas Cat\u00f3licas - Colegio Mar\u00eda Auxiliadora\" \/>\n<meta property=\"og:description\" content=\"Te puede interesar...\" \/>\n<meta property=\"og:url\" content=\"https:\/\/salesianosmaux.es\/colegio\/2023\/11\/11\/congreso-de-innovacion-educativa-de-escuelas-catolicas\/\" \/>\n<meta property=\"og:site_name\" content=\"Colegio Mar\u00eda Auxiliadora\" \/>\n<meta property=\"article:published_time\" content=\"2023-11-11T16:00:24+00:00\" \/>\n<meta property=\"article:modified_time\" content=\"2026-08-31T07:53:26+00:00\" \/>\n<meta property=\"og:image\" content=\"https:\/\/salesianosmaux.es\/colegio\/wp-content\/uploads\/sites\/5\/2023\/11\/congresoInnovacion.jpg\" \/>\n\t<meta property=\"og:image:width\" content=\"1536\" \/>\n\t<meta property=\"og:image:height\" content=\"2048\" \/>\n\t<meta property=\"og:image:type\" content=\"image\/jpeg\" \/>\n<meta name=\"author\" content=\"admin\" \/>\n<meta name=\"twitter:card\" content=\"summary_large_image\" \/>\n<meta name=\"twitter:label1\" content=\"Escrito por\" \/>\n\t<meta name=\"twitter:data1\" content=\"admin\" \/>\n<script type=\"application\/ld+json\" class=\"yoast-schema-graph\">{\"@context\":\"https:\\\/\\\/schema.org\",\"@graph\":[{\"@type\":\"Article\",\"@id\":\"https:\\\/\\\/salesianosmaux.es\\\/colegio\\\/2023\\\/11\\\/11\\\/congreso-de-innovacion-educativa-de-escuelas-catolicas\\\/#article\",\"isPartOf\":{\"@id\":\"https:\\\/\\\/salesianosmaux.es\\\/colegio\\\/2023\\\/11\\\/11\\\/congreso-de-innovacion-educativa-de-escuelas-catolicas\\\/\"},\"author\":{\"name\":\"admin\",\"@id\":\"https:\\\/\\\/salesianosmaux.es\\\/colegio\\\/#\\\/schema\\\/person\\\/9bd111fcfb5210d0fa466bfc8154b2f8\"},\"headline\":\"Congreso de Innovaci\u00f3n Educativa de Escuelas Cat\u00f3licas\",\"datePublished\":\"2023-11-11T16:00:24+00:00\",\"dateModified\":\"2026-08-31T07:53:26+00:00\",\"mainEntityOfPage\":{\"@id\":\"https:\\\/\\\/salesianosmaux.es\\\/colegio\\\/2023\\\/11\\\/11\\\/congreso-de-innovacion-educativa-de-escuelas-catolicas\\\/\"},\"wordCount\":508,\"commentCount\":0,\"image\":{\"@id\":\"https:\\\/\\\/salesianosmaux.es\\\/colegio\\\/2023\\\/11\\\/11\\\/congreso-de-innovacion-educativa-de-escuelas-catolicas\\\/#primaryimage\"},\"thumbnailUrl\":\"https:\\\/\\\/salesianosmaux.es\\\/colegio\\\/wp-content\\\/uploads\\\/sites\\\/5\\\/2023\\\/11\\\/congresoInnovacion.jpg\",\"articleSection\":[\"Pastoral\"],\"inLanguage\":\"es\",\"potentialAction\":[{\"@type\":\"CommentAction\",\"name\":\"Comment\",\"target\":[\"https:\\\/\\\/salesianosmaux.es\\\/colegio\\\/2023\\\/11\\\/11\\\/congreso-de-innovacion-educativa-de-escuelas-catolicas\\\/#respond\"]}]},{\"@type\":\"WebPage\",\"@id\":\"https:\\\/\\\/salesianosmaux.es\\\/colegio\\\/2023\\\/11\\\/11\\\/congreso-de-innovacion-educativa-de-escuelas-catolicas\\\/\",\"url\":\"https:\\\/\\\/salesianosmaux.es\\\/colegio\\\/2023\\\/11\\\/11\\\/congreso-de-innovacion-educativa-de-escuelas-catolicas\\\/\",\"name\":\"Congreso de Innovaci\u00f3n Educativa de Escuelas Cat\u00f3licas - Colegio Mar\u00eda Auxiliadora\",\"isPartOf\":{\"@id\":\"https:\\\/\\\/salesianosmaux.es\\\/colegio\\\/#website\"},\"primaryImageOfPage\":{\"@id\":\"https:\\\/\\\/salesianosmaux.es\\\/colegio\\\/2023\\\/11\\\/11\\\/congreso-de-innovacion-educativa-de-escuelas-catolicas\\\/#primaryimage\"},\"image\":{\"@id\":\"https:\\\/\\\/salesianosmaux.es\\\/colegio\\\/2023\\\/11\\\/11\\\/congreso-de-innovacion-educativa-de-escuelas-catolicas\\\/#primaryimage\"},\"thumbnailUrl\":\"https:\\\/\\\/salesianosmaux.es\\\/colegio\\\/wp-content\\\/uploads\\\/sites\\\/5\\\/2023\\\/11\\\/congresoInnovacion.jpg\",\"datePublished\":\"2023-11-11T16:00:24+00:00\",\"dateModified\":\"2026-08-31T07:53:26+00:00\",\"author\":{\"@id\":\"https:\\\/\\\/salesianosmaux.es\\\/colegio\\\/#\\\/schema\\\/person\\\/9bd111fcfb5210d0fa466bfc8154b2f8\"},\"breadcrumb\":{\"@id\":\"https:\\\/\\\/salesianosmaux.es\\\/colegio\\\/2023\\\/11\\\/11\\\/congreso-de-innovacion-educativa-de-escuelas-catolicas\\\/#breadcrumb\"},\"inLanguage\":\"es\",\"potentialAction\":[{\"@type\":\"ReadAction\",\"target\":[\"https:\\\/\\\/salesianosmaux.es\\\/colegio\\\/2023\\\/11\\\/11\\\/congreso-de-innovacion-educativa-de-escuelas-catolicas\\\/\"]}]},{\"@type\":\"ImageObject\",\"inLanguage\":\"es\",\"@id\":\"https:\\\/\\\/salesianosmaux.es\\\/colegio\\\/2023\\\/11\\\/11\\\/congreso-de-innovacion-educativa-de-escuelas-catolicas\\\/#primaryimage\",\"url\":\"https:\\\/\\\/salesianosmaux.es\\\/colegio\\\/wp-content\\\/uploads\\\/sites\\\/5\\\/2023\\\/11\\\/congresoInnovacion.jpg\",\"contentUrl\":\"https:\\\/\\\/salesianosmaux.es\\\/colegio\\\/wp-content\\\/uploads\\\/sites\\\/5\\\/2023\\\/11\\\/congresoInnovacion.jpg\",\"width\":1536,\"height\":2048},{\"@type\":\"BreadcrumbList\",\"@id\":\"https:\\\/\\\/salesianosmaux.es\\\/colegio\\\/2023\\\/11\\\/11\\\/congreso-de-innovacion-educativa-de-escuelas-catolicas\\\/#breadcrumb\",\"itemListElement\":[{\"@type\":\"ListItem\",\"position\":1,\"name\":\"Portada\",\"item\":\"https:\\\/\\\/salesianosmaux.es\\\/colegio\\\/\"},{\"@type\":\"ListItem\",\"position\":2,\"name\":\"Congreso de Innovaci\u00f3n Educativa de Escuelas Cat\u00f3licas\"}]},{\"@type\":\"WebSite\",\"@id\":\"https:\\\/\\\/salesianosmaux.es\\\/colegio\\\/#website\",\"url\":\"https:\\\/\\\/salesianosmaux.es\\\/colegio\\\/\",\"name\":\"Colegio Mar\u00eda Auxiliadora\",\"description\":\"Colegio Mar\u00eda Auxiliadora\",\"potentialAction\":[{\"@type\":\"SearchAction\",\"target\":{\"@type\":\"EntryPoint\",\"urlTemplate\":\"https:\\\/\\\/salesianosmaux.es\\\/colegio\\\/?s={search_term_string}\"},\"query-input\":{\"@type\":\"PropertyValueSpecification\",\"valueRequired\":true,\"valueName\":\"search_term_string\"}}],\"inLanguage\":\"es\"},{\"@type\":\"Person\",\"@id\":\"https:\\\/\\\/salesianosmaux.es\\\/colegio\\\/#\\\/schema\\\/person\\\/9bd111fcfb5210d0fa466bfc8154b2f8\",\"name\":\"admin\",\"image\":{\"@type\":\"ImageObject\",\"inLanguage\":\"es\",\"@id\":\"https:\\\/\\\/secure.gravatar.com\\\/avatar\\\/09550e5c75cc821753a661f1c7f497ea1bbe9e394289f33e436a29a7df762242?s=96&d=mm&r=g\",\"url\":\"https:\\\/\\\/secure.gravatar.com\\\/avatar\\\/09550e5c75cc821753a661f1c7f497ea1bbe9e394289f33e436a29a7df762242?s=96&d=mm&r=g\",\"contentUrl\":\"https:\\\/\\\/secure.gravatar.com\\\/avatar\\\/09550e5c75cc821753a661f1c7f497ea1bbe9e394289f33e436a29a7df762242?s=96&d=mm&r=g\",\"caption\":\"admin\"},\"sameAs\":[\"https:\\\/\\\/salesianosmaux.es\"],\"url\":\"https:\\\/\\\/salesianosmaux.es\\\/colegio\\\/author\\\/salamanca_95jmwv72\\\/\"}]}<\/script>\n<!-- \/ Yoast SEO plugin. -->","yoast_head_json":{"title":"Congreso de Innovaci\u00f3n Educativa de Escuelas Cat\u00f3licas - Colegio Mar\u00eda Auxiliadora","robots":{"index":"index","follow":"follow","max-snippet":"max-snippet:-1","max-image-preview":"max-image-preview:large","max-video-preview":"max-video-preview:-1"},"canonical":"https:\/\/salesianosmaux.es\/colegio\/2023\/11\/11\/congreso-de-innovacion-educativa-de-escuelas-catolicas\/","og_locale":"es_ES","og_type":"article","og_title":"Congreso de Innovaci\u00f3n Educativa de Escuelas Cat\u00f3licas - Colegio Mar\u00eda Auxiliadora","og_description":"Te puede interesar...","og_url":"https:\/\/salesianosmaux.es\/colegio\/2023\/11\/11\/congreso-de-innovacion-educativa-de-escuelas-catolicas\/","og_site_name":"Colegio Mar\u00eda Auxiliadora","article_published_time":"2023-11-11T16:00:24+00:00","article_modified_time":"2026-08-31T07:53:26+00:00","og_image":[{"width":1536,"height":2048,"url":"https:\/\/salesianosmaux.es\/colegio\/wp-content\/uploads\/sites\/5\/2023\/11\/congresoInnovacion.jpg","type":"image\/jpeg"}],"author":"admin","twitter_card":"summary_large_image","twitter_misc":{"Escrito por":"admin"},"schema":{"@context":"https:\/\/schema.org","@graph":[{"@type":"Article","@id":"https:\/\/salesianosmaux.es\/colegio\/2023\/11\/11\/congreso-de-innovacion-educativa-de-escuelas-catolicas\/#article","isPartOf":{"@id":"https:\/\/salesianosmaux.es\/colegio\/2023\/11\/11\/congreso-de-innovacion-educativa-de-escuelas-catolicas\/"},"author":{"name":"admin","@id":"https:\/\/salesianosmaux.es\/colegio\/#\/schema\/person\/9bd111fcfb5210d0fa466bfc8154b2f8"},"headline":"Congreso de Innovaci\u00f3n Educativa de Escuelas Cat\u00f3licas","datePublished":"2023-11-11T16:00:24+00:00","dateModified":"2026-08-31T07:53:26+00:00","mainEntityOfPage":{"@id":"https:\/\/salesianosmaux.es\/colegio\/2023\/11\/11\/congreso-de-innovacion-educativa-de-escuelas-catolicas\/"},"wordCount":508,"commentCount":0,"image":{"@id":"https:\/\/salesianosmaux.es\/colegio\/2023\/11\/11\/congreso-de-innovacion-educativa-de-escuelas-catolicas\/#primaryimage"},"thumbnailUrl":"https:\/\/salesianosmaux.es\/colegio\/wp-content\/uploads\/sites\/5\/2023\/11\/congresoInnovacion.jpg","articleSection":["Pastoral"],"inLanguage":"es","potentialAction":[{"@type":"CommentAction","name":"Comment","target":["https:\/\/salesianosmaux.es\/colegio\/2023\/11\/11\/congreso-de-innovacion-educativa-de-escuelas-catolicas\/#respond"]}]},{"@type":"WebPage","@id":"https:\/\/salesianosmaux.es\/colegio\/2023\/11\/11\/congreso-de-innovacion-educativa-de-escuelas-catolicas\/","url":"https:\/\/salesianosmaux.es\/colegio\/2023\/11\/11\/congreso-de-innovacion-educativa-de-escuelas-catolicas\/","name":"Congreso de Innovaci\u00f3n Educativa de Escuelas Cat\u00f3licas - Colegio Mar\u00eda Auxiliadora","isPartOf":{"@id":"https:\/\/salesianosmaux.es\/colegio\/#website"},"primaryImageOfPage":{"@id":"https:\/\/salesianosmaux.es\/colegio\/2023\/11\/11\/congreso-de-innovacion-educativa-de-escuelas-catolicas\/#primaryimage"},"image":{"@id":"https:\/\/salesianosmaux.es\/colegio\/2023\/11\/11\/congreso-de-innovacion-educativa-de-escuelas-catolicas\/#primaryimage"},"thumbnailUrl":"https:\/\/salesianosmaux.es\/colegio\/wp-content\/uploads\/sites\/5\/2023\/11\/congresoInnovacion.jpg","datePublished":"2023-11-11T16:00:24+00:00","dateModified":"2026-08-31T07:53:26+00:00","author":{"@id":"https:\/\/salesianosmaux.es\/colegio\/#\/schema\/person\/9bd111fcfb5210d0fa466bfc8154b2f8"},"breadcrumb":{"@id":"https:\/\/salesianosmaux.es\/colegio\/2023\/11\/11\/congreso-de-innovacion-educativa-de-escuelas-catolicas\/#breadcrumb"},"inLanguage":"es","potentialAction":[{"@type":"ReadAction","target":["https:\/\/salesianosmaux.es\/colegio\/2023\/11\/11\/congreso-de-innovacion-educativa-de-escuelas-catolicas\/"]}]},{"@type":"ImageObject","inLanguage":"es","@id":"https:\/\/salesianosmaux.es\/colegio\/2023\/11\/11\/congreso-de-innovacion-educativa-de-escuelas-catolicas\/#primaryimage","url":"https:\/\/salesianosmaux.es\/colegio\/wp-content\/uploads\/sites\/5\/2023\/11\/congresoInnovacion.jpg","contentUrl":"https:\/\/salesianosmaux.es\/colegio\/wp-content\/uploads\/sites\/5\/2023\/11\/congresoInnovacion.jpg","width":1536,"height":2048},{"@type":"BreadcrumbList","@id":"https:\/\/salesianosmaux.es\/colegio\/2023\/11\/11\/congreso-de-innovacion-educativa-de-escuelas-catolicas\/#breadcrumb","itemListElement":[{"@type":"ListItem","position":1,"name":"Portada","item":"https:\/\/salesianosmaux.es\/colegio\/"},{"@type":"ListItem","position":2,"name":"Congreso de Innovaci\u00f3n Educativa de Escuelas Cat\u00f3licas"}]},{"@type":"WebSite","@id":"https:\/\/salesianosmaux.es\/colegio\/#website","url":"https:\/\/salesianosmaux.es\/colegio\/","name":"Colegio Mar\u00eda Auxiliadora","description":"Colegio Mar\u00eda Auxiliadora","potentialAction":[{"@type":"SearchAction","target":{"@type":"EntryPoint","urlTemplate":"https:\/\/salesianosmaux.es\/colegio\/?s={search_term_string}"},"query-input":{"@type":"PropertyValueSpecification","valueRequired":true,"valueName":"search_term_string"}}],"inLanguage":"es"},{"@type":"Person","@id":"https:\/\/salesianosmaux.es\/colegio\/#\/schema\/person\/9bd111fcfb5210d0fa466bfc8154b2f8","name":"admin","image":{"@type":"ImageObject","inLanguage":"es","@id":"https:\/\/secure.gravatar.com\/avatar\/09550e5c75cc821753a661f1c7f497ea1bbe9e394289f33e436a29a7df762242?s=96&d=mm&r=g","url":"https:\/\/secure.gravatar.com\/avatar\/09550e5c75cc821753a661f1c7f497ea1bbe9e394289f33e436a29a7df762242?s=96&d=mm&r=g","contentUrl":"https:\/\/secure.gravatar.com\/avatar\/09550e5c75cc821753a661f1c7f497ea1bbe9e394289f33e436a29a7df762242?s=96&d=mm&r=g","caption":"admin"},"sameAs":["https:\/\/salesianosmaux.es"],"url":"https:\/\/salesianosmaux.es\/colegio\/author\/salamanca_95jmwv72\/"}]}},"_links":{"self":[{"href":"https:\/\/salesianosmaux.es\/colegio\/wp-json\/wp\/v2\/posts\/5276","targetHints":{"allow":["GET"]}}],"collection":[{"href":"https:\/\/salesianosmaux.es\/colegio\/wp-json\/wp\/v2\/posts"}],"about":[{"href":"https:\/\/salesianosmaux.es\/colegio\/wp-json\/wp\/v2\/types\/post"}],"author":[{"embeddable":true,"href":"https:\/\/salesianosmaux.es\/colegio\/wp-json\/wp\/v2\/users\/1"}],"replies":[{"embeddable":true,"href":"https:\/\/salesianosmaux.es\/colegio\/wp-json\/wp\/v2\/comments?post=5276"}],"version-history":[{"count":2,"href":"https:\/\/salesianosmaux.es\/colegio\/wp-json\/wp\/v2\/posts\/5276\/revisions"}],"predecessor-version":[{"id":5280,"href":"https:\/\/salesianosmaux.es\/colegio\/wp-json\/wp\/v2\/posts\/5276\/revisions\/5280"}],"wp:featuredmedia":[{"embeddable":true,"href":"https:\/\/salesianosmaux.es\/colegio\/wp-json\/wp\/v2\/media\/5277"}],"wp:attachment":[{"href":"https:\/\/salesianosmaux.es\/colegio\/wp-json\/wp\/v2\/media?parent=5276"}],"wp:term":[{"taxonomy":"category","embeddable":true,"href":"https:\/\/salesianosmaux.es\/colegio\/wp-json\/wp\/v2\/categories?post=5276"},{"taxonomy":"post_tag","embeddable":true,"href":"https:\/\/salesianosmaux.es\/colegio\/wp-json\/wp\/v2\/tags?post=5276"}],"curies":[{"name":"wp","href":"https:\/\/api.w.org\/{rel}","templated":true}]}}